{"id":14617,"date":"2023-02-20T12:46:35","date_gmt":"2023-02-20T12:46:35","guid":{"rendered":"https:\/\/www.africa-press.net\/congo-brazzaville\/politique\/congo-france-le-projet-de-linstitut-superieur-maritime-et-fluvial-en-examen"},"modified":"2023-02-20T12:58:48","modified_gmt":"2023-02-20T12:58:48","slug":"congo-france-le-projet-de-linstitut-superieur-maritime-et-fluvial-en-examen","status":"publish","type":"post","link":"https:\/\/www.africa-press.net\/congo-brazzaville\/politique\/congo-france-le-projet-de-linstitut-superieur-maritime-et-fluvial-en-examen","title":{"rendered":"Congo-France : le projet de l\u2019Institut sup\u00e9rieur maritime et fluvial en examen"},"content":{"rendered":"<p><span style=\"color: #ff6600\"><strong>Africa-Press &#8211; Congo Brazzaville. <\/strong><\/span><b>Le directeur de la coope\u0301ration, se\u0301curite\u0301 et de\u0301fense du ministe\u0300re des Affaires e\u0301trange\u0300res de France, le ge\u0301ne\u0301ral de corps d\u2019arme\u0301e Re\u0301gis Colcombet, et le secre\u0301taire permanent du comite\u0301 interministe\u0301riel de l\u2019action de l\u2019Etat en mer et dans les eaux continentales, E\u0301ric Olivier Se\u0301bastien Dibas-Franck, se sont entretenus, le 18 fe\u0301vrier a\u0300 Brazzaville, sur un certain nombre d\u2019aspects lie\u0301s au projet de cre\u0301ation de l\u2019Institut de hautes e\u0301tudes maritimes et fluviales. <\/b><\/p>\n<p>\u00ab Nous ne pouvons pas parler de l\u2019action de l\u2019Etat en mer et dans les eaux continentales si les capacite\u0301s ne sont pas renforce\u0301es \u00bb, a fait savoir E\u0301ric Olivier Se\u0301bastien Dibas-Franck, lors de l\u2019e\u0301change avec Re\u0301gis Colcombet sur la coope\u0301ration bilate\u0301rale entre les deux parties. Le Congo, a-t-il poursuivi, est membre de l\u2019Organisation maritime de l\u2019Afrique de l\u2019Ouest et du centre dont le sie\u0300ge est a\u0300 Abidjan, en Co\u0302te d\u2019Ivoire, mais dans la re\u0301gion Communaute\u0301 e\u0301conomique et mone\u0301taire de l&rsquo;Afrique centrale-Communaute\u0301 e\u0301conomique des E\u0301tats de l\u2019Afrique centrale, il n\u2019existe pas d\u2019e\u0301cole de hautes e\u0301tudes maritimes et fluviales. Ce qui a pousse\u0301 les hautes autorite\u0301s a\u0300 initier ce projet qui, a\u0300 terme, sera re\u0301gional.<\/p>\n<p>Cet institut formera des cadres en fonction dans les administrations aussi bien militaires que civiles. Il associera les ministe\u0300res de la De\u0301fense nationale et celui en charge de l\u2019Enseignement supe\u0301rieur pour re\u0301pondre aux exigences du syste\u0300me licence-master-doctorat. Ce projet, adopte\u0301 en Conseil des ministres, est au Parlement pour examen, a pre\u0301cise\u0301 le secre\u0301taire permanent de l\u2019action et de l\u2019Etat en mer et dans les eaux continentales. En outre, il a souhaite\u0301 un accompagnement dudit projet, a\u0300 l\u2019instar de l\u2019Institut supe\u0301rieur maritime international (ISMI) base\u0301 a\u0300 Abidjan.<\/p>\n<p>Par ailleurs, E\u0301ric Olivier Se\u0301bastien Dibas-Franck a sugge\u0301re\u0301 que cet institut soit plus large et s\u2019e\u0301tende aux questions environnementales. Il a fait part au ge\u0301ne\u0301ral Colcombet de son re\u0301cent entretien avec l\u2019ambassadeur de France au Congo, Franc\u0327ois Barateau. Sur la francophonie maritime, le secre\u0301taire permanent a e\u0301mis le souhait de cre\u0301er un re\u0301seau des sepcims, une opportunite\u0301 pour ces secre\u0301taires permanents de s\u2019appuyer a\u0300 l\u2019image des re\u0301seaux des chefs d\u2019e\u0301tat-major qui existent.<\/p>\n<p>L&rsquo;UE invite\u0301e a\u0300 appuyer le projet<\/p>\n<p>Pour sa part, le directeur de la coope\u0301ration, de se\u0301curite\u0301 et de\u0301fense du ministe\u0300re des Affaires e\u0301trange\u0300res de France a fait savoir que son pays pourrait, dans un premier temps, voir en termes de pre\u0301figuration, d\u2019e\u0301change des expertises et e\u0301tudier son insertion a\u0300 terme, a\u0300 partir du mode\u0300le typiquement e\u0301cole de Ge\u0301nie travaux qu\u2019elle a a\u0300 la direction de la coope\u0301ration.<\/p>\n<p>Re\u0301pondant a\u0300 la pre\u0301occupation du secre\u0301taire permanent qui souhaiterait plus d\u2019ouverture environnementale au projet, il a pre\u0301cise\u0301 que l\u2019ISMI a trois piliers. Le pilier professoral, axe\u0301 sur l\u2019enseignement the\u0301orique d\u2019un master magistrat, douane, police, gendarmerie sur la proble\u0301matique de la lutte anti-terroriste ; le deuxie\u0300me pilier pratique l\u2019entrai\u0302nement pour les forces antiterroristes ou d\u2019intervention de la gendarmerie et de la police. Le dernier pilier est un centre de recherche doctoral qui dispense un enseignement spe\u0301cialise\u0301 et de\u0301veloppe une filie\u0300re qui n\u2019existe pas sur des the\u0301matiques particulie\u0300res dont la protection de l\u2019environnement fluvial, la discipline connexe sur la climatologie qui font souvent la recherche des projets fe\u0301de\u0301rateurs.<\/p>\n<p>Selon Re\u0301gis Colcombet, l\u2019obtention des financements conse\u0301quents a\u0300 ce projet extre\u0302mement fe\u0301de\u0301rateur ne\u0301cessiterait l\u2019appui de l\u2019Union europe\u0301enne (UE). La coope\u0301ration franc\u0327aise pourrait lancer le mode\u0300le de pre\u0301figuration et faire aussi des rapprochements du co\u0302te\u0301 de Bruxelles.<\/p>\n<p>Concernant les autres axes de la coope\u0301ration, les deux personnalite\u0301s ont aborde\u0301 des questions sur la strate\u0301gie nationale des mers et oce\u0301ans, dont le Congo a initie\u0301 l\u2019e\u0301laboration ; de l\u2019architecture de Yaounde\u0301 ou\u0300 le pays espe\u0300re be\u0301ne\u0301ficier des fruits de dix ans de sa ce\u0301le\u0301bration pour son implication ; du renforcement des aspects fluviaux, en appui aux Centres d\u2019ope\u0301rations fluviales et les Centres d&rsquo;ope\u0301rations maritimes<b>. <\/b>Re\u0301gis Colcombet et E\u0301ric Olivier Se\u0301bastien Dibas-Franck ont aussi e\u0301voque\u0301 des faiblesses constate\u0301es lors du proce\u0300s fictif du 25 novembre 2022.<\/p>\n<p>La visite du ge\u0301ne\u0301ral de corps d\u2019arme\u0301e est intervenue dans le cadre des projets en rapport avec ses fonctions a\u0300 Paris, en particulier celui emble\u0301matique de l\u2019e\u0301cole de Ge\u0301nie travaux qui est un centre d\u2019excellence de la Communaute\u0301 e\u0301conomique des Etats de l\u2019Afrique centrale; une belle vitrine d\u2019un partenariat re\u0301ussi. Le ge\u0301ne\u0301ral Colcombet a offert a\u0300 E\u0301ric Olivier Se\u0301bastien Dibas-Franck un souvenir de la direction de la coope\u0301ration du Quai d\u2019Orsay. A son tour, il a donne\u0301 a\u0300 son ho\u0302te son ouvrage sur \u2018\u2019Le droit maritime dans la zone Ce\u0301mac\u2019\u2019 et son roman \u2018\u2019Peine perdue\u2019\u2019. Pour E\u0301ric Olivier Se\u0301bastien Dibas-Franck, ce projet inte\u0301grateur concre\u0301tise l\u2019ambition du pre\u0301sident de la Re\u0301publique a\u0300 travers le secre\u0301tariat permanent de l\u2019action de l\u2019Etat en mer et dans les eaux continentales, place\u0301 sous l\u2019autorite\u0301 du Premier ministre.<\/p>\n<p><strong>Pour plus d&rsquo;informations et d&rsquo;analyses sur la <a href=\"https:\/\/www.africa-press.net\/congo-brazzaville\">Congo Brazzaville<\/a>, suivez <a href=\"https:\/\/www.africa-press.net\/\">Africa-Press<\/a><\/strong><\/p>\n","protected":false},"excerpt":{"rendered":"<p>Africa-Press &#8211; Congo Brazzaville. Le directeur de la coope\u0301ration, se\u0301curite\u0301 et de\u0301fense du ministe\u0300re des Affaires e\u0301trange\u0300res de France, le ge\u0301ne\u0301ral de corps d\u2019arme\u0301e Re\u0301gis Colcombet, et le secre\u0301taire permanent du comite\u0301 interministe\u0301riel de l\u2019action de l\u2019Etat en mer et dans les eaux continentales, E\u0301ric Olivier Se\u0301bastien Dibas-Franck, se sont entretenus, le 18 fe\u0301vrier a\u0300 [&hellip;]<\/p>\n","protected":false},"author":82,"featured_media":14616,"comment_status":"open","ping_status":"closed","sticky":false,"template":"","format":"standard","meta":{"footnotes":""},"categories":[2,49,20,10],"tags":[36,47,46],"class_list":["post-14617","post","type-post","status-publish","format-standard","has-post-thumbnail","hentry","category-politique","category-to-homepage","category-top-nouvelles","category-toutes-les-actualites","tag-africa-press","tag-africa-press-congo-brazzaville","tag-congo-brazzaville"],"yoast_head":"<!-- This site is optimized with the Yoast SEO Premium plugin v26.1 (Yoast SEO v27.0) - https:\/\/yoast.com\/product\/yoast-seo-premium-wordpress\/ -->\n<title>Congo-France : le projet de l\u2019Institut sup\u00e9rieur maritime et fluvial en examen - Congo Brazzaville<\/title>\n<meta name=\"description\" content=\"Le directeur de la coope\u0301ration, se\u0301curite\u0301 et de\u0301fense du ministe\u0300re des Affaires e\u0301trange\u0300res de France, le ge\u0301ne\u0301r ...\" \/>\n<meta name=\"robots\" content=\"index, follow, max-snippet:-1, max-image-preview:large, max-video-preview:-1\" \/>\n<link rel=\"canonical\" href=\"https:\/\/www.africa-press.net\/congo-brazzaville\/politique\/congo-france-le-projet-de-linstitut-superieur-maritime-et-fluvial-en-examen\" \/>\n<meta property=\"og:locale\" content=\"fr_FR\" \/>\n<meta property=\"og:type\" content=\"article\" \/>\n<meta property=\"og:title\" content=\"Congo-France : le projet de l\u2019Institut sup\u00e9rieur maritime et fluvial en examen\" \/>\n<meta property=\"og:description\" content=\"Le directeur de la coope\u0301ration, se\u0301curite\u0301 et de\u0301fense du ministe\u0300re des Affaires e\u0301trange\u0300res de France, le ge\u0301ne\u0301r ...\" \/>\n<meta property=\"og:url\" content=\"https:\/\/www.africa-press.net\/congo-brazzaville\/politique\/congo-france-le-projet-de-linstitut-superieur-maritime-et-fluvial-en-examen\" \/>\n<meta property=\"og:site_name\" content=\"Congo Brazzaville\" \/>\n<meta property=\"article:published_time\" content=\"2023-02-20T12:46:35+00:00\" \/>\n<meta property=\"article:modified_time\" content=\"2023-02-20T12:58:48+00:00\" \/>\n<meta property=\"og:image\" content=\"https:\/\/static.africa-press.net\/congo-brazzaville\/sites\/51\/2023\/02\/postQueueImg_1676884745.10.jpg\" \/>\n\t<meta property=\"og:image:width\" content=\"1280\" \/>\n\t<meta property=\"og:image:height\" content=\"960\" \/>\n\t<meta property=\"og:image:type\" content=\"image\/jpeg\" \/>\n<meta name=\"author\" content=\"cfeditorfr\" \/>\n<meta name=\"twitter:card\" content=\"summary_large_image\" \/>\n<meta name=\"twitter:label1\" content=\"\u00c9crit par\" \/>\n\t<meta name=\"twitter:data1\" content=\"cfeditorfr\" \/>\n\t<meta name=\"twitter:label2\" content=\"Dur\u00e9e de lecture estim\u00e9e\" \/>\n\t<meta name=\"twitter:data2\" content=\"4 minutes\" \/>\n<script type=\"application\/ld+json\" class=\"yoast-schema-graph\">{\"@context\":\"https:\/\/schema.org\",\"@graph\":[{\"@type\":\"Article\",\"@id\":\"https:\/\/www.africa-press.net\/congo-brazzaville\/politique\/congo-france-le-projet-de-linstitut-superieur-maritime-et-fluvial-en-examen#article\",\"isPartOf\":{\"@id\":\"https:\/\/www.africa-press.net\/congo-brazzaville\/politique\/congo-france-le-projet-de-linstitut-superieur-maritime-et-fluvial-en-examen\"},\"author\":{\"name\":\"cfeditorfr\",\"@id\":\"https:\/\/www.africa-press.net\/congo-brazzaville\/#\/schema\/person\/2b1cf3cd81a31e3cd26889ca66d677f1\"},\"headline\":\"Congo-France : le projet de l\u2019Institut sup\u00e9rieur maritime et fluvial en examen\",\"datePublished\":\"2023-02-20T12:46:35+00:00\",\"dateModified\":\"2023-02-20T12:58:48+00:00\",\"mainEntityOfPage\":{\"@id\":\"https:\/\/www.africa-press.net\/congo-brazzaville\/politique\/congo-france-le-projet-de-linstitut-superieur-maritime-et-fluvial-en-examen\"},\"wordCount\":987,\"commentCount\":0,\"image\":{\"@id\":\"https:\/\/www.africa-press.net\/congo-brazzaville\/politique\/congo-france-le-projet-de-linstitut-superieur-maritime-et-fluvial-en-examen#primaryimage\"},\"thumbnailUrl\":\"https:\/\/static.africa-press.net\/congo-brazzaville\/sites\/51\/2023\/02\/postQueueImg_1676884745.10.jpg\",\"keywords\":[\"Africa Press\",\"Africa Press-Congo Brazzaville\",\"Congo Brazzaville\"],\"articleSection\":[\"Politique\",\"to-homepage\",\"Top Nouvelles\",\"Toutes les actualit\u00e9s\"],\"inLanguage\":\"fr-FR\",\"potentialAction\":[{\"@type\":\"CommentAction\",\"name\":\"Comment\",\"target\":[\"https:\/\/www.africa-press.net\/congo-brazzaville\/politique\/congo-france-le-projet-de-linstitut-superieur-maritime-et-fluvial-en-examen#respond\"]}]},{\"@type\":\"WebPage\",\"@id\":\"https:\/\/www.africa-press.net\/congo-brazzaville\/politique\/congo-france-le-projet-de-linstitut-superieur-maritime-et-fluvial-en-examen\",\"url\":\"https:\/\/www.africa-press.net\/congo-brazzaville\/politique\/congo-france-le-projet-de-linstitut-superieur-maritime-et-fluvial-en-examen\",\"name\":\"Congo-France : le projet de l\u2019Institut sup\u00e9rieur maritime et fluvial en examen - Congo Brazzaville\",\"isPartOf\":{\"@id\":\"https:\/\/www.africa-press.net\/congo-brazzaville\/#website\"},\"primaryImageOfPage\":{\"@id\":\"https:\/\/www.africa-press.net\/congo-brazzaville\/politique\/congo-france-le-projet-de-linstitut-superieur-maritime-et-fluvial-en-examen#primaryimage\"},\"image\":{\"@id\":\"https:\/\/www.africa-press.net\/congo-brazzaville\/politique\/congo-france-le-projet-de-linstitut-superieur-maritime-et-fluvial-en-examen#primaryimage\"},\"thumbnailUrl\":\"https:\/\/static.africa-press.net\/congo-brazzaville\/sites\/51\/2023\/02\/postQueueImg_1676884745.10.jpg\",\"datePublished\":\"2023-02-20T12:46:35+00:00\",\"dateModified\":\"2023-02-20T12:58:48+00:00\",\"author\":{\"@id\":\"https:\/\/www.africa-press.net\/congo-brazzaville\/#\/schema\/person\/2b1cf3cd81a31e3cd26889ca66d677f1\"},\"description\":\"Le directeur de la coope\u0301ration, se\u0301curite\u0301 et de\u0301fense du ministe\u0300re des Affaires e\u0301trange\u0300res de France, le ge\u0301ne\u0301r ...\",\"breadcrumb\":{\"@id\":\"https:\/\/www.africa-press.net\/congo-brazzaville\/politique\/congo-france-le-projet-de-linstitut-superieur-maritime-et-fluvial-en-examen#breadcrumb\"},\"inLanguage\":\"fr-FR\",\"potentialAction\":[{\"@type\":\"ReadAction\",\"target\":[\"https:\/\/www.africa-press.net\/congo-brazzaville\/politique\/congo-france-le-projet-de-linstitut-superieur-maritime-et-fluvial-en-examen\"]}]},{\"@type\":\"ImageObject\",\"inLanguage\":\"fr-FR\",\"@id\":\"https:\/\/www.africa-press.net\/congo-brazzaville\/politique\/congo-france-le-projet-de-linstitut-superieur-maritime-et-fluvial-en-examen#primaryimage\",\"url\":\"https:\/\/static.africa-press.net\/congo-brazzaville\/sites\/51\/2023\/02\/postQueueImg_1676884745.10.jpg\",\"contentUrl\":\"https:\/\/static.africa-press.net\/congo-brazzaville\/sites\/51\/2023\/02\/postQueueImg_1676884745.10.jpg\",\"width\":1280,\"height\":960,\"caption\":\"Congo-France : le projet de l\u2019Institut sup\u00e9rieur maritime et fluvial en examen\"},{\"@type\":\"BreadcrumbList\",\"@id\":\"https:\/\/www.africa-press.net\/congo-brazzaville\/politique\/congo-france-le-projet-de-linstitut-superieur-maritime-et-fluvial-en-examen#breadcrumb\",\"itemListElement\":[{\"@type\":\"ListItem\",\"position\":1,\"name\":\"Accueil\",\"item\":\"https:\/\/www.africa-press.net\/congo-brazzaville\/\"},{\"@type\":\"ListItem\",\"position\":2,\"name\":\"Congo-France : le projet de l\u2019Institut sup\u00e9rieur maritime et fluvial en examen\"}]},{\"@type\":\"WebSite\",\"@id\":\"https:\/\/www.africa-press.net\/congo-brazzaville\/#website\",\"url\":\"https:\/\/www.africa-press.net\/congo-brazzaville\/\",\"name\":\"Congo Brazzaville\",\"description\":\"Just another Africa News Agency Sites site\",\"potentialAction\":[{\"@type\":\"SearchAction\",\"target\":{\"@type\":\"EntryPoint\",\"urlTemplate\":\"https:\/\/www.africa-press.net\/congo-brazzaville\/?s={search_term_string}\"},\"query-input\":{\"@type\":\"PropertyValueSpecification\",\"valueRequired\":true,\"valueName\":\"search_term_string\"}}],\"inLanguage\":\"fr-FR\"},{\"@type\":\"Person\",\"@id\":\"https:\/\/www.africa-press.net\/congo-brazzaville\/#\/schema\/person\/2b1cf3cd81a31e3cd26889ca66d677f1\",\"name\":\"cfeditorfr\"}]}<\/script>\n<!-- \/ Yoast SEO Premium plugin. -->","yoast_head_json":{"title":"Congo-France : le projet de l\u2019Institut sup\u00e9rieur maritime et fluvial en examen - Congo Brazzaville","description":"Le directeur de la coope\u0301ration, se\u0301curite\u0301 et de\u0301fense du ministe\u0300re des Affaires e\u0301trange\u0300res de France, le ge\u0301ne\u0301r ...","robots":{"index":"index","follow":"follow","max-snippet":"max-snippet:-1","max-image-preview":"max-image-preview:large","max-video-preview":"max-video-preview:-1"},"canonical":"https:\/\/www.africa-press.net\/congo-brazzaville\/politique\/congo-france-le-projet-de-linstitut-superieur-maritime-et-fluvial-en-examen","og_locale":"fr_FR","og_type":"article","og_title":"Congo-France : le projet de l\u2019Institut sup\u00e9rieur maritime et fluvial en examen","og_description":"Le directeur de la coope\u0301ration, se\u0301curite\u0301 et de\u0301fense du ministe\u0300re des Affaires e\u0301trange\u0300res de France, le ge\u0301ne\u0301r ...","og_url":"https:\/\/www.africa-press.net\/congo-brazzaville\/politique\/congo-france-le-projet-de-linstitut-superieur-maritime-et-fluvial-en-examen","og_site_name":"Congo Brazzaville","article_published_time":"2023-02-20T12:46:35+00:00","article_modified_time":"2023-02-20T12:58:48+00:00","og_image":[{"width":1280,"height":960,"url":"https:\/\/static.africa-press.net\/congo-brazzaville\/sites\/51\/2023\/02\/postQueueImg_1676884745.10.jpg","type":"image\/jpeg"}],"author":"cfeditorfr","twitter_card":"summary_large_image","twitter_misc":{"\u00c9crit par":"cfeditorfr","Dur\u00e9e de lecture estim\u00e9e":"4 minutes"},"schema":{"@context":"https:\/\/schema.org","@graph":[{"@type":"Article","@id":"https:\/\/www.africa-press.net\/congo-brazzaville\/politique\/congo-france-le-projet-de-linstitut-superieur-maritime-et-fluvial-en-examen#article","isPartOf":{"@id":"https:\/\/www.africa-press.net\/congo-brazzaville\/politique\/congo-france-le-projet-de-linstitut-superieur-maritime-et-fluvial-en-examen"},"author":{"name":"cfeditorfr","@id":"https:\/\/www.africa-press.net\/congo-brazzaville\/#\/schema\/person\/2b1cf3cd81a31e3cd26889ca66d677f1"},"headline":"Congo-France : le projet de l\u2019Institut sup\u00e9rieur maritime et fluvial en examen","datePublished":"2023-02-20T12:46:35+00:00","dateModified":"2023-02-20T12:58:48+00:00","mainEntityOfPage":{"@id":"https:\/\/www.africa-press.net\/congo-brazzaville\/politique\/congo-france-le-projet-de-linstitut-superieur-maritime-et-fluvial-en-examen"},"wordCount":987,"commentCount":0,"image":{"@id":"https:\/\/www.africa-press.net\/congo-brazzaville\/politique\/congo-france-le-projet-de-linstitut-superieur-maritime-et-fluvial-en-examen#primaryimage"},"thumbnailUrl":"https:\/\/static.africa-press.net\/congo-brazzaville\/sites\/51\/2023\/02\/postQueueImg_1676884745.10.jpg","keywords":["Africa Press","Africa Press-Congo Brazzaville","Congo Brazzaville"],"articleSection":["Politique","to-homepage","Top Nouvelles","Toutes les actualit\u00e9s"],"inLanguage":"fr-FR","potentialAction":[{"@type":"CommentAction","name":"Comment","target":["https:\/\/www.africa-press.net\/congo-brazzaville\/politique\/congo-france-le-projet-de-linstitut-superieur-maritime-et-fluvial-en-examen#respond"]}]},{"@type":"WebPage","@id":"https:\/\/www.africa-press.net\/congo-brazzaville\/politique\/congo-france-le-projet-de-linstitut-superieur-maritime-et-fluvial-en-examen","url":"https:\/\/www.africa-press.net\/congo-brazzaville\/politique\/congo-france-le-projet-de-linstitut-superieur-maritime-et-fluvial-en-examen","name":"Congo-France : le projet de l\u2019Institut sup\u00e9rieur maritime et fluvial en examen - Congo Brazzaville","isPartOf":{"@id":"https:\/\/www.africa-press.net\/congo-brazzaville\/#website"},"primaryImageOfPage":{"@id":"https:\/\/www.africa-press.net\/congo-brazzaville\/politique\/congo-france-le-projet-de-linstitut-superieur-maritime-et-fluvial-en-examen#primaryimage"},"image":{"@id":"https:\/\/www.africa-press.net\/congo-brazzaville\/politique\/congo-france-le-projet-de-linstitut-superieur-maritime-et-fluvial-en-examen#primaryimage"},"thumbnailUrl":"https:\/\/static.africa-press.net\/congo-brazzaville\/sites\/51\/2023\/02\/postQueueImg_1676884745.10.jpg","datePublished":"2023-02-20T12:46:35+00:00","dateModified":"2023-02-20T12:58:48+00:00","author":{"@id":"https:\/\/www.africa-press.net\/congo-brazzaville\/#\/schema\/person\/2b1cf3cd81a31e3cd26889ca66d677f1"},"description":"Le directeur de la coope\u0301ration, se\u0301curite\u0301 et de\u0301fense du ministe\u0300re des Affaires e\u0301trange\u0300res de France, le ge\u0301ne\u0301r ...","breadcrumb":{"@id":"https:\/\/www.africa-press.net\/congo-brazzaville\/politique\/congo-france-le-projet-de-linstitut-superieur-maritime-et-fluvial-en-examen#breadcrumb"},"inLanguage":"fr-FR","potentialAction":[{"@type":"ReadAction","target":["https:\/\/www.africa-press.net\/congo-brazzaville\/politique\/congo-france-le-projet-de-linstitut-superieur-maritime-et-fluvial-en-examen"]}]},{"@type":"ImageObject","inLanguage":"fr-FR","@id":"https:\/\/www.africa-press.net\/congo-brazzaville\/politique\/congo-france-le-projet-de-linstitut-superieur-maritime-et-fluvial-en-examen#primaryimage","url":"https:\/\/static.africa-press.net\/congo-brazzaville\/sites\/51\/2023\/02\/postQueueImg_1676884745.10.jpg","contentUrl":"https:\/\/static.africa-press.net\/congo-brazzaville\/sites\/51\/2023\/02\/postQueueImg_1676884745.10.jpg","width":1280,"height":960,"caption":"Congo-France : le projet de l\u2019Institut sup\u00e9rieur maritime et fluvial en examen"},{"@type":"BreadcrumbList","@id":"https:\/\/www.africa-press.net\/congo-brazzaville\/politique\/congo-france-le-projet-de-linstitut-superieur-maritime-et-fluvial-en-examen#breadcrumb","itemListElement":[{"@type":"ListItem","position":1,"name":"Accueil","item":"https:\/\/www.africa-press.net\/congo-brazzaville\/"},{"@type":"ListItem","position":2,"name":"Congo-France : le projet de l\u2019Institut sup\u00e9rieur maritime et fluvial en examen"}]},{"@type":"WebSite","@id":"https:\/\/www.africa-press.net\/congo-brazzaville\/#website","url":"https:\/\/www.africa-press.net\/congo-brazzaville\/","name":"Congo Brazzaville","description":"Just another Africa News Agency Sites site","potentialAction":[{"@type":"SearchAction","target":{"@type":"EntryPoint","urlTemplate":"https:\/\/www.africa-press.net\/congo-brazzaville\/?s={search_term_string}"},"query-input":{"@type":"PropertyValueSpecification","valueRequired":true,"valueName":"search_term_string"}}],"inLanguage":"fr-FR"},{"@type":"Person","@id":"https:\/\/www.africa-press.net\/congo-brazzaville\/#\/schema\/person\/2b1cf3cd81a31e3cd26889ca66d677f1","name":"cfeditorfr"}]}},"_links":{"self":[{"href":"https:\/\/www.africa-press.net\/congo-brazzaville\/wp-json\/wp\/v2\/posts\/14617","targetHints":{"allow":["GET"]}}],"collection":[{"href":"https:\/\/www.africa-press.net\/congo-brazzaville\/wp-json\/wp\/v2\/posts"}],"about":[{"href":"https:\/\/www.africa-press.net\/congo-brazzaville\/wp-json\/wp\/v2\/types\/post"}],"author":[{"embeddable":true,"href":"https:\/\/www.africa-press.net\/congo-brazzaville\/wp-json\/wp\/v2\/users\/82"}],"replies":[{"embeddable":true,"href":"https:\/\/www.africa-press.net\/congo-brazzaville\/wp-json\/wp\/v2\/comments?post=14617"}],"version-history":[{"count":0,"href":"https:\/\/www.africa-press.net\/congo-brazzaville\/wp-json\/wp\/v2\/posts\/14617\/revisions"}],"wp:featuredmedia":[{"embeddable":true,"href":"https:\/\/www.africa-press.net\/congo-brazzaville\/wp-json\/wp\/v2\/media\/14616"}],"wp:attachment":[{"href":"https:\/\/www.africa-press.net\/congo-brazzaville\/wp-json\/wp\/v2\/media?parent=14617"}],"wp:term":[{"taxonomy":"category","embeddable":true,"href":"https:\/\/www.africa-press.net\/congo-brazzaville\/wp-json\/wp\/v2\/categories?post=14617"},{"taxonomy":"post_tag","embeddable":true,"href":"https:\/\/www.africa-press.net\/congo-brazzaville\/wp-json\/wp\/v2\/tags?post=14617"}],"curies":[{"name":"wp","href":"https:\/\/api.w.org\/{rel}","templated":true}]}}