{"id":14631,"date":"2023-02-20T20:14:34","date_gmt":"2023-02-20T20:14:34","guid":{"rendered":"https:\/\/www.africa-press.net\/congo-brazzaville\/politique\/coupe-africaine-de-la-confederation-les-diables-noirs-conservent-la-tete-de-leur-groupe"},"modified":"2023-02-20T20:56:50","modified_gmt":"2023-02-20T20:56:50","slug":"coupe-africaine-de-la-confederation-les-diables-noirs-conservent-la-tete-de-leur-groupe","status":"publish","type":"post","link":"https:\/\/www.africa-press.net\/congo-brazzaville\/sports\/coupe-africaine-de-la-confederation-les-diables-noirs-conservent-la-tete-de-leur-groupe","title":{"rendered":"Coupe africaine de la Conf\u00e9d\u00e9ration : les Diables noirs conservent la t\u00eate de leur groupe"},"content":{"rendered":"<p><span style=\"color: #ff6600\"><strong>Africa-Press &#8211; Congo Brazzaville. <\/strong><\/span><b>Les Diablotins ont ramene\u0301 de Luanda, en Angola, un point pre\u0301cieux qui pourrait peser lourd dans la course a\u0300 la qualification pour les quarts de finale<\/b>.<\/p>\n<p>Le Stade des maryrs de Kinshasa n\u2019e\u0301tant pas homologue\u0301, le Daring Club Motema Pembe\u0301 (DCMP) a rec\u0327u, le 19 fe\u0301vrier au stade du 11-novembre, a\u0300 Luanda, les Diables noirs dans le match comptant pour la deuxie\u0300me journe\u0301e de la phase de groupes de la Coupe africaine de la Confe\u0301de\u0301ration. Le duel du fleuve n\u2019a connu ni vainqueur ni vaincu 0-0.<\/p>\n<p>Un re\u0301sultat qui arrange les Brazzavillois puisqu\u2019il leur permet de garder la te\u0302te du groupe B avec quatre points, a\u0300 une unite\u0301 d\u2019avance que son nouveau dauphin, Rivers united football club. Battus lourdement a\u0300 Brazzaville 0-3, les Nige\u0301rians se sont relance\u0301s dans la course en infligeant le me\u0302me score aux Ivoiriens d\u2019Asec Mimosas. Le groupe reste donc ouvert puisque l\u2019e\u0301cart entre les e\u0301quipes engage\u0301es ne tient que sur un fil.<\/p>\n<p>Le DCMP occupe le troisie\u0300me rang avec deux points apre\u0300s ses deux matches nuls sans buts. Avec un point, les Ivoiriens, futurs adversaires des Diables noirs, peuvent encore y croire. Le match qui les opposera le 26 fe\u0301vrier a\u0300 Abidjan s\u2019annonce tre\u0300s de\u0301terminant pour la course a\u0300 la qualification en quarts de finale. En cas de victoire, les Diables noirs prendront sept points. Une option se\u0301rieuse vers la qualification avant de recevoir cette formation le 8 mars, au stade Alphonse-Massamba-De\u0301bat, a\u0300 Brazzaville. Le nul est aussi bon a\u0300 prendre dans la mesure ou\u0300 les Congolais maintiendraient leur e\u0301cart sur les Ivoiriens tout en restant en pole position. La de\u0301faite est la pire option car elle permettrait a\u0300 Asec Mimosas de revenir a\u0300 la hauteur des Diables noirs et de passer devant. Toutefois, les Diablotins ont les moyens d\u2019aller frapper un grand coup a\u0300 Abidjan s\u2019ils gardent la me\u0302me dynamique.<\/p>\n<p><strong>Pour plus d&rsquo;informations et d&rsquo;analyses sur la <a href=\"https:\/\/www.africa-press.net\/congo-brazzaville\">Congo Brazzaville<\/a>, suivez <a href=\"https:\/\/www.africa-press.net\/\">Africa-Press<\/a><\/strong><\/p>\n","protected":false},"excerpt":{"rendered":"<p>Africa-Press &#8211; Congo Brazzaville. Les Diablotins ont ramene\u0301 de Luanda, en Angola, un point pre\u0301cieux qui pourrait peser lourd dans la course a\u0300 la qualification pour les quarts de finale. Le Stade des maryrs de Kinshasa n\u2019e\u0301tant pas homologue\u0301, le Daring Club Motema Pembe\u0301 (DCMP) a rec\u0327u, le 19 fe\u0301vrier au stade du 11-novembre, a\u0300 [&hellip;]<\/p>\n","protected":false},"author":82,"featured_media":14630,"comment_status":"open","ping_status":"closed","sticky":false,"template":"","format":"standard","meta":{"footnotes":""},"categories":[6,10],"tags":[36,47,46],"class_list":["post-14631","post","type-post","status-publish","format-standard","has-post-thumbnail","hentry","category-sports","category-toutes-les-actualites","tag-africa-press","tag-africa-press-congo-brazzaville","tag-congo-brazzaville"],"yoast_head":"<!-- This site is optimized with the Yoast SEO Premium plugin v26.1 (Yoast SEO v27.0) - https:\/\/yoast.com\/product\/yoast-seo-premium-wordpress\/ -->\n<title>Coupe africaine de la Conf\u00e9d\u00e9ration : les Diables noirs conservent la t\u00eate de leur groupe - Congo Brazzaville<\/title>\n<meta name=\"description\" content=\"Les Diablotins ont ramene\u0301 de Luanda, en Angola, un point pre\u0301cieux qui pourrait peser lourd dans la course a\u0300 la qua ...\" \/>\n<meta name=\"robots\" content=\"index, follow, max-snippet:-1, max-image-preview:large, max-video-preview:-1\" \/>\n<link rel=\"canonical\" href=\"https:\/\/www.africa-press.net\/congo-brazzaville\/sports\/coupe-africaine-de-la-confederation-les-diables-noirs-conservent-la-tete-de-leur-groupe\" \/>\n<meta property=\"og:locale\" content=\"fr_FR\" \/>\n<meta property=\"og:type\" content=\"article\" \/>\n<meta property=\"og:title\" content=\"Coupe africaine de la Conf\u00e9d\u00e9ration : les Diables noirs conservent la t\u00eate de leur groupe\" \/>\n<meta property=\"og:description\" content=\"Les Diablotins ont ramene\u0301 de Luanda, en Angola, un point pre\u0301cieux qui pourrait peser lourd dans la course a\u0300 la qua ...\" \/>\n<meta property=\"og:url\" content=\"https:\/\/www.africa-press.net\/congo-brazzaville\/sports\/coupe-africaine-de-la-confederation-les-diables-noirs-conservent-la-tete-de-leur-groupe\" \/>\n<meta property=\"og:site_name\" content=\"Congo Brazzaville\" \/>\n<meta property=\"article:published_time\" content=\"2023-02-20T20:14:34+00:00\" \/>\n<meta property=\"article:modified_time\" content=\"2023-02-20T20:56:50+00:00\" \/>\n<meta property=\"og:image\" content=\"https:\/\/static.africa-press.net\/congo-brazzaville\/sites\/51\/2023\/02\/postQueueImg_1676911491.15.jpg\" \/>\n\t<meta property=\"og:image:width\" content=\"1155\" \/>\n\t<meta property=\"og:image:height\" content=\"768\" \/>\n\t<meta property=\"og:image:type\" content=\"image\/jpeg\" \/>\n<meta name=\"author\" content=\"cfeditorfr\" \/>\n<meta name=\"twitter:card\" content=\"summary_large_image\" \/>\n<meta name=\"twitter:label1\" content=\"\u00c9crit par\" \/>\n\t<meta name=\"twitter:data1\" content=\"cfeditorfr\" \/>\n\t<meta name=\"twitter:label2\" content=\"Dur\u00e9e de lecture estim\u00e9e\" \/>\n\t<meta name=\"twitter:data2\" content=\"2 minutes\" \/>\n<script type=\"application\/ld+json\" class=\"yoast-schema-graph\">{\"@context\":\"https:\/\/schema.org\",\"@graph\":[{\"@type\":\"Article\",\"@id\":\"https:\/\/www.africa-press.net\/congo-brazzaville\/sports\/coupe-africaine-de-la-confederation-les-diables-noirs-conservent-la-tete-de-leur-groupe#article\",\"isPartOf\":{\"@id\":\"https:\/\/www.africa-press.net\/congo-brazzaville\/sports\/coupe-africaine-de-la-confederation-les-diables-noirs-conservent-la-tete-de-leur-groupe\"},\"author\":{\"name\":\"cfeditorfr\",\"@id\":\"https:\/\/www.africa-press.net\/congo-brazzaville\/#\/schema\/person\/2b1cf3cd81a31e3cd26889ca66d677f1\"},\"headline\":\"Coupe africaine de la Conf\u00e9d\u00e9ration : les Diables noirs conservent la t\u00eate de leur groupe\",\"datePublished\":\"2023-02-20T20:14:34+00:00\",\"dateModified\":\"2023-02-20T20:56:50+00:00\",\"mainEntityOfPage\":{\"@id\":\"https:\/\/www.africa-press.net\/congo-brazzaville\/sports\/coupe-africaine-de-la-confederation-les-diables-noirs-conservent-la-tete-de-leur-groupe\"},\"wordCount\":371,\"commentCount\":0,\"image\":{\"@id\":\"https:\/\/www.africa-press.net\/congo-brazzaville\/sports\/coupe-africaine-de-la-confederation-les-diables-noirs-conservent-la-tete-de-leur-groupe#primaryimage\"},\"thumbnailUrl\":\"https:\/\/static.africa-press.net\/congo-brazzaville\/sites\/51\/2023\/02\/postQueueImg_1676911491.15.jpg\",\"keywords\":[\"Africa Press\",\"Africa Press-Congo Brazzaville\",\"Congo Brazzaville\"],\"articleSection\":[\"Sports\",\"Toutes les actualit\u00e9s\"],\"inLanguage\":\"fr-FR\",\"potentialAction\":[{\"@type\":\"CommentAction\",\"name\":\"Comment\",\"target\":[\"https:\/\/www.africa-press.net\/congo-brazzaville\/sports\/coupe-africaine-de-la-confederation-les-diables-noirs-conservent-la-tete-de-leur-groupe#respond\"]}]},{\"@type\":\"WebPage\",\"@id\":\"https:\/\/www.africa-press.net\/congo-brazzaville\/sports\/coupe-africaine-de-la-confederation-les-diables-noirs-conservent-la-tete-de-leur-groupe\",\"url\":\"https:\/\/www.africa-press.net\/congo-brazzaville\/sports\/coupe-africaine-de-la-confederation-les-diables-noirs-conservent-la-tete-de-leur-groupe\",\"name\":\"Coupe africaine de la Conf\u00e9d\u00e9ration : les Diables noirs conservent la t\u00eate de leur groupe - Congo Brazzaville\",\"isPartOf\":{\"@id\":\"https:\/\/www.africa-press.net\/congo-brazzaville\/#website\"},\"primaryImageOfPage\":{\"@id\":\"https:\/\/www.africa-press.net\/congo-brazzaville\/sports\/coupe-africaine-de-la-confederation-les-diables-noirs-conservent-la-tete-de-leur-groupe#primaryimage\"},\"image\":{\"@id\":\"https:\/\/www.africa-press.net\/congo-brazzaville\/sports\/coupe-africaine-de-la-confederation-les-diables-noirs-conservent-la-tete-de-leur-groupe#primaryimage\"},\"thumbnailUrl\":\"https:\/\/static.africa-press.net\/congo-brazzaville\/sites\/51\/2023\/02\/postQueueImg_1676911491.15.jpg\",\"datePublished\":\"2023-02-20T20:14:34+00:00\",\"dateModified\":\"2023-02-20T20:56:50+00:00\",\"author\":{\"@id\":\"https:\/\/www.africa-press.net\/congo-brazzaville\/#\/schema\/person\/2b1cf3cd81a31e3cd26889ca66d677f1\"},\"description\":\"Les Diablotins ont ramene\u0301 de Luanda, en Angola, un point pre\u0301cieux qui pourrait peser lourd dans la course a\u0300 la qua ...\",\"breadcrumb\":{\"@id\":\"https:\/\/www.africa-press.net\/congo-brazzaville\/sports\/coupe-africaine-de-la-confederation-les-diables-noirs-conservent-la-tete-de-leur-groupe#breadcrumb\"},\"inLanguage\":\"fr-FR\",\"potentialAction\":[{\"@type\":\"ReadAction\",\"target\":[\"https:\/\/www.africa-press.net\/congo-brazzaville\/sports\/coupe-africaine-de-la-confederation-les-diables-noirs-conservent-la-tete-de-leur-groupe\"]}]},{\"@type\":\"ImageObject\",\"inLanguage\":\"fr-FR\",\"@id\":\"https:\/\/www.africa-press.net\/congo-brazzaville\/sports\/coupe-africaine-de-la-confederation-les-diables-noirs-conservent-la-tete-de-leur-groupe#primaryimage\",\"url\":\"https:\/\/static.africa-press.net\/congo-brazzaville\/sites\/51\/2023\/02\/postQueueImg_1676911491.15.jpg\",\"contentUrl\":\"https:\/\/static.africa-press.net\/congo-brazzaville\/sites\/51\/2023\/02\/postQueueImg_1676911491.15.jpg\",\"width\":1155,\"height\":768,\"caption\":\"Coupe africaine de la Conf\u00e9d\u00e9ration : les Diables noirs conservent la t\u00eate de leur groupe\"},{\"@type\":\"BreadcrumbList\",\"@id\":\"https:\/\/www.africa-press.net\/congo-brazzaville\/sports\/coupe-africaine-de-la-confederation-les-diables-noirs-conservent-la-tete-de-leur-groupe#breadcrumb\",\"itemListElement\":[{\"@type\":\"ListItem\",\"position\":1,\"name\":\"Accueil\",\"item\":\"https:\/\/www.africa-press.net\/congo-brazzaville\/\"},{\"@type\":\"ListItem\",\"position\":2,\"name\":\"Coupe africaine de la Conf\u00e9d\u00e9ration : les Diables noirs conservent la t\u00eate de leur groupe\"}]},{\"@type\":\"WebSite\",\"@id\":\"https:\/\/www.africa-press.net\/congo-brazzaville\/#website\",\"url\":\"https:\/\/www.africa-press.net\/congo-brazzaville\/\",\"name\":\"Congo Brazzaville\",\"description\":\"Just another Africa News Agency Sites site\",\"potentialAction\":[{\"@type\":\"SearchAction\",\"target\":{\"@type\":\"EntryPoint\",\"urlTemplate\":\"https:\/\/www.africa-press.net\/congo-brazzaville\/?s={search_term_string}\"},\"query-input\":{\"@type\":\"PropertyValueSpecification\",\"valueRequired\":true,\"valueName\":\"search_term_string\"}}],\"inLanguage\":\"fr-FR\"},{\"@type\":\"Person\",\"@id\":\"https:\/\/www.africa-press.net\/congo-brazzaville\/#\/schema\/person\/2b1cf3cd81a31e3cd26889ca66d677f1\",\"name\":\"cfeditorfr\"}]}<\/script>\n<!-- \/ Yoast SEO Premium plugin. -->","yoast_head_json":{"title":"Coupe africaine de la Conf\u00e9d\u00e9ration : les Diables noirs conservent la t\u00eate de leur groupe - Congo Brazzaville","description":"Les Diablotins ont ramene\u0301 de Luanda, en Angola, un point pre\u0301cieux qui pourrait peser lourd dans la course a\u0300 la qua ...","robots":{"index":"index","follow":"follow","max-snippet":"max-snippet:-1","max-image-preview":"max-image-preview:large","max-video-preview":"max-video-preview:-1"},"canonical":"https:\/\/www.africa-press.net\/congo-brazzaville\/sports\/coupe-africaine-de-la-confederation-les-diables-noirs-conservent-la-tete-de-leur-groupe","og_locale":"fr_FR","og_type":"article","og_title":"Coupe africaine de la Conf\u00e9d\u00e9ration : les Diables noirs conservent la t\u00eate de leur groupe","og_description":"Les Diablotins ont ramene\u0301 de Luanda, en Angola, un point pre\u0301cieux qui pourrait peser lourd dans la course a\u0300 la qua ...","og_url":"https:\/\/www.africa-press.net\/congo-brazzaville\/sports\/coupe-africaine-de-la-confederation-les-diables-noirs-conservent-la-tete-de-leur-groupe","og_site_name":"Congo Brazzaville","article_published_time":"2023-02-20T20:14:34+00:00","article_modified_time":"2023-02-20T20:56:50+00:00","og_image":[{"width":1155,"height":768,"url":"https:\/\/static.africa-press.net\/congo-brazzaville\/sites\/51\/2023\/02\/postQueueImg_1676911491.15.jpg","type":"image\/jpeg"}],"author":"cfeditorfr","twitter_card":"summary_large_image","twitter_misc":{"\u00c9crit par":"cfeditorfr","Dur\u00e9e de lecture estim\u00e9e":"2 minutes"},"schema":{"@context":"https:\/\/schema.org","@graph":[{"@type":"Article","@id":"https:\/\/www.africa-press.net\/congo-brazzaville\/sports\/coupe-africaine-de-la-confederation-les-diables-noirs-conservent-la-tete-de-leur-groupe#article","isPartOf":{"@id":"https:\/\/www.africa-press.net\/congo-brazzaville\/sports\/coupe-africaine-de-la-confederation-les-diables-noirs-conservent-la-tete-de-leur-groupe"},"author":{"name":"cfeditorfr","@id":"https:\/\/www.africa-press.net\/congo-brazzaville\/#\/schema\/person\/2b1cf3cd81a31e3cd26889ca66d677f1"},"headline":"Coupe africaine de la Conf\u00e9d\u00e9ration : les Diables noirs conservent la t\u00eate de leur groupe","datePublished":"2023-02-20T20:14:34+00:00","dateModified":"2023-02-20T20:56:50+00:00","mainEntityOfPage":{"@id":"https:\/\/www.africa-press.net\/congo-brazzaville\/sports\/coupe-africaine-de-la-confederation-les-diables-noirs-conservent-la-tete-de-leur-groupe"},"wordCount":371,"commentCount":0,"image":{"@id":"https:\/\/www.africa-press.net\/congo-brazzaville\/sports\/coupe-africaine-de-la-confederation-les-diables-noirs-conservent-la-tete-de-leur-groupe#primaryimage"},"thumbnailUrl":"https:\/\/static.africa-press.net\/congo-brazzaville\/sites\/51\/2023\/02\/postQueueImg_1676911491.15.jpg","keywords":["Africa Press","Africa Press-Congo Brazzaville","Congo Brazzaville"],"articleSection":["Sports","Toutes les actualit\u00e9s"],"inLanguage":"fr-FR","potentialAction":[{"@type":"CommentAction","name":"Comment","target":["https:\/\/www.africa-press.net\/congo-brazzaville\/sports\/coupe-africaine-de-la-confederation-les-diables-noirs-conservent-la-tete-de-leur-groupe#respond"]}]},{"@type":"WebPage","@id":"https:\/\/www.africa-press.net\/congo-brazzaville\/sports\/coupe-africaine-de-la-confederation-les-diables-noirs-conservent-la-tete-de-leur-groupe","url":"https:\/\/www.africa-press.net\/congo-brazzaville\/sports\/coupe-africaine-de-la-confederation-les-diables-noirs-conservent-la-tete-de-leur-groupe","name":"Coupe africaine de la Conf\u00e9d\u00e9ration : les Diables noirs conservent la t\u00eate de leur groupe - Congo Brazzaville","isPartOf":{"@id":"https:\/\/www.africa-press.net\/congo-brazzaville\/#website"},"primaryImageOfPage":{"@id":"https:\/\/www.africa-press.net\/congo-brazzaville\/sports\/coupe-africaine-de-la-confederation-les-diables-noirs-conservent-la-tete-de-leur-groupe#primaryimage"},"image":{"@id":"https:\/\/www.africa-press.net\/congo-brazzaville\/sports\/coupe-africaine-de-la-confederation-les-diables-noirs-conservent-la-tete-de-leur-groupe#primaryimage"},"thumbnailUrl":"https:\/\/static.africa-press.net\/congo-brazzaville\/sites\/51\/2023\/02\/postQueueImg_1676911491.15.jpg","datePublished":"2023-02-20T20:14:34+00:00","dateModified":"2023-02-20T20:56:50+00:00","author":{"@id":"https:\/\/www.africa-press.net\/congo-brazzaville\/#\/schema\/person\/2b1cf3cd81a31e3cd26889ca66d677f1"},"description":"Les Diablotins ont ramene\u0301 de Luanda, en Angola, un point pre\u0301cieux qui pourrait peser lourd dans la course a\u0300 la qua ...","breadcrumb":{"@id":"https:\/\/www.africa-press.net\/congo-brazzaville\/sports\/coupe-africaine-de-la-confederation-les-diables-noirs-conservent-la-tete-de-leur-groupe#breadcrumb"},"inLanguage":"fr-FR","potentialAction":[{"@type":"ReadAction","target":["https:\/\/www.africa-press.net\/congo-brazzaville\/sports\/coupe-africaine-de-la-confederation-les-diables-noirs-conservent-la-tete-de-leur-groupe"]}]},{"@type":"ImageObject","inLanguage":"fr-FR","@id":"https:\/\/www.africa-press.net\/congo-brazzaville\/sports\/coupe-africaine-de-la-confederation-les-diables-noirs-conservent-la-tete-de-leur-groupe#primaryimage","url":"https:\/\/static.africa-press.net\/congo-brazzaville\/sites\/51\/2023\/02\/postQueueImg_1676911491.15.jpg","contentUrl":"https:\/\/static.africa-press.net\/congo-brazzaville\/sites\/51\/2023\/02\/postQueueImg_1676911491.15.jpg","width":1155,"height":768,"caption":"Coupe africaine de la Conf\u00e9d\u00e9ration : les Diables noirs conservent la t\u00eate de leur groupe"},{"@type":"BreadcrumbList","@id":"https:\/\/www.africa-press.net\/congo-brazzaville\/sports\/coupe-africaine-de-la-confederation-les-diables-noirs-conservent-la-tete-de-leur-groupe#breadcrumb","itemListElement":[{"@type":"ListItem","position":1,"name":"Accueil","item":"https:\/\/www.africa-press.net\/congo-brazzaville\/"},{"@type":"ListItem","position":2,"name":"Coupe africaine de la Conf\u00e9d\u00e9ration : les Diables noirs conservent la t\u00eate de leur groupe"}]},{"@type":"WebSite","@id":"https:\/\/www.africa-press.net\/congo-brazzaville\/#website","url":"https:\/\/www.africa-press.net\/congo-brazzaville\/","name":"Congo Brazzaville","description":"Just another Africa News Agency Sites site","potentialAction":[{"@type":"SearchAction","target":{"@type":"EntryPoint","urlTemplate":"https:\/\/www.africa-press.net\/congo-brazzaville\/?s={search_term_string}"},"query-input":{"@type":"PropertyValueSpecification","valueRequired":true,"valueName":"search_term_string"}}],"inLanguage":"fr-FR"},{"@type":"Person","@id":"https:\/\/www.africa-press.net\/congo-brazzaville\/#\/schema\/person\/2b1cf3cd81a31e3cd26889ca66d677f1","name":"cfeditorfr"}]}},"_links":{"self":[{"href":"https:\/\/www.africa-press.net\/congo-brazzaville\/wp-json\/wp\/v2\/posts\/14631","targetHints":{"allow":["GET"]}}],"collection":[{"href":"https:\/\/www.africa-press.net\/congo-brazzaville\/wp-json\/wp\/v2\/posts"}],"about":[{"href":"https:\/\/www.africa-press.net\/congo-brazzaville\/wp-json\/wp\/v2\/types\/post"}],"author":[{"embeddable":true,"href":"https:\/\/www.africa-press.net\/congo-brazzaville\/wp-json\/wp\/v2\/users\/82"}],"replies":[{"embeddable":true,"href":"https:\/\/www.africa-press.net\/congo-brazzaville\/wp-json\/wp\/v2\/comments?post=14631"}],"version-history":[{"count":0,"href":"https:\/\/www.africa-press.net\/congo-brazzaville\/wp-json\/wp\/v2\/posts\/14631\/revisions"}],"wp:featuredmedia":[{"embeddable":true,"href":"https:\/\/www.africa-press.net\/congo-brazzaville\/wp-json\/wp\/v2\/media\/14630"}],"wp:attachment":[{"href":"https:\/\/www.africa-press.net\/congo-brazzaville\/wp-json\/wp\/v2\/media?parent=14631"}],"wp:term":[{"taxonomy":"category","embeddable":true,"href":"https:\/\/www.africa-press.net\/congo-brazzaville\/wp-json\/wp\/v2\/categories?post=14631"},{"taxonomy":"post_tag","embeddable":true,"href":"https:\/\/www.africa-press.net\/congo-brazzaville\/wp-json\/wp\/v2\/tags?post=14631"}],"curies":[{"name":"wp","href":"https:\/\/api.w.org\/{rel}","templated":true}]}}