{"id":14636,"date":"2023-02-21T12:49:15","date_gmt":"2023-02-21T12:49:15","guid":{"rendered":"https:\/\/www.africa-press.net\/congo-brazzaville\/politique\/vie-des-partis-lupads-devoile-les-huit-axes-retenus-pour-2023"},"modified":"2023-02-21T12:55:19","modified_gmt":"2023-02-21T12:55:19","slug":"vie-des-partis-lupads-devoile-les-huit-axes-retenus-pour-2023","status":"publish","type":"post","link":"https:\/\/www.africa-press.net\/congo-brazzaville\/politique\/vie-des-partis-lupads-devoile-les-huit-axes-retenus-pour-2023","title":{"rendered":"Vie des partis : l&rsquo;Upads d\u00e9voile les huit axes retenus pour 2023"},"content":{"rendered":"<p><span style=\"color: #ff6600\"><strong>Africa-Press &#8211; Congo Brazzaville. <\/strong><\/span><b>Dans la foule\u0301e de la pre\u0301sentation de ses v\u0153ux de Nouvel An a\u0300 la presse, le premier secre\u0301taire de l\u2019Union panafricaine pour la de\u0301mocratie sociale (Upads), Pascal Tsaty-Mabiala, a annonce\u0301 les huit axes de travail retenus par ce parti pour cette anne\u0301e.<\/b><\/p>\n<p>La pre\u0301paration et la tenue du prochain congre\u0300s, la restructuration du parti sur l\u2019ensemble du territoire national, la communication et la visibilite\u0301 du parti, l\u2019animation du parti et la mobilisation des militants sont, entre autres, les axes retenus par l&rsquo;Upads pour cette anne\u0301e. Il en est de me\u0302me de la formation des militants ainsi que la pre\u0301paration des e\u0301che\u0301ances prochaines et le suivi des e\u0301lus du parti. Le financement des activite\u0301s de l&rsquo;Upads, la solidarite\u0301 et enfin le suivi de l\u2019action gouvernementale comple\u0300tent ces axes.<\/p>\n<p>Pascal Tsaty-Mabiala a indique\u0301 que pour renforcer le travail participatif, il est envisage\u0301 la tenue a\u0300 Brazzaville des confe\u0301rences des pre\u0301sidents des coordinations de\u0301partementales et la re\u0301ception des nouveaux promus au Conseil national et au Bureau politique.<\/p>\n<p>Il a, une fois de plus, saisi cette occasion pour re\u0301ite\u0301rer son appel au rassemblement, a\u0300 l\u2019unite\u0301 et a\u0300 la re\u0301conciliation au sein du parti. \u00ab En ce qui nous concerne, nous avons donne\u0301 tous les gages de cette politique d\u2019apaisement pour accueillir dans la dignite\u0301 ceux de nos camarades qui, pour des raisons qui sont les leurs, ont voulu tenter une autre expe\u0301rience en dehors de l\u2019Upads ou se sont volontairement mis a\u0300 l\u2019e\u0301cart de notre marche commune \u00bb, a-t-il de\u0301clare\u0301.<\/p>\n<p>\u00ab L\u2019admission a\u0300 titre exceptionnel de soixante camarades au Conseil national dont deux au Bureau politique et un au secre\u0301tariat national participe de cette volonte\u0301 de rassemblement et d\u2019unite\u0301 qui nous anime. Je ne saurais penser ni croire qu\u2019il soit since\u0300re de se proclamer Lissoubiste et de ne pas participer a\u0300 la vie de l\u2019outil de combat politique que Pascal Lissouba a cre\u0301e\u0301 et nous a le\u0301gue\u0301 quel que soit le pre\u0301texte \u00bb, a renche\u0301ri ce dernier.<\/p>\n<p>Le premier secre\u0301taire de l\u2019Upads a conclu son propos en rappelant aux militants et dirigeants que l\u2019agenda 2023 du parti e\u0301claire le chemin a\u0300 parcourir et situe la nature du combat a\u0300 mener afin de redonner au parti son poids re\u0301el dans le paysage politique congolais.<\/p>\n<p><strong>Pour plus d&rsquo;informations et d&rsquo;analyses sur la <a href=\"https:\/\/www.africa-press.net\/congo-brazzaville\">Congo Brazzaville<\/a>, suivez <a href=\"https:\/\/www.africa-press.net\/\">Africa-Press<\/a><\/strong><\/p>\n","protected":false},"excerpt":{"rendered":"<p>Africa-Press &#8211; Congo Brazzaville. Dans la foule\u0301e de la pre\u0301sentation de ses v\u0153ux de Nouvel An a\u0300 la presse, le premier secre\u0301taire de l\u2019Union panafricaine pour la de\u0301mocratie sociale (Upads), Pascal Tsaty-Mabiala, a annonce\u0301 les huit axes de travail retenus par ce parti pour cette anne\u0301e. La pre\u0301paration et la tenue du prochain congre\u0300s, la [&hellip;]<\/p>\n","protected":false},"author":82,"featured_media":14635,"comment_status":"open","ping_status":"closed","sticky":false,"template":"","format":"standard","meta":{"footnotes":""},"categories":[2,10],"tags":[36,47,46],"class_list":["post-14636","post","type-post","status-publish","format-standard","has-post-thumbnail","hentry","category-politique","category-toutes-les-actualites","tag-africa-press","tag-africa-press-congo-brazzaville","tag-congo-brazzaville"],"yoast_head":"<!-- This site is optimized with the Yoast SEO Premium plugin v26.1 (Yoast SEO v27.0) - https:\/\/yoast.com\/product\/yoast-seo-premium-wordpress\/ -->\n<title>Vie des partis : l&#039;Upads d\u00e9voile les huit axes retenus pour 2023 - Congo Brazzaville<\/title>\n<meta name=\"description\" content=\"Dans la foule\u0301e de la pre\u0301sentation de ses v\u0153ux de Nouvel An a\u0300 la presse, le premier secre\u0301taire de l\u2019Union panafric ...\" \/>\n<meta name=\"robots\" content=\"index, follow, max-snippet:-1, max-image-preview:large, max-video-preview:-1\" \/>\n<link rel=\"canonical\" href=\"https:\/\/www.africa-press.net\/congo-brazzaville\/politique\/vie-des-partis-lupads-devoile-les-huit-axes-retenus-pour-2023\" \/>\n<meta property=\"og:locale\" content=\"fr_FR\" \/>\n<meta property=\"og:type\" content=\"article\" \/>\n<meta property=\"og:title\" content=\"Vie des partis : l&#039;Upads d\u00e9voile les huit axes retenus pour 2023\" \/>\n<meta property=\"og:description\" content=\"Dans la foule\u0301e de la pre\u0301sentation de ses v\u0153ux de Nouvel An a\u0300 la presse, le premier secre\u0301taire de l\u2019Union panafric ...\" \/>\n<meta property=\"og:url\" content=\"https:\/\/www.africa-press.net\/congo-brazzaville\/politique\/vie-des-partis-lupads-devoile-les-huit-axes-retenus-pour-2023\" \/>\n<meta property=\"og:site_name\" content=\"Congo Brazzaville\" \/>\n<meta property=\"article:published_time\" content=\"2023-02-21T12:49:15+00:00\" \/>\n<meta property=\"article:modified_time\" content=\"2023-02-21T12:55:19+00:00\" \/>\n<meta property=\"og:image\" content=\"https:\/\/static.africa-press.net\/congo-brazzaville\/sites\/51\/2023\/02\/postQueueImg_1676971159.52.jpg\" \/>\n\t<meta property=\"og:image:width\" content=\"1024\" \/>\n\t<meta property=\"og:image:height\" content=\"768\" \/>\n\t<meta property=\"og:image:type\" content=\"image\/jpeg\" \/>\n<meta name=\"author\" content=\"cfeditorfr\" \/>\n<meta name=\"twitter:card\" content=\"summary_large_image\" \/>\n<meta name=\"twitter:label1\" content=\"\u00c9crit par\" \/>\n\t<meta name=\"twitter:data1\" content=\"cfeditorfr\" \/>\n\t<meta name=\"twitter:label2\" content=\"Dur\u00e9e de lecture estim\u00e9e\" \/>\n\t<meta name=\"twitter:data2\" content=\"2 minutes\" \/>\n<script type=\"application\/ld+json\" class=\"yoast-schema-graph\">{\"@context\":\"https:\/\/schema.org\",\"@graph\":[{\"@type\":\"Article\",\"@id\":\"https:\/\/www.africa-press.net\/congo-brazzaville\/politique\/vie-des-partis-lupads-devoile-les-huit-axes-retenus-pour-2023#article\",\"isPartOf\":{\"@id\":\"https:\/\/www.africa-press.net\/congo-brazzaville\/politique\/vie-des-partis-lupads-devoile-les-huit-axes-retenus-pour-2023\"},\"author\":{\"name\":\"cfeditorfr\",\"@id\":\"https:\/\/www.africa-press.net\/congo-brazzaville\/#\/schema\/person\/2b1cf3cd81a31e3cd26889ca66d677f1\"},\"headline\":\"Vie des partis : l&rsquo;Upads d\u00e9voile les huit axes retenus pour 2023\",\"datePublished\":\"2023-02-21T12:49:15+00:00\",\"dateModified\":\"2023-02-21T12:55:19+00:00\",\"mainEntityOfPage\":{\"@id\":\"https:\/\/www.africa-press.net\/congo-brazzaville\/politique\/vie-des-partis-lupads-devoile-les-huit-axes-retenus-pour-2023\"},\"wordCount\":444,\"commentCount\":0,\"image\":{\"@id\":\"https:\/\/www.africa-press.net\/congo-brazzaville\/politique\/vie-des-partis-lupads-devoile-les-huit-axes-retenus-pour-2023#primaryimage\"},\"thumbnailUrl\":\"https:\/\/static.africa-press.net\/congo-brazzaville\/sites\/51\/2023\/02\/postQueueImg_1676971159.52.jpg\",\"keywords\":[\"Africa Press\",\"Africa Press-Congo Brazzaville\",\"Congo Brazzaville\"],\"articleSection\":[\"Politique\",\"Toutes les actualit\u00e9s\"],\"inLanguage\":\"fr-FR\",\"potentialAction\":[{\"@type\":\"CommentAction\",\"name\":\"Comment\",\"target\":[\"https:\/\/www.africa-press.net\/congo-brazzaville\/politique\/vie-des-partis-lupads-devoile-les-huit-axes-retenus-pour-2023#respond\"]}]},{\"@type\":\"WebPage\",\"@id\":\"https:\/\/www.africa-press.net\/congo-brazzaville\/politique\/vie-des-partis-lupads-devoile-les-huit-axes-retenus-pour-2023\",\"url\":\"https:\/\/www.africa-press.net\/congo-brazzaville\/politique\/vie-des-partis-lupads-devoile-les-huit-axes-retenus-pour-2023\",\"name\":\"Vie des partis : l'Upads d\u00e9voile les huit axes retenus pour 2023 - Congo Brazzaville\",\"isPartOf\":{\"@id\":\"https:\/\/www.africa-press.net\/congo-brazzaville\/#website\"},\"primaryImageOfPage\":{\"@id\":\"https:\/\/www.africa-press.net\/congo-brazzaville\/politique\/vie-des-partis-lupads-devoile-les-huit-axes-retenus-pour-2023#primaryimage\"},\"image\":{\"@id\":\"https:\/\/www.africa-press.net\/congo-brazzaville\/politique\/vie-des-partis-lupads-devoile-les-huit-axes-retenus-pour-2023#primaryimage\"},\"thumbnailUrl\":\"https:\/\/static.africa-press.net\/congo-brazzaville\/sites\/51\/2023\/02\/postQueueImg_1676971159.52.jpg\",\"datePublished\":\"2023-02-21T12:49:15+00:00\",\"dateModified\":\"2023-02-21T12:55:19+00:00\",\"author\":{\"@id\":\"https:\/\/www.africa-press.net\/congo-brazzaville\/#\/schema\/person\/2b1cf3cd81a31e3cd26889ca66d677f1\"},\"description\":\"Dans la foule\u0301e de la pre\u0301sentation de ses v\u0153ux de Nouvel An a\u0300 la presse, le premier secre\u0301taire de l\u2019Union panafric ...\",\"breadcrumb\":{\"@id\":\"https:\/\/www.africa-press.net\/congo-brazzaville\/politique\/vie-des-partis-lupads-devoile-les-huit-axes-retenus-pour-2023#breadcrumb\"},\"inLanguage\":\"fr-FR\",\"potentialAction\":[{\"@type\":\"ReadAction\",\"target\":[\"https:\/\/www.africa-press.net\/congo-brazzaville\/politique\/vie-des-partis-lupads-devoile-les-huit-axes-retenus-pour-2023\"]}]},{\"@type\":\"ImageObject\",\"inLanguage\":\"fr-FR\",\"@id\":\"https:\/\/www.africa-press.net\/congo-brazzaville\/politique\/vie-des-partis-lupads-devoile-les-huit-axes-retenus-pour-2023#primaryimage\",\"url\":\"https:\/\/static.africa-press.net\/congo-brazzaville\/sites\/51\/2023\/02\/postQueueImg_1676971159.52.jpg\",\"contentUrl\":\"https:\/\/static.africa-press.net\/congo-brazzaville\/sites\/51\/2023\/02\/postQueueImg_1676971159.52.jpg\",\"width\":1024,\"height\":768,\"caption\":\"Vie des partis : l'Upads d\u00e9voile les huit axes retenus pour 2023\"},{\"@type\":\"BreadcrumbList\",\"@id\":\"https:\/\/www.africa-press.net\/congo-brazzaville\/politique\/vie-des-partis-lupads-devoile-les-huit-axes-retenus-pour-2023#breadcrumb\",\"itemListElement\":[{\"@type\":\"ListItem\",\"position\":1,\"name\":\"Accueil\",\"item\":\"https:\/\/www.africa-press.net\/congo-brazzaville\/\"},{\"@type\":\"ListItem\",\"position\":2,\"name\":\"Vie des partis : l&rsquo;Upads d\u00e9voile les huit axes retenus pour 2023\"}]},{\"@type\":\"WebSite\",\"@id\":\"https:\/\/www.africa-press.net\/congo-brazzaville\/#website\",\"url\":\"https:\/\/www.africa-press.net\/congo-brazzaville\/\",\"name\":\"Congo Brazzaville\",\"description\":\"Just another Africa News Agency Sites site\",\"potentialAction\":[{\"@type\":\"SearchAction\",\"target\":{\"@type\":\"EntryPoint\",\"urlTemplate\":\"https:\/\/www.africa-press.net\/congo-brazzaville\/?s={search_term_string}\"},\"query-input\":{\"@type\":\"PropertyValueSpecification\",\"valueRequired\":true,\"valueName\":\"search_term_string\"}}],\"inLanguage\":\"fr-FR\"},{\"@type\":\"Person\",\"@id\":\"https:\/\/www.africa-press.net\/congo-brazzaville\/#\/schema\/person\/2b1cf3cd81a31e3cd26889ca66d677f1\",\"name\":\"cfeditorfr\"}]}<\/script>\n<!-- \/ Yoast SEO Premium plugin. -->","yoast_head_json":{"title":"Vie des partis : l'Upads d\u00e9voile les huit axes retenus pour 2023 - Congo Brazzaville","description":"Dans la foule\u0301e de la pre\u0301sentation de ses v\u0153ux de Nouvel An a\u0300 la presse, le premier secre\u0301taire de l\u2019Union panafric ...","robots":{"index":"index","follow":"follow","max-snippet":"max-snippet:-1","max-image-preview":"max-image-preview:large","max-video-preview":"max-video-preview:-1"},"canonical":"https:\/\/www.africa-press.net\/congo-brazzaville\/politique\/vie-des-partis-lupads-devoile-les-huit-axes-retenus-pour-2023","og_locale":"fr_FR","og_type":"article","og_title":"Vie des partis : l'Upads d\u00e9voile les huit axes retenus pour 2023","og_description":"Dans la foule\u0301e de la pre\u0301sentation de ses v\u0153ux de Nouvel An a\u0300 la presse, le premier secre\u0301taire de l\u2019Union panafric ...","og_url":"https:\/\/www.africa-press.net\/congo-brazzaville\/politique\/vie-des-partis-lupads-devoile-les-huit-axes-retenus-pour-2023","og_site_name":"Congo Brazzaville","article_published_time":"2023-02-21T12:49:15+00:00","article_modified_time":"2023-02-21T12:55:19+00:00","og_image":[{"width":1024,"height":768,"url":"https:\/\/static.africa-press.net\/congo-brazzaville\/sites\/51\/2023\/02\/postQueueImg_1676971159.52.jpg","type":"image\/jpeg"}],"author":"cfeditorfr","twitter_card":"summary_large_image","twitter_misc":{"\u00c9crit par":"cfeditorfr","Dur\u00e9e de lecture estim\u00e9e":"2 minutes"},"schema":{"@context":"https:\/\/schema.org","@graph":[{"@type":"Article","@id":"https:\/\/www.africa-press.net\/congo-brazzaville\/politique\/vie-des-partis-lupads-devoile-les-huit-axes-retenus-pour-2023#article","isPartOf":{"@id":"https:\/\/www.africa-press.net\/congo-brazzaville\/politique\/vie-des-partis-lupads-devoile-les-huit-axes-retenus-pour-2023"},"author":{"name":"cfeditorfr","@id":"https:\/\/www.africa-press.net\/congo-brazzaville\/#\/schema\/person\/2b1cf3cd81a31e3cd26889ca66d677f1"},"headline":"Vie des partis : l&rsquo;Upads d\u00e9voile les huit axes retenus pour 2023","datePublished":"2023-02-21T12:49:15+00:00","dateModified":"2023-02-21T12:55:19+00:00","mainEntityOfPage":{"@id":"https:\/\/www.africa-press.net\/congo-brazzaville\/politique\/vie-des-partis-lupads-devoile-les-huit-axes-retenus-pour-2023"},"wordCount":444,"commentCount":0,"image":{"@id":"https:\/\/www.africa-press.net\/congo-brazzaville\/politique\/vie-des-partis-lupads-devoile-les-huit-axes-retenus-pour-2023#primaryimage"},"thumbnailUrl":"https:\/\/static.africa-press.net\/congo-brazzaville\/sites\/51\/2023\/02\/postQueueImg_1676971159.52.jpg","keywords":["Africa Press","Africa Press-Congo Brazzaville","Congo Brazzaville"],"articleSection":["Politique","Toutes les actualit\u00e9s"],"inLanguage":"fr-FR","potentialAction":[{"@type":"CommentAction","name":"Comment","target":["https:\/\/www.africa-press.net\/congo-brazzaville\/politique\/vie-des-partis-lupads-devoile-les-huit-axes-retenus-pour-2023#respond"]}]},{"@type":"WebPage","@id":"https:\/\/www.africa-press.net\/congo-brazzaville\/politique\/vie-des-partis-lupads-devoile-les-huit-axes-retenus-pour-2023","url":"https:\/\/www.africa-press.net\/congo-brazzaville\/politique\/vie-des-partis-lupads-devoile-les-huit-axes-retenus-pour-2023","name":"Vie des partis : l'Upads d\u00e9voile les huit axes retenus pour 2023 - Congo Brazzaville","isPartOf":{"@id":"https:\/\/www.africa-press.net\/congo-brazzaville\/#website"},"primaryImageOfPage":{"@id":"https:\/\/www.africa-press.net\/congo-brazzaville\/politique\/vie-des-partis-lupads-devoile-les-huit-axes-retenus-pour-2023#primaryimage"},"image":{"@id":"https:\/\/www.africa-press.net\/congo-brazzaville\/politique\/vie-des-partis-lupads-devoile-les-huit-axes-retenus-pour-2023#primaryimage"},"thumbnailUrl":"https:\/\/static.africa-press.net\/congo-brazzaville\/sites\/51\/2023\/02\/postQueueImg_1676971159.52.jpg","datePublished":"2023-02-21T12:49:15+00:00","dateModified":"2023-02-21T12:55:19+00:00","author":{"@id":"https:\/\/www.africa-press.net\/congo-brazzaville\/#\/schema\/person\/2b1cf3cd81a31e3cd26889ca66d677f1"},"description":"Dans la foule\u0301e de la pre\u0301sentation de ses v\u0153ux de Nouvel An a\u0300 la presse, le premier secre\u0301taire de l\u2019Union panafric ...","breadcrumb":{"@id":"https:\/\/www.africa-press.net\/congo-brazzaville\/politique\/vie-des-partis-lupads-devoile-les-huit-axes-retenus-pour-2023#breadcrumb"},"inLanguage":"fr-FR","potentialAction":[{"@type":"ReadAction","target":["https:\/\/www.africa-press.net\/congo-brazzaville\/politique\/vie-des-partis-lupads-devoile-les-huit-axes-retenus-pour-2023"]}]},{"@type":"ImageObject","inLanguage":"fr-FR","@id":"https:\/\/www.africa-press.net\/congo-brazzaville\/politique\/vie-des-partis-lupads-devoile-les-huit-axes-retenus-pour-2023#primaryimage","url":"https:\/\/static.africa-press.net\/congo-brazzaville\/sites\/51\/2023\/02\/postQueueImg_1676971159.52.jpg","contentUrl":"https:\/\/static.africa-press.net\/congo-brazzaville\/sites\/51\/2023\/02\/postQueueImg_1676971159.52.jpg","width":1024,"height":768,"caption":"Vie des partis : l'Upads d\u00e9voile les huit axes retenus pour 2023"},{"@type":"BreadcrumbList","@id":"https:\/\/www.africa-press.net\/congo-brazzaville\/politique\/vie-des-partis-lupads-devoile-les-huit-axes-retenus-pour-2023#breadcrumb","itemListElement":[{"@type":"ListItem","position":1,"name":"Accueil","item":"https:\/\/www.africa-press.net\/congo-brazzaville\/"},{"@type":"ListItem","position":2,"name":"Vie des partis : l&rsquo;Upads d\u00e9voile les huit axes retenus pour 2023"}]},{"@type":"WebSite","@id":"https:\/\/www.africa-press.net\/congo-brazzaville\/#website","url":"https:\/\/www.africa-press.net\/congo-brazzaville\/","name":"Congo Brazzaville","description":"Just another Africa News Agency Sites site","potentialAction":[{"@type":"SearchAction","target":{"@type":"EntryPoint","urlTemplate":"https:\/\/www.africa-press.net\/congo-brazzaville\/?s={search_term_string}"},"query-input":{"@type":"PropertyValueSpecification","valueRequired":true,"valueName":"search_term_string"}}],"inLanguage":"fr-FR"},{"@type":"Person","@id":"https:\/\/www.africa-press.net\/congo-brazzaville\/#\/schema\/person\/2b1cf3cd81a31e3cd26889ca66d677f1","name":"cfeditorfr"}]}},"_links":{"self":[{"href":"https:\/\/www.africa-press.net\/congo-brazzaville\/wp-json\/wp\/v2\/posts\/14636","targetHints":{"allow":["GET"]}}],"collection":[{"href":"https:\/\/www.africa-press.net\/congo-brazzaville\/wp-json\/wp\/v2\/posts"}],"about":[{"href":"https:\/\/www.africa-press.net\/congo-brazzaville\/wp-json\/wp\/v2\/types\/post"}],"author":[{"embeddable":true,"href":"https:\/\/www.africa-press.net\/congo-brazzaville\/wp-json\/wp\/v2\/users\/82"}],"replies":[{"embeddable":true,"href":"https:\/\/www.africa-press.net\/congo-brazzaville\/wp-json\/wp\/v2\/comments?post=14636"}],"version-history":[{"count":0,"href":"https:\/\/www.africa-press.net\/congo-brazzaville\/wp-json\/wp\/v2\/posts\/14636\/revisions"}],"wp:featuredmedia":[{"embeddable":true,"href":"https:\/\/www.africa-press.net\/congo-brazzaville\/wp-json\/wp\/v2\/media\/14635"}],"wp:attachment":[{"href":"https:\/\/www.africa-press.net\/congo-brazzaville\/wp-json\/wp\/v2\/media?parent=14636"}],"wp:term":[{"taxonomy":"category","embeddable":true,"href":"https:\/\/www.africa-press.net\/congo-brazzaville\/wp-json\/wp\/v2\/categories?post=14636"},{"taxonomy":"post_tag","embeddable":true,"href":"https:\/\/www.africa-press.net\/congo-brazzaville\/wp-json\/wp\/v2\/tags?post=14636"}],"curies":[{"name":"wp","href":"https:\/\/api.w.org\/{rel}","templated":true}]}}