{"id":14638,"date":"2023-02-21T12:49:29","date_gmt":"2023-02-21T12:49:29","guid":{"rendered":"https:\/\/www.africa-press.net\/congo-brazzaville\/politique\/les-retraites-reclament-le-paiement-des-arrieres-des-pensions"},"modified":"2023-02-21T12:56:04","modified_gmt":"2023-02-21T12:56:04","slug":"les-retraites-reclament-le-paiement-des-arrieres-des-pensions","status":"publish","type":"post","link":"https:\/\/www.africa-press.net\/congo-brazzaville\/economie\/les-retraites-reclament-le-paiement-des-arrieres-des-pensions","title":{"rendered":"les retrait\u00e9s r\u00e9clament le paiement des arri\u00e9r\u00e9s des pensions"},"content":{"rendered":"<p><span style=\"color: #ff6600\"><strong>Africa-Press &#8211; Congo Brazzaville. <\/strong><\/span><b>Le Secre\u0301taire charge\u0301 a\u0300 la communication de l\u2019Union pour la de\u0301fense des inte\u0301re\u0302ts des retraite\u0301s du Congo, Jacques Malonga a re\u0301clame\u0301 le 20 fe\u0301vrier a\u0300 Brazzaville, le paiement des arrie\u0301re\u0301s des 39 mois de pensions des retraite\u0301s, afin de sortir de la pre\u0301carite\u0301 sociale.<\/b><\/p>\n<p>\u00ab Aujourd\u2019hui, nous disons que l\u2019injustice sociale ne peut plus durer et continuer a\u0300 faire des victimes parmi les pensionne\u0301s. Nous avons rendu et continuons de rendre, pour certains, d\u2019importants et loyaux services a\u0300 notre pays et nous ne demandons qu\u2019a\u0300 be\u0301ne\u0301ficier de nos droits, afin de mener une vie de\u0301cente et digne \u00bb, a de\u0301clare\u0301 le secre\u0301taire charge\u0301 a\u0300 la communication de l\u2019Union pour la de\u0301fense des droits de retraite\u0301s du Congo, Jacques Malonga, a\u0300 l\u2019occasion de la journe\u0301e mondiale sur la justice sociale.<\/p>\n<p>\u00abNous exigeons le paiement des pensions des mois de novembre et de\u0301cembre 2016 ; la mise en place d\u2019un plan d\u2019apurement progressif des trente-neuf mois de pensions impaye\u0301es de 2016 a\u0300 2021 ; la mise en place d\u2019un plan d\u2019apurement des arrie\u0301re\u0301s et arre\u0301rages dont les dossiers sont en instance a\u0300 la caisse Congolaise d\u2019amortissement depuis 2015; l\u2019harmonisation des pensions a\u0300 la valeur du point d\u2019indice 2015; la re\u0301gularisation des situations administratives ; le paiement des pensions revalorise\u0301es \u00bb, a-t-il poursuivi.<\/p>\n<p>Au cours de la deuxie\u0300me e\u0301dition de la comme\u0301moration de la journe\u0301e mondiale sur la justice sociale, les retraite\u0301s ont passe\u0301 en revue les injustices sociales dont ils sont victimes et ont aussi de\u0301crie\u0301 la le\u0301thargie du gouvernement a\u0300 re\u0301soudre leur situation.<\/p>\n<p>Institue\u0301e en 2009 par les Nations unies, la ce\u0301le\u0301bration de la journe\u0301e mondiale sur la justice sociale vise a\u0300 de\u0301fendre l\u2019e\u0301galite\u0301 des droits pour tous et a\u0300 e\u0301radiquer la pauvrete\u0301.<\/p>\n<p><strong>Pour plus d&rsquo;informations et d&rsquo;analyses sur la <a href=\"https:\/\/www.africa-press.net\/congo-brazzaville\">Congo Brazzaville<\/a>, suivez <a href=\"https:\/\/www.africa-press.net\/\">Africa-Press<\/a><\/strong><\/p>\n","protected":false},"excerpt":{"rendered":"<p>Africa-Press &#8211; Congo Brazzaville. Le Secre\u0301taire charge\u0301 a\u0300 la communication de l\u2019Union pour la de\u0301fense des inte\u0301re\u0302ts des retraite\u0301s du Congo, Jacques Malonga a re\u0301clame\u0301 le 20 fe\u0301vrier a\u0300 Brazzaville, le paiement des arrie\u0301re\u0301s des 39 mois de pensions des retraite\u0301s, afin de sortir de la pre\u0301carite\u0301 sociale. \u00ab Aujourd\u2019hui, nous disons que l\u2019injustice sociale [&hellip;]<\/p>\n","protected":false},"author":82,"featured_media":14637,"comment_status":"open","ping_status":"closed","sticky":false,"template":"","format":"standard","meta":{"footnotes":""},"categories":[3,10],"tags":[36,47,46],"class_list":["post-14638","post","type-post","status-publish","format-standard","has-post-thumbnail","hentry","category-economie","category-toutes-les-actualites","tag-africa-press","tag-africa-press-congo-brazzaville","tag-congo-brazzaville"],"yoast_head":"<!-- This site is optimized with the Yoast SEO Premium plugin v26.1 (Yoast SEO v27.0) - https:\/\/yoast.com\/product\/yoast-seo-premium-wordpress\/ -->\n<title>les retrait\u00e9s r\u00e9clament le paiement des arri\u00e9r\u00e9s des pensions - Congo Brazzaville<\/title>\n<meta name=\"description\" content=\"Le Secre\u0301taire charge\u0301 a\u0300 la communication de l\u2019Union pour la de\u0301fense des inte\u0301re\u0302ts des retraite\u0301s du Congo, Jacque ...\" \/>\n<meta name=\"robots\" content=\"index, follow, max-snippet:-1, max-image-preview:large, max-video-preview:-1\" \/>\n<link rel=\"canonical\" href=\"https:\/\/www.africa-press.net\/congo-brazzaville\/economie\/les-retraites-reclament-le-paiement-des-arrieres-des-pensions\" \/>\n<meta property=\"og:locale\" content=\"fr_FR\" \/>\n<meta property=\"og:type\" content=\"article\" \/>\n<meta property=\"og:title\" content=\"les retrait\u00e9s r\u00e9clament le paiement des arri\u00e9r\u00e9s des pensions\" \/>\n<meta property=\"og:description\" content=\"Le Secre\u0301taire charge\u0301 a\u0300 la communication de l\u2019Union pour la de\u0301fense des inte\u0301re\u0302ts des retraite\u0301s du Congo, Jacque ...\" \/>\n<meta property=\"og:url\" content=\"https:\/\/www.africa-press.net\/congo-brazzaville\/economie\/les-retraites-reclament-le-paiement-des-arrieres-des-pensions\" \/>\n<meta property=\"og:site_name\" content=\"Congo Brazzaville\" \/>\n<meta property=\"article:published_time\" content=\"2023-02-21T12:49:29+00:00\" \/>\n<meta property=\"article:modified_time\" content=\"2023-02-21T12:56:04+00:00\" \/>\n<meta property=\"og:image\" content=\"https:\/\/static.africa-press.net\/congo-brazzaville\/sites\/51\/2023\/02\/postQueueImg_1676971180.01.jpg\" \/>\n\t<meta property=\"og:image:width\" content=\"796\" \/>\n\t<meta property=\"og:image:height\" content=\"438\" \/>\n\t<meta property=\"og:image:type\" content=\"image\/jpeg\" \/>\n<meta name=\"author\" content=\"cfeditorfr\" \/>\n<meta name=\"twitter:card\" content=\"summary_large_image\" \/>\n<meta name=\"twitter:label1\" content=\"\u00c9crit par\" \/>\n\t<meta name=\"twitter:data1\" content=\"cfeditorfr\" \/>\n\t<meta name=\"twitter:label2\" content=\"Dur\u00e9e de lecture estim\u00e9e\" \/>\n\t<meta name=\"twitter:data2\" content=\"2 minutes\" \/>\n<script type=\"application\/ld+json\" class=\"yoast-schema-graph\">{\"@context\":\"https:\/\/schema.org\",\"@graph\":[{\"@type\":\"Article\",\"@id\":\"https:\/\/www.africa-press.net\/congo-brazzaville\/economie\/les-retraites-reclament-le-paiement-des-arrieres-des-pensions#article\",\"isPartOf\":{\"@id\":\"https:\/\/www.africa-press.net\/congo-brazzaville\/economie\/les-retraites-reclament-le-paiement-des-arrieres-des-pensions\"},\"author\":{\"name\":\"cfeditorfr\",\"@id\":\"https:\/\/www.africa-press.net\/congo-brazzaville\/#\/schema\/person\/2b1cf3cd81a31e3cd26889ca66d677f1\"},\"headline\":\"les retrait\u00e9s r\u00e9clament le paiement des arri\u00e9r\u00e9s des pensions\",\"datePublished\":\"2023-02-21T12:49:29+00:00\",\"dateModified\":\"2023-02-21T12:56:04+00:00\",\"mainEntityOfPage\":{\"@id\":\"https:\/\/www.africa-press.net\/congo-brazzaville\/economie\/les-retraites-reclament-le-paiement-des-arrieres-des-pensions\"},\"wordCount\":355,\"commentCount\":0,\"image\":{\"@id\":\"https:\/\/www.africa-press.net\/congo-brazzaville\/economie\/les-retraites-reclament-le-paiement-des-arrieres-des-pensions#primaryimage\"},\"thumbnailUrl\":\"https:\/\/static.africa-press.net\/congo-brazzaville\/sites\/51\/2023\/02\/postQueueImg_1676971180.01.jpg\",\"keywords\":[\"Africa Press\",\"Africa Press-Congo Brazzaville\",\"Congo Brazzaville\"],\"articleSection\":[\"\u00c9conomie\",\"Toutes les actualit\u00e9s\"],\"inLanguage\":\"fr-FR\",\"potentialAction\":[{\"@type\":\"CommentAction\",\"name\":\"Comment\",\"target\":[\"https:\/\/www.africa-press.net\/congo-brazzaville\/economie\/les-retraites-reclament-le-paiement-des-arrieres-des-pensions#respond\"]}]},{\"@type\":\"WebPage\",\"@id\":\"https:\/\/www.africa-press.net\/congo-brazzaville\/economie\/les-retraites-reclament-le-paiement-des-arrieres-des-pensions\",\"url\":\"https:\/\/www.africa-press.net\/congo-brazzaville\/economie\/les-retraites-reclament-le-paiement-des-arrieres-des-pensions\",\"name\":\"les retrait\u00e9s r\u00e9clament le paiement des arri\u00e9r\u00e9s des pensions - Congo Brazzaville\",\"isPartOf\":{\"@id\":\"https:\/\/www.africa-press.net\/congo-brazzaville\/#website\"},\"primaryImageOfPage\":{\"@id\":\"https:\/\/www.africa-press.net\/congo-brazzaville\/economie\/les-retraites-reclament-le-paiement-des-arrieres-des-pensions#primaryimage\"},\"image\":{\"@id\":\"https:\/\/www.africa-press.net\/congo-brazzaville\/economie\/les-retraites-reclament-le-paiement-des-arrieres-des-pensions#primaryimage\"},\"thumbnailUrl\":\"https:\/\/static.africa-press.net\/congo-brazzaville\/sites\/51\/2023\/02\/postQueueImg_1676971180.01.jpg\",\"datePublished\":\"2023-02-21T12:49:29+00:00\",\"dateModified\":\"2023-02-21T12:56:04+00:00\",\"author\":{\"@id\":\"https:\/\/www.africa-press.net\/congo-brazzaville\/#\/schema\/person\/2b1cf3cd81a31e3cd26889ca66d677f1\"},\"description\":\"Le Secre\u0301taire charge\u0301 a\u0300 la communication de l\u2019Union pour la de\u0301fense des inte\u0301re\u0302ts des retraite\u0301s du Congo, Jacque ...\",\"breadcrumb\":{\"@id\":\"https:\/\/www.africa-press.net\/congo-brazzaville\/economie\/les-retraites-reclament-le-paiement-des-arrieres-des-pensions#breadcrumb\"},\"inLanguage\":\"fr-FR\",\"potentialAction\":[{\"@type\":\"ReadAction\",\"target\":[\"https:\/\/www.africa-press.net\/congo-brazzaville\/economie\/les-retraites-reclament-le-paiement-des-arrieres-des-pensions\"]}]},{\"@type\":\"ImageObject\",\"inLanguage\":\"fr-FR\",\"@id\":\"https:\/\/www.africa-press.net\/congo-brazzaville\/economie\/les-retraites-reclament-le-paiement-des-arrieres-des-pensions#primaryimage\",\"url\":\"https:\/\/static.africa-press.net\/congo-brazzaville\/sites\/51\/2023\/02\/postQueueImg_1676971180.01.jpg\",\"contentUrl\":\"https:\/\/static.africa-press.net\/congo-brazzaville\/sites\/51\/2023\/02\/postQueueImg_1676971180.01.jpg\",\"width\":796,\"height\":438,\"caption\":\"les retrait\u00e9s r\u00e9clament le paiement des arri\u00e9r\u00e9s des pensions\"},{\"@type\":\"BreadcrumbList\",\"@id\":\"https:\/\/www.africa-press.net\/congo-brazzaville\/economie\/les-retraites-reclament-le-paiement-des-arrieres-des-pensions#breadcrumb\",\"itemListElement\":[{\"@type\":\"ListItem\",\"position\":1,\"name\":\"Accueil\",\"item\":\"https:\/\/www.africa-press.net\/congo-brazzaville\/\"},{\"@type\":\"ListItem\",\"position\":2,\"name\":\"les retrait\u00e9s r\u00e9clament le paiement des arri\u00e9r\u00e9s des pensions\"}]},{\"@type\":\"WebSite\",\"@id\":\"https:\/\/www.africa-press.net\/congo-brazzaville\/#website\",\"url\":\"https:\/\/www.africa-press.net\/congo-brazzaville\/\",\"name\":\"Congo Brazzaville\",\"description\":\"Just another Africa News Agency Sites site\",\"potentialAction\":[{\"@type\":\"SearchAction\",\"target\":{\"@type\":\"EntryPoint\",\"urlTemplate\":\"https:\/\/www.africa-press.net\/congo-brazzaville\/?s={search_term_string}\"},\"query-input\":{\"@type\":\"PropertyValueSpecification\",\"valueRequired\":true,\"valueName\":\"search_term_string\"}}],\"inLanguage\":\"fr-FR\"},{\"@type\":\"Person\",\"@id\":\"https:\/\/www.africa-press.net\/congo-brazzaville\/#\/schema\/person\/2b1cf3cd81a31e3cd26889ca66d677f1\",\"name\":\"cfeditorfr\"}]}<\/script>\n<!-- \/ Yoast SEO Premium plugin. -->","yoast_head_json":{"title":"les retrait\u00e9s r\u00e9clament le paiement des arri\u00e9r\u00e9s des pensions - Congo Brazzaville","description":"Le Secre\u0301taire charge\u0301 a\u0300 la communication de l\u2019Union pour la de\u0301fense des inte\u0301re\u0302ts des retraite\u0301s du Congo, Jacque ...","robots":{"index":"index","follow":"follow","max-snippet":"max-snippet:-1","max-image-preview":"max-image-preview:large","max-video-preview":"max-video-preview:-1"},"canonical":"https:\/\/www.africa-press.net\/congo-brazzaville\/economie\/les-retraites-reclament-le-paiement-des-arrieres-des-pensions","og_locale":"fr_FR","og_type":"article","og_title":"les retrait\u00e9s r\u00e9clament le paiement des arri\u00e9r\u00e9s des pensions","og_description":"Le Secre\u0301taire charge\u0301 a\u0300 la communication de l\u2019Union pour la de\u0301fense des inte\u0301re\u0302ts des retraite\u0301s du Congo, Jacque ...","og_url":"https:\/\/www.africa-press.net\/congo-brazzaville\/economie\/les-retraites-reclament-le-paiement-des-arrieres-des-pensions","og_site_name":"Congo Brazzaville","article_published_time":"2023-02-21T12:49:29+00:00","article_modified_time":"2023-02-21T12:56:04+00:00","og_image":[{"width":796,"height":438,"url":"https:\/\/static.africa-press.net\/congo-brazzaville\/sites\/51\/2023\/02\/postQueueImg_1676971180.01.jpg","type":"image\/jpeg"}],"author":"cfeditorfr","twitter_card":"summary_large_image","twitter_misc":{"\u00c9crit par":"cfeditorfr","Dur\u00e9e de lecture estim\u00e9e":"2 minutes"},"schema":{"@context":"https:\/\/schema.org","@graph":[{"@type":"Article","@id":"https:\/\/www.africa-press.net\/congo-brazzaville\/economie\/les-retraites-reclament-le-paiement-des-arrieres-des-pensions#article","isPartOf":{"@id":"https:\/\/www.africa-press.net\/congo-brazzaville\/economie\/les-retraites-reclament-le-paiement-des-arrieres-des-pensions"},"author":{"name":"cfeditorfr","@id":"https:\/\/www.africa-press.net\/congo-brazzaville\/#\/schema\/person\/2b1cf3cd81a31e3cd26889ca66d677f1"},"headline":"les retrait\u00e9s r\u00e9clament le paiement des arri\u00e9r\u00e9s des pensions","datePublished":"2023-02-21T12:49:29+00:00","dateModified":"2023-02-21T12:56:04+00:00","mainEntityOfPage":{"@id":"https:\/\/www.africa-press.net\/congo-brazzaville\/economie\/les-retraites-reclament-le-paiement-des-arrieres-des-pensions"},"wordCount":355,"commentCount":0,"image":{"@id":"https:\/\/www.africa-press.net\/congo-brazzaville\/economie\/les-retraites-reclament-le-paiement-des-arrieres-des-pensions#primaryimage"},"thumbnailUrl":"https:\/\/static.africa-press.net\/congo-brazzaville\/sites\/51\/2023\/02\/postQueueImg_1676971180.01.jpg","keywords":["Africa Press","Africa Press-Congo Brazzaville","Congo Brazzaville"],"articleSection":["\u00c9conomie","Toutes les actualit\u00e9s"],"inLanguage":"fr-FR","potentialAction":[{"@type":"CommentAction","name":"Comment","target":["https:\/\/www.africa-press.net\/congo-brazzaville\/economie\/les-retraites-reclament-le-paiement-des-arrieres-des-pensions#respond"]}]},{"@type":"WebPage","@id":"https:\/\/www.africa-press.net\/congo-brazzaville\/economie\/les-retraites-reclament-le-paiement-des-arrieres-des-pensions","url":"https:\/\/www.africa-press.net\/congo-brazzaville\/economie\/les-retraites-reclament-le-paiement-des-arrieres-des-pensions","name":"les retrait\u00e9s r\u00e9clament le paiement des arri\u00e9r\u00e9s des pensions - Congo Brazzaville","isPartOf":{"@id":"https:\/\/www.africa-press.net\/congo-brazzaville\/#website"},"primaryImageOfPage":{"@id":"https:\/\/www.africa-press.net\/congo-brazzaville\/economie\/les-retraites-reclament-le-paiement-des-arrieres-des-pensions#primaryimage"},"image":{"@id":"https:\/\/www.africa-press.net\/congo-brazzaville\/economie\/les-retraites-reclament-le-paiement-des-arrieres-des-pensions#primaryimage"},"thumbnailUrl":"https:\/\/static.africa-press.net\/congo-brazzaville\/sites\/51\/2023\/02\/postQueueImg_1676971180.01.jpg","datePublished":"2023-02-21T12:49:29+00:00","dateModified":"2023-02-21T12:56:04+00:00","author":{"@id":"https:\/\/www.africa-press.net\/congo-brazzaville\/#\/schema\/person\/2b1cf3cd81a31e3cd26889ca66d677f1"},"description":"Le Secre\u0301taire charge\u0301 a\u0300 la communication de l\u2019Union pour la de\u0301fense des inte\u0301re\u0302ts des retraite\u0301s du Congo, Jacque ...","breadcrumb":{"@id":"https:\/\/www.africa-press.net\/congo-brazzaville\/economie\/les-retraites-reclament-le-paiement-des-arrieres-des-pensions#breadcrumb"},"inLanguage":"fr-FR","potentialAction":[{"@type":"ReadAction","target":["https:\/\/www.africa-press.net\/congo-brazzaville\/economie\/les-retraites-reclament-le-paiement-des-arrieres-des-pensions"]}]},{"@type":"ImageObject","inLanguage":"fr-FR","@id":"https:\/\/www.africa-press.net\/congo-brazzaville\/economie\/les-retraites-reclament-le-paiement-des-arrieres-des-pensions#primaryimage","url":"https:\/\/static.africa-press.net\/congo-brazzaville\/sites\/51\/2023\/02\/postQueueImg_1676971180.01.jpg","contentUrl":"https:\/\/static.africa-press.net\/congo-brazzaville\/sites\/51\/2023\/02\/postQueueImg_1676971180.01.jpg","width":796,"height":438,"caption":"les retrait\u00e9s r\u00e9clament le paiement des arri\u00e9r\u00e9s des pensions"},{"@type":"BreadcrumbList","@id":"https:\/\/www.africa-press.net\/congo-brazzaville\/economie\/les-retraites-reclament-le-paiement-des-arrieres-des-pensions#breadcrumb","itemListElement":[{"@type":"ListItem","position":1,"name":"Accueil","item":"https:\/\/www.africa-press.net\/congo-brazzaville\/"},{"@type":"ListItem","position":2,"name":"les retrait\u00e9s r\u00e9clament le paiement des arri\u00e9r\u00e9s des pensions"}]},{"@type":"WebSite","@id":"https:\/\/www.africa-press.net\/congo-brazzaville\/#website","url":"https:\/\/www.africa-press.net\/congo-brazzaville\/","name":"Congo Brazzaville","description":"Just another Africa News Agency Sites site","potentialAction":[{"@type":"SearchAction","target":{"@type":"EntryPoint","urlTemplate":"https:\/\/www.africa-press.net\/congo-brazzaville\/?s={search_term_string}"},"query-input":{"@type":"PropertyValueSpecification","valueRequired":true,"valueName":"search_term_string"}}],"inLanguage":"fr-FR"},{"@type":"Person","@id":"https:\/\/www.africa-press.net\/congo-brazzaville\/#\/schema\/person\/2b1cf3cd81a31e3cd26889ca66d677f1","name":"cfeditorfr"}]}},"_links":{"self":[{"href":"https:\/\/www.africa-press.net\/congo-brazzaville\/wp-json\/wp\/v2\/posts\/14638","targetHints":{"allow":["GET"]}}],"collection":[{"href":"https:\/\/www.africa-press.net\/congo-brazzaville\/wp-json\/wp\/v2\/posts"}],"about":[{"href":"https:\/\/www.africa-press.net\/congo-brazzaville\/wp-json\/wp\/v2\/types\/post"}],"author":[{"embeddable":true,"href":"https:\/\/www.africa-press.net\/congo-brazzaville\/wp-json\/wp\/v2\/users\/82"}],"replies":[{"embeddable":true,"href":"https:\/\/www.africa-press.net\/congo-brazzaville\/wp-json\/wp\/v2\/comments?post=14638"}],"version-history":[{"count":0,"href":"https:\/\/www.africa-press.net\/congo-brazzaville\/wp-json\/wp\/v2\/posts\/14638\/revisions"}],"wp:featuredmedia":[{"embeddable":true,"href":"https:\/\/www.africa-press.net\/congo-brazzaville\/wp-json\/wp\/v2\/media\/14637"}],"wp:attachment":[{"href":"https:\/\/www.africa-press.net\/congo-brazzaville\/wp-json\/wp\/v2\/media?parent=14638"}],"wp:term":[{"taxonomy":"category","embeddable":true,"href":"https:\/\/www.africa-press.net\/congo-brazzaville\/wp-json\/wp\/v2\/categories?post=14638"},{"taxonomy":"post_tag","embeddable":true,"href":"https:\/\/www.africa-press.net\/congo-brazzaville\/wp-json\/wp\/v2\/tags?post=14638"}],"curies":[{"name":"wp","href":"https:\/\/api.w.org\/{rel}","templated":true}]}}