{"id":1464,"date":"2021-08-30T19:17:10","date_gmt":"2021-08-30T19:17:10","guid":{"rendered":"https:\/\/www.africa-press.net\/congo-brazzaville\/?p=1464"},"modified":"2021-08-30T19:07:33","modified_gmt":"2021-08-30T19:07:33","slug":"environnement-les-systemes-des-nations-unies-sengagent-a-soutenir-le-congo","status":"publish","type":"post","link":"https:\/\/www.africa-press.net\/congo-brazzaville\/photo\/environnement-les-systemes-des-nations-unies-sengagent-a-soutenir-le-congo","title":{"rendered":"Environnement : les syst\u00e8mes des Nations unies s\u2019engagent \u00e0 soutenir le Congo"},"content":{"rendered":"<p><span style=\"color: #ff6600\"><strong><a href=\"https:\/\/www.africa-press.net\/\">Africa-Press<\/a> &#8211; <a href=\"https:\/\/www.africa-press.net\/congo-brazzaville\">Congo Brazzaville<\/a>. <\/strong><\/span><b>Le repr\u00e9sentant personnel du secr\u00e9taire g\u00e9n\u00e9ral des Nations unies et coordonnateur du Syst\u00e8me des Nations unies, Chris Mburu, a signifi\u00e9 l\u2019engagement de l\u2019institution dont il a la charge de diriger de soutenir la R\u00e9publique du Congo, au sortir de l\u2019entretien qu\u2019il a eu avec la ministre de l\u2019Environnement, du D\u00e9veloppement durable et du Bassin du Congo, re\u00e7u en audience par Mme Arlette Soudan-Nonault.<\/b><\/p>\n<p>Les trois secteurs g\u00e9r\u00e9s par la ministre Arlette Soudan-Nonault sont consid\u00e9r\u00e9s \u00e0 juste titre comme des secteurs des grands enjeux pour la survie de la plan\u00e8te, s\u2019inscrivant ipso facto parmi les priorit\u00e9s dans l\u2019agenda 2030 des Nations unies. C\u2019est tenant compte de tout cela que la ministre et le coordonnateur r\u00e9sident des agences des syst\u00e8mes des Nations unies, ont au cours de leur entretien mis en place un cadre de concertation dans des sujets concernant, l\u2019environnement, le d\u00e9veloppement durable, et le Bassin du Congo, qui est l\u2019une des priorit\u00e9s des Nations unies dans le cadre de la pr\u00e9servation.<\/p>\n<p>Cet \u00e9change tenu \u00e0 la veille de la COP26 \u00e0 Glasgow a \u00e9t\u00e9 \u00e9galement une occasion pour ces deux personnalit\u00e9s d\u2019\u00e9voquer les aspects li\u00e9s \u00e0 l\u2019organisation de deux sommets, dont celui du Fonds bleu pour le Bassin du Congo et le sommet qui va \u00eatre co-pr\u00e9sid\u00e9 par les pr\u00e9sidents Denis Sassou N\u2019Guesso de la R\u00e9publique du Congo, Antoine F\u00e9lix Tshisekedi Tchilombo de la R\u00e9publique d\u00e9mocratique du Congo, et le secr\u00e9taire g\u00e9n\u00e9ral des Nations unies, Antonio Gutteres, sous la coordination de la Commission \u00e9conomique pour l\u2019Afrique.<\/p>\n<p>Afin de mener conjointement ces actions sur le plan technique et organisationnel, les deux parties ont convenu de mettre en place un cadre de concertation. \u00ab Nous sommes venus ici pour avoir une concertation avec la ministre. Les trois dossiers qu\u2019elle porte sont tr\u00e8s importants pour les syst\u00e8mes des Nations unies, et pas seulement que je repr\u00e9sente ici au Congo, mais aussi de tous les syst\u00e8mes des Nations unies repr\u00e9sent\u00e9s par le secr\u00e9taire g\u00e9n\u00e9ral et dont je repr\u00e9sente ici au Congo. L\u2019environnement, le d\u00e9veloppement durable et le Bassin du Congo sont des sujets capitaux au c\u0153ur de l\u2019agenda 2030 des Nations unies \u00bb, a d\u00e9clar\u00e9 le repr\u00e9sentant personnel du secr\u00e9taire g\u00e9n\u00e9ral des Nations unies et coordonnateur du syst\u00e8me des Nations unies, Chris Mburu.<\/p>\n<p>Avant d\u2019ajouter qu\u2019avec la ministre, ils ont discut\u00e9 \u00e9galement sur comment les Nations unies vont raffiner leur coordination en ce qui concerne les trois secteurs du minist\u00e8re g\u00e9r\u00e9s par la ministre. \u00abA ce sujet, nous nous sommes mis d\u2019accord sur la mani\u00e8re de travailler, de raffiner la collaboration et la coordination des agences des syst\u00e8mes des Nations unies que je coordonne ici. Mais aussi comment porter politiquement ces sujets pour que le Congo continue \u00e0 \u00eatre au centre de ce d\u00e9veloppement. Le secr\u00e9taire g\u00e9n\u00e9ral des Nations unies le dit souvent, on a ici au Congo le poumon \u00e9cologique. D\u2019o\u00f9, c\u2019est tr\u00e8s s\u00e9rieux pour nous de s\u2019engager et de soutenir le gouvernement du Congo dans toutes ses d\u00e9marches dans ce domaine \u00bb, a soulign\u00e9 Chris Mburu.<\/p>\n\r\n                <style type=\"text\/css\">\r\n                    \r\n                    #td_uid_1_69ef40c938729  .td-doubleSlider-2 .td-item1 {\r\n                        background: url(https:\/\/static.africa-press.net\/centrafricaine\/sites\/51\/2021\/08\/img-612d2c521454d-80x60.jpg) 0 0 no-repeat;\r\n                    }\r\n                <\/style>\r\n\r\n                <div id=\"td_uid_1_69ef40c938729\" class=\"td-gallery td-slide-on-2-columns\">\r\n                    <div class=\"post_td_gallery\">\r\n                        <div class=\"td-gallery-slide-top\">\r\n                           <div class=\"td-gallery-title\"><\/div>\r\n\r\n                            <div class=\"td-gallery-controls-wrapper\">\r\n                                <div class=\"td-gallery-slide-count\"><span class=\"td-gallery-slide-item-focus\">1<\/span> de 2<\/div>\r\n                                <div class=\"td-gallery-slide-prev-next-but\">\r\n                                    <i class = \"td-icon-left doubleSliderPrevButton\"><\/i>\r\n                                    <i class = \"td-icon-right doubleSliderNextButton\"><\/i>\r\n                                <\/div>\r\n                            <\/div>\r\n                        <\/div>\r\n\r\n                        <div class = \"td-doubleSlider-1 \">\r\n                            <div class = \"td-slider\">\r\n                                \r\n                    <div class = \"td-slide-item td-item1\">\r\n                        <figure class=\"td-slide-galery-figure td-slide-popup-gallery\">\r\n                            <a class=\"slide-gallery-image-link\" href=\"https:\/\/static.africa-press.net\/centrafricaine\/sites\/51\/2021\/08\/img-612d2c521454d.jpg\" title=\"img-612d2c521454d\"  data-caption=\"\"  data-description=\"\">\r\n                                <img decoding=\"async\" src=\"https:\/\/static.africa-press.net\/centrafricaine\/sites\/51\/2021\/08\/img-612d2c521454d.jpg\" srcset=\"https:\/\/static.africa-press.net\/congo-brazzaville\/sites\/51\/2021\/08\/img-612d2c521454d.jpg 866w, https:\/\/static.africa-press.net\/congo-brazzaville\/sites\/51\/2021\/08\/img-612d2c521454d-300x149.jpg 300w, https:\/\/static.africa-press.net\/congo-brazzaville\/sites\/51\/2021\/08\/img-612d2c521454d-768x382.jpg 768w, https:\/\/static.africa-press.net\/congo-brazzaville\/sites\/51\/2021\/08\/img-612d2c521454d-324x160.jpg 324w\" sizes=\"(max-width: 866px) 100vw, 866px\" alt=\"\">\r\n                            <\/a>\r\n                            \r\n                        <\/figure>\r\n                    <\/div>\r\n                            <\/div>\r\n                        <\/div>\r\n\r\n                        <div class = \"td-doubleSlider-2\">\r\n                            <div class = \"td-slider\">\r\n                                \r\n                    <div class = \"td-button td-item1\">\r\n                        <div class = \"td-border\"><\/div>\r\n                    <\/div>\r\n                            <\/div>\r\n                        <\/div>\r\n\r\n                    <\/div>\r\n\r\n                <\/div>\r\n                \n","protected":false},"excerpt":{"rendered":"<p>Africa-Press &#8211; Congo Brazzaville. Le repr\u00e9sentant personnel du secr\u00e9taire g\u00e9n\u00e9ral des Nations unies et coordonnateur du Syst\u00e8me des Nations unies, Chris Mburu, a signifi\u00e9 l\u2019engagement de l\u2019institution dont il a la charge de diriger de soutenir la R\u00e9publique du Congo, au sortir de l\u2019entretien qu\u2019il a eu avec la ministre de l\u2019Environnement, du D\u00e9veloppement durable [&hellip;]<\/p>\n","protected":false},"author":82,"featured_media":1463,"comment_status":"open","ping_status":"closed","sticky":false,"template":"","format":"standard","meta":{"footnotes":""},"categories":[21,11,8,20,10],"tags":[36,47,46],"class_list":["post-1464","post","type-post","status-publish","format-standard","has-post-thumbnail","hentry","category-communaute","category-homepage-french","category-photo","category-top-nouvelles","category-toutes-les-actualites","tag-africa-press","tag-africa-press-congo-brazzaville","tag-congo-brazzaville"],"yoast_head":"<!-- This site is optimized with the Yoast SEO Premium plugin v26.1 (Yoast SEO v27.0) - https:\/\/yoast.com\/product\/yoast-seo-premium-wordpress\/ -->\n<title>Environnement : les syst\u00e8mes des Nations unies s\u2019engagent \u00e0 soutenir le Congo - Congo Brazzaville<\/title>\n<meta name=\"description\" content=\"Le repr\u00e9sentant personnel du secr\u00e9taire g\u00e9n\u00e9ral des Nations unies et coordonnateur du Syst\u00e8me des Nations unies, Chri ...\" \/>\n<meta name=\"robots\" content=\"index, follow, max-snippet:-1, max-image-preview:large, max-video-preview:-1\" \/>\n<link rel=\"canonical\" href=\"https:\/\/www.africa-press.net\/congo-brazzaville\/photo\/environnement-les-systemes-des-nations-unies-sengagent-a-soutenir-le-congo\" \/>\n<meta property=\"og:locale\" content=\"fr_FR\" \/>\n<meta property=\"og:type\" content=\"article\" \/>\n<meta property=\"og:title\" content=\"Environnement : les syst\u00e8mes des Nations unies s\u2019engagent \u00e0 soutenir le Congo\" \/>\n<meta property=\"og:description\" content=\"Le repr\u00e9sentant personnel du secr\u00e9taire g\u00e9n\u00e9ral des Nations unies et coordonnateur du Syst\u00e8me des Nations unies, Chri ...\" \/>\n<meta property=\"og:url\" content=\"https:\/\/www.africa-press.net\/congo-brazzaville\/photo\/environnement-les-systemes-des-nations-unies-sengagent-a-soutenir-le-congo\" \/>\n<meta property=\"og:site_name\" content=\"Congo Brazzaville\" \/>\n<meta property=\"article:published_time\" content=\"2021-08-30T19:17:10+00:00\" \/>\n<meta property=\"og:image\" content=\"https:\/\/static.africa-press.net\/centrafricaine\/sites\/51\/2021\/08\/img-612d2c5abc11c.jpg\" \/>\n\t<meta property=\"og:image:width\" content=\"866\" \/>\n\t<meta property=\"og:image:height\" content=\"431\" \/>\n\t<meta property=\"og:image:type\" content=\"image\/jpeg\" \/>\n<meta name=\"author\" content=\"cfeditorfr\" \/>\n<meta name=\"twitter:card\" content=\"summary_large_image\" \/>\n<meta name=\"twitter:label1\" content=\"\u00c9crit par\" \/>\n\t<meta name=\"twitter:data1\" content=\"cfeditorfr\" \/>\n\t<meta name=\"twitter:label2\" content=\"Dur\u00e9e de lecture estim\u00e9e\" \/>\n\t<meta name=\"twitter:data2\" content=\"3 minutes\" \/>\n<script type=\"application\/ld+json\" class=\"yoast-schema-graph\">{\"@context\":\"https:\/\/schema.org\",\"@graph\":[{\"@type\":\"Article\",\"@id\":\"https:\/\/www.africa-press.net\/congo-brazzaville\/photo\/environnement-les-systemes-des-nations-unies-sengagent-a-soutenir-le-congo#article\",\"isPartOf\":{\"@id\":\"https:\/\/www.africa-press.net\/congo-brazzaville\/photo\/environnement-les-systemes-des-nations-unies-sengagent-a-soutenir-le-congo\"},\"author\":{\"name\":\"cfeditorfr\",\"@id\":\"https:\/\/www.africa-press.net\/congo-brazzaville\/#\/schema\/person\/2b1cf3cd81a31e3cd26889ca66d677f1\"},\"headline\":\"Environnement : les syst\u00e8mes des Nations unies s\u2019engagent \u00e0 soutenir le Congo\",\"datePublished\":\"2021-08-30T19:17:10+00:00\",\"mainEntityOfPage\":{\"@id\":\"https:\/\/www.africa-press.net\/congo-brazzaville\/photo\/environnement-les-systemes-des-nations-unies-sengagent-a-soutenir-le-congo\"},\"wordCount\":593,\"commentCount\":0,\"image\":{\"@id\":\"https:\/\/www.africa-press.net\/congo-brazzaville\/photo\/environnement-les-systemes-des-nations-unies-sengagent-a-soutenir-le-congo#primaryimage\"},\"thumbnailUrl\":\"https:\/\/static.africa-press.net\/centrafricaine\/sites\/51\/2021\/08\/img-612d2c5abc11c.jpg\",\"keywords\":[\"Africa Press\",\"Africa Press-Congo Brazzaville\",\"Congo Brazzaville\"],\"articleSection\":[\"Communaut\u00e9\",\"homepage-french\",\"Photo\",\"Top Nouvelles\",\"Toutes les actualit\u00e9s\"],\"inLanguage\":\"fr-FR\",\"potentialAction\":[{\"@type\":\"CommentAction\",\"name\":\"Comment\",\"target\":[\"https:\/\/www.africa-press.net\/congo-brazzaville\/photo\/environnement-les-systemes-des-nations-unies-sengagent-a-soutenir-le-congo#respond\"]}]},{\"@type\":\"WebPage\",\"@id\":\"https:\/\/www.africa-press.net\/congo-brazzaville\/photo\/environnement-les-systemes-des-nations-unies-sengagent-a-soutenir-le-congo\",\"url\":\"https:\/\/www.africa-press.net\/congo-brazzaville\/photo\/environnement-les-systemes-des-nations-unies-sengagent-a-soutenir-le-congo\",\"name\":\"Environnement : les syst\u00e8mes des Nations unies s\u2019engagent \u00e0 soutenir le Congo - Congo Brazzaville\",\"isPartOf\":{\"@id\":\"https:\/\/www.africa-press.net\/congo-brazzaville\/#website\"},\"primaryImageOfPage\":{\"@id\":\"https:\/\/www.africa-press.net\/congo-brazzaville\/photo\/environnement-les-systemes-des-nations-unies-sengagent-a-soutenir-le-congo#primaryimage\"},\"image\":{\"@id\":\"https:\/\/www.africa-press.net\/congo-brazzaville\/photo\/environnement-les-systemes-des-nations-unies-sengagent-a-soutenir-le-congo#primaryimage\"},\"thumbnailUrl\":\"https:\/\/static.africa-press.net\/centrafricaine\/sites\/51\/2021\/08\/img-612d2c5abc11c.jpg\",\"datePublished\":\"2021-08-30T19:17:10+00:00\",\"author\":{\"@id\":\"https:\/\/www.africa-press.net\/congo-brazzaville\/#\/schema\/person\/2b1cf3cd81a31e3cd26889ca66d677f1\"},\"description\":\"Le repr\u00e9sentant personnel du secr\u00e9taire g\u00e9n\u00e9ral des Nations unies et coordonnateur du Syst\u00e8me des Nations unies, Chri ...\",\"breadcrumb\":{\"@id\":\"https:\/\/www.africa-press.net\/congo-brazzaville\/photo\/environnement-les-systemes-des-nations-unies-sengagent-a-soutenir-le-congo#breadcrumb\"},\"inLanguage\":\"fr-FR\",\"potentialAction\":[{\"@type\":\"ReadAction\",\"target\":[\"https:\/\/www.africa-press.net\/congo-brazzaville\/photo\/environnement-les-systemes-des-nations-unies-sengagent-a-soutenir-le-congo\"]}]},{\"@type\":\"ImageObject\",\"inLanguage\":\"fr-FR\",\"@id\":\"https:\/\/www.africa-press.net\/congo-brazzaville\/photo\/environnement-les-systemes-des-nations-unies-sengagent-a-soutenir-le-congo#primaryimage\",\"url\":\"https:\/\/static.africa-press.net\/centrafricaine\/sites\/51\/2021\/08\/img-612d2c5abc11c.jpg\",\"contentUrl\":\"https:\/\/static.africa-press.net\/centrafricaine\/sites\/51\/2021\/08\/img-612d2c5abc11c.jpg\",\"width\":866,\"height\":431,\"caption\":\"Environnement : les syst\u00e8mes des Nations unies s\u2019engagent \u00e0 soutenir le Congo\"},{\"@type\":\"BreadcrumbList\",\"@id\":\"https:\/\/www.africa-press.net\/congo-brazzaville\/photo\/environnement-les-systemes-des-nations-unies-sengagent-a-soutenir-le-congo#breadcrumb\",\"itemListElement\":[{\"@type\":\"ListItem\",\"position\":1,\"name\":\"Accueil\",\"item\":\"https:\/\/www.africa-press.net\/congo-brazzaville\/\"},{\"@type\":\"ListItem\",\"position\":2,\"name\":\"Environnement : les syst\u00e8mes des Nations unies s\u2019engagent \u00e0 soutenir le Congo\"}]},{\"@type\":\"WebSite\",\"@id\":\"https:\/\/www.africa-press.net\/congo-brazzaville\/#website\",\"url\":\"https:\/\/www.africa-press.net\/congo-brazzaville\/\",\"name\":\"Congo Brazzaville\",\"description\":\"Just another Africa News Agency Sites site\",\"potentialAction\":[{\"@type\":\"SearchAction\",\"target\":{\"@type\":\"EntryPoint\",\"urlTemplate\":\"https:\/\/www.africa-press.net\/congo-brazzaville\/?s={search_term_string}\"},\"query-input\":{\"@type\":\"PropertyValueSpecification\",\"valueRequired\":true,\"valueName\":\"search_term_string\"}}],\"inLanguage\":\"fr-FR\"},{\"@type\":\"Person\",\"@id\":\"https:\/\/www.africa-press.net\/congo-brazzaville\/#\/schema\/person\/2b1cf3cd81a31e3cd26889ca66d677f1\",\"name\":\"cfeditorfr\"}]}<\/script>\n<!-- \/ Yoast SEO Premium plugin. -->","yoast_head_json":{"title":"Environnement : les syst\u00e8mes des Nations unies s\u2019engagent \u00e0 soutenir le Congo - Congo Brazzaville","description":"Le repr\u00e9sentant personnel du secr\u00e9taire g\u00e9n\u00e9ral des Nations unies et coordonnateur du Syst\u00e8me des Nations unies, Chri ...","robots":{"index":"index","follow":"follow","max-snippet":"max-snippet:-1","max-image-preview":"max-image-preview:large","max-video-preview":"max-video-preview:-1"},"canonical":"https:\/\/www.africa-press.net\/congo-brazzaville\/photo\/environnement-les-systemes-des-nations-unies-sengagent-a-soutenir-le-congo","og_locale":"fr_FR","og_type":"article","og_title":"Environnement : les syst\u00e8mes des Nations unies s\u2019engagent \u00e0 soutenir le Congo","og_description":"Le repr\u00e9sentant personnel du secr\u00e9taire g\u00e9n\u00e9ral des Nations unies et coordonnateur du Syst\u00e8me des Nations unies, Chri ...","og_url":"https:\/\/www.africa-press.net\/congo-brazzaville\/photo\/environnement-les-systemes-des-nations-unies-sengagent-a-soutenir-le-congo","og_site_name":"Congo Brazzaville","article_published_time":"2021-08-30T19:17:10+00:00","og_image":[{"width":866,"height":431,"url":"https:\/\/static.africa-press.net\/centrafricaine\/sites\/51\/2021\/08\/img-612d2c5abc11c.jpg","type":"image\/jpeg"}],"author":"cfeditorfr","twitter_card":"summary_large_image","twitter_misc":{"\u00c9crit par":"cfeditorfr","Dur\u00e9e de lecture estim\u00e9e":"3 minutes"},"schema":{"@context":"https:\/\/schema.org","@graph":[{"@type":"Article","@id":"https:\/\/www.africa-press.net\/congo-brazzaville\/photo\/environnement-les-systemes-des-nations-unies-sengagent-a-soutenir-le-congo#article","isPartOf":{"@id":"https:\/\/www.africa-press.net\/congo-brazzaville\/photo\/environnement-les-systemes-des-nations-unies-sengagent-a-soutenir-le-congo"},"author":{"name":"cfeditorfr","@id":"https:\/\/www.africa-press.net\/congo-brazzaville\/#\/schema\/person\/2b1cf3cd81a31e3cd26889ca66d677f1"},"headline":"Environnement : les syst\u00e8mes des Nations unies s\u2019engagent \u00e0 soutenir le Congo","datePublished":"2021-08-30T19:17:10+00:00","mainEntityOfPage":{"@id":"https:\/\/www.africa-press.net\/congo-brazzaville\/photo\/environnement-les-systemes-des-nations-unies-sengagent-a-soutenir-le-congo"},"wordCount":593,"commentCount":0,"image":{"@id":"https:\/\/www.africa-press.net\/congo-brazzaville\/photo\/environnement-les-systemes-des-nations-unies-sengagent-a-soutenir-le-congo#primaryimage"},"thumbnailUrl":"https:\/\/static.africa-press.net\/centrafricaine\/sites\/51\/2021\/08\/img-612d2c5abc11c.jpg","keywords":["Africa Press","Africa Press-Congo Brazzaville","Congo Brazzaville"],"articleSection":["Communaut\u00e9","homepage-french","Photo","Top Nouvelles","Toutes les actualit\u00e9s"],"inLanguage":"fr-FR","potentialAction":[{"@type":"CommentAction","name":"Comment","target":["https:\/\/www.africa-press.net\/congo-brazzaville\/photo\/environnement-les-systemes-des-nations-unies-sengagent-a-soutenir-le-congo#respond"]}]},{"@type":"WebPage","@id":"https:\/\/www.africa-press.net\/congo-brazzaville\/photo\/environnement-les-systemes-des-nations-unies-sengagent-a-soutenir-le-congo","url":"https:\/\/www.africa-press.net\/congo-brazzaville\/photo\/environnement-les-systemes-des-nations-unies-sengagent-a-soutenir-le-congo","name":"Environnement : les syst\u00e8mes des Nations unies s\u2019engagent \u00e0 soutenir le Congo - Congo Brazzaville","isPartOf":{"@id":"https:\/\/www.africa-press.net\/congo-brazzaville\/#website"},"primaryImageOfPage":{"@id":"https:\/\/www.africa-press.net\/congo-brazzaville\/photo\/environnement-les-systemes-des-nations-unies-sengagent-a-soutenir-le-congo#primaryimage"},"image":{"@id":"https:\/\/www.africa-press.net\/congo-brazzaville\/photo\/environnement-les-systemes-des-nations-unies-sengagent-a-soutenir-le-congo#primaryimage"},"thumbnailUrl":"https:\/\/static.africa-press.net\/centrafricaine\/sites\/51\/2021\/08\/img-612d2c5abc11c.jpg","datePublished":"2021-08-30T19:17:10+00:00","author":{"@id":"https:\/\/www.africa-press.net\/congo-brazzaville\/#\/schema\/person\/2b1cf3cd81a31e3cd26889ca66d677f1"},"description":"Le repr\u00e9sentant personnel du secr\u00e9taire g\u00e9n\u00e9ral des Nations unies et coordonnateur du Syst\u00e8me des Nations unies, Chri ...","breadcrumb":{"@id":"https:\/\/www.africa-press.net\/congo-brazzaville\/photo\/environnement-les-systemes-des-nations-unies-sengagent-a-soutenir-le-congo#breadcrumb"},"inLanguage":"fr-FR","potentialAction":[{"@type":"ReadAction","target":["https:\/\/www.africa-press.net\/congo-brazzaville\/photo\/environnement-les-systemes-des-nations-unies-sengagent-a-soutenir-le-congo"]}]},{"@type":"ImageObject","inLanguage":"fr-FR","@id":"https:\/\/www.africa-press.net\/congo-brazzaville\/photo\/environnement-les-systemes-des-nations-unies-sengagent-a-soutenir-le-congo#primaryimage","url":"https:\/\/static.africa-press.net\/centrafricaine\/sites\/51\/2021\/08\/img-612d2c5abc11c.jpg","contentUrl":"https:\/\/static.africa-press.net\/centrafricaine\/sites\/51\/2021\/08\/img-612d2c5abc11c.jpg","width":866,"height":431,"caption":"Environnement : les syst\u00e8mes des Nations unies s\u2019engagent \u00e0 soutenir le Congo"},{"@type":"BreadcrumbList","@id":"https:\/\/www.africa-press.net\/congo-brazzaville\/photo\/environnement-les-systemes-des-nations-unies-sengagent-a-soutenir-le-congo#breadcrumb","itemListElement":[{"@type":"ListItem","position":1,"name":"Accueil","item":"https:\/\/www.africa-press.net\/congo-brazzaville\/"},{"@type":"ListItem","position":2,"name":"Environnement : les syst\u00e8mes des Nations unies s\u2019engagent \u00e0 soutenir le Congo"}]},{"@type":"WebSite","@id":"https:\/\/www.africa-press.net\/congo-brazzaville\/#website","url":"https:\/\/www.africa-press.net\/congo-brazzaville\/","name":"Congo Brazzaville","description":"Just another Africa News Agency Sites site","potentialAction":[{"@type":"SearchAction","target":{"@type":"EntryPoint","urlTemplate":"https:\/\/www.africa-press.net\/congo-brazzaville\/?s={search_term_string}"},"query-input":{"@type":"PropertyValueSpecification","valueRequired":true,"valueName":"search_term_string"}}],"inLanguage":"fr-FR"},{"@type":"Person","@id":"https:\/\/www.africa-press.net\/congo-brazzaville\/#\/schema\/person\/2b1cf3cd81a31e3cd26889ca66d677f1","name":"cfeditorfr"}]}},"_links":{"self":[{"href":"https:\/\/www.africa-press.net\/congo-brazzaville\/wp-json\/wp\/v2\/posts\/1464","targetHints":{"allow":["GET"]}}],"collection":[{"href":"https:\/\/www.africa-press.net\/congo-brazzaville\/wp-json\/wp\/v2\/posts"}],"about":[{"href":"https:\/\/www.africa-press.net\/congo-brazzaville\/wp-json\/wp\/v2\/types\/post"}],"author":[{"embeddable":true,"href":"https:\/\/www.africa-press.net\/congo-brazzaville\/wp-json\/wp\/v2\/users\/82"}],"replies":[{"embeddable":true,"href":"https:\/\/www.africa-press.net\/congo-brazzaville\/wp-json\/wp\/v2\/comments?post=1464"}],"version-history":[{"count":0,"href":"https:\/\/www.africa-press.net\/congo-brazzaville\/wp-json\/wp\/v2\/posts\/1464\/revisions"}],"wp:featuredmedia":[{"embeddable":true,"href":"https:\/\/www.africa-press.net\/congo-brazzaville\/wp-json\/wp\/v2\/media\/1463"}],"wp:attachment":[{"href":"https:\/\/www.africa-press.net\/congo-brazzaville\/wp-json\/wp\/v2\/media?parent=1464"}],"wp:term":[{"taxonomy":"category","embeddable":true,"href":"https:\/\/www.africa-press.net\/congo-brazzaville\/wp-json\/wp\/v2\/categories?post=1464"},{"taxonomy":"post_tag","embeddable":true,"href":"https:\/\/www.africa-press.net\/congo-brazzaville\/wp-json\/wp\/v2\/tags?post=1464"}],"curies":[{"name":"wp","href":"https:\/\/api.w.org\/{rel}","templated":true}]}}