{"id":14642,"date":"2023-02-21T12:47:04","date_gmt":"2023-02-21T12:47:04","guid":{"rendered":"https:\/\/www.africa-press.net\/congo-brazzaville\/politique\/projets-integrateurs-cemac-le-point-sur-la-mobilisation-des-financements-se-fait-a-brazzaville"},"modified":"2023-02-21T13:00:39","modified_gmt":"2023-02-21T13:00:39","slug":"projets-integrateurs-cemac-le-point-sur-la-mobilisation-des-financements-se-fait-a-brazzaville","status":"publish","type":"post","link":"https:\/\/www.africa-press.net\/congo-brazzaville\/politique\/projets-integrateurs-cemac-le-point-sur-la-mobilisation-des-financements-se-fait-a-brazzaville","title":{"rendered":"Projets int\u00e9grateurs Cemac : le point sur la mobilisation des financements se fait \u00e0 Brazzaville"},"content":{"rendered":"<p><span style=\"color: #ff6600\"><strong>Africa-Press &#8211; Congo Brazzaville. <\/strong><\/span>Ce lundi 20 fe\u0301vrier s\u2019est ouvert a\u0300 Brazzaville, au Congo, la 6e Re\u0301union du comite\u0301 de suivi de la mobilisation des financements et de la mise en \u0153uvre des projets inte\u0301grateurs prioritaires de la Cemac. Ces travaux devraient e\u0301galement s\u2019achever sur le choix d\u2019une date pour la prochaine Table ronde en vue du financement du 2e programme de projets inte\u0301grateurs dont l\u2019e\u0301laboration est elle aussi attendue cette semaine.<\/p>\n<p>Brazzaville, la capitale congolaise, accueille depuis ce lundi 20 fe\u0301vrier la 6e Re\u0301union du comite\u0301 de suivi de la mobilisation des financements et de la mise en \u0153uvre des projets inte\u0301grateurs prioritaires de la Communaute\u0301 e\u0301conomique et mone\u0301taire de l\u2019Afrique centrale (Cemac). Au menu de ces travaux, 5 points a\u0300 examiner et a\u0300 vider d\u2019ici au 23 fe\u0301vrier prochain : faire un e\u0301tat de la mise en \u0153uvre des 11 projets inte\u0301grateurs prioritaires, e\u0301laborer un 2e programme de projets inte\u0301grateurs pour les E\u0301tats membres de la Cemac, e\u0301laborer la strate\u0301gie de mobilisation des financements dans le cadre de la prochaine Table ronde, adopter le rapport et le releve\u0301 des conclusions de la 6e re\u0301union du comite\u0301 technique de suivi et fixer la date et le lieu de la 7e re\u0301union du comite\u0301 de suivi de la mobilisation des financements et de la mise en \u0153uvre desdits projets inte\u0301grateurs.<\/p>\n<p>Ouvrant les travaux, Jean-Baptiste Ondaye, pre\u0301sident du comite\u0301 de pilotage du Pref-Cemac, n\u2019a pas manque\u0301 de reconnai\u0302tre que la mobilisation des ressources promises est marque\u0301e depuis plusieurs mois par les effets de la pande\u0301mie de la Covid-19 toujours perceptibles auxquels s\u2019est ajoute\u0301e la guerre en Ukraine. Ces deux re\u0301alite\u0301s, a-t-il indique\u0301, fragilisent la quasi-totalite\u0301 des e\u0301conomies et rendent plus difficile la re\u0301alisation des projets, dont certains connaissent ne\u0301anmoins de re\u0301elles avance\u0301es a\u0300 ce jour. En effet, a releve\u0301 le ministre congolais de l\u2019E\u0301conomie et des Finances, \u00abgra\u0302ce au suivi constant mene\u0301 par ce comite\u0301 technique, avec l\u2019appui de\u0301terminant de la Commission de la Cemac, de la BAD, de la BEAC, de la Banque mondiale, et particulie\u0300rement de la BDEAC, 70 % des projets inte\u0301grateurs pre\u0301sente\u0301s a\u0300 Paris en novembre 2020 ont effectivement de\u0301marre\u0301. De\u0301sormais, les e\u0301quipes nationales de gestion de 7 de ces projets sont en place. Les premiers de\u0301caissements ont e\u0301te\u0301 faits au profit des E\u0301tats concerne\u0301s par la Banque mondiale, la BAD et la BDEAC conforme\u0301ment aux accords de pre\u0302t et de don du\u0302ment signe\u0301s et ratifie\u0301s par les Parlements nationaux suivant le cas. L\u2019instruction de deux projets sera acheve\u0301e au cours de cette anne\u0301e et la restructuration de deux autres projets restants en mode PPP est fortement engage\u0301e avec le soutien de\u0301terminant des Bailleurs de fonds et des Investisseurs publics et prive\u0301s\u00bb.<\/p>\n<p>De nouveaux projets identifie\u0301s<\/p>\n<p>Si l\u2019e\u0301laboration d\u2019un 2e programme de projets inte\u0301grateurs pour les E\u0301tats membres de la Cemac figure parmi les principaux points inscrits au menu de cette Re\u0301union, le Secre\u0301taire permanent du Pref-Cemac a assure\u0301 avoir pris de l\u2019avance sur les instructions du pre\u0301sident du comite\u0301 de pilotage. Aussi, la re\u0301union spe\u0301ciale du comite\u0301 technique organise\u0301e a\u0300 Brazzaville du 15 au 17 novembre 2022 a-t-elle permis de poser les bases d\u2019ordre me\u0301thodologique et strate\u0301gique du processus d\u2019identification de nouveaux projets inte\u0301grateurs prioritaires de la Communaute\u0301 pour la pe\u0301riode 2023-2028.<\/p>\n<p>\u00abApre\u0300s examen des projets de la 2e phase du Programme e\u0301conomique re\u0301gional de la Cemac, des projets inscrits dans les pipelines des partenaires techniques et financiers (Banque mondiale, BAD, BID, BDEAC et FODEC) et qui pre\u0301sentent un gap de financement, des projets pre\u0301sente\u0301s par les E\u0301tats membres, et ceux dont les e\u0301tudes de faisabilite\u0301 e\u0301conomique, technique et financie\u0300re sont finance\u0301es par le FODEC, soit au total 126 projets, le Comite\u0301 a identifie\u0301 de nouveaux projets inte\u0301grateurs susceptibles d\u2019e\u0302tre inscrits dans un 2e programme des projets inte\u0301grateurs prioritaires de la Cemac. Ces projets ont e\u0301te\u0301 se\u0301lectionne\u0301s sur la base du caracte\u0300re inte\u0301grateur (au moins deux pays concerne\u0301s), de leur maturite\u0301 (e\u0301tude de faisabilite\u0301 re\u0301alise\u0301e, APS et APD disponibles), de leur nature (projets d\u2019investissement, les projets de de\u0301veloppement sont de\u0301ja\u0300 pris en compte dans les programmes nationaux des E\u0301tats membres), et de l\u2019inte\u0301re\u0302t qu\u2019ils pre\u0301sentent au regard des enjeux e\u0301conomiques de la sous-re\u0301gion, des prescriptions des divers Sommets des chefs d\u2019E\u0301tat de la Cemac, du Plan de relance communautaire post-Covid-19 des e\u0301conomies de la sous-re\u0301gion, et enfin de la mise en \u0153uvre rapide et concerte\u0301e de la Strate\u0301gie communautaire d\u2019import-substitution des produits du cru de la Cemac\u00bb, a de\u0301clare\u0301 le Pr Michel-Cyr Djiena Wembou.<\/p>\n<p><strong>Pour plus d&rsquo;informations et d&rsquo;analyses sur la <a href=\"https:\/\/www.africa-press.net\/congo-brazzaville\">Congo Brazzaville<\/a>, suivez <a href=\"https:\/\/www.africa-press.net\/\">Africa-Press<\/a><\/strong><\/p>\n","protected":false},"excerpt":{"rendered":"<p>Africa-Press &#8211; Congo Brazzaville. Ce lundi 20 fe\u0301vrier s\u2019est ouvert a\u0300 Brazzaville, au Congo, la 6e Re\u0301union du comite\u0301 de suivi de la mobilisation des financements et de la mise en \u0153uvre des projets inte\u0301grateurs prioritaires de la Cemac. Ces travaux devraient e\u0301galement s\u2019achever sur le choix d\u2019une date pour la prochaine Table ronde en [&hellip;]<\/p>\n","protected":false},"author":82,"featured_media":14641,"comment_status":"open","ping_status":"closed","sticky":false,"template":"","format":"standard","meta":{"footnotes":""},"categories":[2,10],"tags":[36,47,46],"class_list":["post-14642","post","type-post","status-publish","format-standard","has-post-thumbnail","hentry","category-politique","category-toutes-les-actualites","tag-africa-press","tag-africa-press-congo-brazzaville","tag-congo-brazzaville"],"yoast_head":"<!-- This site is optimized with the Yoast SEO Premium plugin v26.1 (Yoast SEO v27.0) - https:\/\/yoast.com\/product\/yoast-seo-premium-wordpress\/ -->\n<title>Projets int\u00e9grateurs Cemac : le point sur la mobilisation des financements se fait \u00e0 Brazzaville - Congo Brazzaville<\/title>\n<meta name=\"description\" content=\"Ce lundi 20 fe\u0301vrier s\u2019est ouvert a\u0300 Brazzaville, au Congo, la 6e Re\u0301union du comite\u0301 de suivi de la mobilisation des fi ...\" \/>\n<meta name=\"robots\" content=\"index, follow, max-snippet:-1, max-image-preview:large, max-video-preview:-1\" \/>\n<link rel=\"canonical\" href=\"https:\/\/www.africa-press.net\/congo-brazzaville\/politique\/projets-integrateurs-cemac-le-point-sur-la-mobilisation-des-financements-se-fait-a-brazzaville\" \/>\n<meta property=\"og:locale\" content=\"fr_FR\" \/>\n<meta property=\"og:type\" content=\"article\" \/>\n<meta property=\"og:title\" content=\"Projets int\u00e9grateurs Cemac : le point sur la mobilisation des financements se fait \u00e0 Brazzaville\" \/>\n<meta property=\"og:description\" content=\"Ce lundi 20 fe\u0301vrier s\u2019est ouvert a\u0300 Brazzaville, au Congo, la 6e Re\u0301union du comite\u0301 de suivi de la mobilisation des fi ...\" \/>\n<meta property=\"og:url\" content=\"https:\/\/www.africa-press.net\/congo-brazzaville\/politique\/projets-integrateurs-cemac-le-point-sur-la-mobilisation-des-financements-se-fait-a-brazzaville\" \/>\n<meta property=\"og:site_name\" content=\"Congo Brazzaville\" \/>\n<meta property=\"article:published_time\" content=\"2023-02-21T12:47:04+00:00\" \/>\n<meta property=\"article:modified_time\" content=\"2023-02-21T13:00:39+00:00\" \/>\n<meta property=\"og:image\" content=\"https:\/\/static.africa-press.net\/congo-brazzaville\/sites\/51\/2023\/02\/postQueueImg_1676971405.18.jpg\" \/>\n\t<meta property=\"og:image:width\" content=\"1080\" \/>\n\t<meta property=\"og:image:height\" content=\"721\" \/>\n\t<meta property=\"og:image:type\" content=\"image\/jpeg\" \/>\n<meta name=\"author\" content=\"cfeditorfr\" \/>\n<meta name=\"twitter:card\" content=\"summary_large_image\" \/>\n<meta name=\"twitter:label1\" content=\"\u00c9crit par\" \/>\n\t<meta name=\"twitter:data1\" content=\"cfeditorfr\" \/>\n\t<meta name=\"twitter:label2\" content=\"Dur\u00e9e de lecture estim\u00e9e\" \/>\n\t<meta name=\"twitter:data2\" content=\"4 minutes\" \/>\n<script type=\"application\/ld+json\" class=\"yoast-schema-graph\">{\"@context\":\"https:\/\/schema.org\",\"@graph\":[{\"@type\":\"Article\",\"@id\":\"https:\/\/www.africa-press.net\/congo-brazzaville\/politique\/projets-integrateurs-cemac-le-point-sur-la-mobilisation-des-financements-se-fait-a-brazzaville#article\",\"isPartOf\":{\"@id\":\"https:\/\/www.africa-press.net\/congo-brazzaville\/politique\/projets-integrateurs-cemac-le-point-sur-la-mobilisation-des-financements-se-fait-a-brazzaville\"},\"author\":{\"name\":\"cfeditorfr\",\"@id\":\"https:\/\/www.africa-press.net\/congo-brazzaville\/#\/schema\/person\/2b1cf3cd81a31e3cd26889ca66d677f1\"},\"headline\":\"Projets int\u00e9grateurs Cemac : le point sur la mobilisation des financements se fait \u00e0 Brazzaville\",\"datePublished\":\"2023-02-21T12:47:04+00:00\",\"dateModified\":\"2023-02-21T13:00:39+00:00\",\"mainEntityOfPage\":{\"@id\":\"https:\/\/www.africa-press.net\/congo-brazzaville\/politique\/projets-integrateurs-cemac-le-point-sur-la-mobilisation-des-financements-se-fait-a-brazzaville\"},\"wordCount\":882,\"commentCount\":0,\"image\":{\"@id\":\"https:\/\/www.africa-press.net\/congo-brazzaville\/politique\/projets-integrateurs-cemac-le-point-sur-la-mobilisation-des-financements-se-fait-a-brazzaville#primaryimage\"},\"thumbnailUrl\":\"https:\/\/static.africa-press.net\/congo-brazzaville\/sites\/51\/2023\/02\/postQueueImg_1676971405.18.jpg\",\"keywords\":[\"Africa Press\",\"Africa Press-Congo Brazzaville\",\"Congo Brazzaville\"],\"articleSection\":[\"Politique\",\"Toutes les actualit\u00e9s\"],\"inLanguage\":\"fr-FR\",\"potentialAction\":[{\"@type\":\"CommentAction\",\"name\":\"Comment\",\"target\":[\"https:\/\/www.africa-press.net\/congo-brazzaville\/politique\/projets-integrateurs-cemac-le-point-sur-la-mobilisation-des-financements-se-fait-a-brazzaville#respond\"]}]},{\"@type\":\"WebPage\",\"@id\":\"https:\/\/www.africa-press.net\/congo-brazzaville\/politique\/projets-integrateurs-cemac-le-point-sur-la-mobilisation-des-financements-se-fait-a-brazzaville\",\"url\":\"https:\/\/www.africa-press.net\/congo-brazzaville\/politique\/projets-integrateurs-cemac-le-point-sur-la-mobilisation-des-financements-se-fait-a-brazzaville\",\"name\":\"Projets int\u00e9grateurs Cemac : le point sur la mobilisation des financements se fait \u00e0 Brazzaville - Congo Brazzaville\",\"isPartOf\":{\"@id\":\"https:\/\/www.africa-press.net\/congo-brazzaville\/#website\"},\"primaryImageOfPage\":{\"@id\":\"https:\/\/www.africa-press.net\/congo-brazzaville\/politique\/projets-integrateurs-cemac-le-point-sur-la-mobilisation-des-financements-se-fait-a-brazzaville#primaryimage\"},\"image\":{\"@id\":\"https:\/\/www.africa-press.net\/congo-brazzaville\/politique\/projets-integrateurs-cemac-le-point-sur-la-mobilisation-des-financements-se-fait-a-brazzaville#primaryimage\"},\"thumbnailUrl\":\"https:\/\/static.africa-press.net\/congo-brazzaville\/sites\/51\/2023\/02\/postQueueImg_1676971405.18.jpg\",\"datePublished\":\"2023-02-21T12:47:04+00:00\",\"dateModified\":\"2023-02-21T13:00:39+00:00\",\"author\":{\"@id\":\"https:\/\/www.africa-press.net\/congo-brazzaville\/#\/schema\/person\/2b1cf3cd81a31e3cd26889ca66d677f1\"},\"description\":\"Ce lundi 20 fe\u0301vrier s\u2019est ouvert a\u0300 Brazzaville, au Congo, la 6e Re\u0301union du comite\u0301 de suivi de la mobilisation des fi ...\",\"breadcrumb\":{\"@id\":\"https:\/\/www.africa-press.net\/congo-brazzaville\/politique\/projets-integrateurs-cemac-le-point-sur-la-mobilisation-des-financements-se-fait-a-brazzaville#breadcrumb\"},\"inLanguage\":\"fr-FR\",\"potentialAction\":[{\"@type\":\"ReadAction\",\"target\":[\"https:\/\/www.africa-press.net\/congo-brazzaville\/politique\/projets-integrateurs-cemac-le-point-sur-la-mobilisation-des-financements-se-fait-a-brazzaville\"]}]},{\"@type\":\"ImageObject\",\"inLanguage\":\"fr-FR\",\"@id\":\"https:\/\/www.africa-press.net\/congo-brazzaville\/politique\/projets-integrateurs-cemac-le-point-sur-la-mobilisation-des-financements-se-fait-a-brazzaville#primaryimage\",\"url\":\"https:\/\/static.africa-press.net\/congo-brazzaville\/sites\/51\/2023\/02\/postQueueImg_1676971405.18.jpg\",\"contentUrl\":\"https:\/\/static.africa-press.net\/congo-brazzaville\/sites\/51\/2023\/02\/postQueueImg_1676971405.18.jpg\",\"width\":1080,\"height\":721,\"caption\":\"Projets int\u00e9grateurs Cemac : le point sur la mobilisation des financements se fait \u00e0 Brazzaville\"},{\"@type\":\"BreadcrumbList\",\"@id\":\"https:\/\/www.africa-press.net\/congo-brazzaville\/politique\/projets-integrateurs-cemac-le-point-sur-la-mobilisation-des-financements-se-fait-a-brazzaville#breadcrumb\",\"itemListElement\":[{\"@type\":\"ListItem\",\"position\":1,\"name\":\"Accueil\",\"item\":\"https:\/\/www.africa-press.net\/congo-brazzaville\/\"},{\"@type\":\"ListItem\",\"position\":2,\"name\":\"Projets int\u00e9grateurs Cemac : le point sur la mobilisation des financements se fait \u00e0 Brazzaville\"}]},{\"@type\":\"WebSite\",\"@id\":\"https:\/\/www.africa-press.net\/congo-brazzaville\/#website\",\"url\":\"https:\/\/www.africa-press.net\/congo-brazzaville\/\",\"name\":\"Congo Brazzaville\",\"description\":\"Just another Africa News Agency Sites site\",\"potentialAction\":[{\"@type\":\"SearchAction\",\"target\":{\"@type\":\"EntryPoint\",\"urlTemplate\":\"https:\/\/www.africa-press.net\/congo-brazzaville\/?s={search_term_string}\"},\"query-input\":{\"@type\":\"PropertyValueSpecification\",\"valueRequired\":true,\"valueName\":\"search_term_string\"}}],\"inLanguage\":\"fr-FR\"},{\"@type\":\"Person\",\"@id\":\"https:\/\/www.africa-press.net\/congo-brazzaville\/#\/schema\/person\/2b1cf3cd81a31e3cd26889ca66d677f1\",\"name\":\"cfeditorfr\"}]}<\/script>\n<!-- \/ Yoast SEO Premium plugin. -->","yoast_head_json":{"title":"Projets int\u00e9grateurs Cemac : le point sur la mobilisation des financements se fait \u00e0 Brazzaville - Congo Brazzaville","description":"Ce lundi 20 fe\u0301vrier s\u2019est ouvert a\u0300 Brazzaville, au Congo, la 6e Re\u0301union du comite\u0301 de suivi de la mobilisation des fi ...","robots":{"index":"index","follow":"follow","max-snippet":"max-snippet:-1","max-image-preview":"max-image-preview:large","max-video-preview":"max-video-preview:-1"},"canonical":"https:\/\/www.africa-press.net\/congo-brazzaville\/politique\/projets-integrateurs-cemac-le-point-sur-la-mobilisation-des-financements-se-fait-a-brazzaville","og_locale":"fr_FR","og_type":"article","og_title":"Projets int\u00e9grateurs Cemac : le point sur la mobilisation des financements se fait \u00e0 Brazzaville","og_description":"Ce lundi 20 fe\u0301vrier s\u2019est ouvert a\u0300 Brazzaville, au Congo, la 6e Re\u0301union du comite\u0301 de suivi de la mobilisation des fi ...","og_url":"https:\/\/www.africa-press.net\/congo-brazzaville\/politique\/projets-integrateurs-cemac-le-point-sur-la-mobilisation-des-financements-se-fait-a-brazzaville","og_site_name":"Congo Brazzaville","article_published_time":"2023-02-21T12:47:04+00:00","article_modified_time":"2023-02-21T13:00:39+00:00","og_image":[{"width":1080,"height":721,"url":"https:\/\/static.africa-press.net\/congo-brazzaville\/sites\/51\/2023\/02\/postQueueImg_1676971405.18.jpg","type":"image\/jpeg"}],"author":"cfeditorfr","twitter_card":"summary_large_image","twitter_misc":{"\u00c9crit par":"cfeditorfr","Dur\u00e9e de lecture estim\u00e9e":"4 minutes"},"schema":{"@context":"https:\/\/schema.org","@graph":[{"@type":"Article","@id":"https:\/\/www.africa-press.net\/congo-brazzaville\/politique\/projets-integrateurs-cemac-le-point-sur-la-mobilisation-des-financements-se-fait-a-brazzaville#article","isPartOf":{"@id":"https:\/\/www.africa-press.net\/congo-brazzaville\/politique\/projets-integrateurs-cemac-le-point-sur-la-mobilisation-des-financements-se-fait-a-brazzaville"},"author":{"name":"cfeditorfr","@id":"https:\/\/www.africa-press.net\/congo-brazzaville\/#\/schema\/person\/2b1cf3cd81a31e3cd26889ca66d677f1"},"headline":"Projets int\u00e9grateurs Cemac : le point sur la mobilisation des financements se fait \u00e0 Brazzaville","datePublished":"2023-02-21T12:47:04+00:00","dateModified":"2023-02-21T13:00:39+00:00","mainEntityOfPage":{"@id":"https:\/\/www.africa-press.net\/congo-brazzaville\/politique\/projets-integrateurs-cemac-le-point-sur-la-mobilisation-des-financements-se-fait-a-brazzaville"},"wordCount":882,"commentCount":0,"image":{"@id":"https:\/\/www.africa-press.net\/congo-brazzaville\/politique\/projets-integrateurs-cemac-le-point-sur-la-mobilisation-des-financements-se-fait-a-brazzaville#primaryimage"},"thumbnailUrl":"https:\/\/static.africa-press.net\/congo-brazzaville\/sites\/51\/2023\/02\/postQueueImg_1676971405.18.jpg","keywords":["Africa Press","Africa Press-Congo Brazzaville","Congo Brazzaville"],"articleSection":["Politique","Toutes les actualit\u00e9s"],"inLanguage":"fr-FR","potentialAction":[{"@type":"CommentAction","name":"Comment","target":["https:\/\/www.africa-press.net\/congo-brazzaville\/politique\/projets-integrateurs-cemac-le-point-sur-la-mobilisation-des-financements-se-fait-a-brazzaville#respond"]}]},{"@type":"WebPage","@id":"https:\/\/www.africa-press.net\/congo-brazzaville\/politique\/projets-integrateurs-cemac-le-point-sur-la-mobilisation-des-financements-se-fait-a-brazzaville","url":"https:\/\/www.africa-press.net\/congo-brazzaville\/politique\/projets-integrateurs-cemac-le-point-sur-la-mobilisation-des-financements-se-fait-a-brazzaville","name":"Projets int\u00e9grateurs Cemac : le point sur la mobilisation des financements se fait \u00e0 Brazzaville - Congo Brazzaville","isPartOf":{"@id":"https:\/\/www.africa-press.net\/congo-brazzaville\/#website"},"primaryImageOfPage":{"@id":"https:\/\/www.africa-press.net\/congo-brazzaville\/politique\/projets-integrateurs-cemac-le-point-sur-la-mobilisation-des-financements-se-fait-a-brazzaville#primaryimage"},"image":{"@id":"https:\/\/www.africa-press.net\/congo-brazzaville\/politique\/projets-integrateurs-cemac-le-point-sur-la-mobilisation-des-financements-se-fait-a-brazzaville#primaryimage"},"thumbnailUrl":"https:\/\/static.africa-press.net\/congo-brazzaville\/sites\/51\/2023\/02\/postQueueImg_1676971405.18.jpg","datePublished":"2023-02-21T12:47:04+00:00","dateModified":"2023-02-21T13:00:39+00:00","author":{"@id":"https:\/\/www.africa-press.net\/congo-brazzaville\/#\/schema\/person\/2b1cf3cd81a31e3cd26889ca66d677f1"},"description":"Ce lundi 20 fe\u0301vrier s\u2019est ouvert a\u0300 Brazzaville, au Congo, la 6e Re\u0301union du comite\u0301 de suivi de la mobilisation des fi ...","breadcrumb":{"@id":"https:\/\/www.africa-press.net\/congo-brazzaville\/politique\/projets-integrateurs-cemac-le-point-sur-la-mobilisation-des-financements-se-fait-a-brazzaville#breadcrumb"},"inLanguage":"fr-FR","potentialAction":[{"@type":"ReadAction","target":["https:\/\/www.africa-press.net\/congo-brazzaville\/politique\/projets-integrateurs-cemac-le-point-sur-la-mobilisation-des-financements-se-fait-a-brazzaville"]}]},{"@type":"ImageObject","inLanguage":"fr-FR","@id":"https:\/\/www.africa-press.net\/congo-brazzaville\/politique\/projets-integrateurs-cemac-le-point-sur-la-mobilisation-des-financements-se-fait-a-brazzaville#primaryimage","url":"https:\/\/static.africa-press.net\/congo-brazzaville\/sites\/51\/2023\/02\/postQueueImg_1676971405.18.jpg","contentUrl":"https:\/\/static.africa-press.net\/congo-brazzaville\/sites\/51\/2023\/02\/postQueueImg_1676971405.18.jpg","width":1080,"height":721,"caption":"Projets int\u00e9grateurs Cemac : le point sur la mobilisation des financements se fait \u00e0 Brazzaville"},{"@type":"BreadcrumbList","@id":"https:\/\/www.africa-press.net\/congo-brazzaville\/politique\/projets-integrateurs-cemac-le-point-sur-la-mobilisation-des-financements-se-fait-a-brazzaville#breadcrumb","itemListElement":[{"@type":"ListItem","position":1,"name":"Accueil","item":"https:\/\/www.africa-press.net\/congo-brazzaville\/"},{"@type":"ListItem","position":2,"name":"Projets int\u00e9grateurs Cemac : le point sur la mobilisation des financements se fait \u00e0 Brazzaville"}]},{"@type":"WebSite","@id":"https:\/\/www.africa-press.net\/congo-brazzaville\/#website","url":"https:\/\/www.africa-press.net\/congo-brazzaville\/","name":"Congo Brazzaville","description":"Just another Africa News Agency Sites site","potentialAction":[{"@type":"SearchAction","target":{"@type":"EntryPoint","urlTemplate":"https:\/\/www.africa-press.net\/congo-brazzaville\/?s={search_term_string}"},"query-input":{"@type":"PropertyValueSpecification","valueRequired":true,"valueName":"search_term_string"}}],"inLanguage":"fr-FR"},{"@type":"Person","@id":"https:\/\/www.africa-press.net\/congo-brazzaville\/#\/schema\/person\/2b1cf3cd81a31e3cd26889ca66d677f1","name":"cfeditorfr"}]}},"_links":{"self":[{"href":"https:\/\/www.africa-press.net\/congo-brazzaville\/wp-json\/wp\/v2\/posts\/14642","targetHints":{"allow":["GET"]}}],"collection":[{"href":"https:\/\/www.africa-press.net\/congo-brazzaville\/wp-json\/wp\/v2\/posts"}],"about":[{"href":"https:\/\/www.africa-press.net\/congo-brazzaville\/wp-json\/wp\/v2\/types\/post"}],"author":[{"embeddable":true,"href":"https:\/\/www.africa-press.net\/congo-brazzaville\/wp-json\/wp\/v2\/users\/82"}],"replies":[{"embeddable":true,"href":"https:\/\/www.africa-press.net\/congo-brazzaville\/wp-json\/wp\/v2\/comments?post=14642"}],"version-history":[{"count":0,"href":"https:\/\/www.africa-press.net\/congo-brazzaville\/wp-json\/wp\/v2\/posts\/14642\/revisions"}],"wp:featuredmedia":[{"embeddable":true,"href":"https:\/\/www.africa-press.net\/congo-brazzaville\/wp-json\/wp\/v2\/media\/14641"}],"wp:attachment":[{"href":"https:\/\/www.africa-press.net\/congo-brazzaville\/wp-json\/wp\/v2\/media?parent=14642"}],"wp:term":[{"taxonomy":"category","embeddable":true,"href":"https:\/\/www.africa-press.net\/congo-brazzaville\/wp-json\/wp\/v2\/categories?post=14642"},{"taxonomy":"post_tag","embeddable":true,"href":"https:\/\/www.africa-press.net\/congo-brazzaville\/wp-json\/wp\/v2\/tags?post=14642"}],"curies":[{"name":"wp","href":"https:\/\/api.w.org\/{rel}","templated":true}]}}