{"id":14657,"date":"2023-02-21T18:57:39","date_gmt":"2023-02-21T18:57:39","guid":{"rendered":"https:\/\/www.africa-press.net\/congo-brazzaville\/politique\/agriculture-des-exploitants-dans-le-niari-decides-a-developper-la-filiere-manioc"},"modified":"2023-02-21T20:06:39","modified_gmt":"2023-02-21T20:06:39","slug":"agriculture-des-exploitants-dans-le-niari-decides-a-developper-la-filiere-manioc","status":"publish","type":"post","link":"https:\/\/www.africa-press.net\/congo-brazzaville\/economie\/agriculture-des-exploitants-dans-le-niari-decides-a-developper-la-filiere-manioc","title":{"rendered":"Agriculture : des exploitants  dans le Niari d\u00e9cid\u00e9s  \u00e0 d\u00e9velopper  la fili\u00e8re manioc"},"content":{"rendered":"<p><span style=\"color: #ff6600\"><strong>Africa-Press &#8211; Congo Brazzaville. <\/strong><\/span><b>A Dolisie dans le Niari, le Programme alimentaire mondial (PAM), en collaboration avec le Centre d\u2019e\u0301changes et de ressources pour la promotion des actions communautaires (Cerpac) et l\u2019Association congolaise pour le de\u0301veloppement agricole (Agridev) ont organise\u0301, du 17 au 19 fe\u0301vrier, l\u2019atelier de concertation des acteurs de la chai\u0302ne de valeur du manioc au Congo.<\/b><\/p>\n<p>L&rsquo;atelier, finance\u0301 par l\u2019Union europe\u0301enne, e\u0301tait destine\u0301 a\u0300 tous les acteurs ope\u0301rant dans diffe\u0301rentes filie\u0300res de la chai\u0302ne de valeur du manioc, partant de sa transformation jusqu\u2019aux produits finis. Les agents des ministe\u0300res du Commerce, des Petites et moyennes entreprises, de l\u2019Agriculture ainsi que les acteurs de la transformation, de la consommation, de la formation, de la question des de\u0301chets et des transports ont pris part aux travaux.<\/p>\n<p>La coordonatrice du Cerpac, Nelly Franc\u0327oise Compte, a indique\u0301 a\u0300 l&rsquo;occasion que cet atelier s\u2019inscrivait dans le cadre de la mise en \u0153uvre du Programme national du de\u0301veloppement 2022-2026 qui vise, entre autres objectifs, mettre un terme a\u0300 la faim et la pauvrete\u0301, promouvoir l\u2019innovation, l\u2019industrie et l&rsquo;infrastructure, avoir une production responsable et le de\u0301veloppement du partenariat.<\/p>\n<p>Au terme de trois jours, les participants ont formule\u0301 quelques recommandations. A l\u2019Etat, il a e\u0301te\u0301 demande\u0301 de lever les barrie\u0300res administratives pour un de\u0301veloppement harmonieux de la chai\u0302ne de valeur du manioc. Au PAM, d&rsquo;e\u0301tendre ou dupliquer le projet manioc dans d\u2019autres de\u0301partements du pays, de privile\u0301gier le partenariat a\u0300 long terme avec les organisations non gouvernementales locales, de mobiliser les fonds dans le cadre du suivi post projet. Aux participants, il leur a e\u0301te\u0301 demande\u0301 de mieux s\u2019organiser pour une meilleure productivite\u0301 agrotechnique et technologique.<\/p>\n<p>Les travaux ont e\u0301te\u0301 clo\u0302ture\u0301s par Yannick Wilfrid Poaty, directeur de cabinet du pre\u0301fet du Niari. \u00ab Apre\u0300s trois jours d\u2019intenses travaux, vous voici arrive\u0301s au terme de cet atelier. Des de\u0301bats anime\u0301s, parfois houleux que vous avez eu aussi bien en ple\u0301nie\u0300re qu\u2019en commissions, les e\u0301changes fructueux dont vous vous e\u0302tes enrichis ainsi que les conclusions ont permis de bien cerner la proble\u0301matique lie\u0301e a\u0300 la production, a\u0300 la transformation et a\u0300 des opportunite\u0301s de la chai\u0302ne de valeur du manioc \u00bb, a-t-il de\u0301clare\u0301.<\/p>\n<p>Une visite guide\u0301e des stands a e\u0301te\u0301 organise\u0301e afin d\u2019appre\u0301cier les diffe\u0301rentes recettes produites a\u0300 base du manioc comme des chips, le gari, l&rsquo;attieke\u0301 (semoule), l\u2019amidon et la farine comestible.<\/p>\n<p><strong>Pour plus d&rsquo;informations et d&rsquo;analyses sur la <a href=\"https:\/\/www.africa-press.net\/congo-brazzaville\">Congo Brazzaville<\/a>, suivez <a href=\"https:\/\/www.africa-press.net\/\">Africa-Press<\/a><\/strong><\/p>\n","protected":false},"excerpt":{"rendered":"<p>Africa-Press &#8211; Congo Brazzaville. A Dolisie dans le Niari, le Programme alimentaire mondial (PAM), en collaboration avec le Centre d\u2019e\u0301changes et de ressources pour la promotion des actions communautaires (Cerpac) et l\u2019Association congolaise pour le de\u0301veloppement agricole (Agridev) ont organise\u0301, du 17 au 19 fe\u0301vrier, l\u2019atelier de concertation des acteurs de la chai\u0302ne de valeur [&hellip;]<\/p>\n","protected":false},"author":82,"featured_media":14656,"comment_status":"open","ping_status":"closed","sticky":false,"template":"","format":"standard","meta":{"footnotes":""},"categories":[3,10],"tags":[36,47,46],"class_list":["post-14657","post","type-post","status-publish","format-standard","has-post-thumbnail","hentry","category-economie","category-toutes-les-actualites","tag-africa-press","tag-africa-press-congo-brazzaville","tag-congo-brazzaville"],"yoast_head":"<!-- This site is optimized with the Yoast SEO Premium plugin v26.1 (Yoast SEO v27.0) - https:\/\/yoast.com\/product\/yoast-seo-premium-wordpress\/ -->\n<title>Agriculture : des exploitants dans le Niari d\u00e9cid\u00e9s \u00e0 d\u00e9velopper la fili\u00e8re manioc - Congo Brazzaville<\/title>\n<meta name=\"description\" content=\"A Dolisie dans le Niari, le Programme alimentaire mondial (PAM), en collaboration avec le Centre d\u2019e\u0301changes et de re ...\" \/>\n<meta name=\"robots\" content=\"index, follow, max-snippet:-1, max-image-preview:large, max-video-preview:-1\" \/>\n<link rel=\"canonical\" href=\"https:\/\/www.africa-press.net\/congo-brazzaville\/economie\/agriculture-des-exploitants-dans-le-niari-decides-a-developper-la-filiere-manioc\" \/>\n<meta property=\"og:locale\" content=\"fr_FR\" \/>\n<meta property=\"og:type\" content=\"article\" \/>\n<meta property=\"og:title\" content=\"Agriculture : des exploitants dans le Niari d\u00e9cid\u00e9s \u00e0 d\u00e9velopper la fili\u00e8re manioc\" \/>\n<meta property=\"og:description\" content=\"A Dolisie dans le Niari, le Programme alimentaire mondial (PAM), en collaboration avec le Centre d\u2019e\u0301changes et de re ...\" \/>\n<meta property=\"og:url\" content=\"https:\/\/www.africa-press.net\/congo-brazzaville\/economie\/agriculture-des-exploitants-dans-le-niari-decides-a-developper-la-filiere-manioc\" \/>\n<meta property=\"og:site_name\" content=\"Congo Brazzaville\" \/>\n<meta property=\"article:published_time\" content=\"2023-02-21T18:57:39+00:00\" \/>\n<meta property=\"article:modified_time\" content=\"2023-02-21T20:06:39+00:00\" \/>\n<meta property=\"og:image\" content=\"https:\/\/static.africa-press.net\/congo-brazzaville\/sites\/51\/2023\/02\/postQueueImg_1676993265.05.jpg\" \/>\n\t<meta property=\"og:image:width\" content=\"1024\" \/>\n\t<meta property=\"og:image:height\" content=\"768\" \/>\n\t<meta property=\"og:image:type\" content=\"image\/jpeg\" \/>\n<meta name=\"author\" content=\"cfeditorfr\" \/>\n<meta name=\"twitter:card\" content=\"summary_large_image\" \/>\n<meta name=\"twitter:label1\" content=\"\u00c9crit par\" \/>\n\t<meta name=\"twitter:data1\" content=\"cfeditorfr\" \/>\n\t<meta name=\"twitter:label2\" content=\"Dur\u00e9e de lecture estim\u00e9e\" \/>\n\t<meta name=\"twitter:data2\" content=\"3 minutes\" \/>\n<script type=\"application\/ld+json\" class=\"yoast-schema-graph\">{\"@context\":\"https:\/\/schema.org\",\"@graph\":[{\"@type\":\"Article\",\"@id\":\"https:\/\/www.africa-press.net\/congo-brazzaville\/economie\/agriculture-des-exploitants-dans-le-niari-decides-a-developper-la-filiere-manioc#article\",\"isPartOf\":{\"@id\":\"https:\/\/www.africa-press.net\/congo-brazzaville\/economie\/agriculture-des-exploitants-dans-le-niari-decides-a-developper-la-filiere-manioc\"},\"author\":{\"name\":\"cfeditorfr\",\"@id\":\"https:\/\/www.africa-press.net\/congo-brazzaville\/#\/schema\/person\/2b1cf3cd81a31e3cd26889ca66d677f1\"},\"headline\":\"Agriculture : des exploitants dans le Niari d\u00e9cid\u00e9s \u00e0 d\u00e9velopper la fili\u00e8re manioc\",\"datePublished\":\"2023-02-21T18:57:39+00:00\",\"dateModified\":\"2023-02-21T20:06:39+00:00\",\"mainEntityOfPage\":{\"@id\":\"https:\/\/www.africa-press.net\/congo-brazzaville\/economie\/agriculture-des-exploitants-dans-le-niari-decides-a-developper-la-filiere-manioc\"},\"wordCount\":476,\"commentCount\":0,\"image\":{\"@id\":\"https:\/\/www.africa-press.net\/congo-brazzaville\/economie\/agriculture-des-exploitants-dans-le-niari-decides-a-developper-la-filiere-manioc#primaryimage\"},\"thumbnailUrl\":\"https:\/\/static.africa-press.net\/congo-brazzaville\/sites\/51\/2023\/02\/postQueueImg_1676993265.05.jpg\",\"keywords\":[\"Africa Press\",\"Africa Press-Congo Brazzaville\",\"Congo Brazzaville\"],\"articleSection\":[\"\u00c9conomie\",\"Toutes les actualit\u00e9s\"],\"inLanguage\":\"fr-FR\",\"potentialAction\":[{\"@type\":\"CommentAction\",\"name\":\"Comment\",\"target\":[\"https:\/\/www.africa-press.net\/congo-brazzaville\/economie\/agriculture-des-exploitants-dans-le-niari-decides-a-developper-la-filiere-manioc#respond\"]}]},{\"@type\":\"WebPage\",\"@id\":\"https:\/\/www.africa-press.net\/congo-brazzaville\/economie\/agriculture-des-exploitants-dans-le-niari-decides-a-developper-la-filiere-manioc\",\"url\":\"https:\/\/www.africa-press.net\/congo-brazzaville\/economie\/agriculture-des-exploitants-dans-le-niari-decides-a-developper-la-filiere-manioc\",\"name\":\"Agriculture : des exploitants dans le Niari d\u00e9cid\u00e9s \u00e0 d\u00e9velopper la fili\u00e8re manioc - Congo Brazzaville\",\"isPartOf\":{\"@id\":\"https:\/\/www.africa-press.net\/congo-brazzaville\/#website\"},\"primaryImageOfPage\":{\"@id\":\"https:\/\/www.africa-press.net\/congo-brazzaville\/economie\/agriculture-des-exploitants-dans-le-niari-decides-a-developper-la-filiere-manioc#primaryimage\"},\"image\":{\"@id\":\"https:\/\/www.africa-press.net\/congo-brazzaville\/economie\/agriculture-des-exploitants-dans-le-niari-decides-a-developper-la-filiere-manioc#primaryimage\"},\"thumbnailUrl\":\"https:\/\/static.africa-press.net\/congo-brazzaville\/sites\/51\/2023\/02\/postQueueImg_1676993265.05.jpg\",\"datePublished\":\"2023-02-21T18:57:39+00:00\",\"dateModified\":\"2023-02-21T20:06:39+00:00\",\"author\":{\"@id\":\"https:\/\/www.africa-press.net\/congo-brazzaville\/#\/schema\/person\/2b1cf3cd81a31e3cd26889ca66d677f1\"},\"description\":\"A Dolisie dans le Niari, le Programme alimentaire mondial (PAM), en collaboration avec le Centre d\u2019e\u0301changes et de re ...\",\"breadcrumb\":{\"@id\":\"https:\/\/www.africa-press.net\/congo-brazzaville\/economie\/agriculture-des-exploitants-dans-le-niari-decides-a-developper-la-filiere-manioc#breadcrumb\"},\"inLanguage\":\"fr-FR\",\"potentialAction\":[{\"@type\":\"ReadAction\",\"target\":[\"https:\/\/www.africa-press.net\/congo-brazzaville\/economie\/agriculture-des-exploitants-dans-le-niari-decides-a-developper-la-filiere-manioc\"]}]},{\"@type\":\"ImageObject\",\"inLanguage\":\"fr-FR\",\"@id\":\"https:\/\/www.africa-press.net\/congo-brazzaville\/economie\/agriculture-des-exploitants-dans-le-niari-decides-a-developper-la-filiere-manioc#primaryimage\",\"url\":\"https:\/\/static.africa-press.net\/congo-brazzaville\/sites\/51\/2023\/02\/postQueueImg_1676993265.05.jpg\",\"contentUrl\":\"https:\/\/static.africa-press.net\/congo-brazzaville\/sites\/51\/2023\/02\/postQueueImg_1676993265.05.jpg\",\"width\":1024,\"height\":768,\"caption\":\"Agriculture : des exploitants dans le Niari d\u00e9cid\u00e9s \u00e0 d\u00e9velopper la fili\u00e8re manioc\"},{\"@type\":\"BreadcrumbList\",\"@id\":\"https:\/\/www.africa-press.net\/congo-brazzaville\/economie\/agriculture-des-exploitants-dans-le-niari-decides-a-developper-la-filiere-manioc#breadcrumb\",\"itemListElement\":[{\"@type\":\"ListItem\",\"position\":1,\"name\":\"Accueil\",\"item\":\"https:\/\/www.africa-press.net\/congo-brazzaville\/\"},{\"@type\":\"ListItem\",\"position\":2,\"name\":\"Agriculture : des exploitants dans le Niari d\u00e9cid\u00e9s \u00e0 d\u00e9velopper la fili\u00e8re manioc\"}]},{\"@type\":\"WebSite\",\"@id\":\"https:\/\/www.africa-press.net\/congo-brazzaville\/#website\",\"url\":\"https:\/\/www.africa-press.net\/congo-brazzaville\/\",\"name\":\"Congo Brazzaville\",\"description\":\"Just another Africa News Agency Sites site\",\"potentialAction\":[{\"@type\":\"SearchAction\",\"target\":{\"@type\":\"EntryPoint\",\"urlTemplate\":\"https:\/\/www.africa-press.net\/congo-brazzaville\/?s={search_term_string}\"},\"query-input\":{\"@type\":\"PropertyValueSpecification\",\"valueRequired\":true,\"valueName\":\"search_term_string\"}}],\"inLanguage\":\"fr-FR\"},{\"@type\":\"Person\",\"@id\":\"https:\/\/www.africa-press.net\/congo-brazzaville\/#\/schema\/person\/2b1cf3cd81a31e3cd26889ca66d677f1\",\"name\":\"cfeditorfr\"}]}<\/script>\n<!-- \/ Yoast SEO Premium plugin. -->","yoast_head_json":{"title":"Agriculture : des exploitants dans le Niari d\u00e9cid\u00e9s \u00e0 d\u00e9velopper la fili\u00e8re manioc - Congo Brazzaville","description":"A Dolisie dans le Niari, le Programme alimentaire mondial (PAM), en collaboration avec le Centre d\u2019e\u0301changes et de re ...","robots":{"index":"index","follow":"follow","max-snippet":"max-snippet:-1","max-image-preview":"max-image-preview:large","max-video-preview":"max-video-preview:-1"},"canonical":"https:\/\/www.africa-press.net\/congo-brazzaville\/economie\/agriculture-des-exploitants-dans-le-niari-decides-a-developper-la-filiere-manioc","og_locale":"fr_FR","og_type":"article","og_title":"Agriculture : des exploitants dans le Niari d\u00e9cid\u00e9s \u00e0 d\u00e9velopper la fili\u00e8re manioc","og_description":"A Dolisie dans le Niari, le Programme alimentaire mondial (PAM), en collaboration avec le Centre d\u2019e\u0301changes et de re ...","og_url":"https:\/\/www.africa-press.net\/congo-brazzaville\/economie\/agriculture-des-exploitants-dans-le-niari-decides-a-developper-la-filiere-manioc","og_site_name":"Congo Brazzaville","article_published_time":"2023-02-21T18:57:39+00:00","article_modified_time":"2023-02-21T20:06:39+00:00","og_image":[{"width":1024,"height":768,"url":"https:\/\/static.africa-press.net\/congo-brazzaville\/sites\/51\/2023\/02\/postQueueImg_1676993265.05.jpg","type":"image\/jpeg"}],"author":"cfeditorfr","twitter_card":"summary_large_image","twitter_misc":{"\u00c9crit par":"cfeditorfr","Dur\u00e9e de lecture estim\u00e9e":"3 minutes"},"schema":{"@context":"https:\/\/schema.org","@graph":[{"@type":"Article","@id":"https:\/\/www.africa-press.net\/congo-brazzaville\/economie\/agriculture-des-exploitants-dans-le-niari-decides-a-developper-la-filiere-manioc#article","isPartOf":{"@id":"https:\/\/www.africa-press.net\/congo-brazzaville\/economie\/agriculture-des-exploitants-dans-le-niari-decides-a-developper-la-filiere-manioc"},"author":{"name":"cfeditorfr","@id":"https:\/\/www.africa-press.net\/congo-brazzaville\/#\/schema\/person\/2b1cf3cd81a31e3cd26889ca66d677f1"},"headline":"Agriculture : des exploitants dans le Niari d\u00e9cid\u00e9s \u00e0 d\u00e9velopper la fili\u00e8re manioc","datePublished":"2023-02-21T18:57:39+00:00","dateModified":"2023-02-21T20:06:39+00:00","mainEntityOfPage":{"@id":"https:\/\/www.africa-press.net\/congo-brazzaville\/economie\/agriculture-des-exploitants-dans-le-niari-decides-a-developper-la-filiere-manioc"},"wordCount":476,"commentCount":0,"image":{"@id":"https:\/\/www.africa-press.net\/congo-brazzaville\/economie\/agriculture-des-exploitants-dans-le-niari-decides-a-developper-la-filiere-manioc#primaryimage"},"thumbnailUrl":"https:\/\/static.africa-press.net\/congo-brazzaville\/sites\/51\/2023\/02\/postQueueImg_1676993265.05.jpg","keywords":["Africa Press","Africa Press-Congo Brazzaville","Congo Brazzaville"],"articleSection":["\u00c9conomie","Toutes les actualit\u00e9s"],"inLanguage":"fr-FR","potentialAction":[{"@type":"CommentAction","name":"Comment","target":["https:\/\/www.africa-press.net\/congo-brazzaville\/economie\/agriculture-des-exploitants-dans-le-niari-decides-a-developper-la-filiere-manioc#respond"]}]},{"@type":"WebPage","@id":"https:\/\/www.africa-press.net\/congo-brazzaville\/economie\/agriculture-des-exploitants-dans-le-niari-decides-a-developper-la-filiere-manioc","url":"https:\/\/www.africa-press.net\/congo-brazzaville\/economie\/agriculture-des-exploitants-dans-le-niari-decides-a-developper-la-filiere-manioc","name":"Agriculture : des exploitants dans le Niari d\u00e9cid\u00e9s \u00e0 d\u00e9velopper la fili\u00e8re manioc - Congo Brazzaville","isPartOf":{"@id":"https:\/\/www.africa-press.net\/congo-brazzaville\/#website"},"primaryImageOfPage":{"@id":"https:\/\/www.africa-press.net\/congo-brazzaville\/economie\/agriculture-des-exploitants-dans-le-niari-decides-a-developper-la-filiere-manioc#primaryimage"},"image":{"@id":"https:\/\/www.africa-press.net\/congo-brazzaville\/economie\/agriculture-des-exploitants-dans-le-niari-decides-a-developper-la-filiere-manioc#primaryimage"},"thumbnailUrl":"https:\/\/static.africa-press.net\/congo-brazzaville\/sites\/51\/2023\/02\/postQueueImg_1676993265.05.jpg","datePublished":"2023-02-21T18:57:39+00:00","dateModified":"2023-02-21T20:06:39+00:00","author":{"@id":"https:\/\/www.africa-press.net\/congo-brazzaville\/#\/schema\/person\/2b1cf3cd81a31e3cd26889ca66d677f1"},"description":"A Dolisie dans le Niari, le Programme alimentaire mondial (PAM), en collaboration avec le Centre d\u2019e\u0301changes et de re ...","breadcrumb":{"@id":"https:\/\/www.africa-press.net\/congo-brazzaville\/economie\/agriculture-des-exploitants-dans-le-niari-decides-a-developper-la-filiere-manioc#breadcrumb"},"inLanguage":"fr-FR","potentialAction":[{"@type":"ReadAction","target":["https:\/\/www.africa-press.net\/congo-brazzaville\/economie\/agriculture-des-exploitants-dans-le-niari-decides-a-developper-la-filiere-manioc"]}]},{"@type":"ImageObject","inLanguage":"fr-FR","@id":"https:\/\/www.africa-press.net\/congo-brazzaville\/economie\/agriculture-des-exploitants-dans-le-niari-decides-a-developper-la-filiere-manioc#primaryimage","url":"https:\/\/static.africa-press.net\/congo-brazzaville\/sites\/51\/2023\/02\/postQueueImg_1676993265.05.jpg","contentUrl":"https:\/\/static.africa-press.net\/congo-brazzaville\/sites\/51\/2023\/02\/postQueueImg_1676993265.05.jpg","width":1024,"height":768,"caption":"Agriculture : des exploitants dans le Niari d\u00e9cid\u00e9s \u00e0 d\u00e9velopper la fili\u00e8re manioc"},{"@type":"BreadcrumbList","@id":"https:\/\/www.africa-press.net\/congo-brazzaville\/economie\/agriculture-des-exploitants-dans-le-niari-decides-a-developper-la-filiere-manioc#breadcrumb","itemListElement":[{"@type":"ListItem","position":1,"name":"Accueil","item":"https:\/\/www.africa-press.net\/congo-brazzaville\/"},{"@type":"ListItem","position":2,"name":"Agriculture : des exploitants dans le Niari d\u00e9cid\u00e9s \u00e0 d\u00e9velopper la fili\u00e8re manioc"}]},{"@type":"WebSite","@id":"https:\/\/www.africa-press.net\/congo-brazzaville\/#website","url":"https:\/\/www.africa-press.net\/congo-brazzaville\/","name":"Congo Brazzaville","description":"Just another Africa News Agency Sites site","potentialAction":[{"@type":"SearchAction","target":{"@type":"EntryPoint","urlTemplate":"https:\/\/www.africa-press.net\/congo-brazzaville\/?s={search_term_string}"},"query-input":{"@type":"PropertyValueSpecification","valueRequired":true,"valueName":"search_term_string"}}],"inLanguage":"fr-FR"},{"@type":"Person","@id":"https:\/\/www.africa-press.net\/congo-brazzaville\/#\/schema\/person\/2b1cf3cd81a31e3cd26889ca66d677f1","name":"cfeditorfr"}]}},"_links":{"self":[{"href":"https:\/\/www.africa-press.net\/congo-brazzaville\/wp-json\/wp\/v2\/posts\/14657","targetHints":{"allow":["GET"]}}],"collection":[{"href":"https:\/\/www.africa-press.net\/congo-brazzaville\/wp-json\/wp\/v2\/posts"}],"about":[{"href":"https:\/\/www.africa-press.net\/congo-brazzaville\/wp-json\/wp\/v2\/types\/post"}],"author":[{"embeddable":true,"href":"https:\/\/www.africa-press.net\/congo-brazzaville\/wp-json\/wp\/v2\/users\/82"}],"replies":[{"embeddable":true,"href":"https:\/\/www.africa-press.net\/congo-brazzaville\/wp-json\/wp\/v2\/comments?post=14657"}],"version-history":[{"count":0,"href":"https:\/\/www.africa-press.net\/congo-brazzaville\/wp-json\/wp\/v2\/posts\/14657\/revisions"}],"wp:featuredmedia":[{"embeddable":true,"href":"https:\/\/www.africa-press.net\/congo-brazzaville\/wp-json\/wp\/v2\/media\/14656"}],"wp:attachment":[{"href":"https:\/\/www.africa-press.net\/congo-brazzaville\/wp-json\/wp\/v2\/media?parent=14657"}],"wp:term":[{"taxonomy":"category","embeddable":true,"href":"https:\/\/www.africa-press.net\/congo-brazzaville\/wp-json\/wp\/v2\/categories?post=14657"},{"taxonomy":"post_tag","embeddable":true,"href":"https:\/\/www.africa-press.net\/congo-brazzaville\/wp-json\/wp\/v2\/tags?post=14657"}],"curies":[{"name":"wp","href":"https:\/\/api.w.org\/{rel}","templated":true}]}}