{"id":14659,"date":"2023-02-21T18:57:51","date_gmt":"2023-02-21T18:57:51","guid":{"rendered":"https:\/\/www.africa-press.net\/congo-brazzaville\/politique\/vie-associative-les-logisticiens-du-congo-se-redynamisent"},"modified":"2023-02-21T20:07:06","modified_gmt":"2023-02-21T20:07:06","slug":"vie-associative-les-logisticiens-du-congo-se-redynamisent","status":"publish","type":"post","link":"https:\/\/www.africa-press.net\/congo-brazzaville\/economie\/vie-associative-les-logisticiens-du-congo-se-redynamisent","title":{"rendered":"Vie associative : les logisticiens du Congo se redynamisent"},"content":{"rendered":"<p><span style=\"color: #ff6600\"><strong>Africa-Press &#8211; Congo Brazzaville. <\/strong><\/span><b>Apre\u0300s deux ans de tre\u0302ve, les membres et sympathisants de l\u2019Association des logisticiens du Congo (ALC) se sont re\u0301unis le 18 fe\u0301vrier dans la salle de confe\u0301rence Nzoko, au centre-ville de Pointe-Noire, sous la houlette de leur pre\u0301sident, Dominique Candide Fabrice Koumou Boulas, directeur ge\u0301ne\u0301ral du Conseil congolais des chargeurs, dans le cadre de la relance des activite\u0301s de leur plateforme.<\/b><\/p>\n<p>Cre\u0301e\u0301e en 2014 dans le but de vulgariser et de valoriser les me\u0301tiers du transport et de la logistique, l\u2019ALC, plateforme de concertation et d\u2019e\u0301veil des logisticiens, se relance apre\u0300s deux ans d\u2019inactivite\u0301.<\/p>\n<p>Tre\u0300s honore\u0301 par la pre\u0301sence des membres de l\u2019association et des invite\u0301s, le pre\u0301sident de l&rsquo;ALC, Dominique Candide Koumou Boulas, les a remercie\u0301s de leur disponibilite\u0301 et engagement a\u0300 participer aux e\u0301changes sur les enjeux et le devenir de cette association apre\u0300s deux ans de tre\u0302ve suite a\u0300 quelques contraintes.<\/p>\n<p>En effet, a-t-il souligne\u0301, le XXIe sie\u0300cle et un moment tre\u0300s strate\u0301gique ou\u0300 l&rsquo;on ne peut plus s\u2019en passer de la logistique et du transport. \u00abAujourd\u2019hui, on ne peut plus pre\u0301tendre se de\u0301velopper sans la mai\u0302trise dans le secteur de la logistique et du transport. En Afrique en ge\u0301ne\u0301ral et au Congo en particulier, la logistique devient de plus en plus incontournable. Un secteur qui nous permet d\u2019aller vers l\u2019inte\u0301gration de la sous-re\u0301gion. De me\u0302me, la politique actuelle du gouvernement est oriente\u0301e vers le maillage du pays en infrastructures logistiques, oriente\u0301es vers la vison de l\u2019extension de nos plateformes portuaires, notamment les trois principaux ports dont le Port de Pointe-Noire qui est en train de se muter vers un port de 3e voir de 4e ge\u0301ne\u0301ration au regard des e\u0301quipements (les portiques intelligent qui sont e\u0301quipe\u0301s dans les autres ports de 4e ge\u0301ne\u0301ration), a indique\u0301 Dominique Candide Koumou Boulas.<\/p>\n<p>Selon lui, l&rsquo;ALC permet de constituer une plateforme de massification des cadres capables de faire e\u0301voluer ce secteur mais aussi une plateforme qui devrait leur permettre de fonctionner en re\u0301seau dans ce monde du XXIe sie\u0300cle ou\u0300 l\u2019union fait la force. \u00ab C\u2019est dans ce sens que nous avons pense\u0301 qu\u2019il e\u0301tait ne\u0301cessaire pour nous, au Congo, de cre\u0301er cette plateforme qui a, entre autres, mission de contribuer a\u0300 la valorisation des me\u0301tiers du transport et de la logistique. Aujourd\u2019hui, il est question d\u2019avoir des formateurs professionnels pour transmettre l\u2019expe\u0301rience aux jeunes, Nous re\u0302vons avoir les cadres e\u0301voluant au Congo dans ce domaine et qui se sacrifient pour faire avancer ce secteur de transport et de la logistique \u00bb, a souligne\u0301 le pre\u0301sident du Conseil congolais de chargeurs.<\/p>\n<p>D\u2019apre\u0300s l&rsquo;orateur, le gouvernement congolais, via le Programme national de de\u0301veloppement, a de\u0301ja\u0300 fait du secteur de transport et de la logistique un axe strate\u0301gique au service de de\u0301veloppement et de diversification de l\u2019e\u0301conomie, d\u2019ou\u0300 la ne\u0301cessite\u0301 pour l\u2019association de redynamiser la plateforme et de cre\u0301er les conditions pour aller de l\u2019avant.<\/p>\n<p>Cependant, dans le souci d\u2019accompagner le pays a\u0300 la formation des jeunes cadres dans le domaine de la logistique, le Conseil congolais des chargeurs a cre\u0301e\u0301 en 2022, gra\u0302ce a\u0300 l\u2019impulsion de l\u2019ALC, le Centre Trainmar qui est finalement l&rsquo;une des recommandations de la confe\u0301rence des Nations unies pour le commerce et le de\u0301veloppement pour permettre a\u0300 nos pays de former les cadres qui devrait maitriser ce secteur de transport et de la logistique comme cela se fait ailleurs.<\/p>\n<p>D\u2019ou\u0300 son appel a\u0300 tous les cadres de l\u2019ALC de valoriser leur expertise dans ce centre pour ne plus faire recours a\u0300 l\u2019exte\u0301rieur. \u00ab J\u2019interpelle les cadres du secteur pour dire qu\u2019il est temps pour nous de nous lever et nous organiser pour ne pas laisser la place aux autres afin que nous devenions des forces de proposition pour notre pays \u00bb, a-t-il ajoute\u0301.<\/p>\n<p>De son co\u0302te\u0301, le secre\u0301taire ge\u0301ne\u0301ral de l&rsquo;ALC, Geoffroi Ngoulou, apre\u0300s avoir signifie\u0301 les me\u0301tiers de la logistique qui ne sont autres que la manutention, gestion des stocks, magasinier, transit, il a lance\u0301 une invite a\u0300 tous les futurs bacheliers de tourner leur regard vers le Centre Trainmar, une e\u0301cole d\u2019excellence en logistique et transport, la toute premie\u0300re en Afrique centrale pour la formation en premie\u0300re anne\u0301e en logistique et transport ; commerce international et marketing ; qualite\u0301 logistique industrielle et organisation ; droit de transport et les activite\u0301s logistique, transit -shipping, manutention et douane.<\/p>\n<p>Ces formations, a-t-il poursuivi, sont de trois ans pour le cycle licence et un cycle master (deux ans) bien apre\u0300s pour ceux qui souhaiteront poursuivre leur formation apre\u0300s la licence, soit un parcours complet de cinq ans.<\/p>\n<p>Soulignons que les activite\u0301s de ce centre ont e\u0301te\u0301 lance\u0301es officiellement le 1er septembre 2022 par Alexandre Honore\u0301 Paka, pre\u0301fet du de\u0301partement de Pointe-Noire.<\/p>\n<p><strong>Pour plus d&rsquo;informations et d&rsquo;analyses sur la <a href=\"https:\/\/www.africa-press.net\/congo-brazzaville\">Congo Brazzaville<\/a>, suivez <a href=\"https:\/\/www.africa-press.net\/\">Africa-Press<\/a><\/strong><\/p>\n","protected":false},"excerpt":{"rendered":"<p>Africa-Press &#8211; Congo Brazzaville. Apre\u0300s deux ans de tre\u0302ve, les membres et sympathisants de l\u2019Association des logisticiens du Congo (ALC) se sont re\u0301unis le 18 fe\u0301vrier dans la salle de confe\u0301rence Nzoko, au centre-ville de Pointe-Noire, sous la houlette de leur pre\u0301sident, Dominique Candide Fabrice Koumou Boulas, directeur ge\u0301ne\u0301ral du Conseil congolais des chargeurs, dans [&hellip;]<\/p>\n","protected":false},"author":82,"featured_media":14658,"comment_status":"open","ping_status":"closed","sticky":false,"template":"","format":"standard","meta":{"footnotes":""},"categories":[3,10],"tags":[36,47,46],"class_list":["post-14659","post","type-post","status-publish","format-standard","has-post-thumbnail","hentry","category-economie","category-toutes-les-actualites","tag-africa-press","tag-africa-press-congo-brazzaville","tag-congo-brazzaville"],"yoast_head":"<!-- This site is optimized with the Yoast SEO Premium plugin v26.1 (Yoast SEO v27.0) - https:\/\/yoast.com\/product\/yoast-seo-premium-wordpress\/ -->\n<title>Vie associative : les logisticiens du Congo se redynamisent - Congo Brazzaville<\/title>\n<meta name=\"description\" content=\"Apre\u0300s deux ans de tre\u0302ve, les membres et sympathisants de l\u2019Association des logisticiens du Congo (ALC) se sont re\u0301u ...\" \/>\n<meta name=\"robots\" content=\"index, follow, max-snippet:-1, max-image-preview:large, max-video-preview:-1\" \/>\n<link rel=\"canonical\" href=\"https:\/\/www.africa-press.net\/congo-brazzaville\/economie\/vie-associative-les-logisticiens-du-congo-se-redynamisent\" \/>\n<meta property=\"og:locale\" content=\"fr_FR\" \/>\n<meta property=\"og:type\" content=\"article\" \/>\n<meta property=\"og:title\" content=\"Vie associative : les logisticiens du Congo se redynamisent\" \/>\n<meta property=\"og:description\" content=\"Apre\u0300s deux ans de tre\u0302ve, les membres et sympathisants de l\u2019Association des logisticiens du Congo (ALC) se sont re\u0301u ...\" \/>\n<meta property=\"og:url\" content=\"https:\/\/www.africa-press.net\/congo-brazzaville\/economie\/vie-associative-les-logisticiens-du-congo-se-redynamisent\" \/>\n<meta property=\"og:site_name\" content=\"Congo Brazzaville\" \/>\n<meta property=\"article:published_time\" content=\"2023-02-21T18:57:51+00:00\" \/>\n<meta property=\"article:modified_time\" content=\"2023-02-21T20:07:06+00:00\" \/>\n<meta property=\"og:image\" content=\"https:\/\/static.africa-press.net\/congo-brazzaville\/sites\/51\/2023\/02\/postQueueImg_1676993280.63.jpg\" \/>\n\t<meta property=\"og:image:width\" content=\"1023\" \/>\n\t<meta property=\"og:image:height\" content=\"768\" \/>\n\t<meta property=\"og:image:type\" content=\"image\/jpeg\" \/>\n<meta name=\"author\" content=\"cfeditorfr\" \/>\n<meta name=\"twitter:card\" content=\"summary_large_image\" \/>\n<meta name=\"twitter:label1\" content=\"\u00c9crit par\" \/>\n\t<meta name=\"twitter:data1\" content=\"cfeditorfr\" \/>\n\t<meta name=\"twitter:label2\" content=\"Dur\u00e9e de lecture estim\u00e9e\" \/>\n\t<meta name=\"twitter:data2\" content=\"4 minutes\" \/>\n<script type=\"application\/ld+json\" class=\"yoast-schema-graph\">{\"@context\":\"https:\/\/schema.org\",\"@graph\":[{\"@type\":\"Article\",\"@id\":\"https:\/\/www.africa-press.net\/congo-brazzaville\/economie\/vie-associative-les-logisticiens-du-congo-se-redynamisent#article\",\"isPartOf\":{\"@id\":\"https:\/\/www.africa-press.net\/congo-brazzaville\/economie\/vie-associative-les-logisticiens-du-congo-se-redynamisent\"},\"author\":{\"name\":\"cfeditorfr\",\"@id\":\"https:\/\/www.africa-press.net\/congo-brazzaville\/#\/schema\/person\/2b1cf3cd81a31e3cd26889ca66d677f1\"},\"headline\":\"Vie associative : les logisticiens du Congo se redynamisent\",\"datePublished\":\"2023-02-21T18:57:51+00:00\",\"dateModified\":\"2023-02-21T20:07:06+00:00\",\"mainEntityOfPage\":{\"@id\":\"https:\/\/www.africa-press.net\/congo-brazzaville\/economie\/vie-associative-les-logisticiens-du-congo-se-redynamisent\"},\"wordCount\":906,\"commentCount\":0,\"image\":{\"@id\":\"https:\/\/www.africa-press.net\/congo-brazzaville\/economie\/vie-associative-les-logisticiens-du-congo-se-redynamisent#primaryimage\"},\"thumbnailUrl\":\"https:\/\/static.africa-press.net\/congo-brazzaville\/sites\/51\/2023\/02\/postQueueImg_1676993280.63.jpg\",\"keywords\":[\"Africa Press\",\"Africa Press-Congo Brazzaville\",\"Congo Brazzaville\"],\"articleSection\":[\"\u00c9conomie\",\"Toutes les actualit\u00e9s\"],\"inLanguage\":\"fr-FR\",\"potentialAction\":[{\"@type\":\"CommentAction\",\"name\":\"Comment\",\"target\":[\"https:\/\/www.africa-press.net\/congo-brazzaville\/economie\/vie-associative-les-logisticiens-du-congo-se-redynamisent#respond\"]}]},{\"@type\":\"WebPage\",\"@id\":\"https:\/\/www.africa-press.net\/congo-brazzaville\/economie\/vie-associative-les-logisticiens-du-congo-se-redynamisent\",\"url\":\"https:\/\/www.africa-press.net\/congo-brazzaville\/economie\/vie-associative-les-logisticiens-du-congo-se-redynamisent\",\"name\":\"Vie associative : les logisticiens du Congo se redynamisent - Congo Brazzaville\",\"isPartOf\":{\"@id\":\"https:\/\/www.africa-press.net\/congo-brazzaville\/#website\"},\"primaryImageOfPage\":{\"@id\":\"https:\/\/www.africa-press.net\/congo-brazzaville\/economie\/vie-associative-les-logisticiens-du-congo-se-redynamisent#primaryimage\"},\"image\":{\"@id\":\"https:\/\/www.africa-press.net\/congo-brazzaville\/economie\/vie-associative-les-logisticiens-du-congo-se-redynamisent#primaryimage\"},\"thumbnailUrl\":\"https:\/\/static.africa-press.net\/congo-brazzaville\/sites\/51\/2023\/02\/postQueueImg_1676993280.63.jpg\",\"datePublished\":\"2023-02-21T18:57:51+00:00\",\"dateModified\":\"2023-02-21T20:07:06+00:00\",\"author\":{\"@id\":\"https:\/\/www.africa-press.net\/congo-brazzaville\/#\/schema\/person\/2b1cf3cd81a31e3cd26889ca66d677f1\"},\"description\":\"Apre\u0300s deux ans de tre\u0302ve, les membres et sympathisants de l\u2019Association des logisticiens du Congo (ALC) se sont re\u0301u ...\",\"breadcrumb\":{\"@id\":\"https:\/\/www.africa-press.net\/congo-brazzaville\/economie\/vie-associative-les-logisticiens-du-congo-se-redynamisent#breadcrumb\"},\"inLanguage\":\"fr-FR\",\"potentialAction\":[{\"@type\":\"ReadAction\",\"target\":[\"https:\/\/www.africa-press.net\/congo-brazzaville\/economie\/vie-associative-les-logisticiens-du-congo-se-redynamisent\"]}]},{\"@type\":\"ImageObject\",\"inLanguage\":\"fr-FR\",\"@id\":\"https:\/\/www.africa-press.net\/congo-brazzaville\/economie\/vie-associative-les-logisticiens-du-congo-se-redynamisent#primaryimage\",\"url\":\"https:\/\/static.africa-press.net\/congo-brazzaville\/sites\/51\/2023\/02\/postQueueImg_1676993280.63.jpg\",\"contentUrl\":\"https:\/\/static.africa-press.net\/congo-brazzaville\/sites\/51\/2023\/02\/postQueueImg_1676993280.63.jpg\",\"width\":1023,\"height\":768,\"caption\":\"Vie associative : les logisticiens du Congo se redynamisent\"},{\"@type\":\"BreadcrumbList\",\"@id\":\"https:\/\/www.africa-press.net\/congo-brazzaville\/economie\/vie-associative-les-logisticiens-du-congo-se-redynamisent#breadcrumb\",\"itemListElement\":[{\"@type\":\"ListItem\",\"position\":1,\"name\":\"Accueil\",\"item\":\"https:\/\/www.africa-press.net\/congo-brazzaville\/\"},{\"@type\":\"ListItem\",\"position\":2,\"name\":\"Vie associative : les logisticiens du Congo se redynamisent\"}]},{\"@type\":\"WebSite\",\"@id\":\"https:\/\/www.africa-press.net\/congo-brazzaville\/#website\",\"url\":\"https:\/\/www.africa-press.net\/congo-brazzaville\/\",\"name\":\"Congo Brazzaville\",\"description\":\"Just another Africa News Agency Sites site\",\"potentialAction\":[{\"@type\":\"SearchAction\",\"target\":{\"@type\":\"EntryPoint\",\"urlTemplate\":\"https:\/\/www.africa-press.net\/congo-brazzaville\/?s={search_term_string}\"},\"query-input\":{\"@type\":\"PropertyValueSpecification\",\"valueRequired\":true,\"valueName\":\"search_term_string\"}}],\"inLanguage\":\"fr-FR\"},{\"@type\":\"Person\",\"@id\":\"https:\/\/www.africa-press.net\/congo-brazzaville\/#\/schema\/person\/2b1cf3cd81a31e3cd26889ca66d677f1\",\"name\":\"cfeditorfr\"}]}<\/script>\n<!-- \/ Yoast SEO Premium plugin. -->","yoast_head_json":{"title":"Vie associative : les logisticiens du Congo se redynamisent - Congo Brazzaville","description":"Apre\u0300s deux ans de tre\u0302ve, les membres et sympathisants de l\u2019Association des logisticiens du Congo (ALC) se sont re\u0301u ...","robots":{"index":"index","follow":"follow","max-snippet":"max-snippet:-1","max-image-preview":"max-image-preview:large","max-video-preview":"max-video-preview:-1"},"canonical":"https:\/\/www.africa-press.net\/congo-brazzaville\/economie\/vie-associative-les-logisticiens-du-congo-se-redynamisent","og_locale":"fr_FR","og_type":"article","og_title":"Vie associative : les logisticiens du Congo se redynamisent","og_description":"Apre\u0300s deux ans de tre\u0302ve, les membres et sympathisants de l\u2019Association des logisticiens du Congo (ALC) se sont re\u0301u ...","og_url":"https:\/\/www.africa-press.net\/congo-brazzaville\/economie\/vie-associative-les-logisticiens-du-congo-se-redynamisent","og_site_name":"Congo Brazzaville","article_published_time":"2023-02-21T18:57:51+00:00","article_modified_time":"2023-02-21T20:07:06+00:00","og_image":[{"width":1023,"height":768,"url":"https:\/\/static.africa-press.net\/congo-brazzaville\/sites\/51\/2023\/02\/postQueueImg_1676993280.63.jpg","type":"image\/jpeg"}],"author":"cfeditorfr","twitter_card":"summary_large_image","twitter_misc":{"\u00c9crit par":"cfeditorfr","Dur\u00e9e de lecture estim\u00e9e":"4 minutes"},"schema":{"@context":"https:\/\/schema.org","@graph":[{"@type":"Article","@id":"https:\/\/www.africa-press.net\/congo-brazzaville\/economie\/vie-associative-les-logisticiens-du-congo-se-redynamisent#article","isPartOf":{"@id":"https:\/\/www.africa-press.net\/congo-brazzaville\/economie\/vie-associative-les-logisticiens-du-congo-se-redynamisent"},"author":{"name":"cfeditorfr","@id":"https:\/\/www.africa-press.net\/congo-brazzaville\/#\/schema\/person\/2b1cf3cd81a31e3cd26889ca66d677f1"},"headline":"Vie associative : les logisticiens du Congo se redynamisent","datePublished":"2023-02-21T18:57:51+00:00","dateModified":"2023-02-21T20:07:06+00:00","mainEntityOfPage":{"@id":"https:\/\/www.africa-press.net\/congo-brazzaville\/economie\/vie-associative-les-logisticiens-du-congo-se-redynamisent"},"wordCount":906,"commentCount":0,"image":{"@id":"https:\/\/www.africa-press.net\/congo-brazzaville\/economie\/vie-associative-les-logisticiens-du-congo-se-redynamisent#primaryimage"},"thumbnailUrl":"https:\/\/static.africa-press.net\/congo-brazzaville\/sites\/51\/2023\/02\/postQueueImg_1676993280.63.jpg","keywords":["Africa Press","Africa Press-Congo Brazzaville","Congo Brazzaville"],"articleSection":["\u00c9conomie","Toutes les actualit\u00e9s"],"inLanguage":"fr-FR","potentialAction":[{"@type":"CommentAction","name":"Comment","target":["https:\/\/www.africa-press.net\/congo-brazzaville\/economie\/vie-associative-les-logisticiens-du-congo-se-redynamisent#respond"]}]},{"@type":"WebPage","@id":"https:\/\/www.africa-press.net\/congo-brazzaville\/economie\/vie-associative-les-logisticiens-du-congo-se-redynamisent","url":"https:\/\/www.africa-press.net\/congo-brazzaville\/economie\/vie-associative-les-logisticiens-du-congo-se-redynamisent","name":"Vie associative : les logisticiens du Congo se redynamisent - Congo Brazzaville","isPartOf":{"@id":"https:\/\/www.africa-press.net\/congo-brazzaville\/#website"},"primaryImageOfPage":{"@id":"https:\/\/www.africa-press.net\/congo-brazzaville\/economie\/vie-associative-les-logisticiens-du-congo-se-redynamisent#primaryimage"},"image":{"@id":"https:\/\/www.africa-press.net\/congo-brazzaville\/economie\/vie-associative-les-logisticiens-du-congo-se-redynamisent#primaryimage"},"thumbnailUrl":"https:\/\/static.africa-press.net\/congo-brazzaville\/sites\/51\/2023\/02\/postQueueImg_1676993280.63.jpg","datePublished":"2023-02-21T18:57:51+00:00","dateModified":"2023-02-21T20:07:06+00:00","author":{"@id":"https:\/\/www.africa-press.net\/congo-brazzaville\/#\/schema\/person\/2b1cf3cd81a31e3cd26889ca66d677f1"},"description":"Apre\u0300s deux ans de tre\u0302ve, les membres et sympathisants de l\u2019Association des logisticiens du Congo (ALC) se sont re\u0301u ...","breadcrumb":{"@id":"https:\/\/www.africa-press.net\/congo-brazzaville\/economie\/vie-associative-les-logisticiens-du-congo-se-redynamisent#breadcrumb"},"inLanguage":"fr-FR","potentialAction":[{"@type":"ReadAction","target":["https:\/\/www.africa-press.net\/congo-brazzaville\/economie\/vie-associative-les-logisticiens-du-congo-se-redynamisent"]}]},{"@type":"ImageObject","inLanguage":"fr-FR","@id":"https:\/\/www.africa-press.net\/congo-brazzaville\/economie\/vie-associative-les-logisticiens-du-congo-se-redynamisent#primaryimage","url":"https:\/\/static.africa-press.net\/congo-brazzaville\/sites\/51\/2023\/02\/postQueueImg_1676993280.63.jpg","contentUrl":"https:\/\/static.africa-press.net\/congo-brazzaville\/sites\/51\/2023\/02\/postQueueImg_1676993280.63.jpg","width":1023,"height":768,"caption":"Vie associative : les logisticiens du Congo se redynamisent"},{"@type":"BreadcrumbList","@id":"https:\/\/www.africa-press.net\/congo-brazzaville\/economie\/vie-associative-les-logisticiens-du-congo-se-redynamisent#breadcrumb","itemListElement":[{"@type":"ListItem","position":1,"name":"Accueil","item":"https:\/\/www.africa-press.net\/congo-brazzaville\/"},{"@type":"ListItem","position":2,"name":"Vie associative : les logisticiens du Congo se redynamisent"}]},{"@type":"WebSite","@id":"https:\/\/www.africa-press.net\/congo-brazzaville\/#website","url":"https:\/\/www.africa-press.net\/congo-brazzaville\/","name":"Congo Brazzaville","description":"Just another Africa News Agency Sites site","potentialAction":[{"@type":"SearchAction","target":{"@type":"EntryPoint","urlTemplate":"https:\/\/www.africa-press.net\/congo-brazzaville\/?s={search_term_string}"},"query-input":{"@type":"PropertyValueSpecification","valueRequired":true,"valueName":"search_term_string"}}],"inLanguage":"fr-FR"},{"@type":"Person","@id":"https:\/\/www.africa-press.net\/congo-brazzaville\/#\/schema\/person\/2b1cf3cd81a31e3cd26889ca66d677f1","name":"cfeditorfr"}]}},"_links":{"self":[{"href":"https:\/\/www.africa-press.net\/congo-brazzaville\/wp-json\/wp\/v2\/posts\/14659","targetHints":{"allow":["GET"]}}],"collection":[{"href":"https:\/\/www.africa-press.net\/congo-brazzaville\/wp-json\/wp\/v2\/posts"}],"about":[{"href":"https:\/\/www.africa-press.net\/congo-brazzaville\/wp-json\/wp\/v2\/types\/post"}],"author":[{"embeddable":true,"href":"https:\/\/www.africa-press.net\/congo-brazzaville\/wp-json\/wp\/v2\/users\/82"}],"replies":[{"embeddable":true,"href":"https:\/\/www.africa-press.net\/congo-brazzaville\/wp-json\/wp\/v2\/comments?post=14659"}],"version-history":[{"count":0,"href":"https:\/\/www.africa-press.net\/congo-brazzaville\/wp-json\/wp\/v2\/posts\/14659\/revisions"}],"wp:featuredmedia":[{"embeddable":true,"href":"https:\/\/www.africa-press.net\/congo-brazzaville\/wp-json\/wp\/v2\/media\/14658"}],"wp:attachment":[{"href":"https:\/\/www.africa-press.net\/congo-brazzaville\/wp-json\/wp\/v2\/media?parent=14659"}],"wp:term":[{"taxonomy":"category","embeddable":true,"href":"https:\/\/www.africa-press.net\/congo-brazzaville\/wp-json\/wp\/v2\/categories?post=14659"},{"taxonomy":"post_tag","embeddable":true,"href":"https:\/\/www.africa-press.net\/congo-brazzaville\/wp-json\/wp\/v2\/tags?post=14659"}],"curies":[{"name":"wp","href":"https:\/\/api.w.org\/{rel}","templated":true}]}}