{"id":14663,"date":"2023-02-21T18:58:23","date_gmt":"2023-02-21T18:58:23","guid":{"rendered":"https:\/\/www.africa-press.net\/congo-brazzaville\/politique\/interdiction-dexportation-des-grumes-le-cad-invite-les-autorites-a-plus-de-tenacite"},"modified":"2023-02-21T20:07:53","modified_gmt":"2023-02-21T20:07:53","slug":"interdiction-dexportation-des-grumes-le-cad-invite-les-autorites-a-plus-de-tenacite","status":"publish","type":"post","link":"https:\/\/www.africa-press.net\/congo-brazzaville\/economie\/interdiction-dexportation-des-grumes-le-cad-invite-les-autorites-a-plus-de-tenacite","title":{"rendered":"Interdiction d&rsquo;exportation des grumes : le CAD invite les autorit\u00e9s \u00e0 plus de t\u00e9nacit\u00e9"},"content":{"rendered":"<p><span style=\"color: #ff6600\"><strong>Africa-Press &#8211; Congo Brazzaville. <\/strong><\/span><b>Les membres du Centre d\u2019action pour le de\u0301veloppement (CAD) ont poursuivi, le 21 fe\u0301vrier devant les cadres du ministe\u0300re de l&rsquo;Economie forestie\u0300re ainsi que d&rsquo;autres acteurs de la socie\u0301te\u0301, leur campagne de sensibilisation et d&rsquo;information sur la loi interdisant l&rsquo;exportation des grumes en Re\u0301publique du Congo.<\/b><\/p>\n<p>Les participants a\u0300 la re\u0301union ont, sans langue de bois, explique\u0301 les causes, les risques, le processus de mise en \u0153uvre et les avantages de la loi qui met fin a\u0300 la sortie des grumes juste apre\u0300s leur abattage, depuis le 1er janvier dernier.<\/p>\n<p>Selon le directeur exe\u0301cutif du CAD, Tre\u0301sor Nzila, cette journe\u0301e d\u2019e\u0301change intervenue apre\u0300s celle avec les journalistes s&rsquo;inscrivait dans le cadre de la campagne Log Ban Export, une initiative qui vise a\u0300 interdire l&rsquo;exportation du bois sous forme de grumes dans la zone de la Communaute\u0301 e\u0301conomique et mone\u0301taire de l&rsquo;Afrique centrale ( Ce\u0301mac).<\/p>\n<p>\u00ab Nous avons discute\u0301 sur la loi interdisant l\u2019exportation des grumes sous forme de bois en Re\u0301publique du Congo. Depuis plusieurs anne\u0301es, cette mesure a souffert et n\u2019e\u0301tait pas applique\u0301e. Les autorite\u0301s ont pris une de\u0301cision qui marque l\u2019entre\u0301e en vigueur de cette mesure, c\u2019est une bonne initiative que nous encourageons. Nous appelons tous les pays de la Ce\u0301mac a\u0300 aller vers la mise en \u0153uvre de cette directive sous- re\u0301gionale parce que cela aura un impact positif sur le social de la population. Ceux qui sont contre cette loi prote\u0300gent simplement leurs inte\u0301re\u0302ts \u00bb, a explique\u0301 Tre\u0301sor Nzila.<\/p>\n<p>Le pre\u0301sident du CAD a rappele\u0301 qu&rsquo;il soutient totalement cette initiative du gouvernement puisque sa structure n&rsquo;est pas une organisation qui critique toutes les de\u0301cisions mais travaille pour l&rsquo;ame\u0301lioration des conditions de vie de la population.<\/p>\n<p>Cette re\u0301union a permis au CAD d&rsquo;informer et vulgariser la directive de la Ce\u0301mac et les initiatives prises par les autorite\u0301s. Elle vise e\u0301galement a\u0300 montrer a\u0300 l&rsquo;opinion la valeur ajoute\u0301e de la mesure relative a\u0300 l&rsquo;interdiction d&rsquo;exportation des bois en grumes tout en impulsant une coalition multi-acteurs au niveau national pour soutenir les efforts du gouvernement.<\/p>\n<p>Le directeur de l\u2019Economie forestie\u0300re, Joseph Moumbouili, a fait part des avantages de cette loi a\u0300 travers un expose\u0301 intitule\u0301 \u00ab Principales innovations de la loi 33-2020 du 8 juillet 2020 portant code forestier \u00bb. Les responsables des socie\u0301te\u0301s forestie\u0300res pre\u0301sents dans la salle ont estime\u0301 que cette loi mettra a\u0300 mal le secteur prive\u0301 national. Ils de\u0301plorent, en effet, la pre\u0301cipitation dans la mise en \u0153uvre de ce code, par rapport a\u0300 d\u2019autres pays de la Ce\u0301mac et la non prise en compte des difficulte\u0301s des entreprises forestie\u0300res.<\/p>\n<p>Il faut noter que ce code remplace l\u2019ancien de 2000 devenu caduc au regard du contexte international marque\u0301 par la lutte contre les changements climatiques, suite a\u0300 l\u2019adhe\u0301sion du Congo aux nombreux traite\u0301s, accords et instruments juridiques de ce secteur.<\/p>\n<p><b>Un secteur porteur<\/b><\/p>\n<p>Le secteur forestier est l\u2019un des plus grands employeurs de la Re\u0301publique du Congo et contribue au de\u0301senclavement et au de\u0301veloppement de l\u2019arrie\u0300re-pays. Il ge\u0301ne\u0300re un nombre important d\u2019emplois directs et indirects dans les services aussi bien en milieu rural qu\u2019urbain.<\/p>\n<p>La superficie moyenne attribue\u0301e par ope\u0301rateur est de pre\u0300s de quatre cent mille hectares, avec des fortes disparite\u0301s. Les concessions forestie\u0300res ame\u0301nage\u0301es et non ame\u0301nage\u0301es constituent les surfaces de fore\u0302ts attribue\u0301es a\u0300 des acteurs exploitants et industriels forestiers. Elles repre\u0301sentaient en 2019 une superficie totale de 14,3 millions d&rsquo;hectares, soit 96% de la totalite\u0301 des fore\u0302ts de production du Congo. 8,1 millions d&rsquo;hectares, soit 56,9 %, sont actuellement sous ame\u0301nagement, et 4,6 millions d&rsquo;hectares, soit 32,7%, non ame\u0301nage\u0301s. La superficie des concessions forestie\u0300res en cours d\u2019ame\u0301nagement est de 901 000 hectares.<\/p>\n<p>Le gouvernement congolais et l\u2019Union europe\u0301enne ont signe\u0301 en mai 2010 un Accord de partenariat volontaire sur l\u2019application des re\u0301glementations forestie\u0300res, la gouvernance et les e\u0301changes commerciaux et qui a e\u0301te\u0301 ratifie\u0301 en juillet 2012 pour garantir une exploitation le\u0301gale des fore\u0302ts. Certaines socie\u0301te\u0301s ont fait le choix de s\u2019orienter vers la certification forestie\u0300re, dont les pionniers sont la CIB et IFO.<\/p>\n<p>Cette nouvelle politique du gouvernement en matie\u0300re d\u2019industrie du bois a e\u0301te\u0301 fixe\u0301e par le chef de l\u2019E\u0301tat, Denis Sassou N\u2019Guesso, le 23 de\u0301cembre dernier, lors de son discours sur l\u2019e\u0301tat de la nation devant le Parlement re\u0301uni en congre\u0300s.<\/p>\n<p><strong>Pour plus d&rsquo;informations et d&rsquo;analyses sur la <a href=\"https:\/\/www.africa-press.net\/congo-brazzaville\">Congo Brazzaville<\/a>, suivez <a href=\"https:\/\/www.africa-press.net\/\">Africa-Press<\/a><\/strong><\/p>\n","protected":false},"excerpt":{"rendered":"<p>Africa-Press &#8211; Congo Brazzaville. Les membres du Centre d\u2019action pour le de\u0301veloppement (CAD) ont poursuivi, le 21 fe\u0301vrier devant les cadres du ministe\u0300re de l&rsquo;Economie forestie\u0300re ainsi que d&rsquo;autres acteurs de la socie\u0301te\u0301, leur campagne de sensibilisation et d&rsquo;information sur la loi interdisant l&rsquo;exportation des grumes en Re\u0301publique du Congo. Les participants a\u0300 la re\u0301union [&hellip;]<\/p>\n","protected":false},"author":82,"featured_media":14662,"comment_status":"open","ping_status":"closed","sticky":false,"template":"","format":"standard","meta":{"footnotes":""},"categories":[3,10],"tags":[36,47,46],"class_list":["post-14663","post","type-post","status-publish","format-standard","has-post-thumbnail","hentry","category-economie","category-toutes-les-actualites","tag-africa-press","tag-africa-press-congo-brazzaville","tag-congo-brazzaville"],"yoast_head":"<!-- This site is optimized with the Yoast SEO Premium plugin v26.1 (Yoast SEO v27.0) - https:\/\/yoast.com\/product\/yoast-seo-premium-wordpress\/ -->\n<title>Interdiction d&#039;exportation des grumes : le CAD invite les autorit\u00e9s \u00e0 plus de t\u00e9nacit\u00e9 - Congo Brazzaville<\/title>\n<meta name=\"description\" content=\"Les membres du Centre d\u2019action pour le de\u0301veloppement (CAD) ont poursuivi, le 21 fe\u0301vrier devant les cadres du minist ...\" \/>\n<meta name=\"robots\" content=\"index, follow, max-snippet:-1, max-image-preview:large, max-video-preview:-1\" \/>\n<link rel=\"canonical\" href=\"https:\/\/www.africa-press.net\/congo-brazzaville\/economie\/interdiction-dexportation-des-grumes-le-cad-invite-les-autorites-a-plus-de-tenacite\" \/>\n<meta property=\"og:locale\" content=\"fr_FR\" \/>\n<meta property=\"og:type\" content=\"article\" \/>\n<meta property=\"og:title\" content=\"Interdiction d&#039;exportation des grumes : le CAD invite les autorit\u00e9s \u00e0 plus de t\u00e9nacit\u00e9\" \/>\n<meta property=\"og:description\" content=\"Les membres du Centre d\u2019action pour le de\u0301veloppement (CAD) ont poursuivi, le 21 fe\u0301vrier devant les cadres du minist ...\" \/>\n<meta property=\"og:url\" content=\"https:\/\/www.africa-press.net\/congo-brazzaville\/economie\/interdiction-dexportation-des-grumes-le-cad-invite-les-autorites-a-plus-de-tenacite\" \/>\n<meta property=\"og:site_name\" content=\"Congo Brazzaville\" \/>\n<meta property=\"article:published_time\" content=\"2023-02-21T18:58:23+00:00\" \/>\n<meta property=\"article:modified_time\" content=\"2023-02-21T20:07:53+00:00\" \/>\n<meta property=\"og:image\" content=\"https:\/\/static.africa-press.net\/congo-brazzaville\/sites\/51\/2023\/02\/postQueueImg_1676993312.92.jpg\" \/>\n\t<meta property=\"og:image:width\" content=\"1155\" \/>\n\t<meta property=\"og:image:height\" content=\"768\" \/>\n\t<meta property=\"og:image:type\" content=\"image\/jpeg\" \/>\n<meta name=\"author\" content=\"cfeditorfr\" \/>\n<meta name=\"twitter:card\" content=\"summary_large_image\" \/>\n<meta name=\"twitter:label1\" content=\"\u00c9crit par\" \/>\n\t<meta name=\"twitter:data1\" content=\"cfeditorfr\" \/>\n\t<meta name=\"twitter:label2\" content=\"Dur\u00e9e de lecture estim\u00e9e\" \/>\n\t<meta name=\"twitter:data2\" content=\"4 minutes\" \/>\n<script type=\"application\/ld+json\" class=\"yoast-schema-graph\">{\"@context\":\"https:\/\/schema.org\",\"@graph\":[{\"@type\":\"Article\",\"@id\":\"https:\/\/www.africa-press.net\/congo-brazzaville\/economie\/interdiction-dexportation-des-grumes-le-cad-invite-les-autorites-a-plus-de-tenacite#article\",\"isPartOf\":{\"@id\":\"https:\/\/www.africa-press.net\/congo-brazzaville\/economie\/interdiction-dexportation-des-grumes-le-cad-invite-les-autorites-a-plus-de-tenacite\"},\"author\":{\"name\":\"cfeditorfr\",\"@id\":\"https:\/\/www.africa-press.net\/congo-brazzaville\/#\/schema\/person\/2b1cf3cd81a31e3cd26889ca66d677f1\"},\"headline\":\"Interdiction d&rsquo;exportation des grumes : le CAD invite les autorit\u00e9s \u00e0 plus de t\u00e9nacit\u00e9\",\"datePublished\":\"2023-02-21T18:58:23+00:00\",\"dateModified\":\"2023-02-21T20:07:53+00:00\",\"mainEntityOfPage\":{\"@id\":\"https:\/\/www.africa-press.net\/congo-brazzaville\/economie\/interdiction-dexportation-des-grumes-le-cad-invite-les-autorites-a-plus-de-tenacite\"},\"wordCount\":842,\"commentCount\":0,\"image\":{\"@id\":\"https:\/\/www.africa-press.net\/congo-brazzaville\/economie\/interdiction-dexportation-des-grumes-le-cad-invite-les-autorites-a-plus-de-tenacite#primaryimage\"},\"thumbnailUrl\":\"https:\/\/static.africa-press.net\/congo-brazzaville\/sites\/51\/2023\/02\/postQueueImg_1676993312.92.jpg\",\"keywords\":[\"Africa Press\",\"Africa Press-Congo Brazzaville\",\"Congo Brazzaville\"],\"articleSection\":[\"\u00c9conomie\",\"Toutes les actualit\u00e9s\"],\"inLanguage\":\"fr-FR\",\"potentialAction\":[{\"@type\":\"CommentAction\",\"name\":\"Comment\",\"target\":[\"https:\/\/www.africa-press.net\/congo-brazzaville\/economie\/interdiction-dexportation-des-grumes-le-cad-invite-les-autorites-a-plus-de-tenacite#respond\"]}]},{\"@type\":\"WebPage\",\"@id\":\"https:\/\/www.africa-press.net\/congo-brazzaville\/economie\/interdiction-dexportation-des-grumes-le-cad-invite-les-autorites-a-plus-de-tenacite\",\"url\":\"https:\/\/www.africa-press.net\/congo-brazzaville\/economie\/interdiction-dexportation-des-grumes-le-cad-invite-les-autorites-a-plus-de-tenacite\",\"name\":\"Interdiction d'exportation des grumes : le CAD invite les autorit\u00e9s \u00e0 plus de t\u00e9nacit\u00e9 - Congo Brazzaville\",\"isPartOf\":{\"@id\":\"https:\/\/www.africa-press.net\/congo-brazzaville\/#website\"},\"primaryImageOfPage\":{\"@id\":\"https:\/\/www.africa-press.net\/congo-brazzaville\/economie\/interdiction-dexportation-des-grumes-le-cad-invite-les-autorites-a-plus-de-tenacite#primaryimage\"},\"image\":{\"@id\":\"https:\/\/www.africa-press.net\/congo-brazzaville\/economie\/interdiction-dexportation-des-grumes-le-cad-invite-les-autorites-a-plus-de-tenacite#primaryimage\"},\"thumbnailUrl\":\"https:\/\/static.africa-press.net\/congo-brazzaville\/sites\/51\/2023\/02\/postQueueImg_1676993312.92.jpg\",\"datePublished\":\"2023-02-21T18:58:23+00:00\",\"dateModified\":\"2023-02-21T20:07:53+00:00\",\"author\":{\"@id\":\"https:\/\/www.africa-press.net\/congo-brazzaville\/#\/schema\/person\/2b1cf3cd81a31e3cd26889ca66d677f1\"},\"description\":\"Les membres du Centre d\u2019action pour le de\u0301veloppement (CAD) ont poursuivi, le 21 fe\u0301vrier devant les cadres du minist ...\",\"breadcrumb\":{\"@id\":\"https:\/\/www.africa-press.net\/congo-brazzaville\/economie\/interdiction-dexportation-des-grumes-le-cad-invite-les-autorites-a-plus-de-tenacite#breadcrumb\"},\"inLanguage\":\"fr-FR\",\"potentialAction\":[{\"@type\":\"ReadAction\",\"target\":[\"https:\/\/www.africa-press.net\/congo-brazzaville\/economie\/interdiction-dexportation-des-grumes-le-cad-invite-les-autorites-a-plus-de-tenacite\"]}]},{\"@type\":\"ImageObject\",\"inLanguage\":\"fr-FR\",\"@id\":\"https:\/\/www.africa-press.net\/congo-brazzaville\/economie\/interdiction-dexportation-des-grumes-le-cad-invite-les-autorites-a-plus-de-tenacite#primaryimage\",\"url\":\"https:\/\/static.africa-press.net\/congo-brazzaville\/sites\/51\/2023\/02\/postQueueImg_1676993312.92.jpg\",\"contentUrl\":\"https:\/\/static.africa-press.net\/congo-brazzaville\/sites\/51\/2023\/02\/postQueueImg_1676993312.92.jpg\",\"width\":1155,\"height\":768,\"caption\":\"Interdiction d'exportation des grumes : le CAD invite les autorit\u00e9s \u00e0 plus de t\u00e9nacit\u00e9\"},{\"@type\":\"BreadcrumbList\",\"@id\":\"https:\/\/www.africa-press.net\/congo-brazzaville\/economie\/interdiction-dexportation-des-grumes-le-cad-invite-les-autorites-a-plus-de-tenacite#breadcrumb\",\"itemListElement\":[{\"@type\":\"ListItem\",\"position\":1,\"name\":\"Accueil\",\"item\":\"https:\/\/www.africa-press.net\/congo-brazzaville\/\"},{\"@type\":\"ListItem\",\"position\":2,\"name\":\"Interdiction d&rsquo;exportation des grumes : le CAD invite les autorit\u00e9s \u00e0 plus de t\u00e9nacit\u00e9\"}]},{\"@type\":\"WebSite\",\"@id\":\"https:\/\/www.africa-press.net\/congo-brazzaville\/#website\",\"url\":\"https:\/\/www.africa-press.net\/congo-brazzaville\/\",\"name\":\"Congo Brazzaville\",\"description\":\"Just another Africa News Agency Sites site\",\"potentialAction\":[{\"@type\":\"SearchAction\",\"target\":{\"@type\":\"EntryPoint\",\"urlTemplate\":\"https:\/\/www.africa-press.net\/congo-brazzaville\/?s={search_term_string}\"},\"query-input\":{\"@type\":\"PropertyValueSpecification\",\"valueRequired\":true,\"valueName\":\"search_term_string\"}}],\"inLanguage\":\"fr-FR\"},{\"@type\":\"Person\",\"@id\":\"https:\/\/www.africa-press.net\/congo-brazzaville\/#\/schema\/person\/2b1cf3cd81a31e3cd26889ca66d677f1\",\"name\":\"cfeditorfr\"}]}<\/script>\n<!-- \/ Yoast SEO Premium plugin. -->","yoast_head_json":{"title":"Interdiction d'exportation des grumes : le CAD invite les autorit\u00e9s \u00e0 plus de t\u00e9nacit\u00e9 - Congo Brazzaville","description":"Les membres du Centre d\u2019action pour le de\u0301veloppement (CAD) ont poursuivi, le 21 fe\u0301vrier devant les cadres du minist ...","robots":{"index":"index","follow":"follow","max-snippet":"max-snippet:-1","max-image-preview":"max-image-preview:large","max-video-preview":"max-video-preview:-1"},"canonical":"https:\/\/www.africa-press.net\/congo-brazzaville\/economie\/interdiction-dexportation-des-grumes-le-cad-invite-les-autorites-a-plus-de-tenacite","og_locale":"fr_FR","og_type":"article","og_title":"Interdiction d'exportation des grumes : le CAD invite les autorit\u00e9s \u00e0 plus de t\u00e9nacit\u00e9","og_description":"Les membres du Centre d\u2019action pour le de\u0301veloppement (CAD) ont poursuivi, le 21 fe\u0301vrier devant les cadres du minist ...","og_url":"https:\/\/www.africa-press.net\/congo-brazzaville\/economie\/interdiction-dexportation-des-grumes-le-cad-invite-les-autorites-a-plus-de-tenacite","og_site_name":"Congo Brazzaville","article_published_time":"2023-02-21T18:58:23+00:00","article_modified_time":"2023-02-21T20:07:53+00:00","og_image":[{"width":1155,"height":768,"url":"https:\/\/static.africa-press.net\/congo-brazzaville\/sites\/51\/2023\/02\/postQueueImg_1676993312.92.jpg","type":"image\/jpeg"}],"author":"cfeditorfr","twitter_card":"summary_large_image","twitter_misc":{"\u00c9crit par":"cfeditorfr","Dur\u00e9e de lecture estim\u00e9e":"4 minutes"},"schema":{"@context":"https:\/\/schema.org","@graph":[{"@type":"Article","@id":"https:\/\/www.africa-press.net\/congo-brazzaville\/economie\/interdiction-dexportation-des-grumes-le-cad-invite-les-autorites-a-plus-de-tenacite#article","isPartOf":{"@id":"https:\/\/www.africa-press.net\/congo-brazzaville\/economie\/interdiction-dexportation-des-grumes-le-cad-invite-les-autorites-a-plus-de-tenacite"},"author":{"name":"cfeditorfr","@id":"https:\/\/www.africa-press.net\/congo-brazzaville\/#\/schema\/person\/2b1cf3cd81a31e3cd26889ca66d677f1"},"headline":"Interdiction d&rsquo;exportation des grumes : le CAD invite les autorit\u00e9s \u00e0 plus de t\u00e9nacit\u00e9","datePublished":"2023-02-21T18:58:23+00:00","dateModified":"2023-02-21T20:07:53+00:00","mainEntityOfPage":{"@id":"https:\/\/www.africa-press.net\/congo-brazzaville\/economie\/interdiction-dexportation-des-grumes-le-cad-invite-les-autorites-a-plus-de-tenacite"},"wordCount":842,"commentCount":0,"image":{"@id":"https:\/\/www.africa-press.net\/congo-brazzaville\/economie\/interdiction-dexportation-des-grumes-le-cad-invite-les-autorites-a-plus-de-tenacite#primaryimage"},"thumbnailUrl":"https:\/\/static.africa-press.net\/congo-brazzaville\/sites\/51\/2023\/02\/postQueueImg_1676993312.92.jpg","keywords":["Africa Press","Africa Press-Congo Brazzaville","Congo Brazzaville"],"articleSection":["\u00c9conomie","Toutes les actualit\u00e9s"],"inLanguage":"fr-FR","potentialAction":[{"@type":"CommentAction","name":"Comment","target":["https:\/\/www.africa-press.net\/congo-brazzaville\/economie\/interdiction-dexportation-des-grumes-le-cad-invite-les-autorites-a-plus-de-tenacite#respond"]}]},{"@type":"WebPage","@id":"https:\/\/www.africa-press.net\/congo-brazzaville\/economie\/interdiction-dexportation-des-grumes-le-cad-invite-les-autorites-a-plus-de-tenacite","url":"https:\/\/www.africa-press.net\/congo-brazzaville\/economie\/interdiction-dexportation-des-grumes-le-cad-invite-les-autorites-a-plus-de-tenacite","name":"Interdiction d'exportation des grumes : le CAD invite les autorit\u00e9s \u00e0 plus de t\u00e9nacit\u00e9 - Congo Brazzaville","isPartOf":{"@id":"https:\/\/www.africa-press.net\/congo-brazzaville\/#website"},"primaryImageOfPage":{"@id":"https:\/\/www.africa-press.net\/congo-brazzaville\/economie\/interdiction-dexportation-des-grumes-le-cad-invite-les-autorites-a-plus-de-tenacite#primaryimage"},"image":{"@id":"https:\/\/www.africa-press.net\/congo-brazzaville\/economie\/interdiction-dexportation-des-grumes-le-cad-invite-les-autorites-a-plus-de-tenacite#primaryimage"},"thumbnailUrl":"https:\/\/static.africa-press.net\/congo-brazzaville\/sites\/51\/2023\/02\/postQueueImg_1676993312.92.jpg","datePublished":"2023-02-21T18:58:23+00:00","dateModified":"2023-02-21T20:07:53+00:00","author":{"@id":"https:\/\/www.africa-press.net\/congo-brazzaville\/#\/schema\/person\/2b1cf3cd81a31e3cd26889ca66d677f1"},"description":"Les membres du Centre d\u2019action pour le de\u0301veloppement (CAD) ont poursuivi, le 21 fe\u0301vrier devant les cadres du minist ...","breadcrumb":{"@id":"https:\/\/www.africa-press.net\/congo-brazzaville\/economie\/interdiction-dexportation-des-grumes-le-cad-invite-les-autorites-a-plus-de-tenacite#breadcrumb"},"inLanguage":"fr-FR","potentialAction":[{"@type":"ReadAction","target":["https:\/\/www.africa-press.net\/congo-brazzaville\/economie\/interdiction-dexportation-des-grumes-le-cad-invite-les-autorites-a-plus-de-tenacite"]}]},{"@type":"ImageObject","inLanguage":"fr-FR","@id":"https:\/\/www.africa-press.net\/congo-brazzaville\/economie\/interdiction-dexportation-des-grumes-le-cad-invite-les-autorites-a-plus-de-tenacite#primaryimage","url":"https:\/\/static.africa-press.net\/congo-brazzaville\/sites\/51\/2023\/02\/postQueueImg_1676993312.92.jpg","contentUrl":"https:\/\/static.africa-press.net\/congo-brazzaville\/sites\/51\/2023\/02\/postQueueImg_1676993312.92.jpg","width":1155,"height":768,"caption":"Interdiction d'exportation des grumes : le CAD invite les autorit\u00e9s \u00e0 plus de t\u00e9nacit\u00e9"},{"@type":"BreadcrumbList","@id":"https:\/\/www.africa-press.net\/congo-brazzaville\/economie\/interdiction-dexportation-des-grumes-le-cad-invite-les-autorites-a-plus-de-tenacite#breadcrumb","itemListElement":[{"@type":"ListItem","position":1,"name":"Accueil","item":"https:\/\/www.africa-press.net\/congo-brazzaville\/"},{"@type":"ListItem","position":2,"name":"Interdiction d&rsquo;exportation des grumes : le CAD invite les autorit\u00e9s \u00e0 plus de t\u00e9nacit\u00e9"}]},{"@type":"WebSite","@id":"https:\/\/www.africa-press.net\/congo-brazzaville\/#website","url":"https:\/\/www.africa-press.net\/congo-brazzaville\/","name":"Congo Brazzaville","description":"Just another Africa News Agency Sites site","potentialAction":[{"@type":"SearchAction","target":{"@type":"EntryPoint","urlTemplate":"https:\/\/www.africa-press.net\/congo-brazzaville\/?s={search_term_string}"},"query-input":{"@type":"PropertyValueSpecification","valueRequired":true,"valueName":"search_term_string"}}],"inLanguage":"fr-FR"},{"@type":"Person","@id":"https:\/\/www.africa-press.net\/congo-brazzaville\/#\/schema\/person\/2b1cf3cd81a31e3cd26889ca66d677f1","name":"cfeditorfr"}]}},"_links":{"self":[{"href":"https:\/\/www.africa-press.net\/congo-brazzaville\/wp-json\/wp\/v2\/posts\/14663","targetHints":{"allow":["GET"]}}],"collection":[{"href":"https:\/\/www.africa-press.net\/congo-brazzaville\/wp-json\/wp\/v2\/posts"}],"about":[{"href":"https:\/\/www.africa-press.net\/congo-brazzaville\/wp-json\/wp\/v2\/types\/post"}],"author":[{"embeddable":true,"href":"https:\/\/www.africa-press.net\/congo-brazzaville\/wp-json\/wp\/v2\/users\/82"}],"replies":[{"embeddable":true,"href":"https:\/\/www.africa-press.net\/congo-brazzaville\/wp-json\/wp\/v2\/comments?post=14663"}],"version-history":[{"count":0,"href":"https:\/\/www.africa-press.net\/congo-brazzaville\/wp-json\/wp\/v2\/posts\/14663\/revisions"}],"wp:featuredmedia":[{"embeddable":true,"href":"https:\/\/www.africa-press.net\/congo-brazzaville\/wp-json\/wp\/v2\/media\/14662"}],"wp:attachment":[{"href":"https:\/\/www.africa-press.net\/congo-brazzaville\/wp-json\/wp\/v2\/media?parent=14663"}],"wp:term":[{"taxonomy":"category","embeddable":true,"href":"https:\/\/www.africa-press.net\/congo-brazzaville\/wp-json\/wp\/v2\/categories?post=14663"},{"taxonomy":"post_tag","embeddable":true,"href":"https:\/\/www.africa-press.net\/congo-brazzaville\/wp-json\/wp\/v2\/tags?post=14663"}],"curies":[{"name":"wp","href":"https:\/\/api.w.org\/{rel}","templated":true}]}}