{"id":14665,"date":"2023-02-21T18:58:57","date_gmt":"2023-02-21T18:58:57","guid":{"rendered":"https:\/\/www.africa-press.net\/congo-brazzaville\/politique\/enseignement-general-les-syndicats-reviennent-sur-leurs-revendications"},"modified":"2023-02-21T20:08:15","modified_gmt":"2023-02-21T20:08:15","slug":"enseignement-general-les-syndicats-reviennent-sur-leurs-revendications","status":"publish","type":"post","link":"https:\/\/www.africa-press.net\/congo-brazzaville\/toutes-les-actualites\/enseignement-general-les-syndicats-reviennent-sur-leurs-revendications","title":{"rendered":"Enseignement g\u00e9n\u00e9ral : les syndicats reviennent sur leurs r\u00e9vendications"},"content":{"rendered":"<p><span style=\"color: #ff6600\"><strong>Africa-Press &#8211; Congo Brazzaville. <\/strong><\/span>Re\u0301unies en session extraordinaire le 20 fe\u0301vrier a\u0300 Brazzaville, les Forces unies des syndicats de l\u2019enseignement du Congo ont donne\u0301 le mot d\u2019ordre de gre\u0300ve qui devrait entrer en vigueur le 21 fe\u0301vrier sur toute l\u2019e\u0301tendue du territoire national jusqu\u2019a\u0300 la satisfaction inte\u0301grale de leurs revendications. Sur le terrain, la gre\u0300ve n&rsquo;a pas e\u0301te\u0301 constate\u0301e car il y a eu cours dans les e\u0301tablissements scolaires.<\/p>\n<p>Les syndicats re\u0301clament, en effet, le paiement inte\u0301gral des rappels de solde d\u2019activite\u0301s dus aux enseignants dont la dernie\u0300re paie date de de\u0301cembre 2020, la publication de l\u2019arre\u0302te\u0301 interministe\u0301riel fixant les montants, primes et indemnite\u0301s dus aux enseignants. \u00ab La publication de tous les textes des enseignants e\u0301gare\u0301s, sans motif re\u0301el, dans le circuit d\u2019approbation \u00bb, souligne la de\u0301claration des Forces unies des syndicats de l\u2019enseignement du Congo, rendue publique le 20 fe\u0301vrier dans la capitale et signe\u0301e par douze repre\u0301sentants des diffe\u0301rents syndicats de cette plate-forme.<\/p>\n<p>Les syndicats re\u0301clament, par ailleurs, la publication d\u2019un quota convergent d\u2019inte\u0301gration des enseignants volontaires, communautaires et finalistes non affecte\u0301s&#8230;<\/p>\n<p><strong>Pour plus d&rsquo;informations et d&rsquo;analyses sur la <a href=\"https:\/\/www.africa-press.net\/congo-brazzaville\">Congo Brazzaville<\/a>, suivez <a href=\"https:\/\/www.africa-press.net\/\">Africa-Press<\/a><\/strong><\/p>\n","protected":false},"excerpt":{"rendered":"<p>Africa-Press &#8211; Congo Brazzaville. Re\u0301unies en session extraordinaire le 20 fe\u0301vrier a\u0300 Brazzaville, les Forces unies des syndicats de l\u2019enseignement du Congo ont donne\u0301 le mot d\u2019ordre de gre\u0300ve qui devrait entrer en vigueur le 21 fe\u0301vrier sur toute l\u2019e\u0301tendue du territoire national jusqu\u2019a\u0300 la satisfaction inte\u0301grale de leurs revendications. Sur le terrain, la gre\u0300ve [&hellip;]<\/p>\n","protected":false},"author":82,"featured_media":14664,"comment_status":"open","ping_status":"closed","sticky":false,"template":"","format":"standard","meta":{"footnotes":""},"categories":[21,10],"tags":[36,47,46],"class_list":["post-14665","post","type-post","status-publish","format-standard","has-post-thumbnail","hentry","category-communaute","category-toutes-les-actualites","tag-africa-press","tag-africa-press-congo-brazzaville","tag-congo-brazzaville"],"yoast_head":"<!-- This site is optimized with the Yoast SEO Premium plugin v26.1 (Yoast SEO v27.0) - https:\/\/yoast.com\/product\/yoast-seo-premium-wordpress\/ -->\n<title>Enseignement g\u00e9n\u00e9ral : les syndicats reviennent sur leurs r\u00e9vendications - Congo Brazzaville<\/title>\n<meta name=\"description\" content=\"Re\u0301unies en session extraordinaire le 20 fe\u0301vrier a\u0300 Brazzaville, les Forces unies des syndicats de l\u2019enseignement du Co ...\" \/>\n<meta name=\"robots\" content=\"index, follow, max-snippet:-1, max-image-preview:large, max-video-preview:-1\" \/>\n<link rel=\"canonical\" href=\"https:\/\/www.africa-press.net\/congo-brazzaville\/toutes-les-actualites\/enseignement-general-les-syndicats-reviennent-sur-leurs-revendications\" \/>\n<meta property=\"og:locale\" content=\"fr_FR\" \/>\n<meta property=\"og:type\" content=\"article\" \/>\n<meta property=\"og:title\" content=\"Enseignement g\u00e9n\u00e9ral : les syndicats reviennent sur leurs r\u00e9vendications\" \/>\n<meta property=\"og:description\" content=\"Re\u0301unies en session extraordinaire le 20 fe\u0301vrier a\u0300 Brazzaville, les Forces unies des syndicats de l\u2019enseignement du Co ...\" \/>\n<meta property=\"og:url\" content=\"https:\/\/www.africa-press.net\/congo-brazzaville\/toutes-les-actualites\/enseignement-general-les-syndicats-reviennent-sur-leurs-revendications\" \/>\n<meta property=\"og:site_name\" content=\"Congo Brazzaville\" \/>\n<meta property=\"article:published_time\" content=\"2023-02-21T18:58:57+00:00\" \/>\n<meta property=\"article:modified_time\" content=\"2023-02-21T20:08:15+00:00\" \/>\n<meta property=\"og:image\" content=\"https:\/\/static.africa-press.net\/congo-brazzaville\/sites\/51\/2023\/02\/postQueueImg_1676993343.90.jpg\" \/>\n\t<meta property=\"og:image:width\" content=\"720\" \/>\n\t<meta property=\"og:image:height\" content=\"353\" \/>\n\t<meta property=\"og:image:type\" content=\"image\/jpeg\" \/>\n<meta name=\"author\" content=\"cfeditorfr\" \/>\n<meta name=\"twitter:card\" content=\"summary_large_image\" \/>\n<meta name=\"twitter:label1\" content=\"\u00c9crit par\" \/>\n\t<meta name=\"twitter:data1\" content=\"cfeditorfr\" \/>\n\t<meta name=\"twitter:label2\" content=\"Dur\u00e9e de lecture estim\u00e9e\" \/>\n\t<meta name=\"twitter:data2\" content=\"1 minute\" \/>\n<script type=\"application\/ld+json\" class=\"yoast-schema-graph\">{\"@context\":\"https:\/\/schema.org\",\"@graph\":[{\"@type\":\"Article\",\"@id\":\"https:\/\/www.africa-press.net\/congo-brazzaville\/toutes-les-actualites\/enseignement-general-les-syndicats-reviennent-sur-leurs-revendications#article\",\"isPartOf\":{\"@id\":\"https:\/\/www.africa-press.net\/congo-brazzaville\/toutes-les-actualites\/enseignement-general-les-syndicats-reviennent-sur-leurs-revendications\"},\"author\":{\"name\":\"cfeditorfr\",\"@id\":\"https:\/\/www.africa-press.net\/congo-brazzaville\/#\/schema\/person\/2b1cf3cd81a31e3cd26889ca66d677f1\"},\"headline\":\"Enseignement g\u00e9n\u00e9ral : les syndicats reviennent sur leurs r\u00e9vendications\",\"datePublished\":\"2023-02-21T18:58:57+00:00\",\"dateModified\":\"2023-02-21T20:08:15+00:00\",\"mainEntityOfPage\":{\"@id\":\"https:\/\/www.africa-press.net\/congo-brazzaville\/toutes-les-actualites\/enseignement-general-les-syndicats-reviennent-sur-leurs-revendications\"},\"wordCount\":233,\"commentCount\":0,\"image\":{\"@id\":\"https:\/\/www.africa-press.net\/congo-brazzaville\/toutes-les-actualites\/enseignement-general-les-syndicats-reviennent-sur-leurs-revendications#primaryimage\"},\"thumbnailUrl\":\"https:\/\/static.africa-press.net\/congo-brazzaville\/sites\/51\/2023\/02\/postQueueImg_1676993343.90.jpg\",\"keywords\":[\"Africa Press\",\"Africa Press-Congo Brazzaville\",\"Congo Brazzaville\"],\"articleSection\":[\"Communaut\u00e9\",\"Toutes les actualit\u00e9s\"],\"inLanguage\":\"fr-FR\",\"potentialAction\":[{\"@type\":\"CommentAction\",\"name\":\"Comment\",\"target\":[\"https:\/\/www.africa-press.net\/congo-brazzaville\/toutes-les-actualites\/enseignement-general-les-syndicats-reviennent-sur-leurs-revendications#respond\"]}]},{\"@type\":\"WebPage\",\"@id\":\"https:\/\/www.africa-press.net\/congo-brazzaville\/toutes-les-actualites\/enseignement-general-les-syndicats-reviennent-sur-leurs-revendications\",\"url\":\"https:\/\/www.africa-press.net\/congo-brazzaville\/toutes-les-actualites\/enseignement-general-les-syndicats-reviennent-sur-leurs-revendications\",\"name\":\"Enseignement g\u00e9n\u00e9ral : les syndicats reviennent sur leurs r\u00e9vendications - Congo Brazzaville\",\"isPartOf\":{\"@id\":\"https:\/\/www.africa-press.net\/congo-brazzaville\/#website\"},\"primaryImageOfPage\":{\"@id\":\"https:\/\/www.africa-press.net\/congo-brazzaville\/toutes-les-actualites\/enseignement-general-les-syndicats-reviennent-sur-leurs-revendications#primaryimage\"},\"image\":{\"@id\":\"https:\/\/www.africa-press.net\/congo-brazzaville\/toutes-les-actualites\/enseignement-general-les-syndicats-reviennent-sur-leurs-revendications#primaryimage\"},\"thumbnailUrl\":\"https:\/\/static.africa-press.net\/congo-brazzaville\/sites\/51\/2023\/02\/postQueueImg_1676993343.90.jpg\",\"datePublished\":\"2023-02-21T18:58:57+00:00\",\"dateModified\":\"2023-02-21T20:08:15+00:00\",\"author\":{\"@id\":\"https:\/\/www.africa-press.net\/congo-brazzaville\/#\/schema\/person\/2b1cf3cd81a31e3cd26889ca66d677f1\"},\"description\":\"Re\u0301unies en session extraordinaire le 20 fe\u0301vrier a\u0300 Brazzaville, les Forces unies des syndicats de l\u2019enseignement du Co ...\",\"breadcrumb\":{\"@id\":\"https:\/\/www.africa-press.net\/congo-brazzaville\/toutes-les-actualites\/enseignement-general-les-syndicats-reviennent-sur-leurs-revendications#breadcrumb\"},\"inLanguage\":\"fr-FR\",\"potentialAction\":[{\"@type\":\"ReadAction\",\"target\":[\"https:\/\/www.africa-press.net\/congo-brazzaville\/toutes-les-actualites\/enseignement-general-les-syndicats-reviennent-sur-leurs-revendications\"]}]},{\"@type\":\"ImageObject\",\"inLanguage\":\"fr-FR\",\"@id\":\"https:\/\/www.africa-press.net\/congo-brazzaville\/toutes-les-actualites\/enseignement-general-les-syndicats-reviennent-sur-leurs-revendications#primaryimage\",\"url\":\"https:\/\/static.africa-press.net\/congo-brazzaville\/sites\/51\/2023\/02\/postQueueImg_1676993343.90.jpg\",\"contentUrl\":\"https:\/\/static.africa-press.net\/congo-brazzaville\/sites\/51\/2023\/02\/postQueueImg_1676993343.90.jpg\",\"width\":720,\"height\":353,\"caption\":\"Enseignement g\u00e9n\u00e9ral : les syndicats reviennent sur leurs r\u00e9vendications\"},{\"@type\":\"BreadcrumbList\",\"@id\":\"https:\/\/www.africa-press.net\/congo-brazzaville\/toutes-les-actualites\/enseignement-general-les-syndicats-reviennent-sur-leurs-revendications#breadcrumb\",\"itemListElement\":[{\"@type\":\"ListItem\",\"position\":1,\"name\":\"Accueil\",\"item\":\"https:\/\/www.africa-press.net\/congo-brazzaville\/\"},{\"@type\":\"ListItem\",\"position\":2,\"name\":\"Enseignement g\u00e9n\u00e9ral : les syndicats reviennent sur leurs r\u00e9vendications\"}]},{\"@type\":\"WebSite\",\"@id\":\"https:\/\/www.africa-press.net\/congo-brazzaville\/#website\",\"url\":\"https:\/\/www.africa-press.net\/congo-brazzaville\/\",\"name\":\"Congo Brazzaville\",\"description\":\"Just another Africa News Agency Sites site\",\"potentialAction\":[{\"@type\":\"SearchAction\",\"target\":{\"@type\":\"EntryPoint\",\"urlTemplate\":\"https:\/\/www.africa-press.net\/congo-brazzaville\/?s={search_term_string}\"},\"query-input\":{\"@type\":\"PropertyValueSpecification\",\"valueRequired\":true,\"valueName\":\"search_term_string\"}}],\"inLanguage\":\"fr-FR\"},{\"@type\":\"Person\",\"@id\":\"https:\/\/www.africa-press.net\/congo-brazzaville\/#\/schema\/person\/2b1cf3cd81a31e3cd26889ca66d677f1\",\"name\":\"cfeditorfr\"}]}<\/script>\n<!-- \/ Yoast SEO Premium plugin. -->","yoast_head_json":{"title":"Enseignement g\u00e9n\u00e9ral : les syndicats reviennent sur leurs r\u00e9vendications - Congo Brazzaville","description":"Re\u0301unies en session extraordinaire le 20 fe\u0301vrier a\u0300 Brazzaville, les Forces unies des syndicats de l\u2019enseignement du Co ...","robots":{"index":"index","follow":"follow","max-snippet":"max-snippet:-1","max-image-preview":"max-image-preview:large","max-video-preview":"max-video-preview:-1"},"canonical":"https:\/\/www.africa-press.net\/congo-brazzaville\/toutes-les-actualites\/enseignement-general-les-syndicats-reviennent-sur-leurs-revendications","og_locale":"fr_FR","og_type":"article","og_title":"Enseignement g\u00e9n\u00e9ral : les syndicats reviennent sur leurs r\u00e9vendications","og_description":"Re\u0301unies en session extraordinaire le 20 fe\u0301vrier a\u0300 Brazzaville, les Forces unies des syndicats de l\u2019enseignement du Co ...","og_url":"https:\/\/www.africa-press.net\/congo-brazzaville\/toutes-les-actualites\/enseignement-general-les-syndicats-reviennent-sur-leurs-revendications","og_site_name":"Congo Brazzaville","article_published_time":"2023-02-21T18:58:57+00:00","article_modified_time":"2023-02-21T20:08:15+00:00","og_image":[{"width":720,"height":353,"url":"https:\/\/static.africa-press.net\/congo-brazzaville\/sites\/51\/2023\/02\/postQueueImg_1676993343.90.jpg","type":"image\/jpeg"}],"author":"cfeditorfr","twitter_card":"summary_large_image","twitter_misc":{"\u00c9crit par":"cfeditorfr","Dur\u00e9e de lecture estim\u00e9e":"1 minute"},"schema":{"@context":"https:\/\/schema.org","@graph":[{"@type":"Article","@id":"https:\/\/www.africa-press.net\/congo-brazzaville\/toutes-les-actualites\/enseignement-general-les-syndicats-reviennent-sur-leurs-revendications#article","isPartOf":{"@id":"https:\/\/www.africa-press.net\/congo-brazzaville\/toutes-les-actualites\/enseignement-general-les-syndicats-reviennent-sur-leurs-revendications"},"author":{"name":"cfeditorfr","@id":"https:\/\/www.africa-press.net\/congo-brazzaville\/#\/schema\/person\/2b1cf3cd81a31e3cd26889ca66d677f1"},"headline":"Enseignement g\u00e9n\u00e9ral : les syndicats reviennent sur leurs r\u00e9vendications","datePublished":"2023-02-21T18:58:57+00:00","dateModified":"2023-02-21T20:08:15+00:00","mainEntityOfPage":{"@id":"https:\/\/www.africa-press.net\/congo-brazzaville\/toutes-les-actualites\/enseignement-general-les-syndicats-reviennent-sur-leurs-revendications"},"wordCount":233,"commentCount":0,"image":{"@id":"https:\/\/www.africa-press.net\/congo-brazzaville\/toutes-les-actualites\/enseignement-general-les-syndicats-reviennent-sur-leurs-revendications#primaryimage"},"thumbnailUrl":"https:\/\/static.africa-press.net\/congo-brazzaville\/sites\/51\/2023\/02\/postQueueImg_1676993343.90.jpg","keywords":["Africa Press","Africa Press-Congo Brazzaville","Congo Brazzaville"],"articleSection":["Communaut\u00e9","Toutes les actualit\u00e9s"],"inLanguage":"fr-FR","potentialAction":[{"@type":"CommentAction","name":"Comment","target":["https:\/\/www.africa-press.net\/congo-brazzaville\/toutes-les-actualites\/enseignement-general-les-syndicats-reviennent-sur-leurs-revendications#respond"]}]},{"@type":"WebPage","@id":"https:\/\/www.africa-press.net\/congo-brazzaville\/toutes-les-actualites\/enseignement-general-les-syndicats-reviennent-sur-leurs-revendications","url":"https:\/\/www.africa-press.net\/congo-brazzaville\/toutes-les-actualites\/enseignement-general-les-syndicats-reviennent-sur-leurs-revendications","name":"Enseignement g\u00e9n\u00e9ral : les syndicats reviennent sur leurs r\u00e9vendications - Congo Brazzaville","isPartOf":{"@id":"https:\/\/www.africa-press.net\/congo-brazzaville\/#website"},"primaryImageOfPage":{"@id":"https:\/\/www.africa-press.net\/congo-brazzaville\/toutes-les-actualites\/enseignement-general-les-syndicats-reviennent-sur-leurs-revendications#primaryimage"},"image":{"@id":"https:\/\/www.africa-press.net\/congo-brazzaville\/toutes-les-actualites\/enseignement-general-les-syndicats-reviennent-sur-leurs-revendications#primaryimage"},"thumbnailUrl":"https:\/\/static.africa-press.net\/congo-brazzaville\/sites\/51\/2023\/02\/postQueueImg_1676993343.90.jpg","datePublished":"2023-02-21T18:58:57+00:00","dateModified":"2023-02-21T20:08:15+00:00","author":{"@id":"https:\/\/www.africa-press.net\/congo-brazzaville\/#\/schema\/person\/2b1cf3cd81a31e3cd26889ca66d677f1"},"description":"Re\u0301unies en session extraordinaire le 20 fe\u0301vrier a\u0300 Brazzaville, les Forces unies des syndicats de l\u2019enseignement du Co ...","breadcrumb":{"@id":"https:\/\/www.africa-press.net\/congo-brazzaville\/toutes-les-actualites\/enseignement-general-les-syndicats-reviennent-sur-leurs-revendications#breadcrumb"},"inLanguage":"fr-FR","potentialAction":[{"@type":"ReadAction","target":["https:\/\/www.africa-press.net\/congo-brazzaville\/toutes-les-actualites\/enseignement-general-les-syndicats-reviennent-sur-leurs-revendications"]}]},{"@type":"ImageObject","inLanguage":"fr-FR","@id":"https:\/\/www.africa-press.net\/congo-brazzaville\/toutes-les-actualites\/enseignement-general-les-syndicats-reviennent-sur-leurs-revendications#primaryimage","url":"https:\/\/static.africa-press.net\/congo-brazzaville\/sites\/51\/2023\/02\/postQueueImg_1676993343.90.jpg","contentUrl":"https:\/\/static.africa-press.net\/congo-brazzaville\/sites\/51\/2023\/02\/postQueueImg_1676993343.90.jpg","width":720,"height":353,"caption":"Enseignement g\u00e9n\u00e9ral : les syndicats reviennent sur leurs r\u00e9vendications"},{"@type":"BreadcrumbList","@id":"https:\/\/www.africa-press.net\/congo-brazzaville\/toutes-les-actualites\/enseignement-general-les-syndicats-reviennent-sur-leurs-revendications#breadcrumb","itemListElement":[{"@type":"ListItem","position":1,"name":"Accueil","item":"https:\/\/www.africa-press.net\/congo-brazzaville\/"},{"@type":"ListItem","position":2,"name":"Enseignement g\u00e9n\u00e9ral : les syndicats reviennent sur leurs r\u00e9vendications"}]},{"@type":"WebSite","@id":"https:\/\/www.africa-press.net\/congo-brazzaville\/#website","url":"https:\/\/www.africa-press.net\/congo-brazzaville\/","name":"Congo Brazzaville","description":"Just another Africa News Agency Sites site","potentialAction":[{"@type":"SearchAction","target":{"@type":"EntryPoint","urlTemplate":"https:\/\/www.africa-press.net\/congo-brazzaville\/?s={search_term_string}"},"query-input":{"@type":"PropertyValueSpecification","valueRequired":true,"valueName":"search_term_string"}}],"inLanguage":"fr-FR"},{"@type":"Person","@id":"https:\/\/www.africa-press.net\/congo-brazzaville\/#\/schema\/person\/2b1cf3cd81a31e3cd26889ca66d677f1","name":"cfeditorfr"}]}},"_links":{"self":[{"href":"https:\/\/www.africa-press.net\/congo-brazzaville\/wp-json\/wp\/v2\/posts\/14665","targetHints":{"allow":["GET"]}}],"collection":[{"href":"https:\/\/www.africa-press.net\/congo-brazzaville\/wp-json\/wp\/v2\/posts"}],"about":[{"href":"https:\/\/www.africa-press.net\/congo-brazzaville\/wp-json\/wp\/v2\/types\/post"}],"author":[{"embeddable":true,"href":"https:\/\/www.africa-press.net\/congo-brazzaville\/wp-json\/wp\/v2\/users\/82"}],"replies":[{"embeddable":true,"href":"https:\/\/www.africa-press.net\/congo-brazzaville\/wp-json\/wp\/v2\/comments?post=14665"}],"version-history":[{"count":0,"href":"https:\/\/www.africa-press.net\/congo-brazzaville\/wp-json\/wp\/v2\/posts\/14665\/revisions"}],"wp:featuredmedia":[{"embeddable":true,"href":"https:\/\/www.africa-press.net\/congo-brazzaville\/wp-json\/wp\/v2\/media\/14664"}],"wp:attachment":[{"href":"https:\/\/www.africa-press.net\/congo-brazzaville\/wp-json\/wp\/v2\/media?parent=14665"}],"wp:term":[{"taxonomy":"category","embeddable":true,"href":"https:\/\/www.africa-press.net\/congo-brazzaville\/wp-json\/wp\/v2\/categories?post=14665"},{"taxonomy":"post_tag","embeddable":true,"href":"https:\/\/www.africa-press.net\/congo-brazzaville\/wp-json\/wp\/v2\/tags?post=14665"}],"curies":[{"name":"wp","href":"https:\/\/api.w.org\/{rel}","templated":true}]}}