{"id":14667,"date":"2023-02-21T19:10:00","date_gmt":"2023-02-21T19:10:00","guid":{"rendered":"https:\/\/www.africa-press.net\/congo-brazzaville\/politique\/cooperation-une-delegation-du-conseil-europeen-attendue-a-brazzaville"},"modified":"2023-02-21T20:08:40","modified_gmt":"2023-02-21T20:08:40","slug":"cooperation-une-delegation-du-conseil-europeen-attendue-a-brazzaville","status":"publish","type":"post","link":"https:\/\/www.africa-press.net\/congo-brazzaville\/politique\/cooperation-une-delegation-du-conseil-europeen-attendue-a-brazzaville","title":{"rendered":"Coop\u00e9ration : une d\u00e9l\u00e9gation du Conseil europ\u00e9en attendue \u00e0 Brazzaville"},"content":{"rendered":"<p><span style=\"color: #ff6600\"><strong>Africa-Press &#8211; Congo Brazzaville. <\/strong><\/span><b>Une importante de\u0301le\u0301gation du Conseil europe\u0301en effectuera, du 6 au 7 mars prochain, une mission spe\u0301ciale au Congo pour discuter avec les autorite\u0301s nationales de divers sujets d\u2019inte\u0301re\u0302t commun. <\/b><\/p>\n<p>Le chef de la de\u0301le\u0301gation de l\u2019Union europe\u0301enne au Congo, Giacomo Durazzo, a donne\u0301 l&rsquo;information au pre\u0301sident de l\u2019Assemble\u0301e nationale, Isidore Mvouba, le 21 fe\u0301vrier lors d\u2019un entretien. La de\u0301le\u0301gation du Conseil europe\u0301en, qui sera compose\u0301e d\u2019une trentaine de membres, va se\u0301journer a\u0300 Brazzaville pendant deux jours. De\u0300s le premier jour, elle sera rec\u0327ue par le pre\u0301sident de l\u2019Assemble\u0301e nationale avec qui des sujets divers seront de\u0301battus.<\/p>\n<p>Des discussions interactives entre les deux parties porteront, entre autres, sur les relations bilate\u0301rales entre l\u2019Union europe\u0301enne et le Congo, le partenariat global entre les deux parties, les relations internationales et la stabilite\u0301 re\u0301gionale.<\/p>\n<p>\u00ab Je suis venu informer le pre\u0301sident de l\u2019Assemble\u0301e nationale de la venue, sous peu, d\u2019une forte de\u0301le\u0301gation du Conseil europe\u0301en a\u0300 Brazzaville, qui nous a promis sa disponibilite\u0301 a\u0300 les rencontrer<b>. <\/b>L\u2019objectif de cette mission est de nouer des contacts avec le terrain, de contro\u0302ler les actions de l\u2019Union europe\u0301enne sur le terrain afin de mieux comprendre le partenariat \u00bb, a indique\u0301 le chef de la mission de l\u2019Union europe\u0301enne au Congo, Giacomo Durazzo.<\/p>\n<p>Il a pre\u0301cise\u0301 que le Conseil de l\u2019Union europe\u0301enne est constitue\u0301 d\u2019un certain nombre de groupes. Dans le cadre de la mission annonce\u0301e au Congo, deux groupes sont attendus, a\u0300 savoir le groupe Afrique sub-saharienne et le groupe Afrique-Carai\u0308bes-Pacifique.<\/p>\n<p>L\u2019ambassadeur de l\u2019Union europe\u0301enne en Re\u0301publique du Congo est en poste depuis deux ans. Il avait pre\u0301sente\u0301 ses lettres de cre\u0301ances au pre\u0301sident de la Re\u0301publique, Denis Sassou N\u2019Guesso, en septembre 2021.<\/p>\n<p><strong>Pour plus d&rsquo;informations et d&rsquo;analyses sur la <a href=\"https:\/\/www.africa-press.net\/congo-brazzaville\">Congo Brazzaville<\/a>, suivez <a href=\"https:\/\/www.africa-press.net\/\">Africa-Press<\/a><\/strong><\/p>\n","protected":false},"excerpt":{"rendered":"<p>Africa-Press &#8211; Congo Brazzaville. Une importante de\u0301le\u0301gation du Conseil europe\u0301en effectuera, du 6 au 7 mars prochain, une mission spe\u0301ciale au Congo pour discuter avec les autorite\u0301s nationales de divers sujets d\u2019inte\u0301re\u0302t commun. Le chef de la de\u0301le\u0301gation de l\u2019Union europe\u0301enne au Congo, Giacomo Durazzo, a donne\u0301 l&rsquo;information au pre\u0301sident de l\u2019Assemble\u0301e nationale, Isidore Mvouba, [&hellip;]<\/p>\n","protected":false},"author":82,"featured_media":14666,"comment_status":"open","ping_status":"closed","sticky":false,"template":"","format":"standard","meta":{"footnotes":""},"categories":[2,20,10],"tags":[36,47,46],"class_list":["post-14667","post","type-post","status-publish","format-standard","has-post-thumbnail","hentry","category-politique","category-top-nouvelles","category-toutes-les-actualites","tag-africa-press","tag-africa-press-congo-brazzaville","tag-congo-brazzaville"],"yoast_head":"<!-- This site is optimized with the Yoast SEO Premium plugin v26.1 (Yoast SEO v27.0) - https:\/\/yoast.com\/product\/yoast-seo-premium-wordpress\/ -->\n<title>Coop\u00e9ration : une d\u00e9l\u00e9gation du Conseil europ\u00e9en attendue \u00e0 Brazzaville - Congo Brazzaville<\/title>\n<meta name=\"description\" content=\"Une importante de\u0301le\u0301gation du Conseil europe\u0301en effectuera, du 6 au 7 mars prochain, une mission spe\u0301ciale au Congo ...\" \/>\n<meta name=\"robots\" content=\"index, follow, max-snippet:-1, max-image-preview:large, max-video-preview:-1\" \/>\n<link rel=\"canonical\" href=\"https:\/\/www.africa-press.net\/congo-brazzaville\/politique\/cooperation-une-delegation-du-conseil-europeen-attendue-a-brazzaville\" \/>\n<meta property=\"og:locale\" content=\"fr_FR\" \/>\n<meta property=\"og:type\" content=\"article\" \/>\n<meta property=\"og:title\" content=\"Coop\u00e9ration : une d\u00e9l\u00e9gation du Conseil europ\u00e9en attendue \u00e0 Brazzaville\" \/>\n<meta property=\"og:description\" content=\"Une importante de\u0301le\u0301gation du Conseil europe\u0301en effectuera, du 6 au 7 mars prochain, une mission spe\u0301ciale au Congo ...\" \/>\n<meta property=\"og:url\" content=\"https:\/\/www.africa-press.net\/congo-brazzaville\/politique\/cooperation-une-delegation-du-conseil-europeen-attendue-a-brazzaville\" \/>\n<meta property=\"og:site_name\" content=\"Congo Brazzaville\" \/>\n<meta property=\"article:published_time\" content=\"2023-02-21T19:10:00+00:00\" \/>\n<meta property=\"article:modified_time\" content=\"2023-02-21T20:08:40+00:00\" \/>\n<meta property=\"og:image\" content=\"https:\/\/static.africa-press.net\/congo-brazzaville\/sites\/51\/2023\/02\/postQueueImg_1676993377.91.jpg\" \/>\n\t<meta property=\"og:image:width\" content=\"1024\" \/>\n\t<meta property=\"og:image:height\" content=\"681\" \/>\n\t<meta property=\"og:image:type\" content=\"image\/jpeg\" \/>\n<meta name=\"author\" content=\"cfeditorfr\" \/>\n<meta name=\"twitter:card\" content=\"summary_large_image\" \/>\n<meta name=\"twitter:label1\" content=\"\u00c9crit par\" \/>\n\t<meta name=\"twitter:data1\" content=\"cfeditorfr\" \/>\n\t<meta name=\"twitter:label2\" content=\"Dur\u00e9e de lecture estim\u00e9e\" \/>\n\t<meta name=\"twitter:data2\" content=\"2 minutes\" \/>\n<script type=\"application\/ld+json\" class=\"yoast-schema-graph\">{\"@context\":\"https:\/\/schema.org\",\"@graph\":[{\"@type\":\"Article\",\"@id\":\"https:\/\/www.africa-press.net\/congo-brazzaville\/politique\/cooperation-une-delegation-du-conseil-europeen-attendue-a-brazzaville#article\",\"isPartOf\":{\"@id\":\"https:\/\/www.africa-press.net\/congo-brazzaville\/politique\/cooperation-une-delegation-du-conseil-europeen-attendue-a-brazzaville\"},\"author\":{\"name\":\"cfeditorfr\",\"@id\":\"https:\/\/www.africa-press.net\/congo-brazzaville\/#\/schema\/person\/2b1cf3cd81a31e3cd26889ca66d677f1\"},\"headline\":\"Coop\u00e9ration : une d\u00e9l\u00e9gation du Conseil europ\u00e9en attendue \u00e0 Brazzaville\",\"datePublished\":\"2023-02-21T19:10:00+00:00\",\"dateModified\":\"2023-02-21T20:08:40+00:00\",\"mainEntityOfPage\":{\"@id\":\"https:\/\/www.africa-press.net\/congo-brazzaville\/politique\/cooperation-une-delegation-du-conseil-europeen-attendue-a-brazzaville\"},\"wordCount\":361,\"commentCount\":0,\"image\":{\"@id\":\"https:\/\/www.africa-press.net\/congo-brazzaville\/politique\/cooperation-une-delegation-du-conseil-europeen-attendue-a-brazzaville#primaryimage\"},\"thumbnailUrl\":\"https:\/\/static.africa-press.net\/congo-brazzaville\/sites\/51\/2023\/02\/postQueueImg_1676993377.91.jpg\",\"keywords\":[\"Africa Press\",\"Africa Press-Congo Brazzaville\",\"Congo Brazzaville\"],\"articleSection\":[\"Politique\",\"Top Nouvelles\",\"Toutes les actualit\u00e9s\"],\"inLanguage\":\"fr-FR\",\"potentialAction\":[{\"@type\":\"CommentAction\",\"name\":\"Comment\",\"target\":[\"https:\/\/www.africa-press.net\/congo-brazzaville\/politique\/cooperation-une-delegation-du-conseil-europeen-attendue-a-brazzaville#respond\"]}]},{\"@type\":\"WebPage\",\"@id\":\"https:\/\/www.africa-press.net\/congo-brazzaville\/politique\/cooperation-une-delegation-du-conseil-europeen-attendue-a-brazzaville\",\"url\":\"https:\/\/www.africa-press.net\/congo-brazzaville\/politique\/cooperation-une-delegation-du-conseil-europeen-attendue-a-brazzaville\",\"name\":\"Coop\u00e9ration : une d\u00e9l\u00e9gation du Conseil europ\u00e9en attendue \u00e0 Brazzaville - Congo Brazzaville\",\"isPartOf\":{\"@id\":\"https:\/\/www.africa-press.net\/congo-brazzaville\/#website\"},\"primaryImageOfPage\":{\"@id\":\"https:\/\/www.africa-press.net\/congo-brazzaville\/politique\/cooperation-une-delegation-du-conseil-europeen-attendue-a-brazzaville#primaryimage\"},\"image\":{\"@id\":\"https:\/\/www.africa-press.net\/congo-brazzaville\/politique\/cooperation-une-delegation-du-conseil-europeen-attendue-a-brazzaville#primaryimage\"},\"thumbnailUrl\":\"https:\/\/static.africa-press.net\/congo-brazzaville\/sites\/51\/2023\/02\/postQueueImg_1676993377.91.jpg\",\"datePublished\":\"2023-02-21T19:10:00+00:00\",\"dateModified\":\"2023-02-21T20:08:40+00:00\",\"author\":{\"@id\":\"https:\/\/www.africa-press.net\/congo-brazzaville\/#\/schema\/person\/2b1cf3cd81a31e3cd26889ca66d677f1\"},\"description\":\"Une importante de\u0301le\u0301gation du Conseil europe\u0301en effectuera, du 6 au 7 mars prochain, une mission spe\u0301ciale au Congo ...\",\"breadcrumb\":{\"@id\":\"https:\/\/www.africa-press.net\/congo-brazzaville\/politique\/cooperation-une-delegation-du-conseil-europeen-attendue-a-brazzaville#breadcrumb\"},\"inLanguage\":\"fr-FR\",\"potentialAction\":[{\"@type\":\"ReadAction\",\"target\":[\"https:\/\/www.africa-press.net\/congo-brazzaville\/politique\/cooperation-une-delegation-du-conseil-europeen-attendue-a-brazzaville\"]}]},{\"@type\":\"ImageObject\",\"inLanguage\":\"fr-FR\",\"@id\":\"https:\/\/www.africa-press.net\/congo-brazzaville\/politique\/cooperation-une-delegation-du-conseil-europeen-attendue-a-brazzaville#primaryimage\",\"url\":\"https:\/\/static.africa-press.net\/congo-brazzaville\/sites\/51\/2023\/02\/postQueueImg_1676993377.91.jpg\",\"contentUrl\":\"https:\/\/static.africa-press.net\/congo-brazzaville\/sites\/51\/2023\/02\/postQueueImg_1676993377.91.jpg\",\"width\":1024,\"height\":681,\"caption\":\"Coop\u00e9ration : une d\u00e9l\u00e9gation du Conseil europ\u00e9en attendue \u00e0 Brazzaville\"},{\"@type\":\"BreadcrumbList\",\"@id\":\"https:\/\/www.africa-press.net\/congo-brazzaville\/politique\/cooperation-une-delegation-du-conseil-europeen-attendue-a-brazzaville#breadcrumb\",\"itemListElement\":[{\"@type\":\"ListItem\",\"position\":1,\"name\":\"Accueil\",\"item\":\"https:\/\/www.africa-press.net\/congo-brazzaville\/\"},{\"@type\":\"ListItem\",\"position\":2,\"name\":\"Coop\u00e9ration : une d\u00e9l\u00e9gation du Conseil europ\u00e9en attendue \u00e0 Brazzaville\"}]},{\"@type\":\"WebSite\",\"@id\":\"https:\/\/www.africa-press.net\/congo-brazzaville\/#website\",\"url\":\"https:\/\/www.africa-press.net\/congo-brazzaville\/\",\"name\":\"Congo Brazzaville\",\"description\":\"Just another Africa News Agency Sites site\",\"potentialAction\":[{\"@type\":\"SearchAction\",\"target\":{\"@type\":\"EntryPoint\",\"urlTemplate\":\"https:\/\/www.africa-press.net\/congo-brazzaville\/?s={search_term_string}\"},\"query-input\":{\"@type\":\"PropertyValueSpecification\",\"valueRequired\":true,\"valueName\":\"search_term_string\"}}],\"inLanguage\":\"fr-FR\"},{\"@type\":\"Person\",\"@id\":\"https:\/\/www.africa-press.net\/congo-brazzaville\/#\/schema\/person\/2b1cf3cd81a31e3cd26889ca66d677f1\",\"name\":\"cfeditorfr\"}]}<\/script>\n<!-- \/ Yoast SEO Premium plugin. -->","yoast_head_json":{"title":"Coop\u00e9ration : une d\u00e9l\u00e9gation du Conseil europ\u00e9en attendue \u00e0 Brazzaville - Congo Brazzaville","description":"Une importante de\u0301le\u0301gation du Conseil europe\u0301en effectuera, du 6 au 7 mars prochain, une mission spe\u0301ciale au Congo ...","robots":{"index":"index","follow":"follow","max-snippet":"max-snippet:-1","max-image-preview":"max-image-preview:large","max-video-preview":"max-video-preview:-1"},"canonical":"https:\/\/www.africa-press.net\/congo-brazzaville\/politique\/cooperation-une-delegation-du-conseil-europeen-attendue-a-brazzaville","og_locale":"fr_FR","og_type":"article","og_title":"Coop\u00e9ration : une d\u00e9l\u00e9gation du Conseil europ\u00e9en attendue \u00e0 Brazzaville","og_description":"Une importante de\u0301le\u0301gation du Conseil europe\u0301en effectuera, du 6 au 7 mars prochain, une mission spe\u0301ciale au Congo ...","og_url":"https:\/\/www.africa-press.net\/congo-brazzaville\/politique\/cooperation-une-delegation-du-conseil-europeen-attendue-a-brazzaville","og_site_name":"Congo Brazzaville","article_published_time":"2023-02-21T19:10:00+00:00","article_modified_time":"2023-02-21T20:08:40+00:00","og_image":[{"width":1024,"height":681,"url":"https:\/\/static.africa-press.net\/congo-brazzaville\/sites\/51\/2023\/02\/postQueueImg_1676993377.91.jpg","type":"image\/jpeg"}],"author":"cfeditorfr","twitter_card":"summary_large_image","twitter_misc":{"\u00c9crit par":"cfeditorfr","Dur\u00e9e de lecture estim\u00e9e":"2 minutes"},"schema":{"@context":"https:\/\/schema.org","@graph":[{"@type":"Article","@id":"https:\/\/www.africa-press.net\/congo-brazzaville\/politique\/cooperation-une-delegation-du-conseil-europeen-attendue-a-brazzaville#article","isPartOf":{"@id":"https:\/\/www.africa-press.net\/congo-brazzaville\/politique\/cooperation-une-delegation-du-conseil-europeen-attendue-a-brazzaville"},"author":{"name":"cfeditorfr","@id":"https:\/\/www.africa-press.net\/congo-brazzaville\/#\/schema\/person\/2b1cf3cd81a31e3cd26889ca66d677f1"},"headline":"Coop\u00e9ration : une d\u00e9l\u00e9gation du Conseil europ\u00e9en attendue \u00e0 Brazzaville","datePublished":"2023-02-21T19:10:00+00:00","dateModified":"2023-02-21T20:08:40+00:00","mainEntityOfPage":{"@id":"https:\/\/www.africa-press.net\/congo-brazzaville\/politique\/cooperation-une-delegation-du-conseil-europeen-attendue-a-brazzaville"},"wordCount":361,"commentCount":0,"image":{"@id":"https:\/\/www.africa-press.net\/congo-brazzaville\/politique\/cooperation-une-delegation-du-conseil-europeen-attendue-a-brazzaville#primaryimage"},"thumbnailUrl":"https:\/\/static.africa-press.net\/congo-brazzaville\/sites\/51\/2023\/02\/postQueueImg_1676993377.91.jpg","keywords":["Africa Press","Africa Press-Congo Brazzaville","Congo Brazzaville"],"articleSection":["Politique","Top Nouvelles","Toutes les actualit\u00e9s"],"inLanguage":"fr-FR","potentialAction":[{"@type":"CommentAction","name":"Comment","target":["https:\/\/www.africa-press.net\/congo-brazzaville\/politique\/cooperation-une-delegation-du-conseil-europeen-attendue-a-brazzaville#respond"]}]},{"@type":"WebPage","@id":"https:\/\/www.africa-press.net\/congo-brazzaville\/politique\/cooperation-une-delegation-du-conseil-europeen-attendue-a-brazzaville","url":"https:\/\/www.africa-press.net\/congo-brazzaville\/politique\/cooperation-une-delegation-du-conseil-europeen-attendue-a-brazzaville","name":"Coop\u00e9ration : une d\u00e9l\u00e9gation du Conseil europ\u00e9en attendue \u00e0 Brazzaville - Congo Brazzaville","isPartOf":{"@id":"https:\/\/www.africa-press.net\/congo-brazzaville\/#website"},"primaryImageOfPage":{"@id":"https:\/\/www.africa-press.net\/congo-brazzaville\/politique\/cooperation-une-delegation-du-conseil-europeen-attendue-a-brazzaville#primaryimage"},"image":{"@id":"https:\/\/www.africa-press.net\/congo-brazzaville\/politique\/cooperation-une-delegation-du-conseil-europeen-attendue-a-brazzaville#primaryimage"},"thumbnailUrl":"https:\/\/static.africa-press.net\/congo-brazzaville\/sites\/51\/2023\/02\/postQueueImg_1676993377.91.jpg","datePublished":"2023-02-21T19:10:00+00:00","dateModified":"2023-02-21T20:08:40+00:00","author":{"@id":"https:\/\/www.africa-press.net\/congo-brazzaville\/#\/schema\/person\/2b1cf3cd81a31e3cd26889ca66d677f1"},"description":"Une importante de\u0301le\u0301gation du Conseil europe\u0301en effectuera, du 6 au 7 mars prochain, une mission spe\u0301ciale au Congo ...","breadcrumb":{"@id":"https:\/\/www.africa-press.net\/congo-brazzaville\/politique\/cooperation-une-delegation-du-conseil-europeen-attendue-a-brazzaville#breadcrumb"},"inLanguage":"fr-FR","potentialAction":[{"@type":"ReadAction","target":["https:\/\/www.africa-press.net\/congo-brazzaville\/politique\/cooperation-une-delegation-du-conseil-europeen-attendue-a-brazzaville"]}]},{"@type":"ImageObject","inLanguage":"fr-FR","@id":"https:\/\/www.africa-press.net\/congo-brazzaville\/politique\/cooperation-une-delegation-du-conseil-europeen-attendue-a-brazzaville#primaryimage","url":"https:\/\/static.africa-press.net\/congo-brazzaville\/sites\/51\/2023\/02\/postQueueImg_1676993377.91.jpg","contentUrl":"https:\/\/static.africa-press.net\/congo-brazzaville\/sites\/51\/2023\/02\/postQueueImg_1676993377.91.jpg","width":1024,"height":681,"caption":"Coop\u00e9ration : une d\u00e9l\u00e9gation du Conseil europ\u00e9en attendue \u00e0 Brazzaville"},{"@type":"BreadcrumbList","@id":"https:\/\/www.africa-press.net\/congo-brazzaville\/politique\/cooperation-une-delegation-du-conseil-europeen-attendue-a-brazzaville#breadcrumb","itemListElement":[{"@type":"ListItem","position":1,"name":"Accueil","item":"https:\/\/www.africa-press.net\/congo-brazzaville\/"},{"@type":"ListItem","position":2,"name":"Coop\u00e9ration : une d\u00e9l\u00e9gation du Conseil europ\u00e9en attendue \u00e0 Brazzaville"}]},{"@type":"WebSite","@id":"https:\/\/www.africa-press.net\/congo-brazzaville\/#website","url":"https:\/\/www.africa-press.net\/congo-brazzaville\/","name":"Congo Brazzaville","description":"Just another Africa News Agency Sites site","potentialAction":[{"@type":"SearchAction","target":{"@type":"EntryPoint","urlTemplate":"https:\/\/www.africa-press.net\/congo-brazzaville\/?s={search_term_string}"},"query-input":{"@type":"PropertyValueSpecification","valueRequired":true,"valueName":"search_term_string"}}],"inLanguage":"fr-FR"},{"@type":"Person","@id":"https:\/\/www.africa-press.net\/congo-brazzaville\/#\/schema\/person\/2b1cf3cd81a31e3cd26889ca66d677f1","name":"cfeditorfr"}]}},"_links":{"self":[{"href":"https:\/\/www.africa-press.net\/congo-brazzaville\/wp-json\/wp\/v2\/posts\/14667","targetHints":{"allow":["GET"]}}],"collection":[{"href":"https:\/\/www.africa-press.net\/congo-brazzaville\/wp-json\/wp\/v2\/posts"}],"about":[{"href":"https:\/\/www.africa-press.net\/congo-brazzaville\/wp-json\/wp\/v2\/types\/post"}],"author":[{"embeddable":true,"href":"https:\/\/www.africa-press.net\/congo-brazzaville\/wp-json\/wp\/v2\/users\/82"}],"replies":[{"embeddable":true,"href":"https:\/\/www.africa-press.net\/congo-brazzaville\/wp-json\/wp\/v2\/comments?post=14667"}],"version-history":[{"count":0,"href":"https:\/\/www.africa-press.net\/congo-brazzaville\/wp-json\/wp\/v2\/posts\/14667\/revisions"}],"wp:featuredmedia":[{"embeddable":true,"href":"https:\/\/www.africa-press.net\/congo-brazzaville\/wp-json\/wp\/v2\/media\/14666"}],"wp:attachment":[{"href":"https:\/\/www.africa-press.net\/congo-brazzaville\/wp-json\/wp\/v2\/media?parent=14667"}],"wp:term":[{"taxonomy":"category","embeddable":true,"href":"https:\/\/www.africa-press.net\/congo-brazzaville\/wp-json\/wp\/v2\/categories?post=14667"},{"taxonomy":"post_tag","embeddable":true,"href":"https:\/\/www.africa-press.net\/congo-brazzaville\/wp-json\/wp\/v2\/tags?post=14667"}],"curies":[{"name":"wp","href":"https:\/\/api.w.org\/{rel}","templated":true}]}}