{"id":14669,"date":"2023-02-21T18:59:00","date_gmt":"2023-02-21T18:59:00","guid":{"rendered":"https:\/\/www.africa-press.net\/congo-brazzaville\/politique\/congo-cote-divoire-un-forum-economique-culturel-et-touristique-prevu-en-mars-a-brazzaville"},"modified":"2023-02-21T20:08:59","modified_gmt":"2023-02-21T20:08:59","slug":"congo-cote-divoire-un-forum-economique-culturel-et-touristique-prevu-en-mars-a-brazzaville","status":"publish","type":"post","link":"https:\/\/www.africa-press.net\/congo-brazzaville\/politique\/congo-cote-divoire-un-forum-economique-culturel-et-touristique-prevu-en-mars-a-brazzaville","title":{"rendered":"Congo-C\u00f4te d\u2019Ivoire : un forum \u00e9conomique, culturel et touristique pr\u00e9vu en mars \u00e0 Brazzaville"},"content":{"rendered":"<p><span style=\"color: #ff6600\"><strong>Africa-Press &#8211; Congo Brazzaville. <\/strong><\/span><b>Le forum aura lieu du 22 au 24 mars au me\u0301morial Pierre-Savorgnan-de-Brazza. Il a e\u0301te\u0301 annonce\u0301 par l\u2019ambassadeur de Co\u0302te d\u2019Ivoire au Congo, Toure\u0301 ne\u0301e Kone Maman, a\u0300 l\u2019issue d\u2019un e\u0301change avec la directrice ge\u0301ne\u0301rale de ce me\u0301morial, Be\u0301linda Ayessa, le 20 fe\u0301vrier. <\/b><\/p>\n<p>L\u2019e\u0301change entre l\u2019ambassadeur de Co\u0302te d\u2019Ivoire et la directrice ge\u0301ne\u0301rale du me\u0301morial Pierre-Savorgnan-de-Brazza a porte\u0301 essentiellement sur le Forum e\u0301conomique, culturel et touristique qui aura lieu a\u0300 Brazzaville, sous le haut parrainage du Premier ministre, Anatole Collinet Makosso, sous l\u2019e\u0301gide du ministe\u0300re des Affaires e\u0301trange\u0300res de la Francophonie et des Congolais de l\u2019e\u0301tranger.<\/p>\n<p>Organise\u0301 par l\u2019ambassade de Co\u0302te d\u2019Ivoire en partenariat avec le Centre de promotion des investissements en Co\u0302te d\u2019Ivoire (Cepici), l\u2019Agence pour la promotion des investissements au Congo (API-Congo), la Chambre de commerce et d\u2019industrie de Co\u0302te d\u2019Ivoire (CCI-CI), la Chambre de commerce, d\u2019industrie, d\u2019agriculture des me\u0301tiers de Brazzaville (Cciamb) ainsi que le me\u0301morial Pierre-Savorgnan-de-Brazza, ce forum a pour but de faire la promotion e\u0301conomique de la Co\u0302te d\u2019Ivoire de manie\u0300re a\u0300 cre\u0301er des opportunite\u0301s d\u2019affaires, des de\u0301bouche\u0301s de partenariat pour les entreprises ivoiriennes au Congo tout en suscitant aupre\u0300s des ope\u0301rateurs e\u0301conomiques congolais un inte\u0301re\u0302t particulier pour des investissements en Co\u0302te-d\u2019Ivoire.<\/p>\n<p>Quant aux objectifs spe\u0301cifiques de ce forum, il s\u2019agira d\u2019informer les milieux d\u2019affaires pre\u0301sents au Congo par une communication d\u2019experts sur les opportunite\u0301s d\u2019investissements qu\u2019offre la Co\u0302te d\u2019Ivoire a\u0300 travers le Cepici, la CCI-CI, la Confe\u0301de\u0301ration ge\u0301ne\u0301rale des entreprises de Co\u0302te d\u2019Ivoire, le Bureau national d\u2019e\u0301tudes techniques et de de\u0301veloppement, le Centre national de recherche agronomique, l\u2019Agence nationale d\u2019appui au de\u0301veloppement rural, Co\u0302te d\u2019Ivoire tourisme et bien d\u2019autres structures du pays ; cre\u0301er un cadre permettant aux entreprises ivoiriennes de se faire connai\u0302tre, de faire des prospections, de de\u0301tecter des marche\u0301s et diffe\u0301rentes opportunite\u0301s d\u2019affaires pouvant favoriser le de\u0301veloppement de leurs structures ; proposer des offres dans le secteur agro-industriel qui puissent inte\u0301resser les Congolais ; pre\u0301senter les potentialite\u0301s de la Co\u0302te d\u2019Ivoire dans les domaines de l&rsquo;agriculture, de l&rsquo;e\u0301levage, de l&rsquo;enseignement supe\u0301rieur prive\u0301, la formation professionnelle et technique, le tourisme ; favoriser des e\u0301changes d\u2019expe\u0301riences et de partenariats entre les entreprises ivoiriennes et congolaises.<\/p>\n<p>Sont pre\u0301vus au cours de ce forum, une confe\u0301rence institutionnelle avec pour the\u0300me \u00ab Coope\u0301ration e\u0301conomique Co\u0302te d\u2019Ivoire- Congo : opportunite\u0301s et perspectives \u00bb ; des rencontres B to B pour des opportunite\u0301s d\u2019affaires et de financement ; des panels et ateliers the\u0301matiques anime\u0301s par des experts de haut niveau venant de Co\u0302te-d\u2019Ivoire et du Congo ; une exposition des produits \u00ab\u00a0Made in Co\u0302te d\u2019Ivoire\u201d ; le tout sanctionne\u0301 par un di\u0302ner gala (prestation humoristique et artistique). Prendront part des entrepreneurs, des industriels, des artisans, des commerc\u0327ants, des porteurs de projet.<\/p>\n<p>A titre de rappel, c\u2019est suite a\u0300 la signature de l\u2019Accord de la grande commission mixte en 1975, a\u0300 Yamoussoukro, que la premie\u0300re session de coope\u0301ration ivoiro-congolaise s\u2019est tenue les 21 et 22 novembre 2022 a\u0300 Abidjan. Elle avait enregistre\u0301 la signature de quinze accords de coope\u0301ration qui permettent de renforcer davantage le niveau de coope\u0301ration existant entre la Co\u0302te-d\u2019Ivoire et la Re\u0301publique du Congo. C\u2019est donc en vue de favoriser la mise en \u0153uvre desdits accords et de faire la promotion e\u0301conomique de la Co\u0302te-d\u2019Ivoire au Congo que ce forum est organise\u0301.<\/p>\n<p><strong>Pour plus d&rsquo;informations et d&rsquo;analyses sur la <a href=\"https:\/\/www.africa-press.net\/congo-brazzaville\">Congo Brazzaville<\/a>, suivez <a href=\"https:\/\/www.africa-press.net\/\">Africa-Press<\/a><\/strong><\/p>\n","protected":false},"excerpt":{"rendered":"<p>Africa-Press &#8211; Congo Brazzaville. Le forum aura lieu du 22 au 24 mars au me\u0301morial Pierre-Savorgnan-de-Brazza. Il a e\u0301te\u0301 annonce\u0301 par l\u2019ambassadeur de Co\u0302te d\u2019Ivoire au Congo, Toure\u0301 ne\u0301e Kone Maman, a\u0300 l\u2019issue d\u2019un e\u0301change avec la directrice ge\u0301ne\u0301rale de ce me\u0301morial, Be\u0301linda Ayessa, le 20 fe\u0301vrier. L\u2019e\u0301change entre l\u2019ambassadeur de Co\u0302te d\u2019Ivoire et la [&hellip;]<\/p>\n","protected":false},"author":82,"featured_media":14668,"comment_status":"open","ping_status":"closed","sticky":false,"template":"","format":"standard","meta":{"footnotes":""},"categories":[2,10],"tags":[36,47,46],"class_list":["post-14669","post","type-post","status-publish","format-standard","has-post-thumbnail","hentry","category-politique","category-toutes-les-actualites","tag-africa-press","tag-africa-press-congo-brazzaville","tag-congo-brazzaville"],"yoast_head":"<!-- This site is optimized with the Yoast SEO Premium plugin v26.1 (Yoast SEO v27.0) - https:\/\/yoast.com\/product\/yoast-seo-premium-wordpress\/ -->\n<title>Congo-C\u00f4te d\u2019Ivoire : un forum \u00e9conomique, culturel et touristique pr\u00e9vu en mars \u00e0 Brazzaville - Congo Brazzaville<\/title>\n<meta name=\"description\" content=\"Le forum aura lieu du 22 au 24 mars au me\u0301morial Pierre-Savorgnan-de-Brazza. Il a e\u0301te\u0301 annonce\u0301 par l\u2019ambassadeur de ...\" \/>\n<meta name=\"robots\" content=\"index, follow, max-snippet:-1, max-image-preview:large, max-video-preview:-1\" \/>\n<link rel=\"canonical\" href=\"https:\/\/www.africa-press.net\/congo-brazzaville\/politique\/congo-cote-divoire-un-forum-economique-culturel-et-touristique-prevu-en-mars-a-brazzaville\" \/>\n<meta property=\"og:locale\" content=\"fr_FR\" \/>\n<meta property=\"og:type\" content=\"article\" \/>\n<meta property=\"og:title\" content=\"Congo-C\u00f4te d\u2019Ivoire : un forum \u00e9conomique, culturel et touristique pr\u00e9vu en mars \u00e0 Brazzaville\" \/>\n<meta property=\"og:description\" content=\"Le forum aura lieu du 22 au 24 mars au me\u0301morial Pierre-Savorgnan-de-Brazza. Il a e\u0301te\u0301 annonce\u0301 par l\u2019ambassadeur de ...\" \/>\n<meta property=\"og:url\" content=\"https:\/\/www.africa-press.net\/congo-brazzaville\/politique\/congo-cote-divoire-un-forum-economique-culturel-et-touristique-prevu-en-mars-a-brazzaville\" \/>\n<meta property=\"og:site_name\" content=\"Congo Brazzaville\" \/>\n<meta property=\"article:published_time\" content=\"2023-02-21T18:59:00+00:00\" \/>\n<meta property=\"article:modified_time\" content=\"2023-02-21T20:08:59+00:00\" \/>\n<meta property=\"og:image\" content=\"https:\/\/static.africa-press.net\/congo-brazzaville\/sites\/51\/2023\/02\/postQueueImg_1676993372.39.jpg\" \/>\n\t<meta property=\"og:image:width\" content=\"791\" \/>\n\t<meta property=\"og:image:height\" content=\"540\" \/>\n\t<meta property=\"og:image:type\" content=\"image\/jpeg\" \/>\n<meta name=\"author\" content=\"cfeditorfr\" \/>\n<meta name=\"twitter:card\" content=\"summary_large_image\" \/>\n<meta name=\"twitter:label1\" content=\"\u00c9crit par\" \/>\n\t<meta name=\"twitter:data1\" content=\"cfeditorfr\" \/>\n\t<meta name=\"twitter:label2\" content=\"Dur\u00e9e de lecture estim\u00e9e\" \/>\n\t<meta name=\"twitter:data2\" content=\"3 minutes\" \/>\n<script type=\"application\/ld+json\" class=\"yoast-schema-graph\">{\"@context\":\"https:\/\/schema.org\",\"@graph\":[{\"@type\":\"Article\",\"@id\":\"https:\/\/www.africa-press.net\/congo-brazzaville\/politique\/congo-cote-divoire-un-forum-economique-culturel-et-touristique-prevu-en-mars-a-brazzaville#article\",\"isPartOf\":{\"@id\":\"https:\/\/www.africa-press.net\/congo-brazzaville\/politique\/congo-cote-divoire-un-forum-economique-culturel-et-touristique-prevu-en-mars-a-brazzaville\"},\"author\":{\"name\":\"cfeditorfr\",\"@id\":\"https:\/\/www.africa-press.net\/congo-brazzaville\/#\/schema\/person\/2b1cf3cd81a31e3cd26889ca66d677f1\"},\"headline\":\"Congo-C\u00f4te d\u2019Ivoire : un forum \u00e9conomique, culturel et touristique pr\u00e9vu en mars \u00e0 Brazzaville\",\"datePublished\":\"2023-02-21T18:59:00+00:00\",\"dateModified\":\"2023-02-21T20:08:59+00:00\",\"mainEntityOfPage\":{\"@id\":\"https:\/\/www.africa-press.net\/congo-brazzaville\/politique\/congo-cote-divoire-un-forum-economique-culturel-et-touristique-prevu-en-mars-a-brazzaville\"},\"wordCount\":688,\"commentCount\":0,\"image\":{\"@id\":\"https:\/\/www.africa-press.net\/congo-brazzaville\/politique\/congo-cote-divoire-un-forum-economique-culturel-et-touristique-prevu-en-mars-a-brazzaville#primaryimage\"},\"thumbnailUrl\":\"https:\/\/static.africa-press.net\/congo-brazzaville\/sites\/51\/2023\/02\/postQueueImg_1676993372.39.jpg\",\"keywords\":[\"Africa Press\",\"Africa Press-Congo Brazzaville\",\"Congo Brazzaville\"],\"articleSection\":[\"Politique\",\"Toutes les actualit\u00e9s\"],\"inLanguage\":\"fr-FR\",\"potentialAction\":[{\"@type\":\"CommentAction\",\"name\":\"Comment\",\"target\":[\"https:\/\/www.africa-press.net\/congo-brazzaville\/politique\/congo-cote-divoire-un-forum-economique-culturel-et-touristique-prevu-en-mars-a-brazzaville#respond\"]}]},{\"@type\":\"WebPage\",\"@id\":\"https:\/\/www.africa-press.net\/congo-brazzaville\/politique\/congo-cote-divoire-un-forum-economique-culturel-et-touristique-prevu-en-mars-a-brazzaville\",\"url\":\"https:\/\/www.africa-press.net\/congo-brazzaville\/politique\/congo-cote-divoire-un-forum-economique-culturel-et-touristique-prevu-en-mars-a-brazzaville\",\"name\":\"Congo-C\u00f4te d\u2019Ivoire : un forum \u00e9conomique, culturel et touristique pr\u00e9vu en mars \u00e0 Brazzaville - Congo Brazzaville\",\"isPartOf\":{\"@id\":\"https:\/\/www.africa-press.net\/congo-brazzaville\/#website\"},\"primaryImageOfPage\":{\"@id\":\"https:\/\/www.africa-press.net\/congo-brazzaville\/politique\/congo-cote-divoire-un-forum-economique-culturel-et-touristique-prevu-en-mars-a-brazzaville#primaryimage\"},\"image\":{\"@id\":\"https:\/\/www.africa-press.net\/congo-brazzaville\/politique\/congo-cote-divoire-un-forum-economique-culturel-et-touristique-prevu-en-mars-a-brazzaville#primaryimage\"},\"thumbnailUrl\":\"https:\/\/static.africa-press.net\/congo-brazzaville\/sites\/51\/2023\/02\/postQueueImg_1676993372.39.jpg\",\"datePublished\":\"2023-02-21T18:59:00+00:00\",\"dateModified\":\"2023-02-21T20:08:59+00:00\",\"author\":{\"@id\":\"https:\/\/www.africa-press.net\/congo-brazzaville\/#\/schema\/person\/2b1cf3cd81a31e3cd26889ca66d677f1\"},\"description\":\"Le forum aura lieu du 22 au 24 mars au me\u0301morial Pierre-Savorgnan-de-Brazza. Il a e\u0301te\u0301 annonce\u0301 par l\u2019ambassadeur de ...\",\"breadcrumb\":{\"@id\":\"https:\/\/www.africa-press.net\/congo-brazzaville\/politique\/congo-cote-divoire-un-forum-economique-culturel-et-touristique-prevu-en-mars-a-brazzaville#breadcrumb\"},\"inLanguage\":\"fr-FR\",\"potentialAction\":[{\"@type\":\"ReadAction\",\"target\":[\"https:\/\/www.africa-press.net\/congo-brazzaville\/politique\/congo-cote-divoire-un-forum-economique-culturel-et-touristique-prevu-en-mars-a-brazzaville\"]}]},{\"@type\":\"ImageObject\",\"inLanguage\":\"fr-FR\",\"@id\":\"https:\/\/www.africa-press.net\/congo-brazzaville\/politique\/congo-cote-divoire-un-forum-economique-culturel-et-touristique-prevu-en-mars-a-brazzaville#primaryimage\",\"url\":\"https:\/\/static.africa-press.net\/congo-brazzaville\/sites\/51\/2023\/02\/postQueueImg_1676993372.39.jpg\",\"contentUrl\":\"https:\/\/static.africa-press.net\/congo-brazzaville\/sites\/51\/2023\/02\/postQueueImg_1676993372.39.jpg\",\"width\":791,\"height\":540,\"caption\":\"Congo-C\u00f4te d\u2019Ivoire : un forum \u00e9conomique, culturel et touristique pr\u00e9vu en mars \u00e0 Brazzaville\"},{\"@type\":\"BreadcrumbList\",\"@id\":\"https:\/\/www.africa-press.net\/congo-brazzaville\/politique\/congo-cote-divoire-un-forum-economique-culturel-et-touristique-prevu-en-mars-a-brazzaville#breadcrumb\",\"itemListElement\":[{\"@type\":\"ListItem\",\"position\":1,\"name\":\"Accueil\",\"item\":\"https:\/\/www.africa-press.net\/congo-brazzaville\/\"},{\"@type\":\"ListItem\",\"position\":2,\"name\":\"Congo-C\u00f4te d\u2019Ivoire : un forum \u00e9conomique, culturel et touristique pr\u00e9vu en mars \u00e0 Brazzaville\"}]},{\"@type\":\"WebSite\",\"@id\":\"https:\/\/www.africa-press.net\/congo-brazzaville\/#website\",\"url\":\"https:\/\/www.africa-press.net\/congo-brazzaville\/\",\"name\":\"Congo Brazzaville\",\"description\":\"Just another Africa News Agency Sites site\",\"potentialAction\":[{\"@type\":\"SearchAction\",\"target\":{\"@type\":\"EntryPoint\",\"urlTemplate\":\"https:\/\/www.africa-press.net\/congo-brazzaville\/?s={search_term_string}\"},\"query-input\":{\"@type\":\"PropertyValueSpecification\",\"valueRequired\":true,\"valueName\":\"search_term_string\"}}],\"inLanguage\":\"fr-FR\"},{\"@type\":\"Person\",\"@id\":\"https:\/\/www.africa-press.net\/congo-brazzaville\/#\/schema\/person\/2b1cf3cd81a31e3cd26889ca66d677f1\",\"name\":\"cfeditorfr\"}]}<\/script>\n<!-- \/ Yoast SEO Premium plugin. -->","yoast_head_json":{"title":"Congo-C\u00f4te d\u2019Ivoire : un forum \u00e9conomique, culturel et touristique pr\u00e9vu en mars \u00e0 Brazzaville - Congo Brazzaville","description":"Le forum aura lieu du 22 au 24 mars au me\u0301morial Pierre-Savorgnan-de-Brazza. Il a e\u0301te\u0301 annonce\u0301 par l\u2019ambassadeur de ...","robots":{"index":"index","follow":"follow","max-snippet":"max-snippet:-1","max-image-preview":"max-image-preview:large","max-video-preview":"max-video-preview:-1"},"canonical":"https:\/\/www.africa-press.net\/congo-brazzaville\/politique\/congo-cote-divoire-un-forum-economique-culturel-et-touristique-prevu-en-mars-a-brazzaville","og_locale":"fr_FR","og_type":"article","og_title":"Congo-C\u00f4te d\u2019Ivoire : un forum \u00e9conomique, culturel et touristique pr\u00e9vu en mars \u00e0 Brazzaville","og_description":"Le forum aura lieu du 22 au 24 mars au me\u0301morial Pierre-Savorgnan-de-Brazza. Il a e\u0301te\u0301 annonce\u0301 par l\u2019ambassadeur de ...","og_url":"https:\/\/www.africa-press.net\/congo-brazzaville\/politique\/congo-cote-divoire-un-forum-economique-culturel-et-touristique-prevu-en-mars-a-brazzaville","og_site_name":"Congo Brazzaville","article_published_time":"2023-02-21T18:59:00+00:00","article_modified_time":"2023-02-21T20:08:59+00:00","og_image":[{"width":791,"height":540,"url":"https:\/\/static.africa-press.net\/congo-brazzaville\/sites\/51\/2023\/02\/postQueueImg_1676993372.39.jpg","type":"image\/jpeg"}],"author":"cfeditorfr","twitter_card":"summary_large_image","twitter_misc":{"\u00c9crit par":"cfeditorfr","Dur\u00e9e de lecture estim\u00e9e":"3 minutes"},"schema":{"@context":"https:\/\/schema.org","@graph":[{"@type":"Article","@id":"https:\/\/www.africa-press.net\/congo-brazzaville\/politique\/congo-cote-divoire-un-forum-economique-culturel-et-touristique-prevu-en-mars-a-brazzaville#article","isPartOf":{"@id":"https:\/\/www.africa-press.net\/congo-brazzaville\/politique\/congo-cote-divoire-un-forum-economique-culturel-et-touristique-prevu-en-mars-a-brazzaville"},"author":{"name":"cfeditorfr","@id":"https:\/\/www.africa-press.net\/congo-brazzaville\/#\/schema\/person\/2b1cf3cd81a31e3cd26889ca66d677f1"},"headline":"Congo-C\u00f4te d\u2019Ivoire : un forum \u00e9conomique, culturel et touristique pr\u00e9vu en mars \u00e0 Brazzaville","datePublished":"2023-02-21T18:59:00+00:00","dateModified":"2023-02-21T20:08:59+00:00","mainEntityOfPage":{"@id":"https:\/\/www.africa-press.net\/congo-brazzaville\/politique\/congo-cote-divoire-un-forum-economique-culturel-et-touristique-prevu-en-mars-a-brazzaville"},"wordCount":688,"commentCount":0,"image":{"@id":"https:\/\/www.africa-press.net\/congo-brazzaville\/politique\/congo-cote-divoire-un-forum-economique-culturel-et-touristique-prevu-en-mars-a-brazzaville#primaryimage"},"thumbnailUrl":"https:\/\/static.africa-press.net\/congo-brazzaville\/sites\/51\/2023\/02\/postQueueImg_1676993372.39.jpg","keywords":["Africa Press","Africa Press-Congo Brazzaville","Congo Brazzaville"],"articleSection":["Politique","Toutes les actualit\u00e9s"],"inLanguage":"fr-FR","potentialAction":[{"@type":"CommentAction","name":"Comment","target":["https:\/\/www.africa-press.net\/congo-brazzaville\/politique\/congo-cote-divoire-un-forum-economique-culturel-et-touristique-prevu-en-mars-a-brazzaville#respond"]}]},{"@type":"WebPage","@id":"https:\/\/www.africa-press.net\/congo-brazzaville\/politique\/congo-cote-divoire-un-forum-economique-culturel-et-touristique-prevu-en-mars-a-brazzaville","url":"https:\/\/www.africa-press.net\/congo-brazzaville\/politique\/congo-cote-divoire-un-forum-economique-culturel-et-touristique-prevu-en-mars-a-brazzaville","name":"Congo-C\u00f4te d\u2019Ivoire : un forum \u00e9conomique, culturel et touristique pr\u00e9vu en mars \u00e0 Brazzaville - Congo Brazzaville","isPartOf":{"@id":"https:\/\/www.africa-press.net\/congo-brazzaville\/#website"},"primaryImageOfPage":{"@id":"https:\/\/www.africa-press.net\/congo-brazzaville\/politique\/congo-cote-divoire-un-forum-economique-culturel-et-touristique-prevu-en-mars-a-brazzaville#primaryimage"},"image":{"@id":"https:\/\/www.africa-press.net\/congo-brazzaville\/politique\/congo-cote-divoire-un-forum-economique-culturel-et-touristique-prevu-en-mars-a-brazzaville#primaryimage"},"thumbnailUrl":"https:\/\/static.africa-press.net\/congo-brazzaville\/sites\/51\/2023\/02\/postQueueImg_1676993372.39.jpg","datePublished":"2023-02-21T18:59:00+00:00","dateModified":"2023-02-21T20:08:59+00:00","author":{"@id":"https:\/\/www.africa-press.net\/congo-brazzaville\/#\/schema\/person\/2b1cf3cd81a31e3cd26889ca66d677f1"},"description":"Le forum aura lieu du 22 au 24 mars au me\u0301morial Pierre-Savorgnan-de-Brazza. Il a e\u0301te\u0301 annonce\u0301 par l\u2019ambassadeur de ...","breadcrumb":{"@id":"https:\/\/www.africa-press.net\/congo-brazzaville\/politique\/congo-cote-divoire-un-forum-economique-culturel-et-touristique-prevu-en-mars-a-brazzaville#breadcrumb"},"inLanguage":"fr-FR","potentialAction":[{"@type":"ReadAction","target":["https:\/\/www.africa-press.net\/congo-brazzaville\/politique\/congo-cote-divoire-un-forum-economique-culturel-et-touristique-prevu-en-mars-a-brazzaville"]}]},{"@type":"ImageObject","inLanguage":"fr-FR","@id":"https:\/\/www.africa-press.net\/congo-brazzaville\/politique\/congo-cote-divoire-un-forum-economique-culturel-et-touristique-prevu-en-mars-a-brazzaville#primaryimage","url":"https:\/\/static.africa-press.net\/congo-brazzaville\/sites\/51\/2023\/02\/postQueueImg_1676993372.39.jpg","contentUrl":"https:\/\/static.africa-press.net\/congo-brazzaville\/sites\/51\/2023\/02\/postQueueImg_1676993372.39.jpg","width":791,"height":540,"caption":"Congo-C\u00f4te d\u2019Ivoire : un forum \u00e9conomique, culturel et touristique pr\u00e9vu en mars \u00e0 Brazzaville"},{"@type":"BreadcrumbList","@id":"https:\/\/www.africa-press.net\/congo-brazzaville\/politique\/congo-cote-divoire-un-forum-economique-culturel-et-touristique-prevu-en-mars-a-brazzaville#breadcrumb","itemListElement":[{"@type":"ListItem","position":1,"name":"Accueil","item":"https:\/\/www.africa-press.net\/congo-brazzaville\/"},{"@type":"ListItem","position":2,"name":"Congo-C\u00f4te d\u2019Ivoire : un forum \u00e9conomique, culturel et touristique pr\u00e9vu en mars \u00e0 Brazzaville"}]},{"@type":"WebSite","@id":"https:\/\/www.africa-press.net\/congo-brazzaville\/#website","url":"https:\/\/www.africa-press.net\/congo-brazzaville\/","name":"Congo Brazzaville","description":"Just another Africa News Agency Sites site","potentialAction":[{"@type":"SearchAction","target":{"@type":"EntryPoint","urlTemplate":"https:\/\/www.africa-press.net\/congo-brazzaville\/?s={search_term_string}"},"query-input":{"@type":"PropertyValueSpecification","valueRequired":true,"valueName":"search_term_string"}}],"inLanguage":"fr-FR"},{"@type":"Person","@id":"https:\/\/www.africa-press.net\/congo-brazzaville\/#\/schema\/person\/2b1cf3cd81a31e3cd26889ca66d677f1","name":"cfeditorfr"}]}},"_links":{"self":[{"href":"https:\/\/www.africa-press.net\/congo-brazzaville\/wp-json\/wp\/v2\/posts\/14669","targetHints":{"allow":["GET"]}}],"collection":[{"href":"https:\/\/www.africa-press.net\/congo-brazzaville\/wp-json\/wp\/v2\/posts"}],"about":[{"href":"https:\/\/www.africa-press.net\/congo-brazzaville\/wp-json\/wp\/v2\/types\/post"}],"author":[{"embeddable":true,"href":"https:\/\/www.africa-press.net\/congo-brazzaville\/wp-json\/wp\/v2\/users\/82"}],"replies":[{"embeddable":true,"href":"https:\/\/www.africa-press.net\/congo-brazzaville\/wp-json\/wp\/v2\/comments?post=14669"}],"version-history":[{"count":0,"href":"https:\/\/www.africa-press.net\/congo-brazzaville\/wp-json\/wp\/v2\/posts\/14669\/revisions"}],"wp:featuredmedia":[{"embeddable":true,"href":"https:\/\/www.africa-press.net\/congo-brazzaville\/wp-json\/wp\/v2\/media\/14668"}],"wp:attachment":[{"href":"https:\/\/www.africa-press.net\/congo-brazzaville\/wp-json\/wp\/v2\/media?parent=14669"}],"wp:term":[{"taxonomy":"category","embeddable":true,"href":"https:\/\/www.africa-press.net\/congo-brazzaville\/wp-json\/wp\/v2\/categories?post=14669"},{"taxonomy":"post_tag","embeddable":true,"href":"https:\/\/www.africa-press.net\/congo-brazzaville\/wp-json\/wp\/v2\/tags?post=14669"}],"curies":[{"name":"wp","href":"https:\/\/api.w.org\/{rel}","templated":true}]}}