{"id":14671,"date":"2023-02-21T18:59:41","date_gmt":"2023-02-21T18:59:41","guid":{"rendered":"https:\/\/www.africa-press.net\/congo-brazzaville\/politique\/mise-en-concession-des-centrales-hydroelectriques-aucun-plan-de-licenciements-envisage-contre-les-travailleurs-de2c"},"modified":"2023-02-21T20:09:29","modified_gmt":"2023-02-21T20:09:29","slug":"mise-en-concession-des-centrales-hydroelectriques-aucun-plan-de-licenciements-envisage-contre-les-travailleurs-de2c","status":"publish","type":"post","link":"https:\/\/www.africa-press.net\/congo-brazzaville\/economie\/mise-en-concession-des-centrales-hydroelectriques-aucun-plan-de-licenciements-envisage-contre-les-travailleurs-de2c","title":{"rendered":"Mise en concession des centrales hydro\u00e9lectriques : aucun plan de licenciements envisag\u00e9 contre les travailleurs d\u2019E2C"},"content":{"rendered":"<p><span style=\"color: #ff6600\"><strong>Africa-Press &#8211; Congo Brazzaville. <\/strong><\/span><b>Le ministre de l&rsquo;E\u0301nergie et de l&rsquo;Hydraulique, E\u0301mile Ouosso, a e\u0301change\u0301 avec les responsables syndicaux de l\u2019E\u0301nergie e\u0301lectrique du Congo (E2C) sur la se\u0301curisation des emplois. La rencontre fait suite a\u0300 la de\u0301cision du gouvernement de ce\u0301der l\u2019exploitation de quatre centrales e\u0301lectriques du pays a\u0300 des entreprises prive\u0301es. <\/b><\/p>\n<p>La privatisation de la gestion du sous-secteur production de l\u2019e\u0301lectricite\u0301 concerne les centrales hydroe\u0301lectriques du Djoue\u0301, de Moukoukoulou, d\u2019Imboulou, de Liouesso ainsi que la centrale e\u0301lectrique a\u0300 gaz de Dje\u0301no. La re\u0301forme vise, d\u2019apre\u0300s les autorite\u0301s congolaises, a\u0300 accroi\u0302tre la production nationale, a\u0300 ame\u0301liorer l\u2019acce\u0300s a\u0300 l\u2019e\u0301lectricite\u0301 pour les me\u0301nages et les entreprises, a\u0300 inciter les investisseurs prive\u0301s au de\u0301veloppement du secteur, a\u0300 optimiser les performances techniques, la qualite\u0301 du service public&#8230;<\/p>\n<p>Le transfert de la gestion des centrales hydroe\u0301lectriques aux concessionnaires ne se traduira pas par la mise a\u0300 l\u2019e\u0301cart des travailleurs. L\u2019article 45 du Code du travail de la Re\u0301publique du Congo sera respecte\u0301 dans toutes les concessions, a insiste\u0301 le ministre E\u0301mile Ouosso. \u00ab Le gouvernement a l\u2019obligation de faire en sorte que les investissements consentis par l\u2019E\u0301tat soient pe\u0301rennise\u0301s, entretenus et de\u0301veloppe\u0301s. Ils doivent connai\u0302tre une extension avec les concessionnaires avec les cahiers des charges bien pre\u0301cis, notamment sur l\u2019article 45 du Code du travail qui garantit les emplois. Tous ces barrages appartiennent a\u0300 l\u2019E\u0301tat. Aucun barrage n\u2019a e\u0301te\u0301 vendu a\u0300 une entreprise \u00bb, a-t- il de\u0301clare\u0301.<\/p>\n<p>Face aux inquie\u0301tudes exprime\u0301es par les partenaires sociaux, les autorite\u0301s entendent privile\u0301gier la stabilite\u0301 du contrat individuel de travail, y compris sa protection contre les modifications dans la situation juridique du nouvel employeur. Le principe e\u0301nonce\u0301 par l\u2019article 45 du Code du travail est donc l\u2019irre\u0301vocabilite\u0301 du lien contractuel avec l\u2019entreprise concessionnaire, a commente\u0301 Ce\u0301lestin Koumba, le directeur ge\u0301ne\u0301ral de l\u2019E\u0301nergie.<\/p>\n<p>Selon les modalite\u0301s de mise en concession, les contrats de travail en cours entre les travailleurs et E2C continuent a\u0300 produire tous leurs effets avec toutes les conse\u0301quences de droit a\u0300 compter du jour de la modification. Dans cette optique, les travailleurs vont conserver le be\u0301ne\u0301fice de leurs anciennete\u0301s ante\u0301rieures qui entrent en ligne de compte pour le calcul de leur salaire et de l\u2019indemnite\u0301 de licenciement, en cas de re\u0301siliation ulte\u0301rieure du contrat par le nouvel employeur. \u00ab Sauf que le nouvel employeur n\u2019he\u0301rite pas des dettes tant ge\u0301ne\u0301re\u0301es par les salaires que par des arrie\u0301re\u0301s des cotisations sociales et fiscales ge\u0301ne\u0301re\u0301s par l\u2019ancien employeur a\u0300 quelque titre que ce soit, mais il reste redevable envers les travailleurs des avantages de toute nature qui leur e\u0301taient reconnus par l\u2019ancien employeur \u00bb, a pre\u0301cise\u0301 Ce\u0301lestin Koumba.<\/p>\n<p>Rappelons que la re\u0301forme de ce secteur a de\u0301bute\u0301 en 2018, avec la liquidation de l\u2019ex-Socie\u0301te\u0301 nationale d\u2019e\u0301lectricite\u0301 et la cre\u0301ation de la compagnie publique E2C. Les principaux de\u0301fis demeurent l\u2019ame\u0301lioration de la performance ope\u0301rationnelle et financie\u0300re du secteur, la recherche d\u2019investissements et l\u2019entretien des infrastructures de production, notamment des centrales hydroe\u0301lectriques, des re\u0301seaux de transport et de distribution.<\/p>\n<p><strong>Pour plus d&rsquo;informations et d&rsquo;analyses sur la <a href=\"https:\/\/www.africa-press.net\/congo-brazzaville\">Congo Brazzaville<\/a>, suivez <a href=\"https:\/\/www.africa-press.net\/\">Africa-Press<\/a><\/strong><\/p>\n","protected":false},"excerpt":{"rendered":"<p>Africa-Press &#8211; Congo Brazzaville. Le ministre de l&rsquo;E\u0301nergie et de l&rsquo;Hydraulique, E\u0301mile Ouosso, a e\u0301change\u0301 avec les responsables syndicaux de l\u2019E\u0301nergie e\u0301lectrique du Congo (E2C) sur la se\u0301curisation des emplois. La rencontre fait suite a\u0300 la de\u0301cision du gouvernement de ce\u0301der l\u2019exploitation de quatre centrales e\u0301lectriques du pays a\u0300 des entreprises prive\u0301es. La privatisation de [&hellip;]<\/p>\n","protected":false},"author":82,"featured_media":14670,"comment_status":"open","ping_status":"closed","sticky":false,"template":"","format":"standard","meta":{"footnotes":""},"categories":[3,10],"tags":[36,47,46],"class_list":["post-14671","post","type-post","status-publish","format-standard","has-post-thumbnail","hentry","category-economie","category-toutes-les-actualites","tag-africa-press","tag-africa-press-congo-brazzaville","tag-congo-brazzaville"],"yoast_head":"<!-- This site is optimized with the Yoast SEO Premium plugin v26.1 (Yoast SEO v27.0) - https:\/\/yoast.com\/product\/yoast-seo-premium-wordpress\/ -->\n<title>Mise en concession des centrales hydro\u00e9lectriques : aucun plan de licenciements envisag\u00e9 contre les travailleurs d\u2019E2C - Congo Brazzaville<\/title>\n<meta name=\"description\" content=\"Le ministre de l&#039;E\u0301nergie et de l&#039;Hydraulique, E\u0301mile Ouosso, a e\u0301change\u0301 avec les responsables syndicaux de l\u2019E\u0301nerg ...\" \/>\n<meta name=\"robots\" content=\"index, follow, max-snippet:-1, max-image-preview:large, max-video-preview:-1\" \/>\n<link rel=\"canonical\" href=\"https:\/\/www.africa-press.net\/congo-brazzaville\/economie\/mise-en-concession-des-centrales-hydroelectriques-aucun-plan-de-licenciements-envisage-contre-les-travailleurs-de2c\" \/>\n<meta property=\"og:locale\" content=\"fr_FR\" \/>\n<meta property=\"og:type\" content=\"article\" \/>\n<meta property=\"og:title\" content=\"Mise en concession des centrales hydro\u00e9lectriques : aucun plan de licenciements envisag\u00e9 contre les travailleurs d\u2019E2C\" \/>\n<meta property=\"og:description\" content=\"Le ministre de l&#039;E\u0301nergie et de l&#039;Hydraulique, E\u0301mile Ouosso, a e\u0301change\u0301 avec les responsables syndicaux de l\u2019E\u0301nerg ...\" \/>\n<meta property=\"og:url\" content=\"https:\/\/www.africa-press.net\/congo-brazzaville\/economie\/mise-en-concession-des-centrales-hydroelectriques-aucun-plan-de-licenciements-envisage-contre-les-travailleurs-de2c\" \/>\n<meta property=\"og:site_name\" content=\"Congo Brazzaville\" \/>\n<meta property=\"article:published_time\" content=\"2023-02-21T18:59:41+00:00\" \/>\n<meta property=\"article:modified_time\" content=\"2023-02-21T20:09:29+00:00\" \/>\n<meta property=\"og:image\" content=\"https:\/\/static.africa-press.net\/congo-brazzaville\/sites\/51\/2023\/02\/postQueueImg_1676993386.38.jpg\" \/>\n\t<meta property=\"og:image:width\" content=\"1024\" \/>\n\t<meta property=\"og:image:height\" content=\"768\" \/>\n\t<meta property=\"og:image:type\" content=\"image\/jpeg\" \/>\n<meta name=\"author\" content=\"cfeditorfr\" \/>\n<meta name=\"twitter:card\" content=\"summary_large_image\" \/>\n<meta name=\"twitter:label1\" content=\"\u00c9crit par\" \/>\n\t<meta name=\"twitter:data1\" content=\"cfeditorfr\" \/>\n\t<meta name=\"twitter:label2\" content=\"Dur\u00e9e de lecture estim\u00e9e\" \/>\n\t<meta name=\"twitter:data2\" content=\"3 minutes\" \/>\n<script type=\"application\/ld+json\" class=\"yoast-schema-graph\">{\"@context\":\"https:\/\/schema.org\",\"@graph\":[{\"@type\":\"Article\",\"@id\":\"https:\/\/www.africa-press.net\/congo-brazzaville\/economie\/mise-en-concession-des-centrales-hydroelectriques-aucun-plan-de-licenciements-envisage-contre-les-travailleurs-de2c#article\",\"isPartOf\":{\"@id\":\"https:\/\/www.africa-press.net\/congo-brazzaville\/economie\/mise-en-concession-des-centrales-hydroelectriques-aucun-plan-de-licenciements-envisage-contre-les-travailleurs-de2c\"},\"author\":{\"name\":\"cfeditorfr\",\"@id\":\"https:\/\/www.africa-press.net\/congo-brazzaville\/#\/schema\/person\/2b1cf3cd81a31e3cd26889ca66d677f1\"},\"headline\":\"Mise en concession des centrales hydro\u00e9lectriques : aucun plan de licenciements envisag\u00e9 contre les travailleurs d\u2019E2C\",\"datePublished\":\"2023-02-21T18:59:41+00:00\",\"dateModified\":\"2023-02-21T20:09:29+00:00\",\"mainEntityOfPage\":{\"@id\":\"https:\/\/www.africa-press.net\/congo-brazzaville\/economie\/mise-en-concession-des-centrales-hydroelectriques-aucun-plan-de-licenciements-envisage-contre-les-travailleurs-de2c\"},\"wordCount\":623,\"commentCount\":0,\"image\":{\"@id\":\"https:\/\/www.africa-press.net\/congo-brazzaville\/economie\/mise-en-concession-des-centrales-hydroelectriques-aucun-plan-de-licenciements-envisage-contre-les-travailleurs-de2c#primaryimage\"},\"thumbnailUrl\":\"https:\/\/static.africa-press.net\/congo-brazzaville\/sites\/51\/2023\/02\/postQueueImg_1676993386.38.jpg\",\"keywords\":[\"Africa Press\",\"Africa Press-Congo Brazzaville\",\"Congo Brazzaville\"],\"articleSection\":[\"\u00c9conomie\",\"Toutes les actualit\u00e9s\"],\"inLanguage\":\"fr-FR\",\"potentialAction\":[{\"@type\":\"CommentAction\",\"name\":\"Comment\",\"target\":[\"https:\/\/www.africa-press.net\/congo-brazzaville\/economie\/mise-en-concession-des-centrales-hydroelectriques-aucun-plan-de-licenciements-envisage-contre-les-travailleurs-de2c#respond\"]}]},{\"@type\":\"WebPage\",\"@id\":\"https:\/\/www.africa-press.net\/congo-brazzaville\/economie\/mise-en-concession-des-centrales-hydroelectriques-aucun-plan-de-licenciements-envisage-contre-les-travailleurs-de2c\",\"url\":\"https:\/\/www.africa-press.net\/congo-brazzaville\/economie\/mise-en-concession-des-centrales-hydroelectriques-aucun-plan-de-licenciements-envisage-contre-les-travailleurs-de2c\",\"name\":\"Mise en concession des centrales hydro\u00e9lectriques : aucun plan de licenciements envisag\u00e9 contre les travailleurs d\u2019E2C - Congo Brazzaville\",\"isPartOf\":{\"@id\":\"https:\/\/www.africa-press.net\/congo-brazzaville\/#website\"},\"primaryImageOfPage\":{\"@id\":\"https:\/\/www.africa-press.net\/congo-brazzaville\/economie\/mise-en-concession-des-centrales-hydroelectriques-aucun-plan-de-licenciements-envisage-contre-les-travailleurs-de2c#primaryimage\"},\"image\":{\"@id\":\"https:\/\/www.africa-press.net\/congo-brazzaville\/economie\/mise-en-concession-des-centrales-hydroelectriques-aucun-plan-de-licenciements-envisage-contre-les-travailleurs-de2c#primaryimage\"},\"thumbnailUrl\":\"https:\/\/static.africa-press.net\/congo-brazzaville\/sites\/51\/2023\/02\/postQueueImg_1676993386.38.jpg\",\"datePublished\":\"2023-02-21T18:59:41+00:00\",\"dateModified\":\"2023-02-21T20:09:29+00:00\",\"author\":{\"@id\":\"https:\/\/www.africa-press.net\/congo-brazzaville\/#\/schema\/person\/2b1cf3cd81a31e3cd26889ca66d677f1\"},\"description\":\"Le ministre de l'E\u0301nergie et de l'Hydraulique, E\u0301mile Ouosso, a e\u0301change\u0301 avec les responsables syndicaux de l\u2019E\u0301nerg ...\",\"breadcrumb\":{\"@id\":\"https:\/\/www.africa-press.net\/congo-brazzaville\/economie\/mise-en-concession-des-centrales-hydroelectriques-aucun-plan-de-licenciements-envisage-contre-les-travailleurs-de2c#breadcrumb\"},\"inLanguage\":\"fr-FR\",\"potentialAction\":[{\"@type\":\"ReadAction\",\"target\":[\"https:\/\/www.africa-press.net\/congo-brazzaville\/economie\/mise-en-concession-des-centrales-hydroelectriques-aucun-plan-de-licenciements-envisage-contre-les-travailleurs-de2c\"]}]},{\"@type\":\"ImageObject\",\"inLanguage\":\"fr-FR\",\"@id\":\"https:\/\/www.africa-press.net\/congo-brazzaville\/economie\/mise-en-concession-des-centrales-hydroelectriques-aucun-plan-de-licenciements-envisage-contre-les-travailleurs-de2c#primaryimage\",\"url\":\"https:\/\/static.africa-press.net\/congo-brazzaville\/sites\/51\/2023\/02\/postQueueImg_1676993386.38.jpg\",\"contentUrl\":\"https:\/\/static.africa-press.net\/congo-brazzaville\/sites\/51\/2023\/02\/postQueueImg_1676993386.38.jpg\",\"width\":1024,\"height\":768,\"caption\":\"Mise en concession des centrales hydro\u00e9lectriques : aucun plan de licenciements envisag\u00e9 contre les travailleurs d\u2019E2C\"},{\"@type\":\"BreadcrumbList\",\"@id\":\"https:\/\/www.africa-press.net\/congo-brazzaville\/economie\/mise-en-concession-des-centrales-hydroelectriques-aucun-plan-de-licenciements-envisage-contre-les-travailleurs-de2c#breadcrumb\",\"itemListElement\":[{\"@type\":\"ListItem\",\"position\":1,\"name\":\"Accueil\",\"item\":\"https:\/\/www.africa-press.net\/congo-brazzaville\/\"},{\"@type\":\"ListItem\",\"position\":2,\"name\":\"Mise en concession des centrales hydro\u00e9lectriques : aucun plan de licenciements envisag\u00e9 contre les travailleurs d\u2019E2C\"}]},{\"@type\":\"WebSite\",\"@id\":\"https:\/\/www.africa-press.net\/congo-brazzaville\/#website\",\"url\":\"https:\/\/www.africa-press.net\/congo-brazzaville\/\",\"name\":\"Congo Brazzaville\",\"description\":\"Just another Africa News Agency Sites site\",\"potentialAction\":[{\"@type\":\"SearchAction\",\"target\":{\"@type\":\"EntryPoint\",\"urlTemplate\":\"https:\/\/www.africa-press.net\/congo-brazzaville\/?s={search_term_string}\"},\"query-input\":{\"@type\":\"PropertyValueSpecification\",\"valueRequired\":true,\"valueName\":\"search_term_string\"}}],\"inLanguage\":\"fr-FR\"},{\"@type\":\"Person\",\"@id\":\"https:\/\/www.africa-press.net\/congo-brazzaville\/#\/schema\/person\/2b1cf3cd81a31e3cd26889ca66d677f1\",\"name\":\"cfeditorfr\"}]}<\/script>\n<!-- \/ Yoast SEO Premium plugin. -->","yoast_head_json":{"title":"Mise en concession des centrales hydro\u00e9lectriques : aucun plan de licenciements envisag\u00e9 contre les travailleurs d\u2019E2C - Congo Brazzaville","description":"Le ministre de l'E\u0301nergie et de l'Hydraulique, E\u0301mile Ouosso, a e\u0301change\u0301 avec les responsables syndicaux de l\u2019E\u0301nerg ...","robots":{"index":"index","follow":"follow","max-snippet":"max-snippet:-1","max-image-preview":"max-image-preview:large","max-video-preview":"max-video-preview:-1"},"canonical":"https:\/\/www.africa-press.net\/congo-brazzaville\/economie\/mise-en-concession-des-centrales-hydroelectriques-aucun-plan-de-licenciements-envisage-contre-les-travailleurs-de2c","og_locale":"fr_FR","og_type":"article","og_title":"Mise en concession des centrales hydro\u00e9lectriques : aucun plan de licenciements envisag\u00e9 contre les travailleurs d\u2019E2C","og_description":"Le ministre de l'E\u0301nergie et de l'Hydraulique, E\u0301mile Ouosso, a e\u0301change\u0301 avec les responsables syndicaux de l\u2019E\u0301nerg ...","og_url":"https:\/\/www.africa-press.net\/congo-brazzaville\/economie\/mise-en-concession-des-centrales-hydroelectriques-aucun-plan-de-licenciements-envisage-contre-les-travailleurs-de2c","og_site_name":"Congo Brazzaville","article_published_time":"2023-02-21T18:59:41+00:00","article_modified_time":"2023-02-21T20:09:29+00:00","og_image":[{"width":1024,"height":768,"url":"https:\/\/static.africa-press.net\/congo-brazzaville\/sites\/51\/2023\/02\/postQueueImg_1676993386.38.jpg","type":"image\/jpeg"}],"author":"cfeditorfr","twitter_card":"summary_large_image","twitter_misc":{"\u00c9crit par":"cfeditorfr","Dur\u00e9e de lecture estim\u00e9e":"3 minutes"},"schema":{"@context":"https:\/\/schema.org","@graph":[{"@type":"Article","@id":"https:\/\/www.africa-press.net\/congo-brazzaville\/economie\/mise-en-concession-des-centrales-hydroelectriques-aucun-plan-de-licenciements-envisage-contre-les-travailleurs-de2c#article","isPartOf":{"@id":"https:\/\/www.africa-press.net\/congo-brazzaville\/economie\/mise-en-concession-des-centrales-hydroelectriques-aucun-plan-de-licenciements-envisage-contre-les-travailleurs-de2c"},"author":{"name":"cfeditorfr","@id":"https:\/\/www.africa-press.net\/congo-brazzaville\/#\/schema\/person\/2b1cf3cd81a31e3cd26889ca66d677f1"},"headline":"Mise en concession des centrales hydro\u00e9lectriques : aucun plan de licenciements envisag\u00e9 contre les travailleurs d\u2019E2C","datePublished":"2023-02-21T18:59:41+00:00","dateModified":"2023-02-21T20:09:29+00:00","mainEntityOfPage":{"@id":"https:\/\/www.africa-press.net\/congo-brazzaville\/economie\/mise-en-concession-des-centrales-hydroelectriques-aucun-plan-de-licenciements-envisage-contre-les-travailleurs-de2c"},"wordCount":623,"commentCount":0,"image":{"@id":"https:\/\/www.africa-press.net\/congo-brazzaville\/economie\/mise-en-concession-des-centrales-hydroelectriques-aucun-plan-de-licenciements-envisage-contre-les-travailleurs-de2c#primaryimage"},"thumbnailUrl":"https:\/\/static.africa-press.net\/congo-brazzaville\/sites\/51\/2023\/02\/postQueueImg_1676993386.38.jpg","keywords":["Africa Press","Africa Press-Congo Brazzaville","Congo Brazzaville"],"articleSection":["\u00c9conomie","Toutes les actualit\u00e9s"],"inLanguage":"fr-FR","potentialAction":[{"@type":"CommentAction","name":"Comment","target":["https:\/\/www.africa-press.net\/congo-brazzaville\/economie\/mise-en-concession-des-centrales-hydroelectriques-aucun-plan-de-licenciements-envisage-contre-les-travailleurs-de2c#respond"]}]},{"@type":"WebPage","@id":"https:\/\/www.africa-press.net\/congo-brazzaville\/economie\/mise-en-concession-des-centrales-hydroelectriques-aucun-plan-de-licenciements-envisage-contre-les-travailleurs-de2c","url":"https:\/\/www.africa-press.net\/congo-brazzaville\/economie\/mise-en-concession-des-centrales-hydroelectriques-aucun-plan-de-licenciements-envisage-contre-les-travailleurs-de2c","name":"Mise en concession des centrales hydro\u00e9lectriques : aucun plan de licenciements envisag\u00e9 contre les travailleurs d\u2019E2C - Congo Brazzaville","isPartOf":{"@id":"https:\/\/www.africa-press.net\/congo-brazzaville\/#website"},"primaryImageOfPage":{"@id":"https:\/\/www.africa-press.net\/congo-brazzaville\/economie\/mise-en-concession-des-centrales-hydroelectriques-aucun-plan-de-licenciements-envisage-contre-les-travailleurs-de2c#primaryimage"},"image":{"@id":"https:\/\/www.africa-press.net\/congo-brazzaville\/economie\/mise-en-concession-des-centrales-hydroelectriques-aucun-plan-de-licenciements-envisage-contre-les-travailleurs-de2c#primaryimage"},"thumbnailUrl":"https:\/\/static.africa-press.net\/congo-brazzaville\/sites\/51\/2023\/02\/postQueueImg_1676993386.38.jpg","datePublished":"2023-02-21T18:59:41+00:00","dateModified":"2023-02-21T20:09:29+00:00","author":{"@id":"https:\/\/www.africa-press.net\/congo-brazzaville\/#\/schema\/person\/2b1cf3cd81a31e3cd26889ca66d677f1"},"description":"Le ministre de l'E\u0301nergie et de l'Hydraulique, E\u0301mile Ouosso, a e\u0301change\u0301 avec les responsables syndicaux de l\u2019E\u0301nerg ...","breadcrumb":{"@id":"https:\/\/www.africa-press.net\/congo-brazzaville\/economie\/mise-en-concession-des-centrales-hydroelectriques-aucun-plan-de-licenciements-envisage-contre-les-travailleurs-de2c#breadcrumb"},"inLanguage":"fr-FR","potentialAction":[{"@type":"ReadAction","target":["https:\/\/www.africa-press.net\/congo-brazzaville\/economie\/mise-en-concession-des-centrales-hydroelectriques-aucun-plan-de-licenciements-envisage-contre-les-travailleurs-de2c"]}]},{"@type":"ImageObject","inLanguage":"fr-FR","@id":"https:\/\/www.africa-press.net\/congo-brazzaville\/economie\/mise-en-concession-des-centrales-hydroelectriques-aucun-plan-de-licenciements-envisage-contre-les-travailleurs-de2c#primaryimage","url":"https:\/\/static.africa-press.net\/congo-brazzaville\/sites\/51\/2023\/02\/postQueueImg_1676993386.38.jpg","contentUrl":"https:\/\/static.africa-press.net\/congo-brazzaville\/sites\/51\/2023\/02\/postQueueImg_1676993386.38.jpg","width":1024,"height":768,"caption":"Mise en concession des centrales hydro\u00e9lectriques : aucun plan de licenciements envisag\u00e9 contre les travailleurs d\u2019E2C"},{"@type":"BreadcrumbList","@id":"https:\/\/www.africa-press.net\/congo-brazzaville\/economie\/mise-en-concession-des-centrales-hydroelectriques-aucun-plan-de-licenciements-envisage-contre-les-travailleurs-de2c#breadcrumb","itemListElement":[{"@type":"ListItem","position":1,"name":"Accueil","item":"https:\/\/www.africa-press.net\/congo-brazzaville\/"},{"@type":"ListItem","position":2,"name":"Mise en concession des centrales hydro\u00e9lectriques : aucun plan de licenciements envisag\u00e9 contre les travailleurs d\u2019E2C"}]},{"@type":"WebSite","@id":"https:\/\/www.africa-press.net\/congo-brazzaville\/#website","url":"https:\/\/www.africa-press.net\/congo-brazzaville\/","name":"Congo Brazzaville","description":"Just another Africa News Agency Sites site","potentialAction":[{"@type":"SearchAction","target":{"@type":"EntryPoint","urlTemplate":"https:\/\/www.africa-press.net\/congo-brazzaville\/?s={search_term_string}"},"query-input":{"@type":"PropertyValueSpecification","valueRequired":true,"valueName":"search_term_string"}}],"inLanguage":"fr-FR"},{"@type":"Person","@id":"https:\/\/www.africa-press.net\/congo-brazzaville\/#\/schema\/person\/2b1cf3cd81a31e3cd26889ca66d677f1","name":"cfeditorfr"}]}},"_links":{"self":[{"href":"https:\/\/www.africa-press.net\/congo-brazzaville\/wp-json\/wp\/v2\/posts\/14671","targetHints":{"allow":["GET"]}}],"collection":[{"href":"https:\/\/www.africa-press.net\/congo-brazzaville\/wp-json\/wp\/v2\/posts"}],"about":[{"href":"https:\/\/www.africa-press.net\/congo-brazzaville\/wp-json\/wp\/v2\/types\/post"}],"author":[{"embeddable":true,"href":"https:\/\/www.africa-press.net\/congo-brazzaville\/wp-json\/wp\/v2\/users\/82"}],"replies":[{"embeddable":true,"href":"https:\/\/www.africa-press.net\/congo-brazzaville\/wp-json\/wp\/v2\/comments?post=14671"}],"version-history":[{"count":0,"href":"https:\/\/www.africa-press.net\/congo-brazzaville\/wp-json\/wp\/v2\/posts\/14671\/revisions"}],"wp:featuredmedia":[{"embeddable":true,"href":"https:\/\/www.africa-press.net\/congo-brazzaville\/wp-json\/wp\/v2\/media\/14670"}],"wp:attachment":[{"href":"https:\/\/www.africa-press.net\/congo-brazzaville\/wp-json\/wp\/v2\/media?parent=14671"}],"wp:term":[{"taxonomy":"category","embeddable":true,"href":"https:\/\/www.africa-press.net\/congo-brazzaville\/wp-json\/wp\/v2\/categories?post=14671"},{"taxonomy":"post_tag","embeddable":true,"href":"https:\/\/www.africa-press.net\/congo-brazzaville\/wp-json\/wp\/v2\/tags?post=14671"}],"curies":[{"name":"wp","href":"https:\/\/api.w.org\/{rel}","templated":true}]}}