{"id":14675,"date":"2023-02-21T19:00:14","date_gmt":"2023-02-21T19:00:14","guid":{"rendered":"https:\/\/www.africa-press.net\/congo-brazzaville\/politique\/sante-un-atelier-de-formation-en-kinesitherapie-ouvert-a-pointe-noire"},"modified":"2023-02-21T20:10:26","modified_gmt":"2023-02-21T20:10:26","slug":"sante-un-atelier-de-formation-en-kinesitherapie-ouvert-a-pointe-noire","status":"publish","type":"post","link":"https:\/\/www.africa-press.net\/congo-brazzaville\/toutes-les-actualites\/sante-un-atelier-de-formation-en-kinesitherapie-ouvert-a-pointe-noire","title":{"rendered":"Sant\u00e9 : un atelier de formation en kin\u00e9sith\u00e9rapie ouvert \u00e0 Pointe-Noire"},"content":{"rendered":"<p><span style=\"color: #ff6600\"><strong>Africa-Press &#8211; Congo Brazzaville. <\/strong><\/span><b>L&rsquo;atelier s&rsquo;est ouvert, le 21 fe\u0301vrier, a\u0300 l\u2019ho\u0302pital ge\u0301ne\u0301ral Adolphe-Sice\u0301 sur le the\u0300me \u00ab Prise en charge re\u0301e\u0301ducative de la lombalgie commune sur rachis ope\u0301re\u0301 ou non \u00bb, en pre\u0301sence de Lambert Chakirou et du Pr Urbain Richard Bileckot, respectivement directeur ge\u0301ne\u0301ral de cet ho\u0302pital et chef de service de rhumatologie au Centre hospitalier et universitaire de Brazzaville.<\/b><\/p>\n<p>Le personnel des ho\u0302pitaux ge\u0301ne\u0301raux Adolphe-Sice\u0301 et Ngoyo prend part a\u0300 l&rsquo;atelier qui s\u2019ache\u0300vera le 25 fe\u0301vrier. En plus du the\u0300me principal, les participants de\u0301velopperont quelques autres sous-the\u0300mes comme le contro\u0302le de connaissances de base, l\u2019introduction a\u0300 la lombalgie commune ; l\u2019e\u0301valuation kine\u0301sithe\u0301rapique ; le leadership associatif ; la prise en charge de la lombalgie commune ; la prise en charge kine\u0301sithe\u0301rapique de la lombalgie commune ; la lombalgie et ergothe\u0301rapie ; la hernie discale lombaire et kine\u0301sithe\u0301rapie et autres.<\/p>\n<p>Ouvrant les travaux, Lambert Chakirou a signifie\u0301 que l\u2019on ne peut parler de traumatologie sans parler de la kine\u0301sithe\u0301rapie, parce que la kine\u0301sithe\u0301rapie est au centre et a\u0300 la base de tout.<\/p>\n<p>Pour sa part, le Pr Urbain Richard Bilecko a explique\u0301 que la lombalgie est une maladie tre\u0300s fre\u0301quente dans la vie quotidienne de toute personne, souvent responsable de divers handicaps. \u00ab Les kine\u0301sithe\u0301rapeutes, pre\u0301sents a\u0300 cet atelier, modifieront leurs pratiques dans leurs structures sanitaires respectives, ces derniers sauront de\u0301sormais prendre en charge la lombalgie et contribueront ainsi a\u0300 re\u0301duire les nuisances lie\u0301es a\u0300 cette maladie chez les Congolais \u00bb, a-t-il de\u0301clare\u0301.<\/p>\n<p><strong>Pour plus d&rsquo;informations et d&rsquo;analyses sur la <a href=\"https:\/\/www.africa-press.net\/congo-brazzaville\">Congo Brazzaville<\/a>, suivez <a href=\"https:\/\/www.africa-press.net\/\">Africa-Press<\/a><\/strong><\/p>\n","protected":false},"excerpt":{"rendered":"<p>Africa-Press &#8211; Congo Brazzaville. L&rsquo;atelier s&rsquo;est ouvert, le 21 fe\u0301vrier, a\u0300 l\u2019ho\u0302pital ge\u0301ne\u0301ral Adolphe-Sice\u0301 sur le the\u0300me \u00ab Prise en charge re\u0301e\u0301ducative de la lombalgie commune sur rachis ope\u0301re\u0301 ou non \u00bb, en pre\u0301sence de Lambert Chakirou et du Pr Urbain Richard Bileckot, respectivement directeur ge\u0301ne\u0301ral de cet ho\u0302pital et chef de service de rhumatologie [&hellip;]<\/p>\n","protected":false},"author":82,"featured_media":14674,"comment_status":"open","ping_status":"closed","sticky":false,"template":"","format":"standard","meta":{"footnotes":""},"categories":[21,10],"tags":[36,47,46],"class_list":["post-14675","post","type-post","status-publish","format-standard","has-post-thumbnail","hentry","category-communaute","category-toutes-les-actualites","tag-africa-press","tag-africa-press-congo-brazzaville","tag-congo-brazzaville"],"yoast_head":"<!-- This site is optimized with the Yoast SEO Premium plugin v26.1 (Yoast SEO v27.0) - https:\/\/yoast.com\/product\/yoast-seo-premium-wordpress\/ -->\n<title>Sant\u00e9 : un atelier de formation en kin\u00e9sith\u00e9rapie ouvert \u00e0 Pointe-Noire - Congo Brazzaville<\/title>\n<meta name=\"description\" content=\"L&#039;atelier s&#039;est ouvert, le 21 fe\u0301vrier, a\u0300 l\u2019ho\u0302pital ge\u0301ne\u0301ral Adolphe-Sice\u0301 sur le the\u0300me \u00ab Prise en charge re\u0301e\u0301du ...\" \/>\n<meta name=\"robots\" content=\"index, follow, max-snippet:-1, max-image-preview:large, max-video-preview:-1\" \/>\n<link rel=\"canonical\" href=\"https:\/\/www.africa-press.net\/congo-brazzaville\/toutes-les-actualites\/sante-un-atelier-de-formation-en-kinesitherapie-ouvert-a-pointe-noire\" \/>\n<meta property=\"og:locale\" content=\"fr_FR\" \/>\n<meta property=\"og:type\" content=\"article\" \/>\n<meta property=\"og:title\" content=\"Sant\u00e9 : un atelier de formation en kin\u00e9sith\u00e9rapie ouvert \u00e0 Pointe-Noire\" \/>\n<meta property=\"og:description\" content=\"L&#039;atelier s&#039;est ouvert, le 21 fe\u0301vrier, a\u0300 l\u2019ho\u0302pital ge\u0301ne\u0301ral Adolphe-Sice\u0301 sur le the\u0300me \u00ab Prise en charge re\u0301e\u0301du ...\" \/>\n<meta property=\"og:url\" content=\"https:\/\/www.africa-press.net\/congo-brazzaville\/toutes-les-actualites\/sante-un-atelier-de-formation-en-kinesitherapie-ouvert-a-pointe-noire\" \/>\n<meta property=\"og:site_name\" content=\"Congo Brazzaville\" \/>\n<meta property=\"article:published_time\" content=\"2023-02-21T19:00:14+00:00\" \/>\n<meta property=\"article:modified_time\" content=\"2023-02-21T20:10:26+00:00\" \/>\n<meta property=\"og:image\" content=\"https:\/\/static.africa-press.net\/congo-brazzaville\/sites\/51\/2023\/02\/postQueueImg_1676993441.62.jpg\" \/>\n\t<meta property=\"og:image:width\" content=\"1024\" \/>\n\t<meta property=\"og:image:height\" content=\"768\" \/>\n\t<meta property=\"og:image:type\" content=\"image\/jpeg\" \/>\n<meta name=\"author\" content=\"cfeditorfr\" \/>\n<meta name=\"twitter:card\" content=\"summary_large_image\" \/>\n<meta name=\"twitter:label1\" content=\"\u00c9crit par\" \/>\n\t<meta name=\"twitter:data1\" content=\"cfeditorfr\" \/>\n\t<meta name=\"twitter:label2\" content=\"Dur\u00e9e de lecture estim\u00e9e\" \/>\n\t<meta name=\"twitter:data2\" content=\"2 minutes\" \/>\n<script type=\"application\/ld+json\" class=\"yoast-schema-graph\">{\"@context\":\"https:\/\/schema.org\",\"@graph\":[{\"@type\":\"Article\",\"@id\":\"https:\/\/www.africa-press.net\/congo-brazzaville\/toutes-les-actualites\/sante-un-atelier-de-formation-en-kinesitherapie-ouvert-a-pointe-noire#article\",\"isPartOf\":{\"@id\":\"https:\/\/www.africa-press.net\/congo-brazzaville\/toutes-les-actualites\/sante-un-atelier-de-formation-en-kinesitherapie-ouvert-a-pointe-noire\"},\"author\":{\"name\":\"cfeditorfr\",\"@id\":\"https:\/\/www.africa-press.net\/congo-brazzaville\/#\/schema\/person\/2b1cf3cd81a31e3cd26889ca66d677f1\"},\"headline\":\"Sant\u00e9 : un atelier de formation en kin\u00e9sith\u00e9rapie ouvert \u00e0 Pointe-Noire\",\"datePublished\":\"2023-02-21T19:00:14+00:00\",\"dateModified\":\"2023-02-21T20:10:26+00:00\",\"mainEntityOfPage\":{\"@id\":\"https:\/\/www.africa-press.net\/congo-brazzaville\/toutes-les-actualites\/sante-un-atelier-de-formation-en-kinesitherapie-ouvert-a-pointe-noire\"},\"wordCount\":307,\"commentCount\":0,\"image\":{\"@id\":\"https:\/\/www.africa-press.net\/congo-brazzaville\/toutes-les-actualites\/sante-un-atelier-de-formation-en-kinesitherapie-ouvert-a-pointe-noire#primaryimage\"},\"thumbnailUrl\":\"https:\/\/static.africa-press.net\/congo-brazzaville\/sites\/51\/2023\/02\/postQueueImg_1676993441.62.jpg\",\"keywords\":[\"Africa Press\",\"Africa Press-Congo Brazzaville\",\"Congo Brazzaville\"],\"articleSection\":[\"Communaut\u00e9\",\"Toutes les actualit\u00e9s\"],\"inLanguage\":\"fr-FR\",\"potentialAction\":[{\"@type\":\"CommentAction\",\"name\":\"Comment\",\"target\":[\"https:\/\/www.africa-press.net\/congo-brazzaville\/toutes-les-actualites\/sante-un-atelier-de-formation-en-kinesitherapie-ouvert-a-pointe-noire#respond\"]}]},{\"@type\":\"WebPage\",\"@id\":\"https:\/\/www.africa-press.net\/congo-brazzaville\/toutes-les-actualites\/sante-un-atelier-de-formation-en-kinesitherapie-ouvert-a-pointe-noire\",\"url\":\"https:\/\/www.africa-press.net\/congo-brazzaville\/toutes-les-actualites\/sante-un-atelier-de-formation-en-kinesitherapie-ouvert-a-pointe-noire\",\"name\":\"Sant\u00e9 : un atelier de formation en kin\u00e9sith\u00e9rapie ouvert \u00e0 Pointe-Noire - Congo Brazzaville\",\"isPartOf\":{\"@id\":\"https:\/\/www.africa-press.net\/congo-brazzaville\/#website\"},\"primaryImageOfPage\":{\"@id\":\"https:\/\/www.africa-press.net\/congo-brazzaville\/toutes-les-actualites\/sante-un-atelier-de-formation-en-kinesitherapie-ouvert-a-pointe-noire#primaryimage\"},\"image\":{\"@id\":\"https:\/\/www.africa-press.net\/congo-brazzaville\/toutes-les-actualites\/sante-un-atelier-de-formation-en-kinesitherapie-ouvert-a-pointe-noire#primaryimage\"},\"thumbnailUrl\":\"https:\/\/static.africa-press.net\/congo-brazzaville\/sites\/51\/2023\/02\/postQueueImg_1676993441.62.jpg\",\"datePublished\":\"2023-02-21T19:00:14+00:00\",\"dateModified\":\"2023-02-21T20:10:26+00:00\",\"author\":{\"@id\":\"https:\/\/www.africa-press.net\/congo-brazzaville\/#\/schema\/person\/2b1cf3cd81a31e3cd26889ca66d677f1\"},\"description\":\"L'atelier s'est ouvert, le 21 fe\u0301vrier, a\u0300 l\u2019ho\u0302pital ge\u0301ne\u0301ral Adolphe-Sice\u0301 sur le the\u0300me \u00ab Prise en charge re\u0301e\u0301du ...\",\"breadcrumb\":{\"@id\":\"https:\/\/www.africa-press.net\/congo-brazzaville\/toutes-les-actualites\/sante-un-atelier-de-formation-en-kinesitherapie-ouvert-a-pointe-noire#breadcrumb\"},\"inLanguage\":\"fr-FR\",\"potentialAction\":[{\"@type\":\"ReadAction\",\"target\":[\"https:\/\/www.africa-press.net\/congo-brazzaville\/toutes-les-actualites\/sante-un-atelier-de-formation-en-kinesitherapie-ouvert-a-pointe-noire\"]}]},{\"@type\":\"ImageObject\",\"inLanguage\":\"fr-FR\",\"@id\":\"https:\/\/www.africa-press.net\/congo-brazzaville\/toutes-les-actualites\/sante-un-atelier-de-formation-en-kinesitherapie-ouvert-a-pointe-noire#primaryimage\",\"url\":\"https:\/\/static.africa-press.net\/congo-brazzaville\/sites\/51\/2023\/02\/postQueueImg_1676993441.62.jpg\",\"contentUrl\":\"https:\/\/static.africa-press.net\/congo-brazzaville\/sites\/51\/2023\/02\/postQueueImg_1676993441.62.jpg\",\"width\":1024,\"height\":768,\"caption\":\"Sant\u00e9 : un atelier de formation en kin\u00e9sith\u00e9rapie ouvert \u00e0 Pointe-Noire\"},{\"@type\":\"BreadcrumbList\",\"@id\":\"https:\/\/www.africa-press.net\/congo-brazzaville\/toutes-les-actualites\/sante-un-atelier-de-formation-en-kinesitherapie-ouvert-a-pointe-noire#breadcrumb\",\"itemListElement\":[{\"@type\":\"ListItem\",\"position\":1,\"name\":\"Accueil\",\"item\":\"https:\/\/www.africa-press.net\/congo-brazzaville\/\"},{\"@type\":\"ListItem\",\"position\":2,\"name\":\"Sant\u00e9 : un atelier de formation en kin\u00e9sith\u00e9rapie ouvert \u00e0 Pointe-Noire\"}]},{\"@type\":\"WebSite\",\"@id\":\"https:\/\/www.africa-press.net\/congo-brazzaville\/#website\",\"url\":\"https:\/\/www.africa-press.net\/congo-brazzaville\/\",\"name\":\"Congo Brazzaville\",\"description\":\"Just another Africa News Agency Sites site\",\"potentialAction\":[{\"@type\":\"SearchAction\",\"target\":{\"@type\":\"EntryPoint\",\"urlTemplate\":\"https:\/\/www.africa-press.net\/congo-brazzaville\/?s={search_term_string}\"},\"query-input\":{\"@type\":\"PropertyValueSpecification\",\"valueRequired\":true,\"valueName\":\"search_term_string\"}}],\"inLanguage\":\"fr-FR\"},{\"@type\":\"Person\",\"@id\":\"https:\/\/www.africa-press.net\/congo-brazzaville\/#\/schema\/person\/2b1cf3cd81a31e3cd26889ca66d677f1\",\"name\":\"cfeditorfr\"}]}<\/script>\n<!-- \/ Yoast SEO Premium plugin. -->","yoast_head_json":{"title":"Sant\u00e9 : un atelier de formation en kin\u00e9sith\u00e9rapie ouvert \u00e0 Pointe-Noire - Congo Brazzaville","description":"L'atelier s'est ouvert, le 21 fe\u0301vrier, a\u0300 l\u2019ho\u0302pital ge\u0301ne\u0301ral Adolphe-Sice\u0301 sur le the\u0300me \u00ab Prise en charge re\u0301e\u0301du ...","robots":{"index":"index","follow":"follow","max-snippet":"max-snippet:-1","max-image-preview":"max-image-preview:large","max-video-preview":"max-video-preview:-1"},"canonical":"https:\/\/www.africa-press.net\/congo-brazzaville\/toutes-les-actualites\/sante-un-atelier-de-formation-en-kinesitherapie-ouvert-a-pointe-noire","og_locale":"fr_FR","og_type":"article","og_title":"Sant\u00e9 : un atelier de formation en kin\u00e9sith\u00e9rapie ouvert \u00e0 Pointe-Noire","og_description":"L'atelier s'est ouvert, le 21 fe\u0301vrier, a\u0300 l\u2019ho\u0302pital ge\u0301ne\u0301ral Adolphe-Sice\u0301 sur le the\u0300me \u00ab Prise en charge re\u0301e\u0301du ...","og_url":"https:\/\/www.africa-press.net\/congo-brazzaville\/toutes-les-actualites\/sante-un-atelier-de-formation-en-kinesitherapie-ouvert-a-pointe-noire","og_site_name":"Congo Brazzaville","article_published_time":"2023-02-21T19:00:14+00:00","article_modified_time":"2023-02-21T20:10:26+00:00","og_image":[{"width":1024,"height":768,"url":"https:\/\/static.africa-press.net\/congo-brazzaville\/sites\/51\/2023\/02\/postQueueImg_1676993441.62.jpg","type":"image\/jpeg"}],"author":"cfeditorfr","twitter_card":"summary_large_image","twitter_misc":{"\u00c9crit par":"cfeditorfr","Dur\u00e9e de lecture estim\u00e9e":"2 minutes"},"schema":{"@context":"https:\/\/schema.org","@graph":[{"@type":"Article","@id":"https:\/\/www.africa-press.net\/congo-brazzaville\/toutes-les-actualites\/sante-un-atelier-de-formation-en-kinesitherapie-ouvert-a-pointe-noire#article","isPartOf":{"@id":"https:\/\/www.africa-press.net\/congo-brazzaville\/toutes-les-actualites\/sante-un-atelier-de-formation-en-kinesitherapie-ouvert-a-pointe-noire"},"author":{"name":"cfeditorfr","@id":"https:\/\/www.africa-press.net\/congo-brazzaville\/#\/schema\/person\/2b1cf3cd81a31e3cd26889ca66d677f1"},"headline":"Sant\u00e9 : un atelier de formation en kin\u00e9sith\u00e9rapie ouvert \u00e0 Pointe-Noire","datePublished":"2023-02-21T19:00:14+00:00","dateModified":"2023-02-21T20:10:26+00:00","mainEntityOfPage":{"@id":"https:\/\/www.africa-press.net\/congo-brazzaville\/toutes-les-actualites\/sante-un-atelier-de-formation-en-kinesitherapie-ouvert-a-pointe-noire"},"wordCount":307,"commentCount":0,"image":{"@id":"https:\/\/www.africa-press.net\/congo-brazzaville\/toutes-les-actualites\/sante-un-atelier-de-formation-en-kinesitherapie-ouvert-a-pointe-noire#primaryimage"},"thumbnailUrl":"https:\/\/static.africa-press.net\/congo-brazzaville\/sites\/51\/2023\/02\/postQueueImg_1676993441.62.jpg","keywords":["Africa Press","Africa Press-Congo Brazzaville","Congo Brazzaville"],"articleSection":["Communaut\u00e9","Toutes les actualit\u00e9s"],"inLanguage":"fr-FR","potentialAction":[{"@type":"CommentAction","name":"Comment","target":["https:\/\/www.africa-press.net\/congo-brazzaville\/toutes-les-actualites\/sante-un-atelier-de-formation-en-kinesitherapie-ouvert-a-pointe-noire#respond"]}]},{"@type":"WebPage","@id":"https:\/\/www.africa-press.net\/congo-brazzaville\/toutes-les-actualites\/sante-un-atelier-de-formation-en-kinesitherapie-ouvert-a-pointe-noire","url":"https:\/\/www.africa-press.net\/congo-brazzaville\/toutes-les-actualites\/sante-un-atelier-de-formation-en-kinesitherapie-ouvert-a-pointe-noire","name":"Sant\u00e9 : un atelier de formation en kin\u00e9sith\u00e9rapie ouvert \u00e0 Pointe-Noire - Congo Brazzaville","isPartOf":{"@id":"https:\/\/www.africa-press.net\/congo-brazzaville\/#website"},"primaryImageOfPage":{"@id":"https:\/\/www.africa-press.net\/congo-brazzaville\/toutes-les-actualites\/sante-un-atelier-de-formation-en-kinesitherapie-ouvert-a-pointe-noire#primaryimage"},"image":{"@id":"https:\/\/www.africa-press.net\/congo-brazzaville\/toutes-les-actualites\/sante-un-atelier-de-formation-en-kinesitherapie-ouvert-a-pointe-noire#primaryimage"},"thumbnailUrl":"https:\/\/static.africa-press.net\/congo-brazzaville\/sites\/51\/2023\/02\/postQueueImg_1676993441.62.jpg","datePublished":"2023-02-21T19:00:14+00:00","dateModified":"2023-02-21T20:10:26+00:00","author":{"@id":"https:\/\/www.africa-press.net\/congo-brazzaville\/#\/schema\/person\/2b1cf3cd81a31e3cd26889ca66d677f1"},"description":"L'atelier s'est ouvert, le 21 fe\u0301vrier, a\u0300 l\u2019ho\u0302pital ge\u0301ne\u0301ral Adolphe-Sice\u0301 sur le the\u0300me \u00ab Prise en charge re\u0301e\u0301du ...","breadcrumb":{"@id":"https:\/\/www.africa-press.net\/congo-brazzaville\/toutes-les-actualites\/sante-un-atelier-de-formation-en-kinesitherapie-ouvert-a-pointe-noire#breadcrumb"},"inLanguage":"fr-FR","potentialAction":[{"@type":"ReadAction","target":["https:\/\/www.africa-press.net\/congo-brazzaville\/toutes-les-actualites\/sante-un-atelier-de-formation-en-kinesitherapie-ouvert-a-pointe-noire"]}]},{"@type":"ImageObject","inLanguage":"fr-FR","@id":"https:\/\/www.africa-press.net\/congo-brazzaville\/toutes-les-actualites\/sante-un-atelier-de-formation-en-kinesitherapie-ouvert-a-pointe-noire#primaryimage","url":"https:\/\/static.africa-press.net\/congo-brazzaville\/sites\/51\/2023\/02\/postQueueImg_1676993441.62.jpg","contentUrl":"https:\/\/static.africa-press.net\/congo-brazzaville\/sites\/51\/2023\/02\/postQueueImg_1676993441.62.jpg","width":1024,"height":768,"caption":"Sant\u00e9 : un atelier de formation en kin\u00e9sith\u00e9rapie ouvert \u00e0 Pointe-Noire"},{"@type":"BreadcrumbList","@id":"https:\/\/www.africa-press.net\/congo-brazzaville\/toutes-les-actualites\/sante-un-atelier-de-formation-en-kinesitherapie-ouvert-a-pointe-noire#breadcrumb","itemListElement":[{"@type":"ListItem","position":1,"name":"Accueil","item":"https:\/\/www.africa-press.net\/congo-brazzaville\/"},{"@type":"ListItem","position":2,"name":"Sant\u00e9 : un atelier de formation en kin\u00e9sith\u00e9rapie ouvert \u00e0 Pointe-Noire"}]},{"@type":"WebSite","@id":"https:\/\/www.africa-press.net\/congo-brazzaville\/#website","url":"https:\/\/www.africa-press.net\/congo-brazzaville\/","name":"Congo Brazzaville","description":"Just another Africa News Agency Sites site","potentialAction":[{"@type":"SearchAction","target":{"@type":"EntryPoint","urlTemplate":"https:\/\/www.africa-press.net\/congo-brazzaville\/?s={search_term_string}"},"query-input":{"@type":"PropertyValueSpecification","valueRequired":true,"valueName":"search_term_string"}}],"inLanguage":"fr-FR"},{"@type":"Person","@id":"https:\/\/www.africa-press.net\/congo-brazzaville\/#\/schema\/person\/2b1cf3cd81a31e3cd26889ca66d677f1","name":"cfeditorfr"}]}},"_links":{"self":[{"href":"https:\/\/www.africa-press.net\/congo-brazzaville\/wp-json\/wp\/v2\/posts\/14675","targetHints":{"allow":["GET"]}}],"collection":[{"href":"https:\/\/www.africa-press.net\/congo-brazzaville\/wp-json\/wp\/v2\/posts"}],"about":[{"href":"https:\/\/www.africa-press.net\/congo-brazzaville\/wp-json\/wp\/v2\/types\/post"}],"author":[{"embeddable":true,"href":"https:\/\/www.africa-press.net\/congo-brazzaville\/wp-json\/wp\/v2\/users\/82"}],"replies":[{"embeddable":true,"href":"https:\/\/www.africa-press.net\/congo-brazzaville\/wp-json\/wp\/v2\/comments?post=14675"}],"version-history":[{"count":0,"href":"https:\/\/www.africa-press.net\/congo-brazzaville\/wp-json\/wp\/v2\/posts\/14675\/revisions"}],"wp:featuredmedia":[{"embeddable":true,"href":"https:\/\/www.africa-press.net\/congo-brazzaville\/wp-json\/wp\/v2\/media\/14674"}],"wp:attachment":[{"href":"https:\/\/www.africa-press.net\/congo-brazzaville\/wp-json\/wp\/v2\/media?parent=14675"}],"wp:term":[{"taxonomy":"category","embeddable":true,"href":"https:\/\/www.africa-press.net\/congo-brazzaville\/wp-json\/wp\/v2\/categories?post=14675"},{"taxonomy":"post_tag","embeddable":true,"href":"https:\/\/www.africa-press.net\/congo-brazzaville\/wp-json\/wp\/v2\/tags?post=14675"}],"curies":[{"name":"wp","href":"https:\/\/api.w.org\/{rel}","templated":true}]}}