{"id":14746,"date":"2023-02-22T12:49:46","date_gmt":"2023-02-22T12:49:46","guid":{"rendered":"https:\/\/www.africa-press.net\/congo-brazzaville\/politique\/ceeac-les-experts-du-comite-inter-etats-reunis-a-kinshasa"},"modified":"2023-02-22T13:02:43","modified_gmt":"2023-02-22T13:02:43","slug":"ceeac-les-experts-du-comite-inter-etats-reunis-a-kinshasa","status":"publish","type":"post","link":"https:\/\/www.africa-press.net\/congo-brazzaville\/politique\/ceeac-les-experts-du-comite-inter-etats-reunis-a-kinshasa","title":{"rendered":"CEEAC : les experts du comit\u00e9 inter-Etats r\u00e9unis \u00e0 Kinshasa"},"content":{"rendered":"<p><span style=\"color: #ff6600\"><strong>Africa-Press &#8211; Congo Brazzaville. <\/strong><\/span><b>Apre\u0300s les re\u0301unions des ministres du Budget, Finances et Justice des Etats membres de la Communaute\u0301 e\u0301conomique des Etats de l&rsquo;Afrique centrale (CEEAC) et celle des ministres du Conseil de paix et de se\u0301curite\u0301 de l\u2019Afrique centrale (Copax), les experts du Comite\u0301 inter-Etats se sont re\u0301unis a\u0300 leur tour, le 21 fe\u0301vrier a\u0300 Kinshasa, en Re\u0301publique de\u0301mocratique du Congo (RDC)<\/b>.<\/p>\n<p>La ce\u0301re\u0301monie d\u2019ouverture a e\u0301te\u0301 place\u0301e sous la pre\u0301sidence du secre\u0301taire ge\u0301ne\u0301ral du ministe\u0300re de l\u2019Inte\u0301gration re\u0301gionale et Francophonie de la RDC, pre\u0301sident en exercice du segment des experts, Donatien Songhu Kayumba, en pre\u0301sence des commissaires de la commission de la CEEAC et des experts venus de la presque totalite\u0301 des Etats membres. Les experts du Rwanda ont participe\u0301 par visioconfe\u0301rence.<\/p>\n<p>Au cours des travaux, deux rapports ont e\u0301te\u0301 pre\u0301sente\u0301s, notamment celui du Comite\u0301 technique spe\u0301cialise\u0301 conjoint Justice\/Affaires juridiques\/Budget\/Finances, et celui du Comite\u0301 technique spe\u0301cialise\u0301 De\u0301fense, Su\u0302rete\u0301 et Se\u0301curite\u0301 de la CEEAC. Par ailleurs, les participants ont e\u0301te\u0301 informe\u0301s du processus du Comite\u0301 de pilotage sur la rationalisation des communaute\u0301s e\u0301conomiques re\u0301gionales en Afrique centrale.<\/p>\n<p>Apre\u0300s avoir pris connaissance des recommandations contenues dans le rapport des ministres du Comite\u0301 technique spe\u0301cialise\u0301 conjoint Justice\/Affaires juridiques\/Budget\/Finances, le Comite\u0301 inter-Etats des experts a de\u0301cide\u0301 de les transmettre en l\u2019e\u0301tat au Conseil des ministres et a recommande\u0301 de les adopter.<\/p>\n<p>En outre, ce Comite\u0301 a propose\u0301 au Conseil des ministres de renouveler la volonte\u0301 des instances de\u0301cisionnelles, d\u2019acce\u0301le\u0301rer l\u2019application du me\u0301canisme de la Contribution communautaire d\u2019inte\u0301gration, conforme\u0301ment a\u0300 l\u2019engagement pris par les chefs d\u2019Etat et de gouvernement de la CEEAC lors de la XIXe session ordinaire de la Confe\u0301rence des chefs d\u2019Etat et de gouvernement tenue a\u0300 Brazzaville, en juillet 2021.<\/p>\n<p>De me\u0302me, s\u2019agissant des recommandations contenues dans le rapport des ministres du Comite\u0301 technique spe\u0301cialise\u0301 De\u0301fense, Su\u0302rete\u0301 et Se\u0301curite\u0301 de la CEEAC, le Comite\u0301 a recommande\u0301 au Conseil des ministres, entre autres, d\u2019adopter le projet de me\u0301morandum d\u2019entente entre la Commission et les Etats membres de la CEEAC sur les capacite\u0301s promises de la Force multinationale de l\u2019Afrique centrale (Fomac); de demander aux chefs d\u2019Etat de relancer les cycles d\u2019exercices de la Fomac de\u0300s cette anne\u0301e, dans le cadre de la ce\u0301le\u0301bration des 40 ans d\u2019existence de la CEEAC; de proce\u0301der a\u0300 la distribution des postes au sein de l\u2019e\u0301tat-major re\u0301gional; d\u2019instruire la Commission d\u2019acce\u0301le\u0301rer l\u2019ope\u0301rationnalisation de la cour de justice de la communaute\u0301 et de soumettre aux instances de\u0301cisionnelles du Copax les textes portant organisation et fonctionnement du Centre re\u0301gional de se\u0301curite\u0301 maritime de l\u2019Afrique centrale.<\/p>\n<p>Enfin, le Comite\u0301 inter-Etats des experts a suivi le point d\u2019information sur l\u2019e\u0301tat de mise en \u0153uvre du processus de rationalisation des Communaute\u0301s e\u0301conomiques re\u0301gionales en Afrique centrale (Copil\/CER-AC). De celui-ci, le Conseil des ministres a valide\u0301 lors de sa session d\u2019aou\u0302t 2022 le projet de Traite\u0301 constitutif de la nouvelle Communaute\u0301 e\u0301conomique re\u0301gionale devant remplacer la CEEAC et la Communaute\u0301 e\u0301conomique et mone\u0301taire de l\u00a0\u00bbAfrique centrale.<\/p>\n<p>Selon le me\u0302me point d\u2019information, les actions en cours porteraient sur l\u2019e\u0301laboration du plan de transition et l\u2019inte\u0301gration de la Communaute\u0301 e\u0301conomique des pays des Grands Lacs dans l\u2019architecture institutionnelle de la nouvelle Communaute\u0301 e\u0301conomique re\u0301gionale telle que recommande\u0301 par le Conseil des ministres du Copil\/CER-AC.<\/p>\n\r\n                <style type=\"text\/css\">\r\n                    \r\n                    #td_uid_1_69f0a7bb0583c  .td-doubleSlider-2 .td-item1 {\r\n                        background: url(https:\/\/static.africa-press.net\/congo-brazzaville\/sites\/51\/2023\/02\/postMediaimg_45_1-63f611d3efd98-80x60.jpg) 0 0 no-repeat;\r\n                    }\r\n                    #td_uid_1_69f0a7bb0583c  .td-doubleSlider-2 .td-item2 {\r\n                        background: url(https:\/\/static.africa-press.net\/congo-brazzaville\/sites\/51\/2023\/02\/postMediaimg_45_2-80x60.jpg) 0 0 no-repeat;\r\n                    }\r\n                <\/style>\r\n\r\n                <div id=\"td_uid_1_69f0a7bb0583c\" class=\"td-gallery td-slide-on-2-columns\">\r\n                    <div class=\"post_td_gallery\">\r\n                        <div class=\"td-gallery-slide-top\">\r\n                           <div class=\"td-gallery-title\"><\/div>\r\n\r\n                            <div class=\"td-gallery-controls-wrapper\">\r\n                                <div class=\"td-gallery-slide-count\"><span class=\"td-gallery-slide-item-focus\">1<\/span> de 2<\/div>\r\n                                <div class=\"td-gallery-slide-prev-next-but\">\r\n                                    <i class = \"td-icon-left doubleSliderPrevButton\"><\/i>\r\n                                    <i class = \"td-icon-right doubleSliderNextButton\"><\/i>\r\n                                <\/div>\r\n                            <\/div>\r\n                        <\/div>\r\n\r\n                        <div class = \"td-doubleSlider-1 \">\r\n                            <div class = \"td-slider\">\r\n                                \r\n                    <div class = \"td-slide-item td-item1\">\r\n                        <figure class=\"td-slide-galery-figure td-slide-popup-gallery\">\r\n                            <a class=\"slide-gallery-image-link\" href=\"https:\/\/static.africa-press.net\/congo-brazzaville\/sites\/51\/2023\/02\/postMediaimg_45_1-63f611d3efd98.jpg\" title=\"postMediaimg_45_1-63f611d3efd98\"  data-caption=\"\"  data-description=\"\">\r\n                                <img decoding=\"async\" src=\"https:\/\/static.africa-press.net\/congo-brazzaville\/sites\/51\/2023\/02\/postMediaimg_45_1-63f611d3efd98.jpg\" srcset=\"https:\/\/static.africa-press.net\/congo-brazzaville\/sites\/51\/2023\/02\/postMediaimg_45_1-63f611d3efd98.jpg 1365w, https:\/\/static.africa-press.net\/congo-brazzaville\/sites\/51\/2023\/02\/postMediaimg_45_1-63f611d3efd98-300x169.jpg 300w, https:\/\/static.africa-press.net\/congo-brazzaville\/sites\/51\/2023\/02\/postMediaimg_45_1-63f611d3efd98-1024x576.jpg 1024w, https:\/\/static.africa-press.net\/congo-brazzaville\/sites\/51\/2023\/02\/postMediaimg_45_1-63f611d3efd98-768x432.jpg 768w\" sizes=\"(max-width: 1365px) 100vw, 1365px\" alt=\"\">\r\n                            <\/a>\r\n                            \r\n                        <\/figure>\r\n                    <\/div>\r\n                    <div class = \"td-slide-item td-item2\">\r\n                        <figure class=\"td-slide-galery-figure td-slide-popup-gallery\">\r\n                            <a class=\"slide-gallery-image-link\" href=\"https:\/\/static.africa-press.net\/congo-brazzaville\/sites\/51\/2023\/02\/postMediaimg_45_2.jpg\" title=\"postMediaimg_45_2\"  data-caption=\"\"  data-description=\"\">\r\n                                <img decoding=\"async\" src=\"https:\/\/static.africa-press.net\/congo-brazzaville\/sites\/51\/2023\/02\/postMediaimg_45_2.jpg\" srcset=\"https:\/\/static.africa-press.net\/congo-brazzaville\/sites\/51\/2023\/02\/postMediaimg_45_2.jpg 1365w, https:\/\/static.africa-press.net\/congo-brazzaville\/sites\/51\/2023\/02\/postMediaimg_45_2-300x169.jpg 300w, https:\/\/static.africa-press.net\/congo-brazzaville\/sites\/51\/2023\/02\/postMediaimg_45_2-1024x576.jpg 1024w, https:\/\/static.africa-press.net\/congo-brazzaville\/sites\/51\/2023\/02\/postMediaimg_45_2-768x432.jpg 768w\" sizes=\"(max-width: 1365px) 100vw, 1365px\" alt=\"\">\r\n                            <\/a>\r\n                            \r\n                        <\/figure>\r\n                    <\/div>\r\n                            <\/div>\r\n                        <\/div>\r\n\r\n                        <div class = \"td-doubleSlider-2\">\r\n                            <div class = \"td-slider\">\r\n                                \r\n                    <div class = \"td-button td-item1\">\r\n                        <div class = \"td-border\"><\/div>\r\n                    <\/div>\r\n                    <div class = \"td-button td-item2\">\r\n                        <div class = \"td-border\"><\/div>\r\n                    <\/div>\r\n                            <\/div>\r\n                        <\/div>\r\n\r\n                    <\/div>\r\n\r\n                <\/div>\r\n                \n<p><strong>Pour plus d&rsquo;informations et d&rsquo;analyses sur la <a href=\"https:\/\/www.africa-press.net\/congo-brazzaville\">Congo Brazzaville<\/a>, suivez <a href=\"https:\/\/www.africa-press.net\/\">Africa-Press<\/a><\/strong><\/p>\n","protected":false},"excerpt":{"rendered":"<p>Africa-Press &#8211; Congo Brazzaville. Apre\u0300s les re\u0301unions des ministres du Budget, Finances et Justice des Etats membres de la Communaute\u0301 e\u0301conomique des Etats de l&rsquo;Afrique centrale (CEEAC) et celle des ministres du Conseil de paix et de se\u0301curite\u0301 de l\u2019Afrique centrale (Copax), les experts du Comite\u0301 inter-Etats se sont re\u0301unis a\u0300 leur tour, le 21 [&hellip;]<\/p>\n","protected":false},"author":82,"featured_media":14745,"comment_status":"open","ping_status":"closed","sticky":false,"template":"","format":"standard","meta":{"footnotes":""},"categories":[8,2,10],"tags":[36,47,46],"class_list":["post-14746","post","type-post","status-publish","format-standard","has-post-thumbnail","hentry","category-photo","category-politique","category-toutes-les-actualites","tag-africa-press","tag-africa-press-congo-brazzaville","tag-congo-brazzaville"],"yoast_head":"<!-- This site is optimized with the Yoast SEO Premium plugin v26.1 (Yoast SEO v27.0) - https:\/\/yoast.com\/product\/yoast-seo-premium-wordpress\/ -->\n<title>CEEAC : les experts du comit\u00e9 inter-Etats r\u00e9unis \u00e0 Kinshasa - Congo Brazzaville<\/title>\n<meta name=\"description\" content=\"Apre\u0300s les re\u0301unions des ministres du Budget, Finances et Justice des Etats membres de la Communaute\u0301 e\u0301conomique des ...\" \/>\n<meta name=\"robots\" content=\"index, follow, max-snippet:-1, max-image-preview:large, max-video-preview:-1\" \/>\n<link rel=\"canonical\" href=\"https:\/\/www.africa-press.net\/congo-brazzaville\/politique\/ceeac-les-experts-du-comite-inter-etats-reunis-a-kinshasa\" \/>\n<meta property=\"og:locale\" content=\"fr_FR\" \/>\n<meta property=\"og:type\" content=\"article\" \/>\n<meta property=\"og:title\" content=\"CEEAC : les experts du comit\u00e9 inter-Etats r\u00e9unis \u00e0 Kinshasa\" \/>\n<meta property=\"og:description\" content=\"Apre\u0300s les re\u0301unions des ministres du Budget, Finances et Justice des Etats membres de la Communaute\u0301 e\u0301conomique des ...\" \/>\n<meta property=\"og:url\" content=\"https:\/\/www.africa-press.net\/congo-brazzaville\/politique\/ceeac-les-experts-du-comite-inter-etats-reunis-a-kinshasa\" \/>\n<meta property=\"og:site_name\" content=\"Congo Brazzaville\" \/>\n<meta property=\"article:published_time\" content=\"2023-02-22T12:49:46+00:00\" \/>\n<meta property=\"article:modified_time\" content=\"2023-02-22T13:02:43+00:00\" \/>\n<meta property=\"og:image\" content=\"https:\/\/static.africa-press.net\/congo-brazzaville\/sites\/51\/2023\/02\/postQueueImg_1677057592.66.jpg\" \/>\n\t<meta property=\"og:image:width\" content=\"1365\" \/>\n\t<meta property=\"og:image:height\" content=\"768\" \/>\n\t<meta property=\"og:image:type\" content=\"image\/jpeg\" \/>\n<meta name=\"author\" content=\"cfeditorfr\" \/>\n<meta name=\"twitter:card\" content=\"summary_large_image\" \/>\n<meta name=\"twitter:label1\" content=\"\u00c9crit par\" \/>\n\t<meta name=\"twitter:data1\" content=\"cfeditorfr\" \/>\n\t<meta name=\"twitter:label2\" content=\"Dur\u00e9e de lecture estim\u00e9e\" \/>\n\t<meta name=\"twitter:data2\" content=\"3 minutes\" \/>\n<script type=\"application\/ld+json\" class=\"yoast-schema-graph\">{\"@context\":\"https:\/\/schema.org\",\"@graph\":[{\"@type\":\"Article\",\"@id\":\"https:\/\/www.africa-press.net\/congo-brazzaville\/politique\/ceeac-les-experts-du-comite-inter-etats-reunis-a-kinshasa#article\",\"isPartOf\":{\"@id\":\"https:\/\/www.africa-press.net\/congo-brazzaville\/politique\/ceeac-les-experts-du-comite-inter-etats-reunis-a-kinshasa\"},\"author\":{\"name\":\"cfeditorfr\",\"@id\":\"https:\/\/www.africa-press.net\/congo-brazzaville\/#\/schema\/person\/2b1cf3cd81a31e3cd26889ca66d677f1\"},\"headline\":\"CEEAC : les experts du comit\u00e9 inter-Etats r\u00e9unis \u00e0 Kinshasa\",\"datePublished\":\"2023-02-22T12:49:46+00:00\",\"dateModified\":\"2023-02-22T13:02:43+00:00\",\"mainEntityOfPage\":{\"@id\":\"https:\/\/www.africa-press.net\/congo-brazzaville\/politique\/ceeac-les-experts-du-comite-inter-etats-reunis-a-kinshasa\"},\"wordCount\":679,\"commentCount\":0,\"image\":{\"@id\":\"https:\/\/www.africa-press.net\/congo-brazzaville\/politique\/ceeac-les-experts-du-comite-inter-etats-reunis-a-kinshasa#primaryimage\"},\"thumbnailUrl\":\"https:\/\/static.africa-press.net\/congo-brazzaville\/sites\/51\/2023\/02\/postQueueImg_1677057592.66.jpg\",\"keywords\":[\"Africa Press\",\"Africa Press-Congo Brazzaville\",\"Congo Brazzaville\"],\"articleSection\":[\"Photo\",\"Politique\",\"Toutes les actualit\u00e9s\"],\"inLanguage\":\"fr-FR\",\"potentialAction\":[{\"@type\":\"CommentAction\",\"name\":\"Comment\",\"target\":[\"https:\/\/www.africa-press.net\/congo-brazzaville\/politique\/ceeac-les-experts-du-comite-inter-etats-reunis-a-kinshasa#respond\"]}]},{\"@type\":\"WebPage\",\"@id\":\"https:\/\/www.africa-press.net\/congo-brazzaville\/politique\/ceeac-les-experts-du-comite-inter-etats-reunis-a-kinshasa\",\"url\":\"https:\/\/www.africa-press.net\/congo-brazzaville\/politique\/ceeac-les-experts-du-comite-inter-etats-reunis-a-kinshasa\",\"name\":\"CEEAC : les experts du comit\u00e9 inter-Etats r\u00e9unis \u00e0 Kinshasa - Congo Brazzaville\",\"isPartOf\":{\"@id\":\"https:\/\/www.africa-press.net\/congo-brazzaville\/#website\"},\"primaryImageOfPage\":{\"@id\":\"https:\/\/www.africa-press.net\/congo-brazzaville\/politique\/ceeac-les-experts-du-comite-inter-etats-reunis-a-kinshasa#primaryimage\"},\"image\":{\"@id\":\"https:\/\/www.africa-press.net\/congo-brazzaville\/politique\/ceeac-les-experts-du-comite-inter-etats-reunis-a-kinshasa#primaryimage\"},\"thumbnailUrl\":\"https:\/\/static.africa-press.net\/congo-brazzaville\/sites\/51\/2023\/02\/postQueueImg_1677057592.66.jpg\",\"datePublished\":\"2023-02-22T12:49:46+00:00\",\"dateModified\":\"2023-02-22T13:02:43+00:00\",\"author\":{\"@id\":\"https:\/\/www.africa-press.net\/congo-brazzaville\/#\/schema\/person\/2b1cf3cd81a31e3cd26889ca66d677f1\"},\"description\":\"Apre\u0300s les re\u0301unions des ministres du Budget, Finances et Justice des Etats membres de la Communaute\u0301 e\u0301conomique des ...\",\"breadcrumb\":{\"@id\":\"https:\/\/www.africa-press.net\/congo-brazzaville\/politique\/ceeac-les-experts-du-comite-inter-etats-reunis-a-kinshasa#breadcrumb\"},\"inLanguage\":\"fr-FR\",\"potentialAction\":[{\"@type\":\"ReadAction\",\"target\":[\"https:\/\/www.africa-press.net\/congo-brazzaville\/politique\/ceeac-les-experts-du-comite-inter-etats-reunis-a-kinshasa\"]}]},{\"@type\":\"ImageObject\",\"inLanguage\":\"fr-FR\",\"@id\":\"https:\/\/www.africa-press.net\/congo-brazzaville\/politique\/ceeac-les-experts-du-comite-inter-etats-reunis-a-kinshasa#primaryimage\",\"url\":\"https:\/\/static.africa-press.net\/congo-brazzaville\/sites\/51\/2023\/02\/postQueueImg_1677057592.66.jpg\",\"contentUrl\":\"https:\/\/static.africa-press.net\/congo-brazzaville\/sites\/51\/2023\/02\/postQueueImg_1677057592.66.jpg\",\"width\":1365,\"height\":768,\"caption\":\"CEEAC : les experts du comit\u00e9 inter-Etats r\u00e9unis \u00e0 Kinshasa\"},{\"@type\":\"BreadcrumbList\",\"@id\":\"https:\/\/www.africa-press.net\/congo-brazzaville\/politique\/ceeac-les-experts-du-comite-inter-etats-reunis-a-kinshasa#breadcrumb\",\"itemListElement\":[{\"@type\":\"ListItem\",\"position\":1,\"name\":\"Accueil\",\"item\":\"https:\/\/www.africa-press.net\/congo-brazzaville\/\"},{\"@type\":\"ListItem\",\"position\":2,\"name\":\"CEEAC : les experts du comit\u00e9 inter-Etats r\u00e9unis \u00e0 Kinshasa\"}]},{\"@type\":\"WebSite\",\"@id\":\"https:\/\/www.africa-press.net\/congo-brazzaville\/#website\",\"url\":\"https:\/\/www.africa-press.net\/congo-brazzaville\/\",\"name\":\"Congo Brazzaville\",\"description\":\"Just another Africa News Agency Sites site\",\"potentialAction\":[{\"@type\":\"SearchAction\",\"target\":{\"@type\":\"EntryPoint\",\"urlTemplate\":\"https:\/\/www.africa-press.net\/congo-brazzaville\/?s={search_term_string}\"},\"query-input\":{\"@type\":\"PropertyValueSpecification\",\"valueRequired\":true,\"valueName\":\"search_term_string\"}}],\"inLanguage\":\"fr-FR\"},{\"@type\":\"Person\",\"@id\":\"https:\/\/www.africa-press.net\/congo-brazzaville\/#\/schema\/person\/2b1cf3cd81a31e3cd26889ca66d677f1\",\"name\":\"cfeditorfr\"}]}<\/script>\n<!-- \/ Yoast SEO Premium plugin. -->","yoast_head_json":{"title":"CEEAC : les experts du comit\u00e9 inter-Etats r\u00e9unis \u00e0 Kinshasa - Congo Brazzaville","description":"Apre\u0300s les re\u0301unions des ministres du Budget, Finances et Justice des Etats membres de la Communaute\u0301 e\u0301conomique des ...","robots":{"index":"index","follow":"follow","max-snippet":"max-snippet:-1","max-image-preview":"max-image-preview:large","max-video-preview":"max-video-preview:-1"},"canonical":"https:\/\/www.africa-press.net\/congo-brazzaville\/politique\/ceeac-les-experts-du-comite-inter-etats-reunis-a-kinshasa","og_locale":"fr_FR","og_type":"article","og_title":"CEEAC : les experts du comit\u00e9 inter-Etats r\u00e9unis \u00e0 Kinshasa","og_description":"Apre\u0300s les re\u0301unions des ministres du Budget, Finances et Justice des Etats membres de la Communaute\u0301 e\u0301conomique des ...","og_url":"https:\/\/www.africa-press.net\/congo-brazzaville\/politique\/ceeac-les-experts-du-comite-inter-etats-reunis-a-kinshasa","og_site_name":"Congo Brazzaville","article_published_time":"2023-02-22T12:49:46+00:00","article_modified_time":"2023-02-22T13:02:43+00:00","og_image":[{"width":1365,"height":768,"url":"https:\/\/static.africa-press.net\/congo-brazzaville\/sites\/51\/2023\/02\/postQueueImg_1677057592.66.jpg","type":"image\/jpeg"}],"author":"cfeditorfr","twitter_card":"summary_large_image","twitter_misc":{"\u00c9crit par":"cfeditorfr","Dur\u00e9e de lecture estim\u00e9e":"3 minutes"},"schema":{"@context":"https:\/\/schema.org","@graph":[{"@type":"Article","@id":"https:\/\/www.africa-press.net\/congo-brazzaville\/politique\/ceeac-les-experts-du-comite-inter-etats-reunis-a-kinshasa#article","isPartOf":{"@id":"https:\/\/www.africa-press.net\/congo-brazzaville\/politique\/ceeac-les-experts-du-comite-inter-etats-reunis-a-kinshasa"},"author":{"name":"cfeditorfr","@id":"https:\/\/www.africa-press.net\/congo-brazzaville\/#\/schema\/person\/2b1cf3cd81a31e3cd26889ca66d677f1"},"headline":"CEEAC : les experts du comit\u00e9 inter-Etats r\u00e9unis \u00e0 Kinshasa","datePublished":"2023-02-22T12:49:46+00:00","dateModified":"2023-02-22T13:02:43+00:00","mainEntityOfPage":{"@id":"https:\/\/www.africa-press.net\/congo-brazzaville\/politique\/ceeac-les-experts-du-comite-inter-etats-reunis-a-kinshasa"},"wordCount":679,"commentCount":0,"image":{"@id":"https:\/\/www.africa-press.net\/congo-brazzaville\/politique\/ceeac-les-experts-du-comite-inter-etats-reunis-a-kinshasa#primaryimage"},"thumbnailUrl":"https:\/\/static.africa-press.net\/congo-brazzaville\/sites\/51\/2023\/02\/postQueueImg_1677057592.66.jpg","keywords":["Africa Press","Africa Press-Congo Brazzaville","Congo Brazzaville"],"articleSection":["Photo","Politique","Toutes les actualit\u00e9s"],"inLanguage":"fr-FR","potentialAction":[{"@type":"CommentAction","name":"Comment","target":["https:\/\/www.africa-press.net\/congo-brazzaville\/politique\/ceeac-les-experts-du-comite-inter-etats-reunis-a-kinshasa#respond"]}]},{"@type":"WebPage","@id":"https:\/\/www.africa-press.net\/congo-brazzaville\/politique\/ceeac-les-experts-du-comite-inter-etats-reunis-a-kinshasa","url":"https:\/\/www.africa-press.net\/congo-brazzaville\/politique\/ceeac-les-experts-du-comite-inter-etats-reunis-a-kinshasa","name":"CEEAC : les experts du comit\u00e9 inter-Etats r\u00e9unis \u00e0 Kinshasa - Congo Brazzaville","isPartOf":{"@id":"https:\/\/www.africa-press.net\/congo-brazzaville\/#website"},"primaryImageOfPage":{"@id":"https:\/\/www.africa-press.net\/congo-brazzaville\/politique\/ceeac-les-experts-du-comite-inter-etats-reunis-a-kinshasa#primaryimage"},"image":{"@id":"https:\/\/www.africa-press.net\/congo-brazzaville\/politique\/ceeac-les-experts-du-comite-inter-etats-reunis-a-kinshasa#primaryimage"},"thumbnailUrl":"https:\/\/static.africa-press.net\/congo-brazzaville\/sites\/51\/2023\/02\/postQueueImg_1677057592.66.jpg","datePublished":"2023-02-22T12:49:46+00:00","dateModified":"2023-02-22T13:02:43+00:00","author":{"@id":"https:\/\/www.africa-press.net\/congo-brazzaville\/#\/schema\/person\/2b1cf3cd81a31e3cd26889ca66d677f1"},"description":"Apre\u0300s les re\u0301unions des ministres du Budget, Finances et Justice des Etats membres de la Communaute\u0301 e\u0301conomique des ...","breadcrumb":{"@id":"https:\/\/www.africa-press.net\/congo-brazzaville\/politique\/ceeac-les-experts-du-comite-inter-etats-reunis-a-kinshasa#breadcrumb"},"inLanguage":"fr-FR","potentialAction":[{"@type":"ReadAction","target":["https:\/\/www.africa-press.net\/congo-brazzaville\/politique\/ceeac-les-experts-du-comite-inter-etats-reunis-a-kinshasa"]}]},{"@type":"ImageObject","inLanguage":"fr-FR","@id":"https:\/\/www.africa-press.net\/congo-brazzaville\/politique\/ceeac-les-experts-du-comite-inter-etats-reunis-a-kinshasa#primaryimage","url":"https:\/\/static.africa-press.net\/congo-brazzaville\/sites\/51\/2023\/02\/postQueueImg_1677057592.66.jpg","contentUrl":"https:\/\/static.africa-press.net\/congo-brazzaville\/sites\/51\/2023\/02\/postQueueImg_1677057592.66.jpg","width":1365,"height":768,"caption":"CEEAC : les experts du comit\u00e9 inter-Etats r\u00e9unis \u00e0 Kinshasa"},{"@type":"BreadcrumbList","@id":"https:\/\/www.africa-press.net\/congo-brazzaville\/politique\/ceeac-les-experts-du-comite-inter-etats-reunis-a-kinshasa#breadcrumb","itemListElement":[{"@type":"ListItem","position":1,"name":"Accueil","item":"https:\/\/www.africa-press.net\/congo-brazzaville\/"},{"@type":"ListItem","position":2,"name":"CEEAC : les experts du comit\u00e9 inter-Etats r\u00e9unis \u00e0 Kinshasa"}]},{"@type":"WebSite","@id":"https:\/\/www.africa-press.net\/congo-brazzaville\/#website","url":"https:\/\/www.africa-press.net\/congo-brazzaville\/","name":"Congo Brazzaville","description":"Just another Africa News Agency Sites site","potentialAction":[{"@type":"SearchAction","target":{"@type":"EntryPoint","urlTemplate":"https:\/\/www.africa-press.net\/congo-brazzaville\/?s={search_term_string}"},"query-input":{"@type":"PropertyValueSpecification","valueRequired":true,"valueName":"search_term_string"}}],"inLanguage":"fr-FR"},{"@type":"Person","@id":"https:\/\/www.africa-press.net\/congo-brazzaville\/#\/schema\/person\/2b1cf3cd81a31e3cd26889ca66d677f1","name":"cfeditorfr"}]}},"_links":{"self":[{"href":"https:\/\/www.africa-press.net\/congo-brazzaville\/wp-json\/wp\/v2\/posts\/14746","targetHints":{"allow":["GET"]}}],"collection":[{"href":"https:\/\/www.africa-press.net\/congo-brazzaville\/wp-json\/wp\/v2\/posts"}],"about":[{"href":"https:\/\/www.africa-press.net\/congo-brazzaville\/wp-json\/wp\/v2\/types\/post"}],"author":[{"embeddable":true,"href":"https:\/\/www.africa-press.net\/congo-brazzaville\/wp-json\/wp\/v2\/users\/82"}],"replies":[{"embeddable":true,"href":"https:\/\/www.africa-press.net\/congo-brazzaville\/wp-json\/wp\/v2\/comments?post=14746"}],"version-history":[{"count":0,"href":"https:\/\/www.africa-press.net\/congo-brazzaville\/wp-json\/wp\/v2\/posts\/14746\/revisions"}],"wp:featuredmedia":[{"embeddable":true,"href":"https:\/\/www.africa-press.net\/congo-brazzaville\/wp-json\/wp\/v2\/media\/14745"}],"wp:attachment":[{"href":"https:\/\/www.africa-press.net\/congo-brazzaville\/wp-json\/wp\/v2\/media?parent=14746"}],"wp:term":[{"taxonomy":"category","embeddable":true,"href":"https:\/\/www.africa-press.net\/congo-brazzaville\/wp-json\/wp\/v2\/categories?post=14746"},{"taxonomy":"post_tag","embeddable":true,"href":"https:\/\/www.africa-press.net\/congo-brazzaville\/wp-json\/wp\/v2\/tags?post=14746"}],"curies":[{"name":"wp","href":"https:\/\/api.w.org\/{rel}","templated":true}]}}