{"id":14751,"date":"2023-02-22T12:50:12","date_gmt":"2023-02-22T12:50:12","guid":{"rendered":"https:\/\/www.africa-press.net\/congo-brazzaville\/politique\/foire-de-la-femme-la-troisieme-edition-axee-sur-le-numerique"},"modified":"2023-02-22T13:03:55","modified_gmt":"2023-02-22T13:03:55","slug":"foire-de-la-femme-la-troisieme-edition-axee-sur-le-numerique","status":"publish","type":"post","link":"https:\/\/www.africa-press.net\/congo-brazzaville\/economie\/foire-de-la-femme-la-troisieme-edition-axee-sur-le-numerique","title":{"rendered":"Foire de la femme : la troisi\u00e8me \u00e9dition ax\u00e9e sur le num\u00e9rique"},"content":{"rendered":"<p><span style=\"color: #ff6600\"><strong>Africa-Press &#8211; Congo Brazzaville. <\/strong><\/span><b>Organise\u0301e par l\u2019entreprise BDK, la troisie\u0300me e\u0301dition de la foire de la femme se de\u0301roulera du 4 au 11 mars prochain a\u0300 la Chambre de commerce de Pointe-Noire, sur le the\u0300me \u00ab L\u2019e\u0300re du nume\u0301rique \u00bb. <\/b><\/p>\n<p>Le rendez-vous annuel re\u0301unira une trentaine de femmes entrepreneures, artisanales, artistes, prestataires de services et autres. Destine\u0301e a\u0300 rendre visibles celles-ci et a\u0300 promouvoir leurs produits et services, la foire de la femme sera place\u0301e cette anne\u0301e sous le patronage d\u2019Evelyne Tchichelle, pre\u0301sidente du Conseil de\u0301partemental et municipal, maire de la ville.<\/p>\n<p>Diverses activite\u0301s sont retenues : confe\u0301rences anime\u0301es par des expertes sur des sous-the\u0300mes portant sur l\u2019importance du nume\u0301rique dans l\u2019entrepreneuriat, la manie\u0300re de communiquer pour le rayonnement de son activite\u0301 et comment changer la perception des femmes sur leurs valeurs pour mieux vendre leurs produits, exposition vente des produits et services, ateliers de formation et autres.<\/p>\n<p>Notons que dans le cadre de cette e\u0301dition de la foire de la femme, le de\u0301lai de re\u0301servation des stands est fixe\u0301 au 25 fe\u0301vrier.<\/p>\n<p><strong>Pour plus d&rsquo;informations et d&rsquo;analyses sur la <a href=\"https:\/\/www.africa-press.net\/congo-brazzaville\">Congo Brazzaville<\/a>, suivez <a href=\"https:\/\/www.africa-press.net\/\">Africa-Press<\/a><\/strong><\/p>\n","protected":false},"excerpt":{"rendered":"<p>Africa-Press &#8211; Congo Brazzaville. Organise\u0301e par l\u2019entreprise BDK, la troisie\u0300me e\u0301dition de la foire de la femme se de\u0301roulera du 4 au 11 mars prochain a\u0300 la Chambre de commerce de Pointe-Noire, sur le the\u0300me \u00ab L\u2019e\u0300re du nume\u0301rique \u00bb. Le rendez-vous annuel re\u0301unira une trentaine de femmes entrepreneures, artisanales, artistes, prestataires de services et [&hellip;]<\/p>\n","protected":false},"author":82,"featured_media":14749,"comment_status":"open","ping_status":"closed","sticky":false,"template":"","format":"standard","meta":{"footnotes":""},"categories":[3,10],"tags":[36,47,46],"class_list":["post-14751","post","type-post","status-publish","format-standard","has-post-thumbnail","hentry","category-economie","category-toutes-les-actualites","tag-africa-press","tag-africa-press-congo-brazzaville","tag-congo-brazzaville"],"yoast_head":"<!-- This site is optimized with the Yoast SEO Premium plugin v26.1 (Yoast SEO v27.0) - https:\/\/yoast.com\/product\/yoast-seo-premium-wordpress\/ -->\n<title>Foire de la femme : la troisi\u00e8me \u00e9dition ax\u00e9e sur le num\u00e9rique - Congo Brazzaville<\/title>\n<meta name=\"description\" content=\"Organise\u0301e par l\u2019entreprise BDK, la troisie\u0300me e\u0301dition de la foire de la femme se de\u0301roulera du 4 au 11 mars prochai ...\" \/>\n<meta name=\"robots\" content=\"index, follow, max-snippet:-1, max-image-preview:large, max-video-preview:-1\" \/>\n<link rel=\"canonical\" href=\"https:\/\/www.africa-press.net\/congo-brazzaville\/economie\/foire-de-la-femme-la-troisieme-edition-axee-sur-le-numerique\" \/>\n<meta property=\"og:locale\" content=\"fr_FR\" \/>\n<meta property=\"og:type\" content=\"article\" \/>\n<meta property=\"og:title\" content=\"Foire de la femme : la troisi\u00e8me \u00e9dition ax\u00e9e sur le num\u00e9rique\" \/>\n<meta property=\"og:description\" content=\"Organise\u0301e par l\u2019entreprise BDK, la troisie\u0300me e\u0301dition de la foire de la femme se de\u0301roulera du 4 au 11 mars prochai ...\" \/>\n<meta property=\"og:url\" content=\"https:\/\/www.africa-press.net\/congo-brazzaville\/economie\/foire-de-la-femme-la-troisieme-edition-axee-sur-le-numerique\" \/>\n<meta property=\"og:site_name\" content=\"Congo Brazzaville\" \/>\n<meta property=\"article:published_time\" content=\"2023-02-22T12:50:12+00:00\" \/>\n<meta property=\"article:modified_time\" content=\"2023-02-22T13:03:55+00:00\" \/>\n<meta property=\"og:image\" content=\"https:\/\/static.africa-press.net\/congo-brazzaville\/sites\/51\/2023\/02\/postQueueImg_1677057618.10.jpg\" \/>\n\t<meta property=\"og:image:width\" content=\"1280\" \/>\n\t<meta property=\"og:image:height\" content=\"720\" \/>\n\t<meta property=\"og:image:type\" content=\"image\/jpeg\" \/>\n<meta name=\"author\" content=\"cfeditorfr\" \/>\n<meta name=\"twitter:card\" content=\"summary_large_image\" \/>\n<meta name=\"twitter:label1\" content=\"\u00c9crit par\" \/>\n\t<meta name=\"twitter:data1\" content=\"cfeditorfr\" \/>\n\t<meta name=\"twitter:label2\" content=\"Dur\u00e9e de lecture estim\u00e9e\" \/>\n\t<meta name=\"twitter:data2\" content=\"1 minute\" \/>\n<script type=\"application\/ld+json\" class=\"yoast-schema-graph\">{\"@context\":\"https:\/\/schema.org\",\"@graph\":[{\"@type\":\"Article\",\"@id\":\"https:\/\/www.africa-press.net\/congo-brazzaville\/economie\/foire-de-la-femme-la-troisieme-edition-axee-sur-le-numerique#article\",\"isPartOf\":{\"@id\":\"https:\/\/www.africa-press.net\/congo-brazzaville\/economie\/foire-de-la-femme-la-troisieme-edition-axee-sur-le-numerique\"},\"author\":{\"name\":\"cfeditorfr\",\"@id\":\"https:\/\/www.africa-press.net\/congo-brazzaville\/#\/schema\/person\/2b1cf3cd81a31e3cd26889ca66d677f1\"},\"headline\":\"Foire de la femme : la troisi\u00e8me \u00e9dition ax\u00e9e sur le num\u00e9rique\",\"datePublished\":\"2023-02-22T12:50:12+00:00\",\"dateModified\":\"2023-02-22T13:03:55+00:00\",\"mainEntityOfPage\":{\"@id\":\"https:\/\/www.africa-press.net\/congo-brazzaville\/economie\/foire-de-la-femme-la-troisieme-edition-axee-sur-le-numerique\"},\"wordCount\":222,\"commentCount\":0,\"image\":{\"@id\":\"https:\/\/www.africa-press.net\/congo-brazzaville\/economie\/foire-de-la-femme-la-troisieme-edition-axee-sur-le-numerique#primaryimage\"},\"thumbnailUrl\":\"https:\/\/static.africa-press.net\/congo-brazzaville\/sites\/51\/2023\/02\/postQueueImg_1677057618.10.jpg\",\"keywords\":[\"Africa Press\",\"Africa Press-Congo Brazzaville\",\"Congo Brazzaville\"],\"articleSection\":[\"\u00c9conomie\",\"Toutes les actualit\u00e9s\"],\"inLanguage\":\"fr-FR\",\"potentialAction\":[{\"@type\":\"CommentAction\",\"name\":\"Comment\",\"target\":[\"https:\/\/www.africa-press.net\/congo-brazzaville\/economie\/foire-de-la-femme-la-troisieme-edition-axee-sur-le-numerique#respond\"]}]},{\"@type\":\"WebPage\",\"@id\":\"https:\/\/www.africa-press.net\/congo-brazzaville\/economie\/foire-de-la-femme-la-troisieme-edition-axee-sur-le-numerique\",\"url\":\"https:\/\/www.africa-press.net\/congo-brazzaville\/economie\/foire-de-la-femme-la-troisieme-edition-axee-sur-le-numerique\",\"name\":\"Foire de la femme : la troisi\u00e8me \u00e9dition ax\u00e9e sur le num\u00e9rique - Congo Brazzaville\",\"isPartOf\":{\"@id\":\"https:\/\/www.africa-press.net\/congo-brazzaville\/#website\"},\"primaryImageOfPage\":{\"@id\":\"https:\/\/www.africa-press.net\/congo-brazzaville\/economie\/foire-de-la-femme-la-troisieme-edition-axee-sur-le-numerique#primaryimage\"},\"image\":{\"@id\":\"https:\/\/www.africa-press.net\/congo-brazzaville\/economie\/foire-de-la-femme-la-troisieme-edition-axee-sur-le-numerique#primaryimage\"},\"thumbnailUrl\":\"https:\/\/static.africa-press.net\/congo-brazzaville\/sites\/51\/2023\/02\/postQueueImg_1677057618.10.jpg\",\"datePublished\":\"2023-02-22T12:50:12+00:00\",\"dateModified\":\"2023-02-22T13:03:55+00:00\",\"author\":{\"@id\":\"https:\/\/www.africa-press.net\/congo-brazzaville\/#\/schema\/person\/2b1cf3cd81a31e3cd26889ca66d677f1\"},\"description\":\"Organise\u0301e par l\u2019entreprise BDK, la troisie\u0300me e\u0301dition de la foire de la femme se de\u0301roulera du 4 au 11 mars prochai ...\",\"breadcrumb\":{\"@id\":\"https:\/\/www.africa-press.net\/congo-brazzaville\/economie\/foire-de-la-femme-la-troisieme-edition-axee-sur-le-numerique#breadcrumb\"},\"inLanguage\":\"fr-FR\",\"potentialAction\":[{\"@type\":\"ReadAction\",\"target\":[\"https:\/\/www.africa-press.net\/congo-brazzaville\/economie\/foire-de-la-femme-la-troisieme-edition-axee-sur-le-numerique\"]}]},{\"@type\":\"ImageObject\",\"inLanguage\":\"fr-FR\",\"@id\":\"https:\/\/www.africa-press.net\/congo-brazzaville\/economie\/foire-de-la-femme-la-troisieme-edition-axee-sur-le-numerique#primaryimage\",\"url\":\"https:\/\/static.africa-press.net\/congo-brazzaville\/sites\/51\/2023\/02\/postQueueImg_1677057618.10.jpg\",\"contentUrl\":\"https:\/\/static.africa-press.net\/congo-brazzaville\/sites\/51\/2023\/02\/postQueueImg_1677057618.10.jpg\",\"width\":1280,\"height\":720,\"caption\":\"Foire de la femme : la troisi\u00e8me \u00e9dition ax\u00e9e sur le num\u00e9rique\"},{\"@type\":\"BreadcrumbList\",\"@id\":\"https:\/\/www.africa-press.net\/congo-brazzaville\/economie\/foire-de-la-femme-la-troisieme-edition-axee-sur-le-numerique#breadcrumb\",\"itemListElement\":[{\"@type\":\"ListItem\",\"position\":1,\"name\":\"Accueil\",\"item\":\"https:\/\/www.africa-press.net\/congo-brazzaville\/\"},{\"@type\":\"ListItem\",\"position\":2,\"name\":\"Foire de la femme : la troisi\u00e8me \u00e9dition ax\u00e9e sur le num\u00e9rique\"}]},{\"@type\":\"WebSite\",\"@id\":\"https:\/\/www.africa-press.net\/congo-brazzaville\/#website\",\"url\":\"https:\/\/www.africa-press.net\/congo-brazzaville\/\",\"name\":\"Congo Brazzaville\",\"description\":\"Just another Africa News Agency Sites site\",\"potentialAction\":[{\"@type\":\"SearchAction\",\"target\":{\"@type\":\"EntryPoint\",\"urlTemplate\":\"https:\/\/www.africa-press.net\/congo-brazzaville\/?s={search_term_string}\"},\"query-input\":{\"@type\":\"PropertyValueSpecification\",\"valueRequired\":true,\"valueName\":\"search_term_string\"}}],\"inLanguage\":\"fr-FR\"},{\"@type\":\"Person\",\"@id\":\"https:\/\/www.africa-press.net\/congo-brazzaville\/#\/schema\/person\/2b1cf3cd81a31e3cd26889ca66d677f1\",\"name\":\"cfeditorfr\"}]}<\/script>\n<!-- \/ Yoast SEO Premium plugin. -->","yoast_head_json":{"title":"Foire de la femme : la troisi\u00e8me \u00e9dition ax\u00e9e sur le num\u00e9rique - Congo Brazzaville","description":"Organise\u0301e par l\u2019entreprise BDK, la troisie\u0300me e\u0301dition de la foire de la femme se de\u0301roulera du 4 au 11 mars prochai ...","robots":{"index":"index","follow":"follow","max-snippet":"max-snippet:-1","max-image-preview":"max-image-preview:large","max-video-preview":"max-video-preview:-1"},"canonical":"https:\/\/www.africa-press.net\/congo-brazzaville\/economie\/foire-de-la-femme-la-troisieme-edition-axee-sur-le-numerique","og_locale":"fr_FR","og_type":"article","og_title":"Foire de la femme : la troisi\u00e8me \u00e9dition ax\u00e9e sur le num\u00e9rique","og_description":"Organise\u0301e par l\u2019entreprise BDK, la troisie\u0300me e\u0301dition de la foire de la femme se de\u0301roulera du 4 au 11 mars prochai ...","og_url":"https:\/\/www.africa-press.net\/congo-brazzaville\/economie\/foire-de-la-femme-la-troisieme-edition-axee-sur-le-numerique","og_site_name":"Congo Brazzaville","article_published_time":"2023-02-22T12:50:12+00:00","article_modified_time":"2023-02-22T13:03:55+00:00","og_image":[{"width":1280,"height":720,"url":"https:\/\/static.africa-press.net\/congo-brazzaville\/sites\/51\/2023\/02\/postQueueImg_1677057618.10.jpg","type":"image\/jpeg"}],"author":"cfeditorfr","twitter_card":"summary_large_image","twitter_misc":{"\u00c9crit par":"cfeditorfr","Dur\u00e9e de lecture estim\u00e9e":"1 minute"},"schema":{"@context":"https:\/\/schema.org","@graph":[{"@type":"Article","@id":"https:\/\/www.africa-press.net\/congo-brazzaville\/economie\/foire-de-la-femme-la-troisieme-edition-axee-sur-le-numerique#article","isPartOf":{"@id":"https:\/\/www.africa-press.net\/congo-brazzaville\/economie\/foire-de-la-femme-la-troisieme-edition-axee-sur-le-numerique"},"author":{"name":"cfeditorfr","@id":"https:\/\/www.africa-press.net\/congo-brazzaville\/#\/schema\/person\/2b1cf3cd81a31e3cd26889ca66d677f1"},"headline":"Foire de la femme : la troisi\u00e8me \u00e9dition ax\u00e9e sur le num\u00e9rique","datePublished":"2023-02-22T12:50:12+00:00","dateModified":"2023-02-22T13:03:55+00:00","mainEntityOfPage":{"@id":"https:\/\/www.africa-press.net\/congo-brazzaville\/economie\/foire-de-la-femme-la-troisieme-edition-axee-sur-le-numerique"},"wordCount":222,"commentCount":0,"image":{"@id":"https:\/\/www.africa-press.net\/congo-brazzaville\/economie\/foire-de-la-femme-la-troisieme-edition-axee-sur-le-numerique#primaryimage"},"thumbnailUrl":"https:\/\/static.africa-press.net\/congo-brazzaville\/sites\/51\/2023\/02\/postQueueImg_1677057618.10.jpg","keywords":["Africa Press","Africa Press-Congo Brazzaville","Congo Brazzaville"],"articleSection":["\u00c9conomie","Toutes les actualit\u00e9s"],"inLanguage":"fr-FR","potentialAction":[{"@type":"CommentAction","name":"Comment","target":["https:\/\/www.africa-press.net\/congo-brazzaville\/economie\/foire-de-la-femme-la-troisieme-edition-axee-sur-le-numerique#respond"]}]},{"@type":"WebPage","@id":"https:\/\/www.africa-press.net\/congo-brazzaville\/economie\/foire-de-la-femme-la-troisieme-edition-axee-sur-le-numerique","url":"https:\/\/www.africa-press.net\/congo-brazzaville\/economie\/foire-de-la-femme-la-troisieme-edition-axee-sur-le-numerique","name":"Foire de la femme : la troisi\u00e8me \u00e9dition ax\u00e9e sur le num\u00e9rique - Congo Brazzaville","isPartOf":{"@id":"https:\/\/www.africa-press.net\/congo-brazzaville\/#website"},"primaryImageOfPage":{"@id":"https:\/\/www.africa-press.net\/congo-brazzaville\/economie\/foire-de-la-femme-la-troisieme-edition-axee-sur-le-numerique#primaryimage"},"image":{"@id":"https:\/\/www.africa-press.net\/congo-brazzaville\/economie\/foire-de-la-femme-la-troisieme-edition-axee-sur-le-numerique#primaryimage"},"thumbnailUrl":"https:\/\/static.africa-press.net\/congo-brazzaville\/sites\/51\/2023\/02\/postQueueImg_1677057618.10.jpg","datePublished":"2023-02-22T12:50:12+00:00","dateModified":"2023-02-22T13:03:55+00:00","author":{"@id":"https:\/\/www.africa-press.net\/congo-brazzaville\/#\/schema\/person\/2b1cf3cd81a31e3cd26889ca66d677f1"},"description":"Organise\u0301e par l\u2019entreprise BDK, la troisie\u0300me e\u0301dition de la foire de la femme se de\u0301roulera du 4 au 11 mars prochai ...","breadcrumb":{"@id":"https:\/\/www.africa-press.net\/congo-brazzaville\/economie\/foire-de-la-femme-la-troisieme-edition-axee-sur-le-numerique#breadcrumb"},"inLanguage":"fr-FR","potentialAction":[{"@type":"ReadAction","target":["https:\/\/www.africa-press.net\/congo-brazzaville\/economie\/foire-de-la-femme-la-troisieme-edition-axee-sur-le-numerique"]}]},{"@type":"ImageObject","inLanguage":"fr-FR","@id":"https:\/\/www.africa-press.net\/congo-brazzaville\/economie\/foire-de-la-femme-la-troisieme-edition-axee-sur-le-numerique#primaryimage","url":"https:\/\/static.africa-press.net\/congo-brazzaville\/sites\/51\/2023\/02\/postQueueImg_1677057618.10.jpg","contentUrl":"https:\/\/static.africa-press.net\/congo-brazzaville\/sites\/51\/2023\/02\/postQueueImg_1677057618.10.jpg","width":1280,"height":720,"caption":"Foire de la femme : la troisi\u00e8me \u00e9dition ax\u00e9e sur le num\u00e9rique"},{"@type":"BreadcrumbList","@id":"https:\/\/www.africa-press.net\/congo-brazzaville\/economie\/foire-de-la-femme-la-troisieme-edition-axee-sur-le-numerique#breadcrumb","itemListElement":[{"@type":"ListItem","position":1,"name":"Accueil","item":"https:\/\/www.africa-press.net\/congo-brazzaville\/"},{"@type":"ListItem","position":2,"name":"Foire de la femme : la troisi\u00e8me \u00e9dition ax\u00e9e sur le num\u00e9rique"}]},{"@type":"WebSite","@id":"https:\/\/www.africa-press.net\/congo-brazzaville\/#website","url":"https:\/\/www.africa-press.net\/congo-brazzaville\/","name":"Congo Brazzaville","description":"Just another Africa News Agency Sites site","potentialAction":[{"@type":"SearchAction","target":{"@type":"EntryPoint","urlTemplate":"https:\/\/www.africa-press.net\/congo-brazzaville\/?s={search_term_string}"},"query-input":{"@type":"PropertyValueSpecification","valueRequired":true,"valueName":"search_term_string"}}],"inLanguage":"fr-FR"},{"@type":"Person","@id":"https:\/\/www.africa-press.net\/congo-brazzaville\/#\/schema\/person\/2b1cf3cd81a31e3cd26889ca66d677f1","name":"cfeditorfr"}]}},"_links":{"self":[{"href":"https:\/\/www.africa-press.net\/congo-brazzaville\/wp-json\/wp\/v2\/posts\/14751","targetHints":{"allow":["GET"]}}],"collection":[{"href":"https:\/\/www.africa-press.net\/congo-brazzaville\/wp-json\/wp\/v2\/posts"}],"about":[{"href":"https:\/\/www.africa-press.net\/congo-brazzaville\/wp-json\/wp\/v2\/types\/post"}],"author":[{"embeddable":true,"href":"https:\/\/www.africa-press.net\/congo-brazzaville\/wp-json\/wp\/v2\/users\/82"}],"replies":[{"embeddable":true,"href":"https:\/\/www.africa-press.net\/congo-brazzaville\/wp-json\/wp\/v2\/comments?post=14751"}],"version-history":[{"count":0,"href":"https:\/\/www.africa-press.net\/congo-brazzaville\/wp-json\/wp\/v2\/posts\/14751\/revisions"}],"wp:featuredmedia":[{"embeddable":true,"href":"https:\/\/www.africa-press.net\/congo-brazzaville\/wp-json\/wp\/v2\/media\/14749"}],"wp:attachment":[{"href":"https:\/\/www.africa-press.net\/congo-brazzaville\/wp-json\/wp\/v2\/media?parent=14751"}],"wp:term":[{"taxonomy":"category","embeddable":true,"href":"https:\/\/www.africa-press.net\/congo-brazzaville\/wp-json\/wp\/v2\/categories?post=14751"},{"taxonomy":"post_tag","embeddable":true,"href":"https:\/\/www.africa-press.net\/congo-brazzaville\/wp-json\/wp\/v2\/tags?post=14751"}],"curies":[{"name":"wp","href":"https:\/\/api.w.org\/{rel}","templated":true}]}}