{"id":14753,"date":"2023-02-22T12:50:24","date_gmt":"2023-02-22T12:50:24","guid":{"rendered":"https:\/\/www.africa-press.net\/congo-brazzaville\/politique\/energie-le-gouvernement-veut-augmenter-le-prix-de-lelectricite"},"modified":"2023-02-22T13:04:19","modified_gmt":"2023-02-22T13:04:19","slug":"energie-le-gouvernement-veut-augmenter-le-prix-de-lelectricite","status":"publish","type":"post","link":"https:\/\/www.africa-press.net\/congo-brazzaville\/economie\/energie-le-gouvernement-veut-augmenter-le-prix-de-lelectricite","title":{"rendered":"\u00c9nergie : le gouvernement veut augmenter le prix de l\u2019\u00e9lectricit\u00e9"},"content":{"rendered":"<p><span style=\"color: #ff6600\"><strong>Africa-Press &#8211; Congo Brazzaville. <\/strong><\/span><b>Le comite\u0301 interministe\u0301riel va se re\u0301unir sous peu pour re\u0301fle\u0301chir sur la nouvelle facturation de l\u2019e\u0301lectricite\u0301, a indique\u0301 le 21 fe\u0301vrier le ministre de l&rsquo;E\u0301nergie et de l&rsquo;Hydraulique, E\u0301mile Ouosso. Le projet d&rsquo;augmentation du tarif d&rsquo;e\u0301lectricite\u0301 s\u2019inscrit dans le cadre de l\u2019Accord avec le Fonds mone\u0301taire international (FMI), d\u2019apre\u0300s les autorite\u0301s. <\/b><\/p>\n<p>La grille tarifaire applique\u0301e a\u0300 ce jour en Re\u0301publique du Congo date d\u2019un arre\u0302te\u0301 de 1994 ; le kilowattheure e\u0301tant vendu entre 39 et 49 FCFA. En clair, si l&rsquo;e\u0301lectricite\u0301 est consomme\u0301e a\u0300 puissance constante sur une pe\u0301riode donne\u0301e, l&rsquo;e\u0301nergie totale en kilowattheure est e\u0301gale a\u0300 la puissance en kilowatts multiplie\u0301e par le temps en heures.<\/p>\n<p>Cette tarification est de\u0301termine\u0301e en fonction du prix de vente de la centrale, le prix de transport, le cou\u0302t de la distribution, le prix de services de la commercialisation et de services divers, a explique\u0301 Joseph Nguenfiri Bale\u0301, le consultant du directeur ge\u0301ne\u0301ral de la compagnie publique E\u0301nergie e\u0301lectrique du Congo (E2C).<\/p>\n<p>Aucune information ne filtre pour l\u2019heure sur les chiffres de cette hausse des factures d\u2019e\u0301lectricite\u0301. \u00ab Le cou\u0302t de l\u2019e\u0301lectricite\u0301 chez nous n\u2019est pas si cher par rapport aux autres pays, notamment de la sous-re\u0301gion. Je dirai qu\u2019il est bas sinon moyen. Mais, les consommateurs pensent qu\u2019il cou\u0302te cher tenant compte de leur pouvoir d\u2019achat. C\u2019est pourquoi, j\u2019ai propose\u0301 au ministre de voir comment cela pourra se faire, par exemple amortir le poids sur l\u2019e\u0301conomie des me\u0301nages \u00bb, a sugge\u0301re\u0301 le consultant.<\/p>\n<p>Si le projet d\u2019augmentation de la grille tarifaire de l\u2019e\u0301lectricite\u0301 aboutit, le pouvoir d\u2019achat des me\u0301nages va prendre un gros coup. La hausse de la tarification est due non seulement aux exigences des partenaires du pays, notamment le FMI et la Banque mondiale, mais e\u0301galement aux investissements que les concessionnaires devront re\u0301aliser pour remettre en e\u0301tat les centrales hydroe\u0301lectriques.<\/p>\n<p>Le secteur de l\u2019e\u0301nergie est en pleine re\u0301forme depuis 2018, suite a\u0300 la liquidation de l\u2019ex-Socie\u0301te\u0301 nationale d\u2019e\u0301lectricite\u0301 et la cre\u0301ation de la socie\u0301te\u0301 E2C. Les autorite\u0301s ont engage\u0301 le processus de privatisation de quatre centrales hydroe\u0301lectriques (Djoue\u0301, Moukoukoulou, Imboulou et Liouesso) et de la centrale e\u0301lectrique a\u0300 gaz de Dje\u0301no. Le gouvernement entend ame\u0301liorer la performance ope\u0301rationnelle et financie\u0300re du secteur, mobiliser de nouveaux investissements en vue de l\u2019entretien des infrastructures de production, a\u0300 savoir des centrales hydroe\u0301lectriques, des re\u0301seaux de transport et de distribution.<\/p>\n<p>Globalement, la re\u0301forme vise a\u0300 accroi\u0302tre la production nationale, a\u0300 ame\u0301liorer l\u2019acce\u0300s a\u0300 l\u2019e\u0301lectricite\u0301 pour les me\u0301nages et les entreprises, a\u0300 inciter les investisseurs prive\u0301s au de\u0301veloppement du secteur, a\u0300 optimiser les performances techniques, la qualite\u0301 du service public&#8230;<\/p>\n<p><strong>Pour plus d&rsquo;informations et d&rsquo;analyses sur la <a href=\"https:\/\/www.africa-press.net\/congo-brazzaville\">Congo Brazzaville<\/a>, suivez <a href=\"https:\/\/www.africa-press.net\/\">Africa-Press<\/a><\/strong><\/p>\n","protected":false},"excerpt":{"rendered":"<p>Africa-Press &#8211; Congo Brazzaville. Le comite\u0301 interministe\u0301riel va se re\u0301unir sous peu pour re\u0301fle\u0301chir sur la nouvelle facturation de l\u2019e\u0301lectricite\u0301, a indique\u0301 le 21 fe\u0301vrier le ministre de l&rsquo;E\u0301nergie et de l&rsquo;Hydraulique, E\u0301mile Ouosso. Le projet d&rsquo;augmentation du tarif d&rsquo;e\u0301lectricite\u0301 s\u2019inscrit dans le cadre de l\u2019Accord avec le Fonds mone\u0301taire international (FMI), d\u2019apre\u0300s les autorite\u0301s. [&hellip;]<\/p>\n","protected":false},"author":82,"featured_media":14752,"comment_status":"open","ping_status":"closed","sticky":false,"template":"","format":"standard","meta":{"footnotes":""},"categories":[3,10],"tags":[36,47,46],"class_list":["post-14753","post","type-post","status-publish","format-standard","has-post-thumbnail","hentry","category-economie","category-toutes-les-actualites","tag-africa-press","tag-africa-press-congo-brazzaville","tag-congo-brazzaville"],"yoast_head":"<!-- This site is optimized with the Yoast SEO Premium plugin v26.1 (Yoast SEO v27.0) - https:\/\/yoast.com\/product\/yoast-seo-premium-wordpress\/ -->\n<title>\u00c9nergie : le gouvernement veut augmenter le prix de l\u2019\u00e9lectricit\u00e9 - Congo Brazzaville<\/title>\n<meta name=\"description\" content=\"Le comite\u0301 interministe\u0301riel va se re\u0301unir sous peu pour re\u0301fle\u0301chir sur la nouvelle facturation de l\u2019e\u0301lectricite\u0301, ...\" \/>\n<meta name=\"robots\" content=\"index, follow, max-snippet:-1, max-image-preview:large, max-video-preview:-1\" \/>\n<link rel=\"canonical\" href=\"https:\/\/www.africa-press.net\/congo-brazzaville\/economie\/energie-le-gouvernement-veut-augmenter-le-prix-de-lelectricite\" \/>\n<meta property=\"og:locale\" content=\"fr_FR\" \/>\n<meta property=\"og:type\" content=\"article\" \/>\n<meta property=\"og:title\" content=\"\u00c9nergie : le gouvernement veut augmenter le prix de l\u2019\u00e9lectricit\u00e9\" \/>\n<meta property=\"og:description\" content=\"Le comite\u0301 interministe\u0301riel va se re\u0301unir sous peu pour re\u0301fle\u0301chir sur la nouvelle facturation de l\u2019e\u0301lectricite\u0301, ...\" \/>\n<meta property=\"og:url\" content=\"https:\/\/www.africa-press.net\/congo-brazzaville\/economie\/energie-le-gouvernement-veut-augmenter-le-prix-de-lelectricite\" \/>\n<meta property=\"og:site_name\" content=\"Congo Brazzaville\" \/>\n<meta property=\"article:published_time\" content=\"2023-02-22T12:50:24+00:00\" \/>\n<meta property=\"article:modified_time\" content=\"2023-02-22T13:04:19+00:00\" \/>\n<meta property=\"og:image\" content=\"https:\/\/static.africa-press.net\/congo-brazzaville\/sites\/51\/2023\/02\/postQueueImg_1677058175.11.jpg\" \/>\n\t<meta property=\"og:image:width\" content=\"768\" \/>\n\t<meta property=\"og:image:height\" content=\"517\" \/>\n\t<meta property=\"og:image:type\" content=\"image\/jpeg\" \/>\n<meta name=\"author\" content=\"cfeditorfr\" \/>\n<meta name=\"twitter:card\" content=\"summary_large_image\" \/>\n<meta name=\"twitter:label1\" content=\"\u00c9crit par\" \/>\n\t<meta name=\"twitter:data1\" content=\"cfeditorfr\" \/>\n\t<meta name=\"twitter:label2\" content=\"Dur\u00e9e de lecture estim\u00e9e\" \/>\n\t<meta name=\"twitter:data2\" content=\"3 minutes\" \/>\n<script type=\"application\/ld+json\" class=\"yoast-schema-graph\">{\"@context\":\"https:\/\/schema.org\",\"@graph\":[{\"@type\":\"Article\",\"@id\":\"https:\/\/www.africa-press.net\/congo-brazzaville\/economie\/energie-le-gouvernement-veut-augmenter-le-prix-de-lelectricite#article\",\"isPartOf\":{\"@id\":\"https:\/\/www.africa-press.net\/congo-brazzaville\/economie\/energie-le-gouvernement-veut-augmenter-le-prix-de-lelectricite\"},\"author\":{\"name\":\"cfeditorfr\",\"@id\":\"https:\/\/www.africa-press.net\/congo-brazzaville\/#\/schema\/person\/2b1cf3cd81a31e3cd26889ca66d677f1\"},\"headline\":\"\u00c9nergie : le gouvernement veut augmenter le prix de l\u2019\u00e9lectricit\u00e9\",\"datePublished\":\"2023-02-22T12:50:24+00:00\",\"dateModified\":\"2023-02-22T13:04:19+00:00\",\"mainEntityOfPage\":{\"@id\":\"https:\/\/www.africa-press.net\/congo-brazzaville\/economie\/energie-le-gouvernement-veut-augmenter-le-prix-de-lelectricite\"},\"wordCount\":543,\"commentCount\":0,\"image\":{\"@id\":\"https:\/\/www.africa-press.net\/congo-brazzaville\/economie\/energie-le-gouvernement-veut-augmenter-le-prix-de-lelectricite#primaryimage\"},\"thumbnailUrl\":\"https:\/\/static.africa-press.net\/congo-brazzaville\/sites\/51\/2023\/02\/postQueueImg_1677058175.11.jpg\",\"keywords\":[\"Africa Press\",\"Africa Press-Congo Brazzaville\",\"Congo Brazzaville\"],\"articleSection\":[\"\u00c9conomie\",\"Toutes les actualit\u00e9s\"],\"inLanguage\":\"fr-FR\",\"potentialAction\":[{\"@type\":\"CommentAction\",\"name\":\"Comment\",\"target\":[\"https:\/\/www.africa-press.net\/congo-brazzaville\/economie\/energie-le-gouvernement-veut-augmenter-le-prix-de-lelectricite#respond\"]}]},{\"@type\":\"WebPage\",\"@id\":\"https:\/\/www.africa-press.net\/congo-brazzaville\/economie\/energie-le-gouvernement-veut-augmenter-le-prix-de-lelectricite\",\"url\":\"https:\/\/www.africa-press.net\/congo-brazzaville\/economie\/energie-le-gouvernement-veut-augmenter-le-prix-de-lelectricite\",\"name\":\"\u00c9nergie : le gouvernement veut augmenter le prix de l\u2019\u00e9lectricit\u00e9 - Congo Brazzaville\",\"isPartOf\":{\"@id\":\"https:\/\/www.africa-press.net\/congo-brazzaville\/#website\"},\"primaryImageOfPage\":{\"@id\":\"https:\/\/www.africa-press.net\/congo-brazzaville\/economie\/energie-le-gouvernement-veut-augmenter-le-prix-de-lelectricite#primaryimage\"},\"image\":{\"@id\":\"https:\/\/www.africa-press.net\/congo-brazzaville\/economie\/energie-le-gouvernement-veut-augmenter-le-prix-de-lelectricite#primaryimage\"},\"thumbnailUrl\":\"https:\/\/static.africa-press.net\/congo-brazzaville\/sites\/51\/2023\/02\/postQueueImg_1677058175.11.jpg\",\"datePublished\":\"2023-02-22T12:50:24+00:00\",\"dateModified\":\"2023-02-22T13:04:19+00:00\",\"author\":{\"@id\":\"https:\/\/www.africa-press.net\/congo-brazzaville\/#\/schema\/person\/2b1cf3cd81a31e3cd26889ca66d677f1\"},\"description\":\"Le comite\u0301 interministe\u0301riel va se re\u0301unir sous peu pour re\u0301fle\u0301chir sur la nouvelle facturation de l\u2019e\u0301lectricite\u0301, ...\",\"breadcrumb\":{\"@id\":\"https:\/\/www.africa-press.net\/congo-brazzaville\/economie\/energie-le-gouvernement-veut-augmenter-le-prix-de-lelectricite#breadcrumb\"},\"inLanguage\":\"fr-FR\",\"potentialAction\":[{\"@type\":\"ReadAction\",\"target\":[\"https:\/\/www.africa-press.net\/congo-brazzaville\/economie\/energie-le-gouvernement-veut-augmenter-le-prix-de-lelectricite\"]}]},{\"@type\":\"ImageObject\",\"inLanguage\":\"fr-FR\",\"@id\":\"https:\/\/www.africa-press.net\/congo-brazzaville\/economie\/energie-le-gouvernement-veut-augmenter-le-prix-de-lelectricite#primaryimage\",\"url\":\"https:\/\/static.africa-press.net\/congo-brazzaville\/sites\/51\/2023\/02\/postQueueImg_1677058175.11.jpg\",\"contentUrl\":\"https:\/\/static.africa-press.net\/congo-brazzaville\/sites\/51\/2023\/02\/postQueueImg_1677058175.11.jpg\",\"width\":768,\"height\":517,\"caption\":\"\u00c9nergie : le gouvernement veut augmenter le prix de l\u2019\u00e9lectricit\u00e9\"},{\"@type\":\"BreadcrumbList\",\"@id\":\"https:\/\/www.africa-press.net\/congo-brazzaville\/economie\/energie-le-gouvernement-veut-augmenter-le-prix-de-lelectricite#breadcrumb\",\"itemListElement\":[{\"@type\":\"ListItem\",\"position\":1,\"name\":\"Accueil\",\"item\":\"https:\/\/www.africa-press.net\/congo-brazzaville\/\"},{\"@type\":\"ListItem\",\"position\":2,\"name\":\"\u00c9nergie : le gouvernement veut augmenter le prix de l\u2019\u00e9lectricit\u00e9\"}]},{\"@type\":\"WebSite\",\"@id\":\"https:\/\/www.africa-press.net\/congo-brazzaville\/#website\",\"url\":\"https:\/\/www.africa-press.net\/congo-brazzaville\/\",\"name\":\"Congo Brazzaville\",\"description\":\"Just another Africa News Agency Sites site\",\"potentialAction\":[{\"@type\":\"SearchAction\",\"target\":{\"@type\":\"EntryPoint\",\"urlTemplate\":\"https:\/\/www.africa-press.net\/congo-brazzaville\/?s={search_term_string}\"},\"query-input\":{\"@type\":\"PropertyValueSpecification\",\"valueRequired\":true,\"valueName\":\"search_term_string\"}}],\"inLanguage\":\"fr-FR\"},{\"@type\":\"Person\",\"@id\":\"https:\/\/www.africa-press.net\/congo-brazzaville\/#\/schema\/person\/2b1cf3cd81a31e3cd26889ca66d677f1\",\"name\":\"cfeditorfr\"}]}<\/script>\n<!-- \/ Yoast SEO Premium plugin. -->","yoast_head_json":{"title":"\u00c9nergie : le gouvernement veut augmenter le prix de l\u2019\u00e9lectricit\u00e9 - Congo Brazzaville","description":"Le comite\u0301 interministe\u0301riel va se re\u0301unir sous peu pour re\u0301fle\u0301chir sur la nouvelle facturation de l\u2019e\u0301lectricite\u0301, ...","robots":{"index":"index","follow":"follow","max-snippet":"max-snippet:-1","max-image-preview":"max-image-preview:large","max-video-preview":"max-video-preview:-1"},"canonical":"https:\/\/www.africa-press.net\/congo-brazzaville\/economie\/energie-le-gouvernement-veut-augmenter-le-prix-de-lelectricite","og_locale":"fr_FR","og_type":"article","og_title":"\u00c9nergie : le gouvernement veut augmenter le prix de l\u2019\u00e9lectricit\u00e9","og_description":"Le comite\u0301 interministe\u0301riel va se re\u0301unir sous peu pour re\u0301fle\u0301chir sur la nouvelle facturation de l\u2019e\u0301lectricite\u0301, ...","og_url":"https:\/\/www.africa-press.net\/congo-brazzaville\/economie\/energie-le-gouvernement-veut-augmenter-le-prix-de-lelectricite","og_site_name":"Congo Brazzaville","article_published_time":"2023-02-22T12:50:24+00:00","article_modified_time":"2023-02-22T13:04:19+00:00","og_image":[{"width":768,"height":517,"url":"https:\/\/static.africa-press.net\/congo-brazzaville\/sites\/51\/2023\/02\/postQueueImg_1677058175.11.jpg","type":"image\/jpeg"}],"author":"cfeditorfr","twitter_card":"summary_large_image","twitter_misc":{"\u00c9crit par":"cfeditorfr","Dur\u00e9e de lecture estim\u00e9e":"3 minutes"},"schema":{"@context":"https:\/\/schema.org","@graph":[{"@type":"Article","@id":"https:\/\/www.africa-press.net\/congo-brazzaville\/economie\/energie-le-gouvernement-veut-augmenter-le-prix-de-lelectricite#article","isPartOf":{"@id":"https:\/\/www.africa-press.net\/congo-brazzaville\/economie\/energie-le-gouvernement-veut-augmenter-le-prix-de-lelectricite"},"author":{"name":"cfeditorfr","@id":"https:\/\/www.africa-press.net\/congo-brazzaville\/#\/schema\/person\/2b1cf3cd81a31e3cd26889ca66d677f1"},"headline":"\u00c9nergie : le gouvernement veut augmenter le prix de l\u2019\u00e9lectricit\u00e9","datePublished":"2023-02-22T12:50:24+00:00","dateModified":"2023-02-22T13:04:19+00:00","mainEntityOfPage":{"@id":"https:\/\/www.africa-press.net\/congo-brazzaville\/economie\/energie-le-gouvernement-veut-augmenter-le-prix-de-lelectricite"},"wordCount":543,"commentCount":0,"image":{"@id":"https:\/\/www.africa-press.net\/congo-brazzaville\/economie\/energie-le-gouvernement-veut-augmenter-le-prix-de-lelectricite#primaryimage"},"thumbnailUrl":"https:\/\/static.africa-press.net\/congo-brazzaville\/sites\/51\/2023\/02\/postQueueImg_1677058175.11.jpg","keywords":["Africa Press","Africa Press-Congo Brazzaville","Congo Brazzaville"],"articleSection":["\u00c9conomie","Toutes les actualit\u00e9s"],"inLanguage":"fr-FR","potentialAction":[{"@type":"CommentAction","name":"Comment","target":["https:\/\/www.africa-press.net\/congo-brazzaville\/economie\/energie-le-gouvernement-veut-augmenter-le-prix-de-lelectricite#respond"]}]},{"@type":"WebPage","@id":"https:\/\/www.africa-press.net\/congo-brazzaville\/economie\/energie-le-gouvernement-veut-augmenter-le-prix-de-lelectricite","url":"https:\/\/www.africa-press.net\/congo-brazzaville\/economie\/energie-le-gouvernement-veut-augmenter-le-prix-de-lelectricite","name":"\u00c9nergie : le gouvernement veut augmenter le prix de l\u2019\u00e9lectricit\u00e9 - Congo Brazzaville","isPartOf":{"@id":"https:\/\/www.africa-press.net\/congo-brazzaville\/#website"},"primaryImageOfPage":{"@id":"https:\/\/www.africa-press.net\/congo-brazzaville\/economie\/energie-le-gouvernement-veut-augmenter-le-prix-de-lelectricite#primaryimage"},"image":{"@id":"https:\/\/www.africa-press.net\/congo-brazzaville\/economie\/energie-le-gouvernement-veut-augmenter-le-prix-de-lelectricite#primaryimage"},"thumbnailUrl":"https:\/\/static.africa-press.net\/congo-brazzaville\/sites\/51\/2023\/02\/postQueueImg_1677058175.11.jpg","datePublished":"2023-02-22T12:50:24+00:00","dateModified":"2023-02-22T13:04:19+00:00","author":{"@id":"https:\/\/www.africa-press.net\/congo-brazzaville\/#\/schema\/person\/2b1cf3cd81a31e3cd26889ca66d677f1"},"description":"Le comite\u0301 interministe\u0301riel va se re\u0301unir sous peu pour re\u0301fle\u0301chir sur la nouvelle facturation de l\u2019e\u0301lectricite\u0301, ...","breadcrumb":{"@id":"https:\/\/www.africa-press.net\/congo-brazzaville\/economie\/energie-le-gouvernement-veut-augmenter-le-prix-de-lelectricite#breadcrumb"},"inLanguage":"fr-FR","potentialAction":[{"@type":"ReadAction","target":["https:\/\/www.africa-press.net\/congo-brazzaville\/economie\/energie-le-gouvernement-veut-augmenter-le-prix-de-lelectricite"]}]},{"@type":"ImageObject","inLanguage":"fr-FR","@id":"https:\/\/www.africa-press.net\/congo-brazzaville\/economie\/energie-le-gouvernement-veut-augmenter-le-prix-de-lelectricite#primaryimage","url":"https:\/\/static.africa-press.net\/congo-brazzaville\/sites\/51\/2023\/02\/postQueueImg_1677058175.11.jpg","contentUrl":"https:\/\/static.africa-press.net\/congo-brazzaville\/sites\/51\/2023\/02\/postQueueImg_1677058175.11.jpg","width":768,"height":517,"caption":"\u00c9nergie : le gouvernement veut augmenter le prix de l\u2019\u00e9lectricit\u00e9"},{"@type":"BreadcrumbList","@id":"https:\/\/www.africa-press.net\/congo-brazzaville\/economie\/energie-le-gouvernement-veut-augmenter-le-prix-de-lelectricite#breadcrumb","itemListElement":[{"@type":"ListItem","position":1,"name":"Accueil","item":"https:\/\/www.africa-press.net\/congo-brazzaville\/"},{"@type":"ListItem","position":2,"name":"\u00c9nergie : le gouvernement veut augmenter le prix de l\u2019\u00e9lectricit\u00e9"}]},{"@type":"WebSite","@id":"https:\/\/www.africa-press.net\/congo-brazzaville\/#website","url":"https:\/\/www.africa-press.net\/congo-brazzaville\/","name":"Congo Brazzaville","description":"Just another Africa News Agency Sites site","potentialAction":[{"@type":"SearchAction","target":{"@type":"EntryPoint","urlTemplate":"https:\/\/www.africa-press.net\/congo-brazzaville\/?s={search_term_string}"},"query-input":{"@type":"PropertyValueSpecification","valueRequired":true,"valueName":"search_term_string"}}],"inLanguage":"fr-FR"},{"@type":"Person","@id":"https:\/\/www.africa-press.net\/congo-brazzaville\/#\/schema\/person\/2b1cf3cd81a31e3cd26889ca66d677f1","name":"cfeditorfr"}]}},"_links":{"self":[{"href":"https:\/\/www.africa-press.net\/congo-brazzaville\/wp-json\/wp\/v2\/posts\/14753","targetHints":{"allow":["GET"]}}],"collection":[{"href":"https:\/\/www.africa-press.net\/congo-brazzaville\/wp-json\/wp\/v2\/posts"}],"about":[{"href":"https:\/\/www.africa-press.net\/congo-brazzaville\/wp-json\/wp\/v2\/types\/post"}],"author":[{"embeddable":true,"href":"https:\/\/www.africa-press.net\/congo-brazzaville\/wp-json\/wp\/v2\/users\/82"}],"replies":[{"embeddable":true,"href":"https:\/\/www.africa-press.net\/congo-brazzaville\/wp-json\/wp\/v2\/comments?post=14753"}],"version-history":[{"count":0,"href":"https:\/\/www.africa-press.net\/congo-brazzaville\/wp-json\/wp\/v2\/posts\/14753\/revisions"}],"wp:featuredmedia":[{"embeddable":true,"href":"https:\/\/www.africa-press.net\/congo-brazzaville\/wp-json\/wp\/v2\/media\/14752"}],"wp:attachment":[{"href":"https:\/\/www.africa-press.net\/congo-brazzaville\/wp-json\/wp\/v2\/media?parent=14753"}],"wp:term":[{"taxonomy":"category","embeddable":true,"href":"https:\/\/www.africa-press.net\/congo-brazzaville\/wp-json\/wp\/v2\/categories?post=14753"},{"taxonomy":"post_tag","embeddable":true,"href":"https:\/\/www.africa-press.net\/congo-brazzaville\/wp-json\/wp\/v2\/tags?post=14753"}],"curies":[{"name":"wp","href":"https:\/\/api.w.org\/{rel}","templated":true}]}}