{"id":14766,"date":"2023-02-22T20:03:03","date_gmt":"2023-02-22T20:03:03","guid":{"rendered":"https:\/\/www.africa-press.net\/congo-brazzaville\/politique\/formation-des-organisations-de-la-societe-civile-planchent-sur-lentrepreneuriat-agricole"},"modified":"2023-02-22T20:28:30","modified_gmt":"2023-02-22T20:28:30","slug":"formation-des-organisations-de-la-societe-civile-planchent-sur-lentrepreneuriat-agricole","status":"publish","type":"post","link":"https:\/\/www.africa-press.net\/congo-brazzaville\/photo\/formation-des-organisations-de-la-societe-civile-planchent-sur-lentrepreneuriat-agricole","title":{"rendered":"Formation : des organisations de la soci\u00e9t\u00e9 civile planchent sur l\u2019entrepreneuriat agricole"},"content":{"rendered":"<p><span style=\"color: #ff6600\"><strong>Africa-Press &#8211; Congo Brazzaville. <\/strong><\/span><b>Pour permettre aux leaders de la socie\u0301te\u0301 civile de contribuer au de\u0301veloppement e\u0301conomique du pays, de re\u0301pondre aux besoins alimentaires de la population, le Conseil consultatif de la socie\u0301te\u0301 civile et des organisations non gouvernementales a ouvert en leur faveur, le 22 fe\u0301vrier a\u0300 Brazzaville, un se\u0301minaire sur l\u2019entrepreneuriat agricole. <\/b><\/p>\n<p>\u00ab La ne\u0301cessite\u0301 s\u2019impose a\u0300 toutes structures associatives d\u2019avoir des activite\u0301s ge\u0301ne\u0301ratrices de revenus. Au nombre de ces activite\u0301s, il y a celles lie\u0301es a\u0300 l\u2019entrepreneuriat agro-pastoral pour lesquelles le Conseil consultatif de la socie\u0301te\u0301 civile et des organisations non gouvernementales tient vivement a\u0300 vous encourager a\u0300 y s\u2019engager \u00bb, a de\u0301clare\u0301 le secre\u0301taire permanent du Conseil consultatif de la socie\u0301te\u0301 civile et des organisations non gouvernementales, Ce\u0301phas Germain Ewangui, ouvrant les travaux du se\u0301minaire.<\/p>\n<p>Plusieurs the\u0300mes sont au programme de ce se\u0301minaire qui prendra fin le 23 fe\u0301vrier. \u00ab Montage d\u2019un projet agricole \u00bb, \u00ab Le communautarisme e\u0301conomique en agriculture \u00bb, \u00ab Techniques de re\u0301daction d\u2019un plan d\u2019affaires \u00bb, \u00ab La pratique agricole \u00bb, \u00ab Recherche de financement \u00bb, \u00ab Leadership entrepreneurial \u00bb figurent parmi les diffe\u0301rents sujets au programme des e\u0301changes qui vont ponctuer la formation.<\/p>\n<p>Pour Ce\u0301phas Germain Ewangui, s\u2019engager dans l\u2019entrepreneuriat agricole, outre la dimension e\u0301conomique, est un acte de noblesse en vue de re\u0301pondre aux besoins croissants de la population de plus en plus confronte\u0301e aux cou\u0302ts e\u0301leve\u0301s des produits vivriers.<\/p>\n<p>Il convient de pre\u0301ciser que le Conseil africain de jeunes entrepreneurs francophones, pre\u0301side\u0301 par Agnangoye Hossie, apporte sa contribution dans la re\u0301alisation de ce se\u0301minaire. Cette structure qui a e\u0301te\u0301 cre\u0301e\u0301e le 17 de\u0301cembre 2016, en Co\u0302te d\u2019Ivoire, a pour mission d\u2019amener la jeunesse francophone du continent a\u0300 oser entreprendre pour contribuer a\u0300 la diversification de l\u2019e\u0301conomie, la cre\u0301ation de la richesse et de l\u2019emploi.<\/p>\n<p>Ce se\u0301minaire n\u2019est pas le dernier du genre, a\u0300 en croire le secre\u0301taire permanent du Conseil consultatif de la socie\u0301te\u0301 civile et des organisations non gouvernementales. Il sera e\u0301galement organise\u0301 dans plusieurs de\u0301partements du pays dans un futur proche.<\/p>\n\r\n                <style type=\"text\/css\">\r\n                    \r\n                    #td_uid_1_69f0b940ac814  .td-doubleSlider-2 .td-item1 {\r\n                        background: url(https:\/\/static.africa-press.net\/congo-brazzaville\/sites\/51\/2023\/02\/postMediaimg_60_1-80x60.jpg) 0 0 no-repeat;\r\n                    }\r\n                    #td_uid_1_69f0b940ac814  .td-doubleSlider-2 .td-item2 {\r\n                        background: url(https:\/\/static.africa-press.net\/congo-brazzaville\/sites\/51\/2023\/02\/postMediaimg_60_2-80x60.jpg) 0 0 no-repeat;\r\n                    }\r\n                <\/style>\r\n\r\n                <div id=\"td_uid_1_69f0b940ac814\" class=\"td-gallery td-slide-on-2-columns\">\r\n                    <div class=\"post_td_gallery\">\r\n                        <div class=\"td-gallery-slide-top\">\r\n                           <div class=\"td-gallery-title\"><\/div>\r\n\r\n                            <div class=\"td-gallery-controls-wrapper\">\r\n                                <div class=\"td-gallery-slide-count\"><span class=\"td-gallery-slide-item-focus\">1<\/span> de 2<\/div>\r\n                                <div class=\"td-gallery-slide-prev-next-but\">\r\n                                    <i class = \"td-icon-left doubleSliderPrevButton\"><\/i>\r\n                                    <i class = \"td-icon-right doubleSliderNextButton\"><\/i>\r\n                                <\/div>\r\n                            <\/div>\r\n                        <\/div>\r\n\r\n                        <div class = \"td-doubleSlider-1 \">\r\n                            <div class = \"td-slider\">\r\n                                \r\n                    <div class = \"td-slide-item td-item1\">\r\n                        <figure class=\"td-slide-galery-figure td-slide-popup-gallery\">\r\n                            <a class=\"slide-gallery-image-link\" href=\"https:\/\/static.africa-press.net\/congo-brazzaville\/sites\/51\/2023\/02\/postMediaimg_60_1.jpg\" title=\"postMediaimg_60_1\"  data-caption=\"\"  data-description=\"\">\r\n                                <img decoding=\"async\" src=\"https:\/\/static.africa-press.net\/congo-brazzaville\/sites\/51\/2023\/02\/postMediaimg_60_1.jpg\" srcset=\"https:\/\/static.africa-press.net\/congo-brazzaville\/sites\/51\/2023\/02\/postMediaimg_60_1.jpg 1155w, https:\/\/static.africa-press.net\/congo-brazzaville\/sites\/51\/2023\/02\/postMediaimg_60_1-300x199.jpg 300w, https:\/\/static.africa-press.net\/congo-brazzaville\/sites\/51\/2023\/02\/postMediaimg_60_1-1024x681.jpg 1024w, https:\/\/static.africa-press.net\/congo-brazzaville\/sites\/51\/2023\/02\/postMediaimg_60_1-768x511.jpg 768w\" sizes=\"(max-width: 1155px) 100vw, 1155px\" alt=\"\">\r\n                            <\/a>\r\n                            \r\n                        <\/figure>\r\n                    <\/div>\r\n                    <div class = \"td-slide-item td-item2\">\r\n                        <figure class=\"td-slide-galery-figure td-slide-popup-gallery\">\r\n                            <a class=\"slide-gallery-image-link\" href=\"https:\/\/static.africa-press.net\/congo-brazzaville\/sites\/51\/2023\/02\/postMediaimg_60_2.jpg\" title=\"postMediaimg_60_2\"  data-caption=\"\"  data-description=\"\">\r\n                                <img decoding=\"async\" src=\"https:\/\/static.africa-press.net\/congo-brazzaville\/sites\/51\/2023\/02\/postMediaimg_60_2.jpg\" srcset=\"https:\/\/static.africa-press.net\/congo-brazzaville\/sites\/51\/2023\/02\/postMediaimg_60_2.jpg 1155w, https:\/\/static.africa-press.net\/congo-brazzaville\/sites\/51\/2023\/02\/postMediaimg_60_2-300x199.jpg 300w, https:\/\/static.africa-press.net\/congo-brazzaville\/sites\/51\/2023\/02\/postMediaimg_60_2-1024x681.jpg 1024w, https:\/\/static.africa-press.net\/congo-brazzaville\/sites\/51\/2023\/02\/postMediaimg_60_2-768x511.jpg 768w\" sizes=\"(max-width: 1155px) 100vw, 1155px\" alt=\"\">\r\n                            <\/a>\r\n                            \r\n                        <\/figure>\r\n                    <\/div>\r\n                            <\/div>\r\n                        <\/div>\r\n\r\n                        <div class = \"td-doubleSlider-2\">\r\n                            <div class = \"td-slider\">\r\n                                \r\n                    <div class = \"td-button td-item1\">\r\n                        <div class = \"td-border\"><\/div>\r\n                    <\/div>\r\n                    <div class = \"td-button td-item2\">\r\n                        <div class = \"td-border\"><\/div>\r\n                    <\/div>\r\n                            <\/div>\r\n                        <\/div>\r\n\r\n                    <\/div>\r\n\r\n                <\/div>\r\n                \n<p><strong>Pour plus d&rsquo;informations et d&rsquo;analyses sur la <a href=\"https:\/\/www.africa-press.net\/congo-brazzaville\">Congo Brazzaville<\/a>, suivez <a href=\"https:\/\/www.africa-press.net\/\">Africa-Press<\/a><\/strong><\/p>\n","protected":false},"excerpt":{"rendered":"<p>Africa-Press &#8211; Congo Brazzaville. Pour permettre aux leaders de la socie\u0301te\u0301 civile de contribuer au de\u0301veloppement e\u0301conomique du pays, de re\u0301pondre aux besoins alimentaires de la population, le Conseil consultatif de la socie\u0301te\u0301 civile et des organisations non gouvernementales a ouvert en leur faveur, le 22 fe\u0301vrier a\u0300 Brazzaville, un se\u0301minaire sur l\u2019entrepreneuriat agricole. \u00ab [&hellip;]<\/p>\n","protected":false},"author":82,"featured_media":14765,"comment_status":"open","ping_status":"closed","sticky":false,"template":"","format":"standard","meta":{"footnotes":""},"categories":[21,8,10],"tags":[36,47,46],"class_list":["post-14766","post","type-post","status-publish","format-standard","has-post-thumbnail","hentry","category-communaute","category-photo","category-toutes-les-actualites","tag-africa-press","tag-africa-press-congo-brazzaville","tag-congo-brazzaville"],"yoast_head":"<!-- This site is optimized with the Yoast SEO Premium plugin v26.1 (Yoast SEO v27.0) - https:\/\/yoast.com\/product\/yoast-seo-premium-wordpress\/ -->\n<title>Formation : des organisations de la soci\u00e9t\u00e9 civile planchent sur l\u2019entrepreneuriat agricole - Congo Brazzaville<\/title>\n<meta name=\"description\" content=\"Pour permettre aux leaders de la socie\u0301te\u0301 civile de contribuer au de\u0301veloppement e\u0301conomique du pays, de re\u0301pondre a ...\" \/>\n<meta name=\"robots\" content=\"index, follow, max-snippet:-1, max-image-preview:large, max-video-preview:-1\" \/>\n<link rel=\"canonical\" href=\"https:\/\/www.africa-press.net\/congo-brazzaville\/photo\/formation-des-organisations-de-la-societe-civile-planchent-sur-lentrepreneuriat-agricole\" \/>\n<meta property=\"og:locale\" content=\"fr_FR\" \/>\n<meta property=\"og:type\" content=\"article\" \/>\n<meta property=\"og:title\" content=\"Formation : des organisations de la soci\u00e9t\u00e9 civile planchent sur l\u2019entrepreneuriat agricole\" \/>\n<meta property=\"og:description\" content=\"Pour permettre aux leaders de la socie\u0301te\u0301 civile de contribuer au de\u0301veloppement e\u0301conomique du pays, de re\u0301pondre a ...\" \/>\n<meta property=\"og:url\" content=\"https:\/\/www.africa-press.net\/congo-brazzaville\/photo\/formation-des-organisations-de-la-societe-civile-planchent-sur-lentrepreneuriat-agricole\" \/>\n<meta property=\"og:site_name\" content=\"Congo Brazzaville\" \/>\n<meta property=\"article:published_time\" content=\"2023-02-22T20:03:03+00:00\" \/>\n<meta property=\"article:modified_time\" content=\"2023-02-22T20:28:30+00:00\" \/>\n<meta property=\"og:image\" content=\"https:\/\/static.africa-press.net\/congo-brazzaville\/sites\/51\/2023\/02\/postQueueImg_1677083589.60.jpg\" \/>\n\t<meta property=\"og:image:width\" content=\"1155\" \/>\n\t<meta property=\"og:image:height\" content=\"768\" \/>\n\t<meta property=\"og:image:type\" content=\"image\/jpeg\" \/>\n<meta name=\"author\" content=\"cfeditorfr\" \/>\n<meta name=\"twitter:card\" content=\"summary_large_image\" \/>\n<meta name=\"twitter:label1\" content=\"\u00c9crit par\" \/>\n\t<meta name=\"twitter:data1\" content=\"cfeditorfr\" \/>\n\t<meta name=\"twitter:label2\" content=\"Dur\u00e9e de lecture estim\u00e9e\" \/>\n\t<meta name=\"twitter:data2\" content=\"2 minutes\" \/>\n<script type=\"application\/ld+json\" class=\"yoast-schema-graph\">{\"@context\":\"https:\/\/schema.org\",\"@graph\":[{\"@type\":\"Article\",\"@id\":\"https:\/\/www.africa-press.net\/congo-brazzaville\/photo\/formation-des-organisations-de-la-societe-civile-planchent-sur-lentrepreneuriat-agricole#article\",\"isPartOf\":{\"@id\":\"https:\/\/www.africa-press.net\/congo-brazzaville\/photo\/formation-des-organisations-de-la-societe-civile-planchent-sur-lentrepreneuriat-agricole\"},\"author\":{\"name\":\"cfeditorfr\",\"@id\":\"https:\/\/www.africa-press.net\/congo-brazzaville\/#\/schema\/person\/2b1cf3cd81a31e3cd26889ca66d677f1\"},\"headline\":\"Formation : des organisations de la soci\u00e9t\u00e9 civile planchent sur l\u2019entrepreneuriat agricole\",\"datePublished\":\"2023-02-22T20:03:03+00:00\",\"dateModified\":\"2023-02-22T20:28:30+00:00\",\"mainEntityOfPage\":{\"@id\":\"https:\/\/www.africa-press.net\/congo-brazzaville\/photo\/formation-des-organisations-de-la-societe-civile-planchent-sur-lentrepreneuriat-agricole\"},\"wordCount\":416,\"commentCount\":0,\"image\":{\"@id\":\"https:\/\/www.africa-press.net\/congo-brazzaville\/photo\/formation-des-organisations-de-la-societe-civile-planchent-sur-lentrepreneuriat-agricole#primaryimage\"},\"thumbnailUrl\":\"https:\/\/static.africa-press.net\/congo-brazzaville\/sites\/51\/2023\/02\/postQueueImg_1677083589.60.jpg\",\"keywords\":[\"Africa Press\",\"Africa Press-Congo Brazzaville\",\"Congo Brazzaville\"],\"articleSection\":[\"Communaut\u00e9\",\"Photo\",\"Toutes les actualit\u00e9s\"],\"inLanguage\":\"fr-FR\",\"potentialAction\":[{\"@type\":\"CommentAction\",\"name\":\"Comment\",\"target\":[\"https:\/\/www.africa-press.net\/congo-brazzaville\/photo\/formation-des-organisations-de-la-societe-civile-planchent-sur-lentrepreneuriat-agricole#respond\"]}]},{\"@type\":\"WebPage\",\"@id\":\"https:\/\/www.africa-press.net\/congo-brazzaville\/photo\/formation-des-organisations-de-la-societe-civile-planchent-sur-lentrepreneuriat-agricole\",\"url\":\"https:\/\/www.africa-press.net\/congo-brazzaville\/photo\/formation-des-organisations-de-la-societe-civile-planchent-sur-lentrepreneuriat-agricole\",\"name\":\"Formation : des organisations de la soci\u00e9t\u00e9 civile planchent sur l\u2019entrepreneuriat agricole - Congo Brazzaville\",\"isPartOf\":{\"@id\":\"https:\/\/www.africa-press.net\/congo-brazzaville\/#website\"},\"primaryImageOfPage\":{\"@id\":\"https:\/\/www.africa-press.net\/congo-brazzaville\/photo\/formation-des-organisations-de-la-societe-civile-planchent-sur-lentrepreneuriat-agricole#primaryimage\"},\"image\":{\"@id\":\"https:\/\/www.africa-press.net\/congo-brazzaville\/photo\/formation-des-organisations-de-la-societe-civile-planchent-sur-lentrepreneuriat-agricole#primaryimage\"},\"thumbnailUrl\":\"https:\/\/static.africa-press.net\/congo-brazzaville\/sites\/51\/2023\/02\/postQueueImg_1677083589.60.jpg\",\"datePublished\":\"2023-02-22T20:03:03+00:00\",\"dateModified\":\"2023-02-22T20:28:30+00:00\",\"author\":{\"@id\":\"https:\/\/www.africa-press.net\/congo-brazzaville\/#\/schema\/person\/2b1cf3cd81a31e3cd26889ca66d677f1\"},\"description\":\"Pour permettre aux leaders de la socie\u0301te\u0301 civile de contribuer au de\u0301veloppement e\u0301conomique du pays, de re\u0301pondre a ...\",\"breadcrumb\":{\"@id\":\"https:\/\/www.africa-press.net\/congo-brazzaville\/photo\/formation-des-organisations-de-la-societe-civile-planchent-sur-lentrepreneuriat-agricole#breadcrumb\"},\"inLanguage\":\"fr-FR\",\"potentialAction\":[{\"@type\":\"ReadAction\",\"target\":[\"https:\/\/www.africa-press.net\/congo-brazzaville\/photo\/formation-des-organisations-de-la-societe-civile-planchent-sur-lentrepreneuriat-agricole\"]}]},{\"@type\":\"ImageObject\",\"inLanguage\":\"fr-FR\",\"@id\":\"https:\/\/www.africa-press.net\/congo-brazzaville\/photo\/formation-des-organisations-de-la-societe-civile-planchent-sur-lentrepreneuriat-agricole#primaryimage\",\"url\":\"https:\/\/static.africa-press.net\/congo-brazzaville\/sites\/51\/2023\/02\/postQueueImg_1677083589.60.jpg\",\"contentUrl\":\"https:\/\/static.africa-press.net\/congo-brazzaville\/sites\/51\/2023\/02\/postQueueImg_1677083589.60.jpg\",\"width\":1155,\"height\":768,\"caption\":\"Formation : des organisations de la soci\u00e9t\u00e9 civile planchent sur l\u2019entrepreneuriat agricole\"},{\"@type\":\"BreadcrumbList\",\"@id\":\"https:\/\/www.africa-press.net\/congo-brazzaville\/photo\/formation-des-organisations-de-la-societe-civile-planchent-sur-lentrepreneuriat-agricole#breadcrumb\",\"itemListElement\":[{\"@type\":\"ListItem\",\"position\":1,\"name\":\"Accueil\",\"item\":\"https:\/\/www.africa-press.net\/congo-brazzaville\/\"},{\"@type\":\"ListItem\",\"position\":2,\"name\":\"Formation : des organisations de la soci\u00e9t\u00e9 civile planchent sur l\u2019entrepreneuriat agricole\"}]},{\"@type\":\"WebSite\",\"@id\":\"https:\/\/www.africa-press.net\/congo-brazzaville\/#website\",\"url\":\"https:\/\/www.africa-press.net\/congo-brazzaville\/\",\"name\":\"Congo Brazzaville\",\"description\":\"Just another Africa News Agency Sites site\",\"potentialAction\":[{\"@type\":\"SearchAction\",\"target\":{\"@type\":\"EntryPoint\",\"urlTemplate\":\"https:\/\/www.africa-press.net\/congo-brazzaville\/?s={search_term_string}\"},\"query-input\":{\"@type\":\"PropertyValueSpecification\",\"valueRequired\":true,\"valueName\":\"search_term_string\"}}],\"inLanguage\":\"fr-FR\"},{\"@type\":\"Person\",\"@id\":\"https:\/\/www.africa-press.net\/congo-brazzaville\/#\/schema\/person\/2b1cf3cd81a31e3cd26889ca66d677f1\",\"name\":\"cfeditorfr\"}]}<\/script>\n<!-- \/ Yoast SEO Premium plugin. -->","yoast_head_json":{"title":"Formation : des organisations de la soci\u00e9t\u00e9 civile planchent sur l\u2019entrepreneuriat agricole - Congo Brazzaville","description":"Pour permettre aux leaders de la socie\u0301te\u0301 civile de contribuer au de\u0301veloppement e\u0301conomique du pays, de re\u0301pondre a ...","robots":{"index":"index","follow":"follow","max-snippet":"max-snippet:-1","max-image-preview":"max-image-preview:large","max-video-preview":"max-video-preview:-1"},"canonical":"https:\/\/www.africa-press.net\/congo-brazzaville\/photo\/formation-des-organisations-de-la-societe-civile-planchent-sur-lentrepreneuriat-agricole","og_locale":"fr_FR","og_type":"article","og_title":"Formation : des organisations de la soci\u00e9t\u00e9 civile planchent sur l\u2019entrepreneuriat agricole","og_description":"Pour permettre aux leaders de la socie\u0301te\u0301 civile de contribuer au de\u0301veloppement e\u0301conomique du pays, de re\u0301pondre a ...","og_url":"https:\/\/www.africa-press.net\/congo-brazzaville\/photo\/formation-des-organisations-de-la-societe-civile-planchent-sur-lentrepreneuriat-agricole","og_site_name":"Congo Brazzaville","article_published_time":"2023-02-22T20:03:03+00:00","article_modified_time":"2023-02-22T20:28:30+00:00","og_image":[{"width":1155,"height":768,"url":"https:\/\/static.africa-press.net\/congo-brazzaville\/sites\/51\/2023\/02\/postQueueImg_1677083589.60.jpg","type":"image\/jpeg"}],"author":"cfeditorfr","twitter_card":"summary_large_image","twitter_misc":{"\u00c9crit par":"cfeditorfr","Dur\u00e9e de lecture estim\u00e9e":"2 minutes"},"schema":{"@context":"https:\/\/schema.org","@graph":[{"@type":"Article","@id":"https:\/\/www.africa-press.net\/congo-brazzaville\/photo\/formation-des-organisations-de-la-societe-civile-planchent-sur-lentrepreneuriat-agricole#article","isPartOf":{"@id":"https:\/\/www.africa-press.net\/congo-brazzaville\/photo\/formation-des-organisations-de-la-societe-civile-planchent-sur-lentrepreneuriat-agricole"},"author":{"name":"cfeditorfr","@id":"https:\/\/www.africa-press.net\/congo-brazzaville\/#\/schema\/person\/2b1cf3cd81a31e3cd26889ca66d677f1"},"headline":"Formation : des organisations de la soci\u00e9t\u00e9 civile planchent sur l\u2019entrepreneuriat agricole","datePublished":"2023-02-22T20:03:03+00:00","dateModified":"2023-02-22T20:28:30+00:00","mainEntityOfPage":{"@id":"https:\/\/www.africa-press.net\/congo-brazzaville\/photo\/formation-des-organisations-de-la-societe-civile-planchent-sur-lentrepreneuriat-agricole"},"wordCount":416,"commentCount":0,"image":{"@id":"https:\/\/www.africa-press.net\/congo-brazzaville\/photo\/formation-des-organisations-de-la-societe-civile-planchent-sur-lentrepreneuriat-agricole#primaryimage"},"thumbnailUrl":"https:\/\/static.africa-press.net\/congo-brazzaville\/sites\/51\/2023\/02\/postQueueImg_1677083589.60.jpg","keywords":["Africa Press","Africa Press-Congo Brazzaville","Congo Brazzaville"],"articleSection":["Communaut\u00e9","Photo","Toutes les actualit\u00e9s"],"inLanguage":"fr-FR","potentialAction":[{"@type":"CommentAction","name":"Comment","target":["https:\/\/www.africa-press.net\/congo-brazzaville\/photo\/formation-des-organisations-de-la-societe-civile-planchent-sur-lentrepreneuriat-agricole#respond"]}]},{"@type":"WebPage","@id":"https:\/\/www.africa-press.net\/congo-brazzaville\/photo\/formation-des-organisations-de-la-societe-civile-planchent-sur-lentrepreneuriat-agricole","url":"https:\/\/www.africa-press.net\/congo-brazzaville\/photo\/formation-des-organisations-de-la-societe-civile-planchent-sur-lentrepreneuriat-agricole","name":"Formation : des organisations de la soci\u00e9t\u00e9 civile planchent sur l\u2019entrepreneuriat agricole - Congo Brazzaville","isPartOf":{"@id":"https:\/\/www.africa-press.net\/congo-brazzaville\/#website"},"primaryImageOfPage":{"@id":"https:\/\/www.africa-press.net\/congo-brazzaville\/photo\/formation-des-organisations-de-la-societe-civile-planchent-sur-lentrepreneuriat-agricole#primaryimage"},"image":{"@id":"https:\/\/www.africa-press.net\/congo-brazzaville\/photo\/formation-des-organisations-de-la-societe-civile-planchent-sur-lentrepreneuriat-agricole#primaryimage"},"thumbnailUrl":"https:\/\/static.africa-press.net\/congo-brazzaville\/sites\/51\/2023\/02\/postQueueImg_1677083589.60.jpg","datePublished":"2023-02-22T20:03:03+00:00","dateModified":"2023-02-22T20:28:30+00:00","author":{"@id":"https:\/\/www.africa-press.net\/congo-brazzaville\/#\/schema\/person\/2b1cf3cd81a31e3cd26889ca66d677f1"},"description":"Pour permettre aux leaders de la socie\u0301te\u0301 civile de contribuer au de\u0301veloppement e\u0301conomique du pays, de re\u0301pondre a ...","breadcrumb":{"@id":"https:\/\/www.africa-press.net\/congo-brazzaville\/photo\/formation-des-organisations-de-la-societe-civile-planchent-sur-lentrepreneuriat-agricole#breadcrumb"},"inLanguage":"fr-FR","potentialAction":[{"@type":"ReadAction","target":["https:\/\/www.africa-press.net\/congo-brazzaville\/photo\/formation-des-organisations-de-la-societe-civile-planchent-sur-lentrepreneuriat-agricole"]}]},{"@type":"ImageObject","inLanguage":"fr-FR","@id":"https:\/\/www.africa-press.net\/congo-brazzaville\/photo\/formation-des-organisations-de-la-societe-civile-planchent-sur-lentrepreneuriat-agricole#primaryimage","url":"https:\/\/static.africa-press.net\/congo-brazzaville\/sites\/51\/2023\/02\/postQueueImg_1677083589.60.jpg","contentUrl":"https:\/\/static.africa-press.net\/congo-brazzaville\/sites\/51\/2023\/02\/postQueueImg_1677083589.60.jpg","width":1155,"height":768,"caption":"Formation : des organisations de la soci\u00e9t\u00e9 civile planchent sur l\u2019entrepreneuriat agricole"},{"@type":"BreadcrumbList","@id":"https:\/\/www.africa-press.net\/congo-brazzaville\/photo\/formation-des-organisations-de-la-societe-civile-planchent-sur-lentrepreneuriat-agricole#breadcrumb","itemListElement":[{"@type":"ListItem","position":1,"name":"Accueil","item":"https:\/\/www.africa-press.net\/congo-brazzaville\/"},{"@type":"ListItem","position":2,"name":"Formation : des organisations de la soci\u00e9t\u00e9 civile planchent sur l\u2019entrepreneuriat agricole"}]},{"@type":"WebSite","@id":"https:\/\/www.africa-press.net\/congo-brazzaville\/#website","url":"https:\/\/www.africa-press.net\/congo-brazzaville\/","name":"Congo Brazzaville","description":"Just another Africa News Agency Sites site","potentialAction":[{"@type":"SearchAction","target":{"@type":"EntryPoint","urlTemplate":"https:\/\/www.africa-press.net\/congo-brazzaville\/?s={search_term_string}"},"query-input":{"@type":"PropertyValueSpecification","valueRequired":true,"valueName":"search_term_string"}}],"inLanguage":"fr-FR"},{"@type":"Person","@id":"https:\/\/www.africa-press.net\/congo-brazzaville\/#\/schema\/person\/2b1cf3cd81a31e3cd26889ca66d677f1","name":"cfeditorfr"}]}},"_links":{"self":[{"href":"https:\/\/www.africa-press.net\/congo-brazzaville\/wp-json\/wp\/v2\/posts\/14766","targetHints":{"allow":["GET"]}}],"collection":[{"href":"https:\/\/www.africa-press.net\/congo-brazzaville\/wp-json\/wp\/v2\/posts"}],"about":[{"href":"https:\/\/www.africa-press.net\/congo-brazzaville\/wp-json\/wp\/v2\/types\/post"}],"author":[{"embeddable":true,"href":"https:\/\/www.africa-press.net\/congo-brazzaville\/wp-json\/wp\/v2\/users\/82"}],"replies":[{"embeddable":true,"href":"https:\/\/www.africa-press.net\/congo-brazzaville\/wp-json\/wp\/v2\/comments?post=14766"}],"version-history":[{"count":0,"href":"https:\/\/www.africa-press.net\/congo-brazzaville\/wp-json\/wp\/v2\/posts\/14766\/revisions"}],"wp:featuredmedia":[{"embeddable":true,"href":"https:\/\/www.africa-press.net\/congo-brazzaville\/wp-json\/wp\/v2\/media\/14765"}],"wp:attachment":[{"href":"https:\/\/www.africa-press.net\/congo-brazzaville\/wp-json\/wp\/v2\/media?parent=14766"}],"wp:term":[{"taxonomy":"category","embeddable":true,"href":"https:\/\/www.africa-press.net\/congo-brazzaville\/wp-json\/wp\/v2\/categories?post=14766"},{"taxonomy":"post_tag","embeddable":true,"href":"https:\/\/www.africa-press.net\/congo-brazzaville\/wp-json\/wp\/v2\/tags?post=14766"}],"curies":[{"name":"wp","href":"https:\/\/api.w.org\/{rel}","templated":true}]}}