{"id":14768,"date":"2023-02-22T20:03:14","date_gmt":"2023-02-22T20:03:14","guid":{"rendered":"https:\/\/www.africa-press.net\/congo-brazzaville\/politique\/quartiers-case-barnier-et-mont-mambou-les-occupants-illegaux-sommes-de-deguerpir"},"modified":"2023-02-22T20:28:43","modified_gmt":"2023-02-22T20:28:43","slug":"quartiers-case-barnier-et-mont-mambou-les-occupants-illegaux-sommes-de-deguerpir","status":"publish","type":"post","link":"https:\/\/www.africa-press.net\/congo-brazzaville\/toutes-les-actualites\/quartiers-case-barnier-et-mont-mambou-les-occupants-illegaux-sommes-de-deguerpir","title":{"rendered":"Quartiers Case Barnier et Mont Mambou : les occupants ill\u00e9gaux somm\u00e9s de d\u00e9guerpir"},"content":{"rendered":"<p><span style=\"color: #ff6600\"><strong>Africa-Press &#8211; Congo Brazzaville. <\/strong><\/span><b>Le ministre d\u2019Etat, ministre des Affaires foncie\u0300res et du Domaine public, charge\u0301 des relations avec le Parlement, Pierre Mabiala, a fait signer aux proprie\u0301taires terriens une note de notification de la mise en demeure pre\u0301alable a\u0300 la proce\u0301dure de de\u0301guerpissement du domaine militaire spolie\u0301. Il a effectue\u0301 une descente aux alentours du complexe et base vie de Case Barnier, Mont Mambou et Ndouo, le 21 fe\u0301vrier. <\/b><\/p>\n<p>La mise en demeure concerne 928 occupants ille\u0301gaux dont 133 dans les parcelles habite\u0301es et 628 autres qui occupent des parcelles vides. Accompagne\u0301 de son colle\u0300gue en charge de la De\u0301fense nationale, Charles Richard Mondjo, Pierre Mabiala s\u2019est impre\u0301gne\u0301 de la situation sur le terrain, prescrivant aux administrateurs relevant de sa compe\u0301tence de lire le droit, rien que le droit. \u00ab Vous avez rec\u0327u 562,5 millions de FCFA. Si vous avez e\u0301te\u0301 indemnise\u0301s, pourquoi diable continuer a\u0300 revendre les terrains ? On ne peut plus venir pour s\u2019expliquer sur la situation, non ! &#8230; A l\u2019exte\u0301rieur des 72 hectares, un autre habitant ne peut rester la\u0300, a\u0300 part l\u2019arme\u0301e&#8230; \u00bb, a souligne\u0301 Pierre Mabiala. Il a indique\u0301 que les proprie\u0301taires terriens, vendeurs des terres exproprie\u0301es ou achete\u0301es par l\u2019Etat, doivent restituer l\u2019argent aux inte\u0301resse\u0301s.<\/p>\n<p>\u00ab Passe\u0301 le de\u0301lai de quarante-cinq jours, dans le cadre de l\u2019instauration, l\u2019Etat proce\u0301dera au de\u0301guerpissement \u00bb, a-t-il lance\u0301. Il a notifie\u0301 aux occupants anarchiques et ille\u0301gaux des emprises des casernes militaires des diffe\u0301rents sites pre\u0301cite\u0301s que le pre\u0301sent acte constitue une mise en demeure a\u0300 leur encontre, sans nouvel avis, en application de l\u2019article 53 de la Constitution qui dispose que \u00ab les biens de l\u2019Etat sont sacre\u0301s (&#8230;) \u00bb.<\/p>\n<p>Abondant dans le me\u0302me sens, son colle\u0300gue de la De\u0301fense nationale, Charles Richard Mondjo, a cependant de\u0301plore\u0301 l&rsquo;incivisme de la population de ne pas voir le danger. \u00ab Vous allez causer les e\u0301rosions, parce que la\u0300-bas, il n\u2019y a que les militaires, il n\u2019y a que les femmes des militaires. On a vu les re\u0301sultats partout, parce que les e\u0301rosions sont un danger pour les biens et les personnes \u00bb.<\/p>\n<p><strong>Pour plus d&rsquo;informations et d&rsquo;analyses sur la <a href=\"https:\/\/www.africa-press.net\/congo-brazzaville\">Congo Brazzaville<\/a>, suivez <a href=\"https:\/\/www.africa-press.net\/\">Africa-Press<\/a><\/strong><\/p>\n","protected":false},"excerpt":{"rendered":"<p>Africa-Press &#8211; Congo Brazzaville. Le ministre d\u2019Etat, ministre des Affaires foncie\u0300res et du Domaine public, charge\u0301 des relations avec le Parlement, Pierre Mabiala, a fait signer aux proprie\u0301taires terriens une note de notification de la mise en demeure pre\u0301alable a\u0300 la proce\u0301dure de de\u0301guerpissement du domaine militaire spolie\u0301. Il a effectue\u0301 une descente aux alentours [&hellip;]<\/p>\n","protected":false},"author":82,"featured_media":14767,"comment_status":"open","ping_status":"closed","sticky":false,"template":"","format":"standard","meta":{"footnotes":""},"categories":[21,10],"tags":[36,47,46],"class_list":["post-14768","post","type-post","status-publish","format-standard","has-post-thumbnail","hentry","category-communaute","category-toutes-les-actualites","tag-africa-press","tag-africa-press-congo-brazzaville","tag-congo-brazzaville"],"yoast_head":"<!-- This site is optimized with the Yoast SEO Premium plugin v26.1 (Yoast SEO v27.0) - https:\/\/yoast.com\/product\/yoast-seo-premium-wordpress\/ -->\n<title>Quartiers Case Barnier et Mont Mambou : les occupants ill\u00e9gaux somm\u00e9s de d\u00e9guerpir - Congo Brazzaville<\/title>\n<meta name=\"description\" content=\"Le ministre d\u2019Etat, ministre des Affaires foncie\u0300res et du Domaine public, charge\u0301 des relations avec le Parlement, P ...\" \/>\n<meta name=\"robots\" content=\"index, follow, max-snippet:-1, max-image-preview:large, max-video-preview:-1\" \/>\n<link rel=\"canonical\" href=\"https:\/\/www.africa-press.net\/congo-brazzaville\/toutes-les-actualites\/quartiers-case-barnier-et-mont-mambou-les-occupants-illegaux-sommes-de-deguerpir\" \/>\n<meta property=\"og:locale\" content=\"fr_FR\" \/>\n<meta property=\"og:type\" content=\"article\" \/>\n<meta property=\"og:title\" content=\"Quartiers Case Barnier et Mont Mambou : les occupants ill\u00e9gaux somm\u00e9s de d\u00e9guerpir\" \/>\n<meta property=\"og:description\" content=\"Le ministre d\u2019Etat, ministre des Affaires foncie\u0300res et du Domaine public, charge\u0301 des relations avec le Parlement, P ...\" \/>\n<meta property=\"og:url\" content=\"https:\/\/www.africa-press.net\/congo-brazzaville\/toutes-les-actualites\/quartiers-case-barnier-et-mont-mambou-les-occupants-illegaux-sommes-de-deguerpir\" \/>\n<meta property=\"og:site_name\" content=\"Congo Brazzaville\" \/>\n<meta property=\"article:published_time\" content=\"2023-02-22T20:03:14+00:00\" \/>\n<meta property=\"article:modified_time\" content=\"2023-02-22T20:28:43+00:00\" \/>\n<meta property=\"og:image\" content=\"https:\/\/static.africa-press.net\/congo-brazzaville\/sites\/51\/2023\/02\/postQueueImg_1677083600.47.jpg\" \/>\n\t<meta property=\"og:image:width\" content=\"1536\" \/>\n\t<meta property=\"og:image:height\" content=\"768\" \/>\n\t<meta property=\"og:image:type\" content=\"image\/jpeg\" \/>\n<meta name=\"author\" content=\"cfeditorfr\" \/>\n<meta name=\"twitter:card\" content=\"summary_large_image\" \/>\n<meta name=\"twitter:label1\" content=\"\u00c9crit par\" \/>\n\t<meta name=\"twitter:data1\" content=\"cfeditorfr\" \/>\n\t<meta name=\"twitter:label2\" content=\"Dur\u00e9e de lecture estim\u00e9e\" \/>\n\t<meta name=\"twitter:data2\" content=\"2 minutes\" \/>\n<script type=\"application\/ld+json\" class=\"yoast-schema-graph\">{\"@context\":\"https:\/\/schema.org\",\"@graph\":[{\"@type\":\"Article\",\"@id\":\"https:\/\/www.africa-press.net\/congo-brazzaville\/toutes-les-actualites\/quartiers-case-barnier-et-mont-mambou-les-occupants-illegaux-sommes-de-deguerpir#article\",\"isPartOf\":{\"@id\":\"https:\/\/www.africa-press.net\/congo-brazzaville\/toutes-les-actualites\/quartiers-case-barnier-et-mont-mambou-les-occupants-illegaux-sommes-de-deguerpir\"},\"author\":{\"name\":\"cfeditorfr\",\"@id\":\"https:\/\/www.africa-press.net\/congo-brazzaville\/#\/schema\/person\/2b1cf3cd81a31e3cd26889ca66d677f1\"},\"headline\":\"Quartiers Case Barnier et Mont Mambou : les occupants ill\u00e9gaux somm\u00e9s de d\u00e9guerpir\",\"datePublished\":\"2023-02-22T20:03:14+00:00\",\"dateModified\":\"2023-02-22T20:28:43+00:00\",\"mainEntityOfPage\":{\"@id\":\"https:\/\/www.africa-press.net\/congo-brazzaville\/toutes-les-actualites\/quartiers-case-barnier-et-mont-mambou-les-occupants-illegaux-sommes-de-deguerpir\"},\"wordCount\":407,\"commentCount\":0,\"image\":{\"@id\":\"https:\/\/www.africa-press.net\/congo-brazzaville\/toutes-les-actualites\/quartiers-case-barnier-et-mont-mambou-les-occupants-illegaux-sommes-de-deguerpir#primaryimage\"},\"thumbnailUrl\":\"https:\/\/static.africa-press.net\/congo-brazzaville\/sites\/51\/2023\/02\/postQueueImg_1677083600.47.jpg\",\"keywords\":[\"Africa Press\",\"Africa Press-Congo Brazzaville\",\"Congo Brazzaville\"],\"articleSection\":[\"Communaut\u00e9\",\"Toutes les actualit\u00e9s\"],\"inLanguage\":\"fr-FR\",\"potentialAction\":[{\"@type\":\"CommentAction\",\"name\":\"Comment\",\"target\":[\"https:\/\/www.africa-press.net\/congo-brazzaville\/toutes-les-actualites\/quartiers-case-barnier-et-mont-mambou-les-occupants-illegaux-sommes-de-deguerpir#respond\"]}]},{\"@type\":\"WebPage\",\"@id\":\"https:\/\/www.africa-press.net\/congo-brazzaville\/toutes-les-actualites\/quartiers-case-barnier-et-mont-mambou-les-occupants-illegaux-sommes-de-deguerpir\",\"url\":\"https:\/\/www.africa-press.net\/congo-brazzaville\/toutes-les-actualites\/quartiers-case-barnier-et-mont-mambou-les-occupants-illegaux-sommes-de-deguerpir\",\"name\":\"Quartiers Case Barnier et Mont Mambou : les occupants ill\u00e9gaux somm\u00e9s de d\u00e9guerpir - Congo Brazzaville\",\"isPartOf\":{\"@id\":\"https:\/\/www.africa-press.net\/congo-brazzaville\/#website\"},\"primaryImageOfPage\":{\"@id\":\"https:\/\/www.africa-press.net\/congo-brazzaville\/toutes-les-actualites\/quartiers-case-barnier-et-mont-mambou-les-occupants-illegaux-sommes-de-deguerpir#primaryimage\"},\"image\":{\"@id\":\"https:\/\/www.africa-press.net\/congo-brazzaville\/toutes-les-actualites\/quartiers-case-barnier-et-mont-mambou-les-occupants-illegaux-sommes-de-deguerpir#primaryimage\"},\"thumbnailUrl\":\"https:\/\/static.africa-press.net\/congo-brazzaville\/sites\/51\/2023\/02\/postQueueImg_1677083600.47.jpg\",\"datePublished\":\"2023-02-22T20:03:14+00:00\",\"dateModified\":\"2023-02-22T20:28:43+00:00\",\"author\":{\"@id\":\"https:\/\/www.africa-press.net\/congo-brazzaville\/#\/schema\/person\/2b1cf3cd81a31e3cd26889ca66d677f1\"},\"description\":\"Le ministre d\u2019Etat, ministre des Affaires foncie\u0300res et du Domaine public, charge\u0301 des relations avec le Parlement, P ...\",\"breadcrumb\":{\"@id\":\"https:\/\/www.africa-press.net\/congo-brazzaville\/toutes-les-actualites\/quartiers-case-barnier-et-mont-mambou-les-occupants-illegaux-sommes-de-deguerpir#breadcrumb\"},\"inLanguage\":\"fr-FR\",\"potentialAction\":[{\"@type\":\"ReadAction\",\"target\":[\"https:\/\/www.africa-press.net\/congo-brazzaville\/toutes-les-actualites\/quartiers-case-barnier-et-mont-mambou-les-occupants-illegaux-sommes-de-deguerpir\"]}]},{\"@type\":\"ImageObject\",\"inLanguage\":\"fr-FR\",\"@id\":\"https:\/\/www.africa-press.net\/congo-brazzaville\/toutes-les-actualites\/quartiers-case-barnier-et-mont-mambou-les-occupants-illegaux-sommes-de-deguerpir#primaryimage\",\"url\":\"https:\/\/static.africa-press.net\/congo-brazzaville\/sites\/51\/2023\/02\/postQueueImg_1677083600.47.jpg\",\"contentUrl\":\"https:\/\/static.africa-press.net\/congo-brazzaville\/sites\/51\/2023\/02\/postQueueImg_1677083600.47.jpg\",\"width\":1536,\"height\":768,\"caption\":\"Quartiers Case Barnier et Mont Mambou : les occupants ill\u00e9gaux somm\u00e9s de d\u00e9guerpir\"},{\"@type\":\"BreadcrumbList\",\"@id\":\"https:\/\/www.africa-press.net\/congo-brazzaville\/toutes-les-actualites\/quartiers-case-barnier-et-mont-mambou-les-occupants-illegaux-sommes-de-deguerpir#breadcrumb\",\"itemListElement\":[{\"@type\":\"ListItem\",\"position\":1,\"name\":\"Accueil\",\"item\":\"https:\/\/www.africa-press.net\/congo-brazzaville\/\"},{\"@type\":\"ListItem\",\"position\":2,\"name\":\"Quartiers Case Barnier et Mont Mambou : les occupants ill\u00e9gaux somm\u00e9s de d\u00e9guerpir\"}]},{\"@type\":\"WebSite\",\"@id\":\"https:\/\/www.africa-press.net\/congo-brazzaville\/#website\",\"url\":\"https:\/\/www.africa-press.net\/congo-brazzaville\/\",\"name\":\"Congo Brazzaville\",\"description\":\"Just another Africa News Agency Sites site\",\"potentialAction\":[{\"@type\":\"SearchAction\",\"target\":{\"@type\":\"EntryPoint\",\"urlTemplate\":\"https:\/\/www.africa-press.net\/congo-brazzaville\/?s={search_term_string}\"},\"query-input\":{\"@type\":\"PropertyValueSpecification\",\"valueRequired\":true,\"valueName\":\"search_term_string\"}}],\"inLanguage\":\"fr-FR\"},{\"@type\":\"Person\",\"@id\":\"https:\/\/www.africa-press.net\/congo-brazzaville\/#\/schema\/person\/2b1cf3cd81a31e3cd26889ca66d677f1\",\"name\":\"cfeditorfr\"}]}<\/script>\n<!-- \/ Yoast SEO Premium plugin. -->","yoast_head_json":{"title":"Quartiers Case Barnier et Mont Mambou : les occupants ill\u00e9gaux somm\u00e9s de d\u00e9guerpir - Congo Brazzaville","description":"Le ministre d\u2019Etat, ministre des Affaires foncie\u0300res et du Domaine public, charge\u0301 des relations avec le Parlement, P ...","robots":{"index":"index","follow":"follow","max-snippet":"max-snippet:-1","max-image-preview":"max-image-preview:large","max-video-preview":"max-video-preview:-1"},"canonical":"https:\/\/www.africa-press.net\/congo-brazzaville\/toutes-les-actualites\/quartiers-case-barnier-et-mont-mambou-les-occupants-illegaux-sommes-de-deguerpir","og_locale":"fr_FR","og_type":"article","og_title":"Quartiers Case Barnier et Mont Mambou : les occupants ill\u00e9gaux somm\u00e9s de d\u00e9guerpir","og_description":"Le ministre d\u2019Etat, ministre des Affaires foncie\u0300res et du Domaine public, charge\u0301 des relations avec le Parlement, P ...","og_url":"https:\/\/www.africa-press.net\/congo-brazzaville\/toutes-les-actualites\/quartiers-case-barnier-et-mont-mambou-les-occupants-illegaux-sommes-de-deguerpir","og_site_name":"Congo Brazzaville","article_published_time":"2023-02-22T20:03:14+00:00","article_modified_time":"2023-02-22T20:28:43+00:00","og_image":[{"width":1536,"height":768,"url":"https:\/\/static.africa-press.net\/congo-brazzaville\/sites\/51\/2023\/02\/postQueueImg_1677083600.47.jpg","type":"image\/jpeg"}],"author":"cfeditorfr","twitter_card":"summary_large_image","twitter_misc":{"\u00c9crit par":"cfeditorfr","Dur\u00e9e de lecture estim\u00e9e":"2 minutes"},"schema":{"@context":"https:\/\/schema.org","@graph":[{"@type":"Article","@id":"https:\/\/www.africa-press.net\/congo-brazzaville\/toutes-les-actualites\/quartiers-case-barnier-et-mont-mambou-les-occupants-illegaux-sommes-de-deguerpir#article","isPartOf":{"@id":"https:\/\/www.africa-press.net\/congo-brazzaville\/toutes-les-actualites\/quartiers-case-barnier-et-mont-mambou-les-occupants-illegaux-sommes-de-deguerpir"},"author":{"name":"cfeditorfr","@id":"https:\/\/www.africa-press.net\/congo-brazzaville\/#\/schema\/person\/2b1cf3cd81a31e3cd26889ca66d677f1"},"headline":"Quartiers Case Barnier et Mont Mambou : les occupants ill\u00e9gaux somm\u00e9s de d\u00e9guerpir","datePublished":"2023-02-22T20:03:14+00:00","dateModified":"2023-02-22T20:28:43+00:00","mainEntityOfPage":{"@id":"https:\/\/www.africa-press.net\/congo-brazzaville\/toutes-les-actualites\/quartiers-case-barnier-et-mont-mambou-les-occupants-illegaux-sommes-de-deguerpir"},"wordCount":407,"commentCount":0,"image":{"@id":"https:\/\/www.africa-press.net\/congo-brazzaville\/toutes-les-actualites\/quartiers-case-barnier-et-mont-mambou-les-occupants-illegaux-sommes-de-deguerpir#primaryimage"},"thumbnailUrl":"https:\/\/static.africa-press.net\/congo-brazzaville\/sites\/51\/2023\/02\/postQueueImg_1677083600.47.jpg","keywords":["Africa Press","Africa Press-Congo Brazzaville","Congo Brazzaville"],"articleSection":["Communaut\u00e9","Toutes les actualit\u00e9s"],"inLanguage":"fr-FR","potentialAction":[{"@type":"CommentAction","name":"Comment","target":["https:\/\/www.africa-press.net\/congo-brazzaville\/toutes-les-actualites\/quartiers-case-barnier-et-mont-mambou-les-occupants-illegaux-sommes-de-deguerpir#respond"]}]},{"@type":"WebPage","@id":"https:\/\/www.africa-press.net\/congo-brazzaville\/toutes-les-actualites\/quartiers-case-barnier-et-mont-mambou-les-occupants-illegaux-sommes-de-deguerpir","url":"https:\/\/www.africa-press.net\/congo-brazzaville\/toutes-les-actualites\/quartiers-case-barnier-et-mont-mambou-les-occupants-illegaux-sommes-de-deguerpir","name":"Quartiers Case Barnier et Mont Mambou : les occupants ill\u00e9gaux somm\u00e9s de d\u00e9guerpir - Congo Brazzaville","isPartOf":{"@id":"https:\/\/www.africa-press.net\/congo-brazzaville\/#website"},"primaryImageOfPage":{"@id":"https:\/\/www.africa-press.net\/congo-brazzaville\/toutes-les-actualites\/quartiers-case-barnier-et-mont-mambou-les-occupants-illegaux-sommes-de-deguerpir#primaryimage"},"image":{"@id":"https:\/\/www.africa-press.net\/congo-brazzaville\/toutes-les-actualites\/quartiers-case-barnier-et-mont-mambou-les-occupants-illegaux-sommes-de-deguerpir#primaryimage"},"thumbnailUrl":"https:\/\/static.africa-press.net\/congo-brazzaville\/sites\/51\/2023\/02\/postQueueImg_1677083600.47.jpg","datePublished":"2023-02-22T20:03:14+00:00","dateModified":"2023-02-22T20:28:43+00:00","author":{"@id":"https:\/\/www.africa-press.net\/congo-brazzaville\/#\/schema\/person\/2b1cf3cd81a31e3cd26889ca66d677f1"},"description":"Le ministre d\u2019Etat, ministre des Affaires foncie\u0300res et du Domaine public, charge\u0301 des relations avec le Parlement, P ...","breadcrumb":{"@id":"https:\/\/www.africa-press.net\/congo-brazzaville\/toutes-les-actualites\/quartiers-case-barnier-et-mont-mambou-les-occupants-illegaux-sommes-de-deguerpir#breadcrumb"},"inLanguage":"fr-FR","potentialAction":[{"@type":"ReadAction","target":["https:\/\/www.africa-press.net\/congo-brazzaville\/toutes-les-actualites\/quartiers-case-barnier-et-mont-mambou-les-occupants-illegaux-sommes-de-deguerpir"]}]},{"@type":"ImageObject","inLanguage":"fr-FR","@id":"https:\/\/www.africa-press.net\/congo-brazzaville\/toutes-les-actualites\/quartiers-case-barnier-et-mont-mambou-les-occupants-illegaux-sommes-de-deguerpir#primaryimage","url":"https:\/\/static.africa-press.net\/congo-brazzaville\/sites\/51\/2023\/02\/postQueueImg_1677083600.47.jpg","contentUrl":"https:\/\/static.africa-press.net\/congo-brazzaville\/sites\/51\/2023\/02\/postQueueImg_1677083600.47.jpg","width":1536,"height":768,"caption":"Quartiers Case Barnier et Mont Mambou : les occupants ill\u00e9gaux somm\u00e9s de d\u00e9guerpir"},{"@type":"BreadcrumbList","@id":"https:\/\/www.africa-press.net\/congo-brazzaville\/toutes-les-actualites\/quartiers-case-barnier-et-mont-mambou-les-occupants-illegaux-sommes-de-deguerpir#breadcrumb","itemListElement":[{"@type":"ListItem","position":1,"name":"Accueil","item":"https:\/\/www.africa-press.net\/congo-brazzaville\/"},{"@type":"ListItem","position":2,"name":"Quartiers Case Barnier et Mont Mambou : les occupants ill\u00e9gaux somm\u00e9s de d\u00e9guerpir"}]},{"@type":"WebSite","@id":"https:\/\/www.africa-press.net\/congo-brazzaville\/#website","url":"https:\/\/www.africa-press.net\/congo-brazzaville\/","name":"Congo Brazzaville","description":"Just another Africa News Agency Sites site","potentialAction":[{"@type":"SearchAction","target":{"@type":"EntryPoint","urlTemplate":"https:\/\/www.africa-press.net\/congo-brazzaville\/?s={search_term_string}"},"query-input":{"@type":"PropertyValueSpecification","valueRequired":true,"valueName":"search_term_string"}}],"inLanguage":"fr-FR"},{"@type":"Person","@id":"https:\/\/www.africa-press.net\/congo-brazzaville\/#\/schema\/person\/2b1cf3cd81a31e3cd26889ca66d677f1","name":"cfeditorfr"}]}},"_links":{"self":[{"href":"https:\/\/www.africa-press.net\/congo-brazzaville\/wp-json\/wp\/v2\/posts\/14768","targetHints":{"allow":["GET"]}}],"collection":[{"href":"https:\/\/www.africa-press.net\/congo-brazzaville\/wp-json\/wp\/v2\/posts"}],"about":[{"href":"https:\/\/www.africa-press.net\/congo-brazzaville\/wp-json\/wp\/v2\/types\/post"}],"author":[{"embeddable":true,"href":"https:\/\/www.africa-press.net\/congo-brazzaville\/wp-json\/wp\/v2\/users\/82"}],"replies":[{"embeddable":true,"href":"https:\/\/www.africa-press.net\/congo-brazzaville\/wp-json\/wp\/v2\/comments?post=14768"}],"version-history":[{"count":0,"href":"https:\/\/www.africa-press.net\/congo-brazzaville\/wp-json\/wp\/v2\/posts\/14768\/revisions"}],"wp:featuredmedia":[{"embeddable":true,"href":"https:\/\/www.africa-press.net\/congo-brazzaville\/wp-json\/wp\/v2\/media\/14767"}],"wp:attachment":[{"href":"https:\/\/www.africa-press.net\/congo-brazzaville\/wp-json\/wp\/v2\/media?parent=14768"}],"wp:term":[{"taxonomy":"category","embeddable":true,"href":"https:\/\/www.africa-press.net\/congo-brazzaville\/wp-json\/wp\/v2\/categories?post=14768"},{"taxonomy":"post_tag","embeddable":true,"href":"https:\/\/www.africa-press.net\/congo-brazzaville\/wp-json\/wp\/v2\/tags?post=14768"}],"curies":[{"name":"wp","href":"https:\/\/api.w.org\/{rel}","templated":true}]}}