{"id":14772,"date":"2023-02-22T20:03:33","date_gmt":"2023-02-22T20:03:33","guid":{"rendered":"https:\/\/www.africa-press.net\/congo-brazzaville\/politique\/commemoration-le-prytanee-militaire-charles-tchorere-de-saint-louis-a-celebre-son-centenaire"},"modified":"2023-02-22T20:28:58","modified_gmt":"2023-02-22T20:28:58","slug":"commemoration-le-prytanee-militaire-charles-tchorere-de-saint-louis-a-celebre-son-centenaire","status":"publish","type":"post","link":"https:\/\/www.africa-press.net\/congo-brazzaville\/photo\/commemoration-le-prytanee-militaire-charles-tchorere-de-saint-louis-a-celebre-son-centenaire","title":{"rendered":"Comm\u00e9moration : le Prytan\u00e9e militaire Charles-Tchorere de Saint-Louis a c\u00e9l\u00e8br\u00e9 son centenaire"},"content":{"rendered":"<p><span style=\"color: #ff6600\"><strong>Africa-Press &#8211; Congo Brazzaville. <\/strong><\/span><b>La ce\u0301le\u0301bration des cent ans du prestigieux e\u0301tablissement se\u0301ne\u0301galais s\u2019est de\u0301roule\u0301e du 7 au 13 fe\u0301vrier. Le Congo a e\u0301te\u0301 repre\u0301sente\u0301 a\u0300 cette grand-messe par une de\u0301le\u0301gation du bureau exe\u0301cutif de l\u2019Association des anciens enfants de troupe (AET) conduite par son secre\u0301taire ge\u0301ne\u0301ral, l\u2019AET Rene\u0301 Nganongo. <\/b><\/p>\n<p>L&rsquo;invitation a\u0300 laquelle avait re\u0301pondu favorablement le pre\u0301sident de l\u2019AET, Re\u0301my Ayayos Ikounga, entre dans le cadre du renforcement des liens d\u2019amitie\u0301 et de fraternite\u0301 entre l\u2019Amicale des anciens enfants de troupe du Se\u0301ne\u0301gal et l\u2019AET du Congo.<\/p>\n<p>Quatre grands moments ont marque\u0301 le se\u0301jour de la de\u0301le\u0301gation congolaise. D\u2019abord, la visite du Prytane\u0301e militaire Charles-Tchorere de Saint-Louis, ensuite la re\u0301ception de la de\u0301le\u0301gation par le commandant du prytane\u0301e, le colonel Mamour Sarr, au cours de laquelle la de\u0301le\u0301gation a offert un tableau peint par l\u2019artiste Re\u0301my Mongo-Etion, baptise\u0301 \u00ab La que\u0302te des e\u0301toiles \u00bb. Ce geste s\u2019est poursuivi lors de la rencontre de quelques repre\u0301sentants de l\u2019Amicale des anciens enfants de troupe du Se\u0301ne\u0301gal, avec la remise d\u2019un tableau du me\u0302me artiste intitule\u0301 \u00ab Lumie\u0300res d\u2019Afrique \u00bb.<\/p>\n<p>Enfin, le clou des festivite\u0301s a e\u0301te\u0301 la prise d\u2019armes organise\u0301e le 11 fe\u0301vrier au camp capitaine Deh-Momar-Gary de Saint-Louis, sous le patronage du pre\u0301sident de la Re\u0301publique du Se\u0301ne\u0301gal, Macky Sall, en pre\u0301sence des officiels nationaux et des diffe\u0301rentes de\u0301le\u0301gations.<\/p>\n<p>Au terme de son se\u0301jour et apre\u0300s s\u2019e\u0302tre entretenu avec plusieurs AET venus du Gabon, du Niger, de la Centrafrique, du Tchad, de la Co\u0302te d\u2019Ivoire et du Se\u0301ne\u0301gal, la de\u0301le\u0301gation congolaise a transmis au pre\u0301sident de l\u2019Amicale des enfants de troupe du Se\u0301ne\u0301gal l\u2019invitation de son homologue congolais, Re\u0301my Ayayos Ikounga, de se rendre a\u0300 Brazzaville. L&rsquo;AET du Congo avait de\u0301ja\u0300 accueilli, en 2019, l\u2019AET Meissa Niang, pre\u0301sident honoraire de l\u2019Amicale des AET du Se\u0301ne\u0301gal, en vue de poursuivre les e\u0301changes visant la pre\u0301servation des traditions et la promotion de l\u2019ide\u0301e d\u2019une amicale panafricaine des AET. Il s&rsquo;agit de maintenir et de ve\u0301hiculer, au Congo comme au Se\u0301ne\u0301gal, la que\u0302te de l\u2019excellence permettant aux AET de mieux servir dans leurs socie\u0301te\u0301s respectives, mais aussi de cultiver et de promouvoir l\u2019amitie\u0301 ainsi que la solidarite\u0301 entre les peuples africains.<\/p>\n<p>A l\u2019image du Prytane\u0301e militaire Charles-Tchorere de Saint-Louis, son ai\u0302ne\u0301 de 24 ans, l\u2019Ecole militaire pre\u0301paratoire ge\u0301ne\u0301ral Leclerc de Brazzaville, cre\u0301e\u0301e en 1947, n\u2019a de cesse d\u2019inscrire le fait AET dans l\u2019histoire des deux pays, avec plusieurs ge\u0301ne\u0301rations de cadres de haut rang, dont des chefs d\u2019Etat, des ministres, me\u0301decins, officiers ge\u0301ne\u0301raux, et surtout plusieurs officiers supe\u0301rieurs ayant occupe\u0301 ou occupent encore les fonctions les plus hautes dans la hie\u0301rarchie des forces arme\u0301es de ces pays.<\/p>\n<p>A noter que ce prestigieux e\u0301tablissement qui est de\u0301sormais entre\u0301 dans le patrimoine national du Se\u0301ne\u0301gal accueille actuellement des e\u0301le\u0300ves issus de quatorze autres pays africains subsahariens, dont huit enfants de troupe originaires du Congo, inscrits en classe de 6e, 3e et seconde. La de\u0301le\u0301gation congolaise e\u0301tait alle\u0301e a\u0300 leur rencontre. C\u2019est sur le the\u0300me \u00ab 100 ans d\u2019excellence et d\u2019inte\u0301gration africaine \u00bb qu\u2019a e\u0301te\u0301 comme\u0301more\u0301 ce centenaire, a\u0300 Saint-Louis, au Se\u0301ne\u0301gal.<\/p>\n\r\n                <style type=\"text\/css\">\r\n                    \r\n                    #td_uid_1_69f0b93f2d31a  .td-doubleSlider-2 .td-item1 {\r\n                        background: url(https:\/\/static.africa-press.net\/congo-brazzaville\/sites\/51\/2023\/02\/postMediaimg_62_1-63f67a316874c-80x60.jpg) 0 0 no-repeat;\r\n                    }\r\n                    #td_uid_1_69f0b93f2d31a  .td-doubleSlider-2 .td-item2 {\r\n                        background: url(https:\/\/static.africa-press.net\/congo-brazzaville\/sites\/51\/2023\/02\/postMediaimg_62_2-63f67a3c38504-80x60.jpg) 0 0 no-repeat;\r\n                    }\r\n                <\/style>\r\n\r\n                <div id=\"td_uid_1_69f0b93f2d31a\" class=\"td-gallery td-slide-on-2-columns\">\r\n                    <div class=\"post_td_gallery\">\r\n                        <div class=\"td-gallery-slide-top\">\r\n                           <div class=\"td-gallery-title\"><\/div>\r\n\r\n                            <div class=\"td-gallery-controls-wrapper\">\r\n                                <div class=\"td-gallery-slide-count\"><span class=\"td-gallery-slide-item-focus\">1<\/span> de 2<\/div>\r\n                                <div class=\"td-gallery-slide-prev-next-but\">\r\n                                    <i class = \"td-icon-left doubleSliderPrevButton\"><\/i>\r\n                                    <i class = \"td-icon-right doubleSliderNextButton\"><\/i>\r\n                                <\/div>\r\n                            <\/div>\r\n                        <\/div>\r\n\r\n                        <div class = \"td-doubleSlider-1 \">\r\n                            <div class = \"td-slider\">\r\n                                \r\n                    <div class = \"td-slide-item td-item1\">\r\n                        <figure class=\"td-slide-galery-figure td-slide-popup-gallery\">\r\n                            <a class=\"slide-gallery-image-link\" href=\"https:\/\/static.africa-press.net\/congo-brazzaville\/sites\/51\/2023\/02\/postMediaimg_62_1-63f67a316874c.jpg\" title=\"postMediaimg_62_1-63f67a316874c\"  data-caption=\"\"  data-description=\"\">\r\n                                <img decoding=\"async\" src=\"https:\/\/static.africa-press.net\/congo-brazzaville\/sites\/51\/2023\/02\/postMediaimg_62_1-63f67a316874c.jpg\" srcset=\"https:\/\/static.africa-press.net\/congo-brazzaville\/sites\/51\/2023\/02\/postMediaimg_62_1-63f67a316874c.jpg 1600w, https:\/\/static.africa-press.net\/congo-brazzaville\/sites\/51\/2023\/02\/postMediaimg_62_1-63f67a316874c-300x225.jpg 300w, https:\/\/static.africa-press.net\/congo-brazzaville\/sites\/51\/2023\/02\/postMediaimg_62_1-63f67a316874c-1024x768.jpg 1024w, https:\/\/static.africa-press.net\/congo-brazzaville\/sites\/51\/2023\/02\/postMediaimg_62_1-63f67a316874c-768x576.jpg 768w, https:\/\/static.africa-press.net\/congo-brazzaville\/sites\/51\/2023\/02\/postMediaimg_62_1-63f67a316874c-1536x1152.jpg 1536w, https:\/\/static.africa-press.net\/congo-brazzaville\/sites\/51\/2023\/02\/postMediaimg_62_1-63f67a316874c-80x60.jpg 80w\" sizes=\"(max-width: 1600px) 100vw, 1600px\" alt=\"\">\r\n                            <\/a>\r\n                            \r\n                        <\/figure>\r\n                    <\/div>\r\n                    <div class = \"td-slide-item td-item2\">\r\n                        <figure class=\"td-slide-galery-figure td-slide-popup-gallery\">\r\n                            <a class=\"slide-gallery-image-link\" href=\"https:\/\/static.africa-press.net\/congo-brazzaville\/sites\/51\/2023\/02\/postMediaimg_62_2-63f67a3c38504.jpg\" title=\"postMediaimg_62_2-63f67a3c38504\"  data-caption=\"\"  data-description=\"\">\r\n                                <img decoding=\"async\" src=\"https:\/\/static.africa-press.net\/congo-brazzaville\/sites\/51\/2023\/02\/postMediaimg_62_2-63f67a3c38504.jpg\" srcset=\"https:\/\/static.africa-press.net\/congo-brazzaville\/sites\/51\/2023\/02\/postMediaimg_62_2-63f67a3c38504.jpg 1600w, https:\/\/static.africa-press.net\/congo-brazzaville\/sites\/51\/2023\/02\/postMediaimg_62_2-63f67a3c38504-300x225.jpg 300w, https:\/\/static.africa-press.net\/congo-brazzaville\/sites\/51\/2023\/02\/postMediaimg_62_2-63f67a3c38504-1024x768.jpg 1024w, https:\/\/static.africa-press.net\/congo-brazzaville\/sites\/51\/2023\/02\/postMediaimg_62_2-63f67a3c38504-768x576.jpg 768w, https:\/\/static.africa-press.net\/congo-brazzaville\/sites\/51\/2023\/02\/postMediaimg_62_2-63f67a3c38504-1536x1152.jpg 1536w, https:\/\/static.africa-press.net\/congo-brazzaville\/sites\/51\/2023\/02\/postMediaimg_62_2-63f67a3c38504-80x60.jpg 80w\" sizes=\"(max-width: 1600px) 100vw, 1600px\" alt=\"\">\r\n                            <\/a>\r\n                            \r\n                        <\/figure>\r\n                    <\/div>\r\n                            <\/div>\r\n                        <\/div>\r\n\r\n                        <div class = \"td-doubleSlider-2\">\r\n                            <div class = \"td-slider\">\r\n                                \r\n                    <div class = \"td-button td-item1\">\r\n                        <div class = \"td-border\"><\/div>\r\n                    <\/div>\r\n                    <div class = \"td-button td-item2\">\r\n                        <div class = \"td-border\"><\/div>\r\n                    <\/div>\r\n                            <\/div>\r\n                        <\/div>\r\n\r\n                    <\/div>\r\n\r\n                <\/div>\r\n                \n<p><strong>Pour plus d&rsquo;informations et d&rsquo;analyses sur la <a href=\"https:\/\/www.africa-press.net\/congo-brazzaville\">Congo Brazzaville<\/a>, suivez <a href=\"https:\/\/www.africa-press.net\/\">Africa-Press<\/a><\/strong><\/p>\n","protected":false},"excerpt":{"rendered":"<p>Africa-Press &#8211; Congo Brazzaville. La ce\u0301le\u0301bration des cent ans du prestigieux e\u0301tablissement se\u0301ne\u0301galais s\u2019est de\u0301roule\u0301e du 7 au 13 fe\u0301vrier. Le Congo a e\u0301te\u0301 repre\u0301sente\u0301 a\u0300 cette grand-messe par une de\u0301le\u0301gation du bureau exe\u0301cutif de l\u2019Association des anciens enfants de troupe (AET) conduite par son secre\u0301taire ge\u0301ne\u0301ral, l\u2019AET Rene\u0301 Nganongo. L&rsquo;invitation a\u0300 laquelle avait re\u0301pondu [&hellip;]<\/p>\n","protected":false},"author":82,"featured_media":14771,"comment_status":"open","ping_status":"closed","sticky":false,"template":"","format":"standard","meta":{"footnotes":""},"categories":[21,8,10],"tags":[36,47,46],"class_list":["post-14772","post","type-post","status-publish","format-standard","has-post-thumbnail","hentry","category-communaute","category-photo","category-toutes-les-actualites","tag-africa-press","tag-africa-press-congo-brazzaville","tag-congo-brazzaville"],"yoast_head":"<!-- This site is optimized with the Yoast SEO Premium plugin v26.1 (Yoast SEO v27.0) - https:\/\/yoast.com\/product\/yoast-seo-premium-wordpress\/ -->\n<title>Comm\u00e9moration : le Prytan\u00e9e militaire Charles-Tchorere de Saint-Louis a c\u00e9l\u00e8br\u00e9 son centenaire - Congo Brazzaville<\/title>\n<meta name=\"description\" content=\"La ce\u0301le\u0301bration des cent ans du prestigieux e\u0301tablissement se\u0301ne\u0301galais s\u2019est de\u0301roule\u0301e du 7 au 13 fe\u0301vrier. Le Con ...\" \/>\n<meta name=\"robots\" content=\"index, follow, max-snippet:-1, max-image-preview:large, max-video-preview:-1\" \/>\n<link rel=\"canonical\" href=\"https:\/\/www.africa-press.net\/congo-brazzaville\/photo\/commemoration-le-prytanee-militaire-charles-tchorere-de-saint-louis-a-celebre-son-centenaire\" \/>\n<meta property=\"og:locale\" content=\"fr_FR\" \/>\n<meta property=\"og:type\" content=\"article\" \/>\n<meta property=\"og:title\" content=\"Comm\u00e9moration : le Prytan\u00e9e militaire Charles-Tchorere de Saint-Louis a c\u00e9l\u00e8br\u00e9 son centenaire\" \/>\n<meta property=\"og:description\" content=\"La ce\u0301le\u0301bration des cent ans du prestigieux e\u0301tablissement se\u0301ne\u0301galais s\u2019est de\u0301roule\u0301e du 7 au 13 fe\u0301vrier. Le Con ...\" \/>\n<meta property=\"og:url\" content=\"https:\/\/www.africa-press.net\/congo-brazzaville\/photo\/commemoration-le-prytanee-militaire-charles-tchorere-de-saint-louis-a-celebre-son-centenaire\" \/>\n<meta property=\"og:site_name\" content=\"Congo Brazzaville\" \/>\n<meta property=\"article:published_time\" content=\"2023-02-22T20:03:33+00:00\" \/>\n<meta property=\"article:modified_time\" content=\"2023-02-22T20:28:58+00:00\" \/>\n<meta property=\"og:image\" content=\"https:\/\/static.africa-press.net\/congo-brazzaville\/sites\/51\/2023\/02\/postQueueImg_1677083618.54.jpg\" \/>\n\t<meta property=\"og:image:width\" content=\"1600\" \/>\n\t<meta property=\"og:image:height\" content=\"1200\" \/>\n\t<meta property=\"og:image:type\" content=\"image\/jpeg\" \/>\n<meta name=\"author\" content=\"cfeditorfr\" \/>\n<meta name=\"twitter:card\" content=\"summary_large_image\" \/>\n<meta name=\"twitter:label1\" content=\"\u00c9crit par\" \/>\n\t<meta name=\"twitter:data1\" content=\"cfeditorfr\" \/>\n\t<meta name=\"twitter:label2\" content=\"Dur\u00e9e de lecture estim\u00e9e\" \/>\n\t<meta name=\"twitter:data2\" content=\"3 minutes\" \/>\n<script type=\"application\/ld+json\" class=\"yoast-schema-graph\">{\"@context\":\"https:\/\/schema.org\",\"@graph\":[{\"@type\":\"Article\",\"@id\":\"https:\/\/www.africa-press.net\/congo-brazzaville\/photo\/commemoration-le-prytanee-militaire-charles-tchorere-de-saint-louis-a-celebre-son-centenaire#article\",\"isPartOf\":{\"@id\":\"https:\/\/www.africa-press.net\/congo-brazzaville\/photo\/commemoration-le-prytanee-militaire-charles-tchorere-de-saint-louis-a-celebre-son-centenaire\"},\"author\":{\"name\":\"cfeditorfr\",\"@id\":\"https:\/\/www.africa-press.net\/congo-brazzaville\/#\/schema\/person\/2b1cf3cd81a31e3cd26889ca66d677f1\"},\"headline\":\"Comm\u00e9moration : le Prytan\u00e9e militaire Charles-Tchorere de Saint-Louis a c\u00e9l\u00e8br\u00e9 son centenaire\",\"datePublished\":\"2023-02-22T20:03:33+00:00\",\"dateModified\":\"2023-02-22T20:28:58+00:00\",\"mainEntityOfPage\":{\"@id\":\"https:\/\/www.africa-press.net\/congo-brazzaville\/photo\/commemoration-le-prytanee-militaire-charles-tchorere-de-saint-louis-a-celebre-son-centenaire\"},\"wordCount\":675,\"commentCount\":0,\"image\":{\"@id\":\"https:\/\/www.africa-press.net\/congo-brazzaville\/photo\/commemoration-le-prytanee-militaire-charles-tchorere-de-saint-louis-a-celebre-son-centenaire#primaryimage\"},\"thumbnailUrl\":\"https:\/\/static.africa-press.net\/congo-brazzaville\/sites\/51\/2023\/02\/postQueueImg_1677083618.54.jpg\",\"keywords\":[\"Africa Press\",\"Africa Press-Congo Brazzaville\",\"Congo Brazzaville\"],\"articleSection\":[\"Communaut\u00e9\",\"Photo\",\"Toutes les actualit\u00e9s\"],\"inLanguage\":\"fr-FR\",\"potentialAction\":[{\"@type\":\"CommentAction\",\"name\":\"Comment\",\"target\":[\"https:\/\/www.africa-press.net\/congo-brazzaville\/photo\/commemoration-le-prytanee-militaire-charles-tchorere-de-saint-louis-a-celebre-son-centenaire#respond\"]}]},{\"@type\":\"WebPage\",\"@id\":\"https:\/\/www.africa-press.net\/congo-brazzaville\/photo\/commemoration-le-prytanee-militaire-charles-tchorere-de-saint-louis-a-celebre-son-centenaire\",\"url\":\"https:\/\/www.africa-press.net\/congo-brazzaville\/photo\/commemoration-le-prytanee-militaire-charles-tchorere-de-saint-louis-a-celebre-son-centenaire\",\"name\":\"Comm\u00e9moration : le Prytan\u00e9e militaire Charles-Tchorere de Saint-Louis a c\u00e9l\u00e8br\u00e9 son centenaire - Congo Brazzaville\",\"isPartOf\":{\"@id\":\"https:\/\/www.africa-press.net\/congo-brazzaville\/#website\"},\"primaryImageOfPage\":{\"@id\":\"https:\/\/www.africa-press.net\/congo-brazzaville\/photo\/commemoration-le-prytanee-militaire-charles-tchorere-de-saint-louis-a-celebre-son-centenaire#primaryimage\"},\"image\":{\"@id\":\"https:\/\/www.africa-press.net\/congo-brazzaville\/photo\/commemoration-le-prytanee-militaire-charles-tchorere-de-saint-louis-a-celebre-son-centenaire#primaryimage\"},\"thumbnailUrl\":\"https:\/\/static.africa-press.net\/congo-brazzaville\/sites\/51\/2023\/02\/postQueueImg_1677083618.54.jpg\",\"datePublished\":\"2023-02-22T20:03:33+00:00\",\"dateModified\":\"2023-02-22T20:28:58+00:00\",\"author\":{\"@id\":\"https:\/\/www.africa-press.net\/congo-brazzaville\/#\/schema\/person\/2b1cf3cd81a31e3cd26889ca66d677f1\"},\"description\":\"La ce\u0301le\u0301bration des cent ans du prestigieux e\u0301tablissement se\u0301ne\u0301galais s\u2019est de\u0301roule\u0301e du 7 au 13 fe\u0301vrier. Le Con ...\",\"breadcrumb\":{\"@id\":\"https:\/\/www.africa-press.net\/congo-brazzaville\/photo\/commemoration-le-prytanee-militaire-charles-tchorere-de-saint-louis-a-celebre-son-centenaire#breadcrumb\"},\"inLanguage\":\"fr-FR\",\"potentialAction\":[{\"@type\":\"ReadAction\",\"target\":[\"https:\/\/www.africa-press.net\/congo-brazzaville\/photo\/commemoration-le-prytanee-militaire-charles-tchorere-de-saint-louis-a-celebre-son-centenaire\"]}]},{\"@type\":\"ImageObject\",\"inLanguage\":\"fr-FR\",\"@id\":\"https:\/\/www.africa-press.net\/congo-brazzaville\/photo\/commemoration-le-prytanee-militaire-charles-tchorere-de-saint-louis-a-celebre-son-centenaire#primaryimage\",\"url\":\"https:\/\/static.africa-press.net\/congo-brazzaville\/sites\/51\/2023\/02\/postQueueImg_1677083618.54.jpg\",\"contentUrl\":\"https:\/\/static.africa-press.net\/congo-brazzaville\/sites\/51\/2023\/02\/postQueueImg_1677083618.54.jpg\",\"width\":1600,\"height\":1200,\"caption\":\"Comm\u00e9moration : le Prytan\u00e9e militaire Charles-Tchorere de Saint-Louis a c\u00e9l\u00e8br\u00e9 son centenaire\"},{\"@type\":\"BreadcrumbList\",\"@id\":\"https:\/\/www.africa-press.net\/congo-brazzaville\/photo\/commemoration-le-prytanee-militaire-charles-tchorere-de-saint-louis-a-celebre-son-centenaire#breadcrumb\",\"itemListElement\":[{\"@type\":\"ListItem\",\"position\":1,\"name\":\"Accueil\",\"item\":\"https:\/\/www.africa-press.net\/congo-brazzaville\/\"},{\"@type\":\"ListItem\",\"position\":2,\"name\":\"Comm\u00e9moration : le Prytan\u00e9e militaire Charles-Tchorere de Saint-Louis a c\u00e9l\u00e8br\u00e9 son centenaire\"}]},{\"@type\":\"WebSite\",\"@id\":\"https:\/\/www.africa-press.net\/congo-brazzaville\/#website\",\"url\":\"https:\/\/www.africa-press.net\/congo-brazzaville\/\",\"name\":\"Congo Brazzaville\",\"description\":\"Just another Africa News Agency Sites site\",\"potentialAction\":[{\"@type\":\"SearchAction\",\"target\":{\"@type\":\"EntryPoint\",\"urlTemplate\":\"https:\/\/www.africa-press.net\/congo-brazzaville\/?s={search_term_string}\"},\"query-input\":{\"@type\":\"PropertyValueSpecification\",\"valueRequired\":true,\"valueName\":\"search_term_string\"}}],\"inLanguage\":\"fr-FR\"},{\"@type\":\"Person\",\"@id\":\"https:\/\/www.africa-press.net\/congo-brazzaville\/#\/schema\/person\/2b1cf3cd81a31e3cd26889ca66d677f1\",\"name\":\"cfeditorfr\"}]}<\/script>\n<!-- \/ Yoast SEO Premium plugin. -->","yoast_head_json":{"title":"Comm\u00e9moration : le Prytan\u00e9e militaire Charles-Tchorere de Saint-Louis a c\u00e9l\u00e8br\u00e9 son centenaire - Congo Brazzaville","description":"La ce\u0301le\u0301bration des cent ans du prestigieux e\u0301tablissement se\u0301ne\u0301galais s\u2019est de\u0301roule\u0301e du 7 au 13 fe\u0301vrier. Le Con ...","robots":{"index":"index","follow":"follow","max-snippet":"max-snippet:-1","max-image-preview":"max-image-preview:large","max-video-preview":"max-video-preview:-1"},"canonical":"https:\/\/www.africa-press.net\/congo-brazzaville\/photo\/commemoration-le-prytanee-militaire-charles-tchorere-de-saint-louis-a-celebre-son-centenaire","og_locale":"fr_FR","og_type":"article","og_title":"Comm\u00e9moration : le Prytan\u00e9e militaire Charles-Tchorere de Saint-Louis a c\u00e9l\u00e8br\u00e9 son centenaire","og_description":"La ce\u0301le\u0301bration des cent ans du prestigieux e\u0301tablissement se\u0301ne\u0301galais s\u2019est de\u0301roule\u0301e du 7 au 13 fe\u0301vrier. Le Con ...","og_url":"https:\/\/www.africa-press.net\/congo-brazzaville\/photo\/commemoration-le-prytanee-militaire-charles-tchorere-de-saint-louis-a-celebre-son-centenaire","og_site_name":"Congo Brazzaville","article_published_time":"2023-02-22T20:03:33+00:00","article_modified_time":"2023-02-22T20:28:58+00:00","og_image":[{"width":1600,"height":1200,"url":"https:\/\/static.africa-press.net\/congo-brazzaville\/sites\/51\/2023\/02\/postQueueImg_1677083618.54.jpg","type":"image\/jpeg"}],"author":"cfeditorfr","twitter_card":"summary_large_image","twitter_misc":{"\u00c9crit par":"cfeditorfr","Dur\u00e9e de lecture estim\u00e9e":"3 minutes"},"schema":{"@context":"https:\/\/schema.org","@graph":[{"@type":"Article","@id":"https:\/\/www.africa-press.net\/congo-brazzaville\/photo\/commemoration-le-prytanee-militaire-charles-tchorere-de-saint-louis-a-celebre-son-centenaire#article","isPartOf":{"@id":"https:\/\/www.africa-press.net\/congo-brazzaville\/photo\/commemoration-le-prytanee-militaire-charles-tchorere-de-saint-louis-a-celebre-son-centenaire"},"author":{"name":"cfeditorfr","@id":"https:\/\/www.africa-press.net\/congo-brazzaville\/#\/schema\/person\/2b1cf3cd81a31e3cd26889ca66d677f1"},"headline":"Comm\u00e9moration : le Prytan\u00e9e militaire Charles-Tchorere de Saint-Louis a c\u00e9l\u00e8br\u00e9 son centenaire","datePublished":"2023-02-22T20:03:33+00:00","dateModified":"2023-02-22T20:28:58+00:00","mainEntityOfPage":{"@id":"https:\/\/www.africa-press.net\/congo-brazzaville\/photo\/commemoration-le-prytanee-militaire-charles-tchorere-de-saint-louis-a-celebre-son-centenaire"},"wordCount":675,"commentCount":0,"image":{"@id":"https:\/\/www.africa-press.net\/congo-brazzaville\/photo\/commemoration-le-prytanee-militaire-charles-tchorere-de-saint-louis-a-celebre-son-centenaire#primaryimage"},"thumbnailUrl":"https:\/\/static.africa-press.net\/congo-brazzaville\/sites\/51\/2023\/02\/postQueueImg_1677083618.54.jpg","keywords":["Africa Press","Africa Press-Congo Brazzaville","Congo Brazzaville"],"articleSection":["Communaut\u00e9","Photo","Toutes les actualit\u00e9s"],"inLanguage":"fr-FR","potentialAction":[{"@type":"CommentAction","name":"Comment","target":["https:\/\/www.africa-press.net\/congo-brazzaville\/photo\/commemoration-le-prytanee-militaire-charles-tchorere-de-saint-louis-a-celebre-son-centenaire#respond"]}]},{"@type":"WebPage","@id":"https:\/\/www.africa-press.net\/congo-brazzaville\/photo\/commemoration-le-prytanee-militaire-charles-tchorere-de-saint-louis-a-celebre-son-centenaire","url":"https:\/\/www.africa-press.net\/congo-brazzaville\/photo\/commemoration-le-prytanee-militaire-charles-tchorere-de-saint-louis-a-celebre-son-centenaire","name":"Comm\u00e9moration : le Prytan\u00e9e militaire Charles-Tchorere de Saint-Louis a c\u00e9l\u00e8br\u00e9 son centenaire - Congo Brazzaville","isPartOf":{"@id":"https:\/\/www.africa-press.net\/congo-brazzaville\/#website"},"primaryImageOfPage":{"@id":"https:\/\/www.africa-press.net\/congo-brazzaville\/photo\/commemoration-le-prytanee-militaire-charles-tchorere-de-saint-louis-a-celebre-son-centenaire#primaryimage"},"image":{"@id":"https:\/\/www.africa-press.net\/congo-brazzaville\/photo\/commemoration-le-prytanee-militaire-charles-tchorere-de-saint-louis-a-celebre-son-centenaire#primaryimage"},"thumbnailUrl":"https:\/\/static.africa-press.net\/congo-brazzaville\/sites\/51\/2023\/02\/postQueueImg_1677083618.54.jpg","datePublished":"2023-02-22T20:03:33+00:00","dateModified":"2023-02-22T20:28:58+00:00","author":{"@id":"https:\/\/www.africa-press.net\/congo-brazzaville\/#\/schema\/person\/2b1cf3cd81a31e3cd26889ca66d677f1"},"description":"La ce\u0301le\u0301bration des cent ans du prestigieux e\u0301tablissement se\u0301ne\u0301galais s\u2019est de\u0301roule\u0301e du 7 au 13 fe\u0301vrier. Le Con ...","breadcrumb":{"@id":"https:\/\/www.africa-press.net\/congo-brazzaville\/photo\/commemoration-le-prytanee-militaire-charles-tchorere-de-saint-louis-a-celebre-son-centenaire#breadcrumb"},"inLanguage":"fr-FR","potentialAction":[{"@type":"ReadAction","target":["https:\/\/www.africa-press.net\/congo-brazzaville\/photo\/commemoration-le-prytanee-militaire-charles-tchorere-de-saint-louis-a-celebre-son-centenaire"]}]},{"@type":"ImageObject","inLanguage":"fr-FR","@id":"https:\/\/www.africa-press.net\/congo-brazzaville\/photo\/commemoration-le-prytanee-militaire-charles-tchorere-de-saint-louis-a-celebre-son-centenaire#primaryimage","url":"https:\/\/static.africa-press.net\/congo-brazzaville\/sites\/51\/2023\/02\/postQueueImg_1677083618.54.jpg","contentUrl":"https:\/\/static.africa-press.net\/congo-brazzaville\/sites\/51\/2023\/02\/postQueueImg_1677083618.54.jpg","width":1600,"height":1200,"caption":"Comm\u00e9moration : le Prytan\u00e9e militaire Charles-Tchorere de Saint-Louis a c\u00e9l\u00e8br\u00e9 son centenaire"},{"@type":"BreadcrumbList","@id":"https:\/\/www.africa-press.net\/congo-brazzaville\/photo\/commemoration-le-prytanee-militaire-charles-tchorere-de-saint-louis-a-celebre-son-centenaire#breadcrumb","itemListElement":[{"@type":"ListItem","position":1,"name":"Accueil","item":"https:\/\/www.africa-press.net\/congo-brazzaville\/"},{"@type":"ListItem","position":2,"name":"Comm\u00e9moration : le Prytan\u00e9e militaire Charles-Tchorere de Saint-Louis a c\u00e9l\u00e8br\u00e9 son centenaire"}]},{"@type":"WebSite","@id":"https:\/\/www.africa-press.net\/congo-brazzaville\/#website","url":"https:\/\/www.africa-press.net\/congo-brazzaville\/","name":"Congo Brazzaville","description":"Just another Africa News Agency Sites site","potentialAction":[{"@type":"SearchAction","target":{"@type":"EntryPoint","urlTemplate":"https:\/\/www.africa-press.net\/congo-brazzaville\/?s={search_term_string}"},"query-input":{"@type":"PropertyValueSpecification","valueRequired":true,"valueName":"search_term_string"}}],"inLanguage":"fr-FR"},{"@type":"Person","@id":"https:\/\/www.africa-press.net\/congo-brazzaville\/#\/schema\/person\/2b1cf3cd81a31e3cd26889ca66d677f1","name":"cfeditorfr"}]}},"_links":{"self":[{"href":"https:\/\/www.africa-press.net\/congo-brazzaville\/wp-json\/wp\/v2\/posts\/14772","targetHints":{"allow":["GET"]}}],"collection":[{"href":"https:\/\/www.africa-press.net\/congo-brazzaville\/wp-json\/wp\/v2\/posts"}],"about":[{"href":"https:\/\/www.africa-press.net\/congo-brazzaville\/wp-json\/wp\/v2\/types\/post"}],"author":[{"embeddable":true,"href":"https:\/\/www.africa-press.net\/congo-brazzaville\/wp-json\/wp\/v2\/users\/82"}],"replies":[{"embeddable":true,"href":"https:\/\/www.africa-press.net\/congo-brazzaville\/wp-json\/wp\/v2\/comments?post=14772"}],"version-history":[{"count":0,"href":"https:\/\/www.africa-press.net\/congo-brazzaville\/wp-json\/wp\/v2\/posts\/14772\/revisions"}],"wp:featuredmedia":[{"embeddable":true,"href":"https:\/\/www.africa-press.net\/congo-brazzaville\/wp-json\/wp\/v2\/media\/14771"}],"wp:attachment":[{"href":"https:\/\/www.africa-press.net\/congo-brazzaville\/wp-json\/wp\/v2\/media?parent=14772"}],"wp:term":[{"taxonomy":"category","embeddable":true,"href":"https:\/\/www.africa-press.net\/congo-brazzaville\/wp-json\/wp\/v2\/categories?post=14772"},{"taxonomy":"post_tag","embeddable":true,"href":"https:\/\/www.africa-press.net\/congo-brazzaville\/wp-json\/wp\/v2\/tags?post=14772"}],"curies":[{"name":"wp","href":"https:\/\/api.w.org\/{rel}","templated":true}]}}