{"id":14774,"date":"2023-02-22T20:03:53","date_gmt":"2023-02-22T20:03:53","guid":{"rendered":"https:\/\/www.africa-press.net\/congo-brazzaville\/politique\/cooperation-le-congo-et-le-niger-entendent-raffermir-leurs-relations"},"modified":"2023-02-22T20:29:13","modified_gmt":"2023-02-22T20:29:13","slug":"cooperation-le-congo-et-le-niger-entendent-raffermir-leurs-relations","status":"publish","type":"post","link":"https:\/\/www.africa-press.net\/congo-brazzaville\/politique\/cooperation-le-congo-et-le-niger-entendent-raffermir-leurs-relations","title":{"rendered":"Coop\u00e9ration : le Congo et le Niger entendent raffermir leurs relations"},"content":{"rendered":"<p><span style=\"color: #ff6600\"><strong>Africa-Press &#8211; Congo Brazzaville. <\/strong><\/span><b>Les pre\u0301sidents Denis Sassou N\u2019Guesso du Congo et Mohamed Bazoum du Niger ont demande\u0301, le 22 fe\u0301vrier a\u0300 Brazzaville, a\u0300 leur gouvernement respectif de cre\u0301er un cadre juridique approprie\u0301 susceptible de dynamiser les relations entre les deux pays.<\/b><\/p>\n<p>Dans un communique\u0301 conjoint, les deux chefs d\u2019Etat se sont re\u0301jouis de l\u2019excellence des liens d\u2019amitie\u0301 et de fraternite\u0301 qui existent entre leur pays et ont manifeste\u0301 la volonte\u0301 de les consolider aux fins de rapprocher davantage les peuples congolais et nige\u0301rien.<\/p>\n<p>Ils ont renouvele\u0301 leur attachement a\u0300 la mise en \u0153uvre de l\u2019Agenda 2063 de l\u2019Union africaine (UA) qui pro\u0302ne l\u2019e\u0301mergence d\u2019une Afrique en paix, unie et prospe\u0300re.<\/p>\n<p>Les deux dirigeants ont e\u0301galement re\u0301ite\u0301re\u0301 leur engagement a\u0300 l\u2019acce\u0301le\u0301ration de la mise sur pied de la zone de libre-e\u0301change continentale africaine. Ils ont, en outre, exprime\u0301 leur \u00ab grave pre\u0301occupation \u00bb sur le conflit entre la Russie et l\u2019Ukraine, tout en exhortant les deux pays a\u0300 privile\u0301gier le dialogue pour le re\u0300glement du diffe\u0301rend.<\/p>\n<p>Le pre\u0301sident Denis Sassou N\u2019Guesso a fe\u0301licite\u0301 son homologue nige\u0301rien pour les efforts de\u0301ploye\u0301s en faveur du de\u0301veloppement, de la paix, de la se\u0301curite\u0301 et de la consolidation de la de\u0301mocratie. Il a re\u0301ite\u0301re\u0301 la solidarite\u0301 du peuple congolais a\u0300 celui du Niger dans la lutte contre le terrorisme, l\u2019extre\u0301misme violent et la criminalite\u0301 transfrontalie\u0300re.<\/p>\n<p>De son co\u0302te\u0301, le pre\u0301sident Mohamed Bazoum a salue\u0301 l\u2019action du chef de l\u2019Etat congolais a\u0300 la te\u0302te du Comite\u0301 de haut niveau de l\u2019UA sur la Libye. Il a souligne\u0301 l\u2019organisation de la re\u0301union pre\u0301paratoire et l\u2019annonce, en marge du sommet des chefs d\u2019Etat de l\u2019UA, de la tenue prochaine de la confe\u0301rence de re\u0301conciliation inter-libyenne.<\/p>\n<p><strong>Pour plus d&rsquo;informations et d&rsquo;analyses sur la <a href=\"https:\/\/www.africa-press.net\/congo-brazzaville\">Congo Brazzaville<\/a>, suivez <a href=\"https:\/\/www.africa-press.net\/\">Africa-Press<\/a><\/strong><\/p>\n","protected":false},"excerpt":{"rendered":"<p>Africa-Press &#8211; Congo Brazzaville. Les pre\u0301sidents Denis Sassou N\u2019Guesso du Congo et Mohamed Bazoum du Niger ont demande\u0301, le 22 fe\u0301vrier a\u0300 Brazzaville, a\u0300 leur gouvernement respectif de cre\u0301er un cadre juridique approprie\u0301 susceptible de dynamiser les relations entre les deux pays. Dans un communique\u0301 conjoint, les deux chefs d\u2019Etat se sont re\u0301jouis de l\u2019excellence [&hellip;]<\/p>\n","protected":false},"author":82,"featured_media":14773,"comment_status":"open","ping_status":"closed","sticky":false,"template":"","format":"standard","meta":{"footnotes":""},"categories":[2,10],"tags":[36,47,46],"class_list":["post-14774","post","type-post","status-publish","format-standard","has-post-thumbnail","hentry","category-politique","category-toutes-les-actualites","tag-africa-press","tag-africa-press-congo-brazzaville","tag-congo-brazzaville"],"yoast_head":"<!-- This site is optimized with the Yoast SEO Premium plugin v26.1 (Yoast SEO v27.0) - https:\/\/yoast.com\/product\/yoast-seo-premium-wordpress\/ -->\n<title>Coop\u00e9ration : le Congo et le Niger entendent raffermir leurs relations - Congo Brazzaville<\/title>\n<meta name=\"description\" content=\"Les pre\u0301sidents Denis Sassou N\u2019Guesso du Congo et Mohamed Bazoum du Niger ont demande\u0301, le 22 fe\u0301vrier a\u0300 Brazzaville ...\" \/>\n<meta name=\"robots\" content=\"index, follow, max-snippet:-1, max-image-preview:large, max-video-preview:-1\" \/>\n<link rel=\"canonical\" href=\"https:\/\/www.africa-press.net\/congo-brazzaville\/politique\/cooperation-le-congo-et-le-niger-entendent-raffermir-leurs-relations\" \/>\n<meta property=\"og:locale\" content=\"fr_FR\" \/>\n<meta property=\"og:type\" content=\"article\" \/>\n<meta property=\"og:title\" content=\"Coop\u00e9ration : le Congo et le Niger entendent raffermir leurs relations\" \/>\n<meta property=\"og:description\" content=\"Les pre\u0301sidents Denis Sassou N\u2019Guesso du Congo et Mohamed Bazoum du Niger ont demande\u0301, le 22 fe\u0301vrier a\u0300 Brazzaville ...\" \/>\n<meta property=\"og:url\" content=\"https:\/\/www.africa-press.net\/congo-brazzaville\/politique\/cooperation-le-congo-et-le-niger-entendent-raffermir-leurs-relations\" \/>\n<meta property=\"og:site_name\" content=\"Congo Brazzaville\" \/>\n<meta property=\"article:published_time\" content=\"2023-02-22T20:03:53+00:00\" \/>\n<meta property=\"article:modified_time\" content=\"2023-02-22T20:29:13+00:00\" \/>\n<meta property=\"og:image\" content=\"https:\/\/static.africa-press.net\/congo-brazzaville\/sites\/51\/2023\/02\/postQueueImg_1677083644.52.jpg\" \/>\n\t<meta property=\"og:image:width\" content=\"1080\" \/>\n\t<meta property=\"og:image:height\" content=\"720\" \/>\n\t<meta property=\"og:image:type\" content=\"image\/jpeg\" \/>\n<meta name=\"author\" content=\"cfeditorfr\" \/>\n<meta name=\"twitter:card\" content=\"summary_large_image\" \/>\n<meta name=\"twitter:label1\" content=\"\u00c9crit par\" \/>\n\t<meta name=\"twitter:data1\" content=\"cfeditorfr\" \/>\n\t<meta name=\"twitter:label2\" content=\"Dur\u00e9e de lecture estim\u00e9e\" \/>\n\t<meta name=\"twitter:data2\" content=\"2 minutes\" \/>\n<script type=\"application\/ld+json\" class=\"yoast-schema-graph\">{\"@context\":\"https:\/\/schema.org\",\"@graph\":[{\"@type\":\"Article\",\"@id\":\"https:\/\/www.africa-press.net\/congo-brazzaville\/politique\/cooperation-le-congo-et-le-niger-entendent-raffermir-leurs-relations#article\",\"isPartOf\":{\"@id\":\"https:\/\/www.africa-press.net\/congo-brazzaville\/politique\/cooperation-le-congo-et-le-niger-entendent-raffermir-leurs-relations\"},\"author\":{\"name\":\"cfeditorfr\",\"@id\":\"https:\/\/www.africa-press.net\/congo-brazzaville\/#\/schema\/person\/2b1cf3cd81a31e3cd26889ca66d677f1\"},\"headline\":\"Coop\u00e9ration : le Congo et le Niger entendent raffermir leurs relations\",\"datePublished\":\"2023-02-22T20:03:53+00:00\",\"dateModified\":\"2023-02-22T20:29:13+00:00\",\"mainEntityOfPage\":{\"@id\":\"https:\/\/www.africa-press.net\/congo-brazzaville\/politique\/cooperation-le-congo-et-le-niger-entendent-raffermir-leurs-relations\"},\"wordCount\":354,\"commentCount\":0,\"image\":{\"@id\":\"https:\/\/www.africa-press.net\/congo-brazzaville\/politique\/cooperation-le-congo-et-le-niger-entendent-raffermir-leurs-relations#primaryimage\"},\"thumbnailUrl\":\"https:\/\/static.africa-press.net\/congo-brazzaville\/sites\/51\/2023\/02\/postQueueImg_1677083644.52.jpg\",\"keywords\":[\"Africa Press\",\"Africa Press-Congo Brazzaville\",\"Congo Brazzaville\"],\"articleSection\":[\"Politique\",\"Toutes les actualit\u00e9s\"],\"inLanguage\":\"fr-FR\",\"potentialAction\":[{\"@type\":\"CommentAction\",\"name\":\"Comment\",\"target\":[\"https:\/\/www.africa-press.net\/congo-brazzaville\/politique\/cooperation-le-congo-et-le-niger-entendent-raffermir-leurs-relations#respond\"]}]},{\"@type\":\"WebPage\",\"@id\":\"https:\/\/www.africa-press.net\/congo-brazzaville\/politique\/cooperation-le-congo-et-le-niger-entendent-raffermir-leurs-relations\",\"url\":\"https:\/\/www.africa-press.net\/congo-brazzaville\/politique\/cooperation-le-congo-et-le-niger-entendent-raffermir-leurs-relations\",\"name\":\"Coop\u00e9ration : le Congo et le Niger entendent raffermir leurs relations - Congo Brazzaville\",\"isPartOf\":{\"@id\":\"https:\/\/www.africa-press.net\/congo-brazzaville\/#website\"},\"primaryImageOfPage\":{\"@id\":\"https:\/\/www.africa-press.net\/congo-brazzaville\/politique\/cooperation-le-congo-et-le-niger-entendent-raffermir-leurs-relations#primaryimage\"},\"image\":{\"@id\":\"https:\/\/www.africa-press.net\/congo-brazzaville\/politique\/cooperation-le-congo-et-le-niger-entendent-raffermir-leurs-relations#primaryimage\"},\"thumbnailUrl\":\"https:\/\/static.africa-press.net\/congo-brazzaville\/sites\/51\/2023\/02\/postQueueImg_1677083644.52.jpg\",\"datePublished\":\"2023-02-22T20:03:53+00:00\",\"dateModified\":\"2023-02-22T20:29:13+00:00\",\"author\":{\"@id\":\"https:\/\/www.africa-press.net\/congo-brazzaville\/#\/schema\/person\/2b1cf3cd81a31e3cd26889ca66d677f1\"},\"description\":\"Les pre\u0301sidents Denis Sassou N\u2019Guesso du Congo et Mohamed Bazoum du Niger ont demande\u0301, le 22 fe\u0301vrier a\u0300 Brazzaville ...\",\"breadcrumb\":{\"@id\":\"https:\/\/www.africa-press.net\/congo-brazzaville\/politique\/cooperation-le-congo-et-le-niger-entendent-raffermir-leurs-relations#breadcrumb\"},\"inLanguage\":\"fr-FR\",\"potentialAction\":[{\"@type\":\"ReadAction\",\"target\":[\"https:\/\/www.africa-press.net\/congo-brazzaville\/politique\/cooperation-le-congo-et-le-niger-entendent-raffermir-leurs-relations\"]}]},{\"@type\":\"ImageObject\",\"inLanguage\":\"fr-FR\",\"@id\":\"https:\/\/www.africa-press.net\/congo-brazzaville\/politique\/cooperation-le-congo-et-le-niger-entendent-raffermir-leurs-relations#primaryimage\",\"url\":\"https:\/\/static.africa-press.net\/congo-brazzaville\/sites\/51\/2023\/02\/postQueueImg_1677083644.52.jpg\",\"contentUrl\":\"https:\/\/static.africa-press.net\/congo-brazzaville\/sites\/51\/2023\/02\/postQueueImg_1677083644.52.jpg\",\"width\":1080,\"height\":720,\"caption\":\"Coop\u00e9ration : le Congo et le Niger entendent raffermir leurs relations\"},{\"@type\":\"BreadcrumbList\",\"@id\":\"https:\/\/www.africa-press.net\/congo-brazzaville\/politique\/cooperation-le-congo-et-le-niger-entendent-raffermir-leurs-relations#breadcrumb\",\"itemListElement\":[{\"@type\":\"ListItem\",\"position\":1,\"name\":\"Accueil\",\"item\":\"https:\/\/www.africa-press.net\/congo-brazzaville\/\"},{\"@type\":\"ListItem\",\"position\":2,\"name\":\"Coop\u00e9ration : le Congo et le Niger entendent raffermir leurs relations\"}]},{\"@type\":\"WebSite\",\"@id\":\"https:\/\/www.africa-press.net\/congo-brazzaville\/#website\",\"url\":\"https:\/\/www.africa-press.net\/congo-brazzaville\/\",\"name\":\"Congo Brazzaville\",\"description\":\"Just another Africa News Agency Sites site\",\"potentialAction\":[{\"@type\":\"SearchAction\",\"target\":{\"@type\":\"EntryPoint\",\"urlTemplate\":\"https:\/\/www.africa-press.net\/congo-brazzaville\/?s={search_term_string}\"},\"query-input\":{\"@type\":\"PropertyValueSpecification\",\"valueRequired\":true,\"valueName\":\"search_term_string\"}}],\"inLanguage\":\"fr-FR\"},{\"@type\":\"Person\",\"@id\":\"https:\/\/www.africa-press.net\/congo-brazzaville\/#\/schema\/person\/2b1cf3cd81a31e3cd26889ca66d677f1\",\"name\":\"cfeditorfr\"}]}<\/script>\n<!-- \/ Yoast SEO Premium plugin. -->","yoast_head_json":{"title":"Coop\u00e9ration : le Congo et le Niger entendent raffermir leurs relations - Congo Brazzaville","description":"Les pre\u0301sidents Denis Sassou N\u2019Guesso du Congo et Mohamed Bazoum du Niger ont demande\u0301, le 22 fe\u0301vrier a\u0300 Brazzaville ...","robots":{"index":"index","follow":"follow","max-snippet":"max-snippet:-1","max-image-preview":"max-image-preview:large","max-video-preview":"max-video-preview:-1"},"canonical":"https:\/\/www.africa-press.net\/congo-brazzaville\/politique\/cooperation-le-congo-et-le-niger-entendent-raffermir-leurs-relations","og_locale":"fr_FR","og_type":"article","og_title":"Coop\u00e9ration : le Congo et le Niger entendent raffermir leurs relations","og_description":"Les pre\u0301sidents Denis Sassou N\u2019Guesso du Congo et Mohamed Bazoum du Niger ont demande\u0301, le 22 fe\u0301vrier a\u0300 Brazzaville ...","og_url":"https:\/\/www.africa-press.net\/congo-brazzaville\/politique\/cooperation-le-congo-et-le-niger-entendent-raffermir-leurs-relations","og_site_name":"Congo Brazzaville","article_published_time":"2023-02-22T20:03:53+00:00","article_modified_time":"2023-02-22T20:29:13+00:00","og_image":[{"width":1080,"height":720,"url":"https:\/\/static.africa-press.net\/congo-brazzaville\/sites\/51\/2023\/02\/postQueueImg_1677083644.52.jpg","type":"image\/jpeg"}],"author":"cfeditorfr","twitter_card":"summary_large_image","twitter_misc":{"\u00c9crit par":"cfeditorfr","Dur\u00e9e de lecture estim\u00e9e":"2 minutes"},"schema":{"@context":"https:\/\/schema.org","@graph":[{"@type":"Article","@id":"https:\/\/www.africa-press.net\/congo-brazzaville\/politique\/cooperation-le-congo-et-le-niger-entendent-raffermir-leurs-relations#article","isPartOf":{"@id":"https:\/\/www.africa-press.net\/congo-brazzaville\/politique\/cooperation-le-congo-et-le-niger-entendent-raffermir-leurs-relations"},"author":{"name":"cfeditorfr","@id":"https:\/\/www.africa-press.net\/congo-brazzaville\/#\/schema\/person\/2b1cf3cd81a31e3cd26889ca66d677f1"},"headline":"Coop\u00e9ration : le Congo et le Niger entendent raffermir leurs relations","datePublished":"2023-02-22T20:03:53+00:00","dateModified":"2023-02-22T20:29:13+00:00","mainEntityOfPage":{"@id":"https:\/\/www.africa-press.net\/congo-brazzaville\/politique\/cooperation-le-congo-et-le-niger-entendent-raffermir-leurs-relations"},"wordCount":354,"commentCount":0,"image":{"@id":"https:\/\/www.africa-press.net\/congo-brazzaville\/politique\/cooperation-le-congo-et-le-niger-entendent-raffermir-leurs-relations#primaryimage"},"thumbnailUrl":"https:\/\/static.africa-press.net\/congo-brazzaville\/sites\/51\/2023\/02\/postQueueImg_1677083644.52.jpg","keywords":["Africa Press","Africa Press-Congo Brazzaville","Congo Brazzaville"],"articleSection":["Politique","Toutes les actualit\u00e9s"],"inLanguage":"fr-FR","potentialAction":[{"@type":"CommentAction","name":"Comment","target":["https:\/\/www.africa-press.net\/congo-brazzaville\/politique\/cooperation-le-congo-et-le-niger-entendent-raffermir-leurs-relations#respond"]}]},{"@type":"WebPage","@id":"https:\/\/www.africa-press.net\/congo-brazzaville\/politique\/cooperation-le-congo-et-le-niger-entendent-raffermir-leurs-relations","url":"https:\/\/www.africa-press.net\/congo-brazzaville\/politique\/cooperation-le-congo-et-le-niger-entendent-raffermir-leurs-relations","name":"Coop\u00e9ration : le Congo et le Niger entendent raffermir leurs relations - Congo Brazzaville","isPartOf":{"@id":"https:\/\/www.africa-press.net\/congo-brazzaville\/#website"},"primaryImageOfPage":{"@id":"https:\/\/www.africa-press.net\/congo-brazzaville\/politique\/cooperation-le-congo-et-le-niger-entendent-raffermir-leurs-relations#primaryimage"},"image":{"@id":"https:\/\/www.africa-press.net\/congo-brazzaville\/politique\/cooperation-le-congo-et-le-niger-entendent-raffermir-leurs-relations#primaryimage"},"thumbnailUrl":"https:\/\/static.africa-press.net\/congo-brazzaville\/sites\/51\/2023\/02\/postQueueImg_1677083644.52.jpg","datePublished":"2023-02-22T20:03:53+00:00","dateModified":"2023-02-22T20:29:13+00:00","author":{"@id":"https:\/\/www.africa-press.net\/congo-brazzaville\/#\/schema\/person\/2b1cf3cd81a31e3cd26889ca66d677f1"},"description":"Les pre\u0301sidents Denis Sassou N\u2019Guesso du Congo et Mohamed Bazoum du Niger ont demande\u0301, le 22 fe\u0301vrier a\u0300 Brazzaville ...","breadcrumb":{"@id":"https:\/\/www.africa-press.net\/congo-brazzaville\/politique\/cooperation-le-congo-et-le-niger-entendent-raffermir-leurs-relations#breadcrumb"},"inLanguage":"fr-FR","potentialAction":[{"@type":"ReadAction","target":["https:\/\/www.africa-press.net\/congo-brazzaville\/politique\/cooperation-le-congo-et-le-niger-entendent-raffermir-leurs-relations"]}]},{"@type":"ImageObject","inLanguage":"fr-FR","@id":"https:\/\/www.africa-press.net\/congo-brazzaville\/politique\/cooperation-le-congo-et-le-niger-entendent-raffermir-leurs-relations#primaryimage","url":"https:\/\/static.africa-press.net\/congo-brazzaville\/sites\/51\/2023\/02\/postQueueImg_1677083644.52.jpg","contentUrl":"https:\/\/static.africa-press.net\/congo-brazzaville\/sites\/51\/2023\/02\/postQueueImg_1677083644.52.jpg","width":1080,"height":720,"caption":"Coop\u00e9ration : le Congo et le Niger entendent raffermir leurs relations"},{"@type":"BreadcrumbList","@id":"https:\/\/www.africa-press.net\/congo-brazzaville\/politique\/cooperation-le-congo-et-le-niger-entendent-raffermir-leurs-relations#breadcrumb","itemListElement":[{"@type":"ListItem","position":1,"name":"Accueil","item":"https:\/\/www.africa-press.net\/congo-brazzaville\/"},{"@type":"ListItem","position":2,"name":"Coop\u00e9ration : le Congo et le Niger entendent raffermir leurs relations"}]},{"@type":"WebSite","@id":"https:\/\/www.africa-press.net\/congo-brazzaville\/#website","url":"https:\/\/www.africa-press.net\/congo-brazzaville\/","name":"Congo Brazzaville","description":"Just another Africa News Agency Sites site","potentialAction":[{"@type":"SearchAction","target":{"@type":"EntryPoint","urlTemplate":"https:\/\/www.africa-press.net\/congo-brazzaville\/?s={search_term_string}"},"query-input":{"@type":"PropertyValueSpecification","valueRequired":true,"valueName":"search_term_string"}}],"inLanguage":"fr-FR"},{"@type":"Person","@id":"https:\/\/www.africa-press.net\/congo-brazzaville\/#\/schema\/person\/2b1cf3cd81a31e3cd26889ca66d677f1","name":"cfeditorfr"}]}},"_links":{"self":[{"href":"https:\/\/www.africa-press.net\/congo-brazzaville\/wp-json\/wp\/v2\/posts\/14774","targetHints":{"allow":["GET"]}}],"collection":[{"href":"https:\/\/www.africa-press.net\/congo-brazzaville\/wp-json\/wp\/v2\/posts"}],"about":[{"href":"https:\/\/www.africa-press.net\/congo-brazzaville\/wp-json\/wp\/v2\/types\/post"}],"author":[{"embeddable":true,"href":"https:\/\/www.africa-press.net\/congo-brazzaville\/wp-json\/wp\/v2\/users\/82"}],"replies":[{"embeddable":true,"href":"https:\/\/www.africa-press.net\/congo-brazzaville\/wp-json\/wp\/v2\/comments?post=14774"}],"version-history":[{"count":0,"href":"https:\/\/www.africa-press.net\/congo-brazzaville\/wp-json\/wp\/v2\/posts\/14774\/revisions"}],"wp:featuredmedia":[{"embeddable":true,"href":"https:\/\/www.africa-press.net\/congo-brazzaville\/wp-json\/wp\/v2\/media\/14773"}],"wp:attachment":[{"href":"https:\/\/www.africa-press.net\/congo-brazzaville\/wp-json\/wp\/v2\/media?parent=14774"}],"wp:term":[{"taxonomy":"category","embeddable":true,"href":"https:\/\/www.africa-press.net\/congo-brazzaville\/wp-json\/wp\/v2\/categories?post=14774"},{"taxonomy":"post_tag","embeddable":true,"href":"https:\/\/www.africa-press.net\/congo-brazzaville\/wp-json\/wp\/v2\/tags?post=14774"}],"curies":[{"name":"wp","href":"https:\/\/api.w.org\/{rel}","templated":true}]}}