{"id":14776,"date":"2023-02-22T20:04:08","date_gmt":"2023-02-22T20:04:08","guid":{"rendered":"https:\/\/www.africa-press.net\/congo-brazzaville\/politique\/lutte-contre-la-traite-des-enfants-les-acteurs-impliques-renforcent-leurs-capacites"},"modified":"2023-02-22T20:29:28","modified_gmt":"2023-02-22T20:29:28","slug":"lutte-contre-la-traite-des-enfants-les-acteurs-impliques-renforcent-leurs-capacites","status":"publish","type":"post","link":"https:\/\/www.africa-press.net\/congo-brazzaville\/toutes-les-actualites\/lutte-contre-la-traite-des-enfants-les-acteurs-impliques-renforcent-leurs-capacites","title":{"rendered":"Lutte contre la traite des enfants : les acteurs impliqu\u00e9s renforcent leurs capacit\u00e9s"},"content":{"rendered":"<p><span style=\"color: #ff6600\"><strong>Africa-Press &#8211; Congo Brazzaville. <\/strong><\/span><b>Une session de formation des agents sociaux des circonscriptions d\u2019action sociale (CAS), de police, de gendarmerie et des chefs de quartier aux techniques d\u2019identification, de de\u0301pistage et de prise en charge des enfants victimes de traite (EVT) a eu lieu, le 21 fe\u0301vrier, au sie\u0300ge de la CAS de l&rsquo;arrondissement 2, Mvou Mvou, sur l\u2019initiative de la coordination locale du projet de lutte contre la traite des enfants. <\/b><\/p>\n<p>Afin d\u2019e\u0301radiquer la traite des enfants, la session a e\u0301te\u0301 initie\u0301e pour permettre aux acteurs implique\u0301s dans la lutte de s\u2019approprier les techniques et me\u0301thodes d\u2019identification, de de\u0301pistage et de prise en charge des victimes de traite. Aussi sont-ils appele\u0301s a\u0300 de\u0301noncer les cas de traite et de savoir les repe\u0301rer. Ils doivent e\u0302tre capables e\u0301galement de distinguer les cas de traite et de maltraitance et s\u2019impliquer dans les enque\u0302tes sociales et e\u0301coutes des EVT.<\/p>\n<p>Apre\u0300s l&rsquo;ouverture de la session par Ze\u0301phirin Kouali, chef de bureau famille a\u0300 la direction de\u0301partementale des Affaiares sociales, re\u0301pre\u0301sentant la directrice de\u0301partementale, Laure Bandoki Nzoumba, chef de projet de lutte contre la traite des enfants, a pre\u0301sente\u0301 les objectifs ge\u0301ne\u0301raux de la formation . Ainsi, plusieurs communications ont e\u0301te\u0301 faites, notamment sur la traite des enfants : de\u0301finition, organisation, actes constitutifs et finalite\u0301s, la pre\u0301sentation de la loi 004 \/2010 portant protection de l\u2019enfant en Re\u0301publique du Congo, les techniques et me\u0301thodes d\u2019identification des enfants victimes de traite, le de\u0301pistage : le ro\u0302le et la place des services de police et de la gendarmerie dans le de\u0301pistage des enfants victimes de traite, la prise en charge des enfants victimes de traite.<\/p>\n<p>Signalons que le phe\u0301nome\u0300ne de la traite des personnes, en particulier des femmes et des enfants, est une pre\u0301occupation du gouvernement du Congo. La traite des enfants de\u0301signe le recrutement, le transport, le transfert, l\u2019accueil ou l\u2019he\u0301bergement d\u2019un enfant aux fins d\u2019exploitation quels que soient les moyens utilise\u0301s a\u0300 cet effet. Elle est peu connue et son identification loin d\u2019e\u0302tre perceptible dans le milieu ou\u0300 elle se\u0301vit. Elle est assimile\u0301e tanto\u0302t au confiage, tout comme l\u2019exploitation et le traitement cruel des victimes lie\u0301s a\u0300 une forme d\u2019e\u0301ducation.<\/p>\n<p>Depuis 2009, des enfants victimes de traite ont e\u0301te\u0301 identifie\u0301s, de\u0301piste\u0301s et pris en charge par le projet gra\u0302ce aux aux efforts conjugue\u0301s des acteurs de l\u2019administration publique, prive\u0301e et de la socie\u0301te\u0301 civile. Cependant, nombre d\u2019enfants continuent a\u0300 e\u0302tre victimes de traite dans l\u2019anonymat dans les diffe\u0301rents quartiers de Pointe-Noire et Brazzaville en particulier et dans les autres villes du Congo en ge\u0301ne\u0301ral.<\/p>\n<p><strong>Pour plus d&rsquo;informations et d&rsquo;analyses sur la <a href=\"https:\/\/www.africa-press.net\/congo-brazzaville\">Congo Brazzaville<\/a>, suivez <a href=\"https:\/\/www.africa-press.net\/\">Africa-Press<\/a><\/strong><\/p>\n","protected":false},"excerpt":{"rendered":"<p>Africa-Press &#8211; Congo Brazzaville. Une session de formation des agents sociaux des circonscriptions d\u2019action sociale (CAS), de police, de gendarmerie et des chefs de quartier aux techniques d\u2019identification, de de\u0301pistage et de prise en charge des enfants victimes de traite (EVT) a eu lieu, le 21 fe\u0301vrier, au sie\u0300ge de la CAS de l&rsquo;arrondissement 2, [&hellip;]<\/p>\n","protected":false},"author":82,"featured_media":14775,"comment_status":"open","ping_status":"closed","sticky":false,"template":"","format":"standard","meta":{"footnotes":""},"categories":[21,10],"tags":[36,47,46],"class_list":["post-14776","post","type-post","status-publish","format-standard","has-post-thumbnail","hentry","category-communaute","category-toutes-les-actualites","tag-africa-press","tag-africa-press-congo-brazzaville","tag-congo-brazzaville"],"yoast_head":"<!-- This site is optimized with the Yoast SEO Premium plugin v26.1 (Yoast SEO v27.0) - https:\/\/yoast.com\/product\/yoast-seo-premium-wordpress\/ -->\n<title>Lutte contre la traite des enfants : les acteurs impliqu\u00e9s renforcent leurs capacit\u00e9s - Congo Brazzaville<\/title>\n<meta name=\"description\" content=\"Une session de formation des agents sociaux des circonscriptions d\u2019action sociale (CAS), de police, de gendarmerie et ...\" \/>\n<meta name=\"robots\" content=\"index, follow, max-snippet:-1, max-image-preview:large, max-video-preview:-1\" \/>\n<link rel=\"canonical\" href=\"https:\/\/www.africa-press.net\/congo-brazzaville\/toutes-les-actualites\/lutte-contre-la-traite-des-enfants-les-acteurs-impliques-renforcent-leurs-capacites\" \/>\n<meta property=\"og:locale\" content=\"fr_FR\" \/>\n<meta property=\"og:type\" content=\"article\" \/>\n<meta property=\"og:title\" content=\"Lutte contre la traite des enfants : les acteurs impliqu\u00e9s renforcent leurs capacit\u00e9s\" \/>\n<meta property=\"og:description\" content=\"Une session de formation des agents sociaux des circonscriptions d\u2019action sociale (CAS), de police, de gendarmerie et ...\" \/>\n<meta property=\"og:url\" content=\"https:\/\/www.africa-press.net\/congo-brazzaville\/toutes-les-actualites\/lutte-contre-la-traite-des-enfants-les-acteurs-impliques-renforcent-leurs-capacites\" \/>\n<meta property=\"og:site_name\" content=\"Congo Brazzaville\" \/>\n<meta property=\"article:published_time\" content=\"2023-02-22T20:04:08+00:00\" \/>\n<meta property=\"article:modified_time\" content=\"2023-02-22T20:29:28+00:00\" \/>\n<meta property=\"og:image\" content=\"https:\/\/static.africa-press.net\/congo-brazzaville\/sites\/51\/2023\/02\/postQueueImg_1677083676.31.jpg\" \/>\n\t<meta property=\"og:image:width\" content=\"1024\" \/>\n\t<meta property=\"og:image:height\" content=\"768\" \/>\n\t<meta property=\"og:image:type\" content=\"image\/jpeg\" \/>\n<meta name=\"author\" content=\"cfeditorfr\" \/>\n<meta name=\"twitter:card\" content=\"summary_large_image\" \/>\n<meta name=\"twitter:label1\" content=\"\u00c9crit par\" \/>\n\t<meta name=\"twitter:data1\" content=\"cfeditorfr\" \/>\n\t<meta name=\"twitter:label2\" content=\"Dur\u00e9e de lecture estim\u00e9e\" \/>\n\t<meta name=\"twitter:data2\" content=\"3 minutes\" \/>\n<script type=\"application\/ld+json\" class=\"yoast-schema-graph\">{\"@context\":\"https:\/\/schema.org\",\"@graph\":[{\"@type\":\"Article\",\"@id\":\"https:\/\/www.africa-press.net\/congo-brazzaville\/toutes-les-actualites\/lutte-contre-la-traite-des-enfants-les-acteurs-impliques-renforcent-leurs-capacites#article\",\"isPartOf\":{\"@id\":\"https:\/\/www.africa-press.net\/congo-brazzaville\/toutes-les-actualites\/lutte-contre-la-traite-des-enfants-les-acteurs-impliques-renforcent-leurs-capacites\"},\"author\":{\"name\":\"cfeditorfr\",\"@id\":\"https:\/\/www.africa-press.net\/congo-brazzaville\/#\/schema\/person\/2b1cf3cd81a31e3cd26889ca66d677f1\"},\"headline\":\"Lutte contre la traite des enfants : les acteurs impliqu\u00e9s renforcent leurs capacit\u00e9s\",\"datePublished\":\"2023-02-22T20:04:08+00:00\",\"dateModified\":\"2023-02-22T20:29:28+00:00\",\"mainEntityOfPage\":{\"@id\":\"https:\/\/www.africa-press.net\/congo-brazzaville\/toutes-les-actualites\/lutte-contre-la-traite-des-enfants-les-acteurs-impliques-renforcent-leurs-capacites\"},\"wordCount\":518,\"commentCount\":0,\"image\":{\"@id\":\"https:\/\/www.africa-press.net\/congo-brazzaville\/toutes-les-actualites\/lutte-contre-la-traite-des-enfants-les-acteurs-impliques-renforcent-leurs-capacites#primaryimage\"},\"thumbnailUrl\":\"https:\/\/static.africa-press.net\/congo-brazzaville\/sites\/51\/2023\/02\/postQueueImg_1677083676.31.jpg\",\"keywords\":[\"Africa Press\",\"Africa Press-Congo Brazzaville\",\"Congo Brazzaville\"],\"articleSection\":[\"Communaut\u00e9\",\"Toutes les actualit\u00e9s\"],\"inLanguage\":\"fr-FR\",\"potentialAction\":[{\"@type\":\"CommentAction\",\"name\":\"Comment\",\"target\":[\"https:\/\/www.africa-press.net\/congo-brazzaville\/toutes-les-actualites\/lutte-contre-la-traite-des-enfants-les-acteurs-impliques-renforcent-leurs-capacites#respond\"]}]},{\"@type\":\"WebPage\",\"@id\":\"https:\/\/www.africa-press.net\/congo-brazzaville\/toutes-les-actualites\/lutte-contre-la-traite-des-enfants-les-acteurs-impliques-renforcent-leurs-capacites\",\"url\":\"https:\/\/www.africa-press.net\/congo-brazzaville\/toutes-les-actualites\/lutte-contre-la-traite-des-enfants-les-acteurs-impliques-renforcent-leurs-capacites\",\"name\":\"Lutte contre la traite des enfants : les acteurs impliqu\u00e9s renforcent leurs capacit\u00e9s - Congo Brazzaville\",\"isPartOf\":{\"@id\":\"https:\/\/www.africa-press.net\/congo-brazzaville\/#website\"},\"primaryImageOfPage\":{\"@id\":\"https:\/\/www.africa-press.net\/congo-brazzaville\/toutes-les-actualites\/lutte-contre-la-traite-des-enfants-les-acteurs-impliques-renforcent-leurs-capacites#primaryimage\"},\"image\":{\"@id\":\"https:\/\/www.africa-press.net\/congo-brazzaville\/toutes-les-actualites\/lutte-contre-la-traite-des-enfants-les-acteurs-impliques-renforcent-leurs-capacites#primaryimage\"},\"thumbnailUrl\":\"https:\/\/static.africa-press.net\/congo-brazzaville\/sites\/51\/2023\/02\/postQueueImg_1677083676.31.jpg\",\"datePublished\":\"2023-02-22T20:04:08+00:00\",\"dateModified\":\"2023-02-22T20:29:28+00:00\",\"author\":{\"@id\":\"https:\/\/www.africa-press.net\/congo-brazzaville\/#\/schema\/person\/2b1cf3cd81a31e3cd26889ca66d677f1\"},\"description\":\"Une session de formation des agents sociaux des circonscriptions d\u2019action sociale (CAS), de police, de gendarmerie et ...\",\"breadcrumb\":{\"@id\":\"https:\/\/www.africa-press.net\/congo-brazzaville\/toutes-les-actualites\/lutte-contre-la-traite-des-enfants-les-acteurs-impliques-renforcent-leurs-capacites#breadcrumb\"},\"inLanguage\":\"fr-FR\",\"potentialAction\":[{\"@type\":\"ReadAction\",\"target\":[\"https:\/\/www.africa-press.net\/congo-brazzaville\/toutes-les-actualites\/lutte-contre-la-traite-des-enfants-les-acteurs-impliques-renforcent-leurs-capacites\"]}]},{\"@type\":\"ImageObject\",\"inLanguage\":\"fr-FR\",\"@id\":\"https:\/\/www.africa-press.net\/congo-brazzaville\/toutes-les-actualites\/lutte-contre-la-traite-des-enfants-les-acteurs-impliques-renforcent-leurs-capacites#primaryimage\",\"url\":\"https:\/\/static.africa-press.net\/congo-brazzaville\/sites\/51\/2023\/02\/postQueueImg_1677083676.31.jpg\",\"contentUrl\":\"https:\/\/static.africa-press.net\/congo-brazzaville\/sites\/51\/2023\/02\/postQueueImg_1677083676.31.jpg\",\"width\":1024,\"height\":768,\"caption\":\"Lutte contre la traite des enfants : les acteurs impliqu\u00e9s renforcent leurs capacit\u00e9s\"},{\"@type\":\"BreadcrumbList\",\"@id\":\"https:\/\/www.africa-press.net\/congo-brazzaville\/toutes-les-actualites\/lutte-contre-la-traite-des-enfants-les-acteurs-impliques-renforcent-leurs-capacites#breadcrumb\",\"itemListElement\":[{\"@type\":\"ListItem\",\"position\":1,\"name\":\"Accueil\",\"item\":\"https:\/\/www.africa-press.net\/congo-brazzaville\/\"},{\"@type\":\"ListItem\",\"position\":2,\"name\":\"Lutte contre la traite des enfants : les acteurs impliqu\u00e9s renforcent leurs capacit\u00e9s\"}]},{\"@type\":\"WebSite\",\"@id\":\"https:\/\/www.africa-press.net\/congo-brazzaville\/#website\",\"url\":\"https:\/\/www.africa-press.net\/congo-brazzaville\/\",\"name\":\"Congo Brazzaville\",\"description\":\"Just another Africa News Agency Sites site\",\"potentialAction\":[{\"@type\":\"SearchAction\",\"target\":{\"@type\":\"EntryPoint\",\"urlTemplate\":\"https:\/\/www.africa-press.net\/congo-brazzaville\/?s={search_term_string}\"},\"query-input\":{\"@type\":\"PropertyValueSpecification\",\"valueRequired\":true,\"valueName\":\"search_term_string\"}}],\"inLanguage\":\"fr-FR\"},{\"@type\":\"Person\",\"@id\":\"https:\/\/www.africa-press.net\/congo-brazzaville\/#\/schema\/person\/2b1cf3cd81a31e3cd26889ca66d677f1\",\"name\":\"cfeditorfr\"}]}<\/script>\n<!-- \/ Yoast SEO Premium plugin. -->","yoast_head_json":{"title":"Lutte contre la traite des enfants : les acteurs impliqu\u00e9s renforcent leurs capacit\u00e9s - Congo Brazzaville","description":"Une session de formation des agents sociaux des circonscriptions d\u2019action sociale (CAS), de police, de gendarmerie et ...","robots":{"index":"index","follow":"follow","max-snippet":"max-snippet:-1","max-image-preview":"max-image-preview:large","max-video-preview":"max-video-preview:-1"},"canonical":"https:\/\/www.africa-press.net\/congo-brazzaville\/toutes-les-actualites\/lutte-contre-la-traite-des-enfants-les-acteurs-impliques-renforcent-leurs-capacites","og_locale":"fr_FR","og_type":"article","og_title":"Lutte contre la traite des enfants : les acteurs impliqu\u00e9s renforcent leurs capacit\u00e9s","og_description":"Une session de formation des agents sociaux des circonscriptions d\u2019action sociale (CAS), de police, de gendarmerie et ...","og_url":"https:\/\/www.africa-press.net\/congo-brazzaville\/toutes-les-actualites\/lutte-contre-la-traite-des-enfants-les-acteurs-impliques-renforcent-leurs-capacites","og_site_name":"Congo Brazzaville","article_published_time":"2023-02-22T20:04:08+00:00","article_modified_time":"2023-02-22T20:29:28+00:00","og_image":[{"width":1024,"height":768,"url":"https:\/\/static.africa-press.net\/congo-brazzaville\/sites\/51\/2023\/02\/postQueueImg_1677083676.31.jpg","type":"image\/jpeg"}],"author":"cfeditorfr","twitter_card":"summary_large_image","twitter_misc":{"\u00c9crit par":"cfeditorfr","Dur\u00e9e de lecture estim\u00e9e":"3 minutes"},"schema":{"@context":"https:\/\/schema.org","@graph":[{"@type":"Article","@id":"https:\/\/www.africa-press.net\/congo-brazzaville\/toutes-les-actualites\/lutte-contre-la-traite-des-enfants-les-acteurs-impliques-renforcent-leurs-capacites#article","isPartOf":{"@id":"https:\/\/www.africa-press.net\/congo-brazzaville\/toutes-les-actualites\/lutte-contre-la-traite-des-enfants-les-acteurs-impliques-renforcent-leurs-capacites"},"author":{"name":"cfeditorfr","@id":"https:\/\/www.africa-press.net\/congo-brazzaville\/#\/schema\/person\/2b1cf3cd81a31e3cd26889ca66d677f1"},"headline":"Lutte contre la traite des enfants : les acteurs impliqu\u00e9s renforcent leurs capacit\u00e9s","datePublished":"2023-02-22T20:04:08+00:00","dateModified":"2023-02-22T20:29:28+00:00","mainEntityOfPage":{"@id":"https:\/\/www.africa-press.net\/congo-brazzaville\/toutes-les-actualites\/lutte-contre-la-traite-des-enfants-les-acteurs-impliques-renforcent-leurs-capacites"},"wordCount":518,"commentCount":0,"image":{"@id":"https:\/\/www.africa-press.net\/congo-brazzaville\/toutes-les-actualites\/lutte-contre-la-traite-des-enfants-les-acteurs-impliques-renforcent-leurs-capacites#primaryimage"},"thumbnailUrl":"https:\/\/static.africa-press.net\/congo-brazzaville\/sites\/51\/2023\/02\/postQueueImg_1677083676.31.jpg","keywords":["Africa Press","Africa Press-Congo Brazzaville","Congo Brazzaville"],"articleSection":["Communaut\u00e9","Toutes les actualit\u00e9s"],"inLanguage":"fr-FR","potentialAction":[{"@type":"CommentAction","name":"Comment","target":["https:\/\/www.africa-press.net\/congo-brazzaville\/toutes-les-actualites\/lutte-contre-la-traite-des-enfants-les-acteurs-impliques-renforcent-leurs-capacites#respond"]}]},{"@type":"WebPage","@id":"https:\/\/www.africa-press.net\/congo-brazzaville\/toutes-les-actualites\/lutte-contre-la-traite-des-enfants-les-acteurs-impliques-renforcent-leurs-capacites","url":"https:\/\/www.africa-press.net\/congo-brazzaville\/toutes-les-actualites\/lutte-contre-la-traite-des-enfants-les-acteurs-impliques-renforcent-leurs-capacites","name":"Lutte contre la traite des enfants : les acteurs impliqu\u00e9s renforcent leurs capacit\u00e9s - Congo Brazzaville","isPartOf":{"@id":"https:\/\/www.africa-press.net\/congo-brazzaville\/#website"},"primaryImageOfPage":{"@id":"https:\/\/www.africa-press.net\/congo-brazzaville\/toutes-les-actualites\/lutte-contre-la-traite-des-enfants-les-acteurs-impliques-renforcent-leurs-capacites#primaryimage"},"image":{"@id":"https:\/\/www.africa-press.net\/congo-brazzaville\/toutes-les-actualites\/lutte-contre-la-traite-des-enfants-les-acteurs-impliques-renforcent-leurs-capacites#primaryimage"},"thumbnailUrl":"https:\/\/static.africa-press.net\/congo-brazzaville\/sites\/51\/2023\/02\/postQueueImg_1677083676.31.jpg","datePublished":"2023-02-22T20:04:08+00:00","dateModified":"2023-02-22T20:29:28+00:00","author":{"@id":"https:\/\/www.africa-press.net\/congo-brazzaville\/#\/schema\/person\/2b1cf3cd81a31e3cd26889ca66d677f1"},"description":"Une session de formation des agents sociaux des circonscriptions d\u2019action sociale (CAS), de police, de gendarmerie et ...","breadcrumb":{"@id":"https:\/\/www.africa-press.net\/congo-brazzaville\/toutes-les-actualites\/lutte-contre-la-traite-des-enfants-les-acteurs-impliques-renforcent-leurs-capacites#breadcrumb"},"inLanguage":"fr-FR","potentialAction":[{"@type":"ReadAction","target":["https:\/\/www.africa-press.net\/congo-brazzaville\/toutes-les-actualites\/lutte-contre-la-traite-des-enfants-les-acteurs-impliques-renforcent-leurs-capacites"]}]},{"@type":"ImageObject","inLanguage":"fr-FR","@id":"https:\/\/www.africa-press.net\/congo-brazzaville\/toutes-les-actualites\/lutte-contre-la-traite-des-enfants-les-acteurs-impliques-renforcent-leurs-capacites#primaryimage","url":"https:\/\/static.africa-press.net\/congo-brazzaville\/sites\/51\/2023\/02\/postQueueImg_1677083676.31.jpg","contentUrl":"https:\/\/static.africa-press.net\/congo-brazzaville\/sites\/51\/2023\/02\/postQueueImg_1677083676.31.jpg","width":1024,"height":768,"caption":"Lutte contre la traite des enfants : les acteurs impliqu\u00e9s renforcent leurs capacit\u00e9s"},{"@type":"BreadcrumbList","@id":"https:\/\/www.africa-press.net\/congo-brazzaville\/toutes-les-actualites\/lutte-contre-la-traite-des-enfants-les-acteurs-impliques-renforcent-leurs-capacites#breadcrumb","itemListElement":[{"@type":"ListItem","position":1,"name":"Accueil","item":"https:\/\/www.africa-press.net\/congo-brazzaville\/"},{"@type":"ListItem","position":2,"name":"Lutte contre la traite des enfants : les acteurs impliqu\u00e9s renforcent leurs capacit\u00e9s"}]},{"@type":"WebSite","@id":"https:\/\/www.africa-press.net\/congo-brazzaville\/#website","url":"https:\/\/www.africa-press.net\/congo-brazzaville\/","name":"Congo Brazzaville","description":"Just another Africa News Agency Sites site","potentialAction":[{"@type":"SearchAction","target":{"@type":"EntryPoint","urlTemplate":"https:\/\/www.africa-press.net\/congo-brazzaville\/?s={search_term_string}"},"query-input":{"@type":"PropertyValueSpecification","valueRequired":true,"valueName":"search_term_string"}}],"inLanguage":"fr-FR"},{"@type":"Person","@id":"https:\/\/www.africa-press.net\/congo-brazzaville\/#\/schema\/person\/2b1cf3cd81a31e3cd26889ca66d677f1","name":"cfeditorfr"}]}},"_links":{"self":[{"href":"https:\/\/www.africa-press.net\/congo-brazzaville\/wp-json\/wp\/v2\/posts\/14776","targetHints":{"allow":["GET"]}}],"collection":[{"href":"https:\/\/www.africa-press.net\/congo-brazzaville\/wp-json\/wp\/v2\/posts"}],"about":[{"href":"https:\/\/www.africa-press.net\/congo-brazzaville\/wp-json\/wp\/v2\/types\/post"}],"author":[{"embeddable":true,"href":"https:\/\/www.africa-press.net\/congo-brazzaville\/wp-json\/wp\/v2\/users\/82"}],"replies":[{"embeddable":true,"href":"https:\/\/www.africa-press.net\/congo-brazzaville\/wp-json\/wp\/v2\/comments?post=14776"}],"version-history":[{"count":0,"href":"https:\/\/www.africa-press.net\/congo-brazzaville\/wp-json\/wp\/v2\/posts\/14776\/revisions"}],"wp:featuredmedia":[{"embeddable":true,"href":"https:\/\/www.africa-press.net\/congo-brazzaville\/wp-json\/wp\/v2\/media\/14775"}],"wp:attachment":[{"href":"https:\/\/www.africa-press.net\/congo-brazzaville\/wp-json\/wp\/v2\/media?parent=14776"}],"wp:term":[{"taxonomy":"category","embeddable":true,"href":"https:\/\/www.africa-press.net\/congo-brazzaville\/wp-json\/wp\/v2\/categories?post=14776"},{"taxonomy":"post_tag","embeddable":true,"href":"https:\/\/www.africa-press.net\/congo-brazzaville\/wp-json\/wp\/v2\/tags?post=14776"}],"curies":[{"name":"wp","href":"https:\/\/api.w.org\/{rel}","templated":true}]}}