{"id":14778,"date":"2023-02-22T20:05:39","date_gmt":"2023-02-22T20:05:39","guid":{"rendered":"https:\/\/www.africa-press.net\/congo-brazzaville\/politique\/les-proprietaires-des-parcelles-proches-des-casernes-du-mont-barnier-sommes-de-deguerpir-dans-45-jours"},"modified":"2023-02-22T20:29:41","modified_gmt":"2023-02-22T20:29:41","slug":"les-proprietaires-des-parcelles-proches-des-casernes-du-mont-barnier-sommes-de-deguerpir-dans-45-jours","status":"publish","type":"post","link":"https:\/\/www.africa-press.net\/congo-brazzaville\/toutes-les-actualites\/les-proprietaires-des-parcelles-proches-des-casernes-du-mont-barnier-sommes-de-deguerpir-dans-45-jours","title":{"rendered":"les propri\u00e9taires des parcelles proches des casernes du mont barnier somm\u00e9s de d\u00e9guerpir dans 45 jours"},"content":{"rendered":"<p><span style=\"color: #ff6600\"><strong>Africa-Press &#8211; Congo Brazzaville. <\/strong><\/span><b>Le ministre d\u2019E\u0301tat, ministre des affaires foncie\u0300res du domaine public charge\u0301 des relations avec le parlement, Pierre Mabiala a le 21 fe\u0301vrier a\u0300 Brazzaville, demande\u0301 aux occupants des terrains a\u0300 moins de 400 me\u0300tres des casernes militaires mont Barnier, Mont Mambou et Ndouo A\u0300 Mfilou, 7e\u0300me arrondissement de Brazzaville de quitter ces lieux conce\u0301de\u0301s a\u0300 l\u2019E\u0301tat, dans un de\u0301lai de 45 jours.<\/b><\/p>\n<p>\u00ab Les terrains proches des casernes militaires Mont Barnier, Mont mambou et Ndouo ont e\u0301te\u0301 obtenus par l\u2019E\u0301tat au moyen d\u2019une expropriation, soit au moyen d\u2019un achat direct. Et Aujourd\u2019hui nous sommes venus vous remettre des notifications de mise en demeure pre\u0301alable au de\u0301guerpissement parce que cette spoliation du domaine public, met en danger non seulement les casernes de l\u2019arme\u0301e, mais aussi la population qui habite dans ces zones a\u0300 risques \u00bb, a fait savoir le ministre d\u2019E\u0301tat, ministre des Affaires foncie\u0300res du domaine public charge\u0301 des relations avec le parlement, Pierre Mabiala, lors de sa descente dans les diffe\u0301rentes casernes militaires.<\/p>\n<p>Cette notification de mise en demeure stipule que\u00ab l\u2019E\u0301tat congolais proprie\u0301taire des sites abritant les casernes militaires proce\u0300de aux dires de la loi, par le pre\u0301sent acte a\u0300 votre mise en demeure de quitter les lieux dans le de\u0301lai de 45 jours allant du 26 fe\u0301vrier au 6 Avril. Passe\u0301 ce de\u0301lai et si votre incivisme foncier et domanial persiste, la puissance publique proce\u0301dera imme\u0301diatement a\u0300 l\u2019exe\u0301cution de la proce\u0301dure de de\u0301guerpissement pre\u0301vue par les dispositions de l\u2019article 33 aline\u0301a 3 de la nume\u0301ro 21-2018 du 13 juin 2018, fixant des re\u0300gles d\u2019occupation et d\u2019acquisition des terres et terrains \u00bb, a dit le conseiller au cadastre du ministre d\u2019E\u0301tat, Pierre Mabiala, Saturnin Ngouma aux occupants.<\/p>\n<p>Certains acheteurs des terrains estiment que ce pre\u0301avis ne\u0301cessite l\u2019accompagnement du gouvernement. \u00ab Nous avons investi pour acheter et construire ces parcelles, nous allons partir parce que nul n\u2019est au-dessus de la loi, mais nous doutons que les proprie\u0301taires terriens remboursent notre argent. C\u2019est pourquoi nous sollicitons l\u2019aide du gouvernement pour re\u0301soudre cette situation \u00bb, a de\u0301clare\u0301 un proprie\u0301taire d\u2019un terrain dans la zone mont Barnier, Georges Loussala.<\/p>\n<p>Cette mesure a e\u0301te\u0301 prise par le gouvernement pour garantir la protection des personnes et des biens, afin de pre\u0301venir d\u2019e\u0301ventuels incidents. Le ministre d\u2019Etat a invite\u0301 les acheteurs a\u0300 trouver les proprie\u0301taires terriens pour la restitution de leur argent.<\/p>\n<p><strong>Pour plus d&rsquo;informations et d&rsquo;analyses sur la <a href=\"https:\/\/www.africa-press.net\/congo-brazzaville\">Congo Brazzaville<\/a>, suivez <a href=\"https:\/\/www.africa-press.net\/\">Africa-Press<\/a><\/strong><\/p>\n","protected":false},"excerpt":{"rendered":"<p>Africa-Press &#8211; Congo Brazzaville. Le ministre d\u2019E\u0301tat, ministre des affaires foncie\u0300res du domaine public charge\u0301 des relations avec le parlement, Pierre Mabiala a le 21 fe\u0301vrier a\u0300 Brazzaville, demande\u0301 aux occupants des terrains a\u0300 moins de 400 me\u0300tres des casernes militaires mont Barnier, Mont Mambou et Ndouo A\u0300 Mfilou, 7e\u0300me arrondissement de Brazzaville de quitter [&hellip;]<\/p>\n","protected":false},"author":82,"featured_media":14777,"comment_status":"open","ping_status":"closed","sticky":false,"template":"","format":"standard","meta":{"footnotes":""},"categories":[21,10],"tags":[36,47,46],"class_list":["post-14778","post","type-post","status-publish","format-standard","has-post-thumbnail","hentry","category-communaute","category-toutes-les-actualites","tag-africa-press","tag-africa-press-congo-brazzaville","tag-congo-brazzaville"],"yoast_head":"<!-- This site is optimized with the Yoast SEO Premium plugin v26.1 (Yoast SEO v27.0) - https:\/\/yoast.com\/product\/yoast-seo-premium-wordpress\/ -->\n<title>les propri\u00e9taires des parcelles proches des casernes du mont barnier somm\u00e9s de d\u00e9guerpir dans 45 jours - Congo Brazzaville<\/title>\n<meta name=\"description\" content=\"Le ministre d\u2019E\u0301tat, ministre des affaires foncie\u0300res du domaine public charge\u0301 des relations avec le parlement, Pier ...\" \/>\n<meta name=\"robots\" content=\"index, follow, max-snippet:-1, max-image-preview:large, max-video-preview:-1\" \/>\n<link rel=\"canonical\" href=\"https:\/\/www.africa-press.net\/congo-brazzaville\/toutes-les-actualites\/les-proprietaires-des-parcelles-proches-des-casernes-du-mont-barnier-sommes-de-deguerpir-dans-45-jours\" \/>\n<meta property=\"og:locale\" content=\"fr_FR\" \/>\n<meta property=\"og:type\" content=\"article\" \/>\n<meta property=\"og:title\" content=\"les propri\u00e9taires des parcelles proches des casernes du mont barnier somm\u00e9s de d\u00e9guerpir dans 45 jours\" \/>\n<meta property=\"og:description\" content=\"Le ministre d\u2019E\u0301tat, ministre des affaires foncie\u0300res du domaine public charge\u0301 des relations avec le parlement, Pier ...\" \/>\n<meta property=\"og:url\" content=\"https:\/\/www.africa-press.net\/congo-brazzaville\/toutes-les-actualites\/les-proprietaires-des-parcelles-proches-des-casernes-du-mont-barnier-sommes-de-deguerpir-dans-45-jours\" \/>\n<meta property=\"og:site_name\" content=\"Congo Brazzaville\" \/>\n<meta property=\"article:published_time\" content=\"2023-02-22T20:05:39+00:00\" \/>\n<meta property=\"article:modified_time\" content=\"2023-02-22T20:29:41+00:00\" \/>\n<meta property=\"og:image\" content=\"https:\/\/static.africa-press.net\/congo-brazzaville\/sites\/51\/2023\/02\/postQueueImg_1677083747.01.jpg\" \/>\n\t<meta property=\"og:image:width\" content=\"933\" \/>\n\t<meta property=\"og:image:height\" content=\"445\" \/>\n\t<meta property=\"og:image:type\" content=\"image\/jpeg\" \/>\n<meta name=\"author\" content=\"cfeditorfr\" \/>\n<meta name=\"twitter:card\" content=\"summary_large_image\" \/>\n<meta name=\"twitter:label1\" content=\"\u00c9crit par\" \/>\n\t<meta name=\"twitter:data1\" content=\"cfeditorfr\" \/>\n\t<meta name=\"twitter:label2\" content=\"Dur\u00e9e de lecture estim\u00e9e\" \/>\n\t<meta name=\"twitter:data2\" content=\"2 minutes\" \/>\n<script type=\"application\/ld+json\" class=\"yoast-schema-graph\">{\"@context\":\"https:\/\/schema.org\",\"@graph\":[{\"@type\":\"Article\",\"@id\":\"https:\/\/www.africa-press.net\/congo-brazzaville\/toutes-les-actualites\/les-proprietaires-des-parcelles-proches-des-casernes-du-mont-barnier-sommes-de-deguerpir-dans-45-jours#article\",\"isPartOf\":{\"@id\":\"https:\/\/www.africa-press.net\/congo-brazzaville\/toutes-les-actualites\/les-proprietaires-des-parcelles-proches-des-casernes-du-mont-barnier-sommes-de-deguerpir-dans-45-jours\"},\"author\":{\"name\":\"cfeditorfr\",\"@id\":\"https:\/\/www.africa-press.net\/congo-brazzaville\/#\/schema\/person\/2b1cf3cd81a31e3cd26889ca66d677f1\"},\"headline\":\"les propri\u00e9taires des parcelles proches des casernes du mont barnier somm\u00e9s de d\u00e9guerpir dans 45 jours\",\"datePublished\":\"2023-02-22T20:05:39+00:00\",\"dateModified\":\"2023-02-22T20:29:41+00:00\",\"mainEntityOfPage\":{\"@id\":\"https:\/\/www.africa-press.net\/congo-brazzaville\/toutes-les-actualites\/les-proprietaires-des-parcelles-proches-des-casernes-du-mont-barnier-sommes-de-deguerpir-dans-45-jours\"},\"wordCount\":472,\"commentCount\":0,\"image\":{\"@id\":\"https:\/\/www.africa-press.net\/congo-brazzaville\/toutes-les-actualites\/les-proprietaires-des-parcelles-proches-des-casernes-du-mont-barnier-sommes-de-deguerpir-dans-45-jours#primaryimage\"},\"thumbnailUrl\":\"https:\/\/static.africa-press.net\/congo-brazzaville\/sites\/51\/2023\/02\/postQueueImg_1677083747.01.jpg\",\"keywords\":[\"Africa Press\",\"Africa Press-Congo Brazzaville\",\"Congo Brazzaville\"],\"articleSection\":[\"Communaut\u00e9\",\"Toutes les actualit\u00e9s\"],\"inLanguage\":\"fr-FR\",\"potentialAction\":[{\"@type\":\"CommentAction\",\"name\":\"Comment\",\"target\":[\"https:\/\/www.africa-press.net\/congo-brazzaville\/toutes-les-actualites\/les-proprietaires-des-parcelles-proches-des-casernes-du-mont-barnier-sommes-de-deguerpir-dans-45-jours#respond\"]}]},{\"@type\":\"WebPage\",\"@id\":\"https:\/\/www.africa-press.net\/congo-brazzaville\/toutes-les-actualites\/les-proprietaires-des-parcelles-proches-des-casernes-du-mont-barnier-sommes-de-deguerpir-dans-45-jours\",\"url\":\"https:\/\/www.africa-press.net\/congo-brazzaville\/toutes-les-actualites\/les-proprietaires-des-parcelles-proches-des-casernes-du-mont-barnier-sommes-de-deguerpir-dans-45-jours\",\"name\":\"les propri\u00e9taires des parcelles proches des casernes du mont barnier somm\u00e9s de d\u00e9guerpir dans 45 jours - Congo Brazzaville\",\"isPartOf\":{\"@id\":\"https:\/\/www.africa-press.net\/congo-brazzaville\/#website\"},\"primaryImageOfPage\":{\"@id\":\"https:\/\/www.africa-press.net\/congo-brazzaville\/toutes-les-actualites\/les-proprietaires-des-parcelles-proches-des-casernes-du-mont-barnier-sommes-de-deguerpir-dans-45-jours#primaryimage\"},\"image\":{\"@id\":\"https:\/\/www.africa-press.net\/congo-brazzaville\/toutes-les-actualites\/les-proprietaires-des-parcelles-proches-des-casernes-du-mont-barnier-sommes-de-deguerpir-dans-45-jours#primaryimage\"},\"thumbnailUrl\":\"https:\/\/static.africa-press.net\/congo-brazzaville\/sites\/51\/2023\/02\/postQueueImg_1677083747.01.jpg\",\"datePublished\":\"2023-02-22T20:05:39+00:00\",\"dateModified\":\"2023-02-22T20:29:41+00:00\",\"author\":{\"@id\":\"https:\/\/www.africa-press.net\/congo-brazzaville\/#\/schema\/person\/2b1cf3cd81a31e3cd26889ca66d677f1\"},\"description\":\"Le ministre d\u2019E\u0301tat, ministre des affaires foncie\u0300res du domaine public charge\u0301 des relations avec le parlement, Pier ...\",\"breadcrumb\":{\"@id\":\"https:\/\/www.africa-press.net\/congo-brazzaville\/toutes-les-actualites\/les-proprietaires-des-parcelles-proches-des-casernes-du-mont-barnier-sommes-de-deguerpir-dans-45-jours#breadcrumb\"},\"inLanguage\":\"fr-FR\",\"potentialAction\":[{\"@type\":\"ReadAction\",\"target\":[\"https:\/\/www.africa-press.net\/congo-brazzaville\/toutes-les-actualites\/les-proprietaires-des-parcelles-proches-des-casernes-du-mont-barnier-sommes-de-deguerpir-dans-45-jours\"]}]},{\"@type\":\"ImageObject\",\"inLanguage\":\"fr-FR\",\"@id\":\"https:\/\/www.africa-press.net\/congo-brazzaville\/toutes-les-actualites\/les-proprietaires-des-parcelles-proches-des-casernes-du-mont-barnier-sommes-de-deguerpir-dans-45-jours#primaryimage\",\"url\":\"https:\/\/static.africa-press.net\/congo-brazzaville\/sites\/51\/2023\/02\/postQueueImg_1677083747.01.jpg\",\"contentUrl\":\"https:\/\/static.africa-press.net\/congo-brazzaville\/sites\/51\/2023\/02\/postQueueImg_1677083747.01.jpg\",\"width\":933,\"height\":445,\"caption\":\"les propri\u00e9taires des parcelles proches des casernes du mont barnier somm\u00e9s de d\u00e9guerpir dans 45 jours\"},{\"@type\":\"BreadcrumbList\",\"@id\":\"https:\/\/www.africa-press.net\/congo-brazzaville\/toutes-les-actualites\/les-proprietaires-des-parcelles-proches-des-casernes-du-mont-barnier-sommes-de-deguerpir-dans-45-jours#breadcrumb\",\"itemListElement\":[{\"@type\":\"ListItem\",\"position\":1,\"name\":\"Accueil\",\"item\":\"https:\/\/www.africa-press.net\/congo-brazzaville\/\"},{\"@type\":\"ListItem\",\"position\":2,\"name\":\"les propri\u00e9taires des parcelles proches des casernes du mont barnier somm\u00e9s de d\u00e9guerpir dans 45 jours\"}]},{\"@type\":\"WebSite\",\"@id\":\"https:\/\/www.africa-press.net\/congo-brazzaville\/#website\",\"url\":\"https:\/\/www.africa-press.net\/congo-brazzaville\/\",\"name\":\"Congo Brazzaville\",\"description\":\"Just another Africa News Agency Sites site\",\"potentialAction\":[{\"@type\":\"SearchAction\",\"target\":{\"@type\":\"EntryPoint\",\"urlTemplate\":\"https:\/\/www.africa-press.net\/congo-brazzaville\/?s={search_term_string}\"},\"query-input\":{\"@type\":\"PropertyValueSpecification\",\"valueRequired\":true,\"valueName\":\"search_term_string\"}}],\"inLanguage\":\"fr-FR\"},{\"@type\":\"Person\",\"@id\":\"https:\/\/www.africa-press.net\/congo-brazzaville\/#\/schema\/person\/2b1cf3cd81a31e3cd26889ca66d677f1\",\"name\":\"cfeditorfr\"}]}<\/script>\n<!-- \/ Yoast SEO Premium plugin. -->","yoast_head_json":{"title":"les propri\u00e9taires des parcelles proches des casernes du mont barnier somm\u00e9s de d\u00e9guerpir dans 45 jours - Congo Brazzaville","description":"Le ministre d\u2019E\u0301tat, ministre des affaires foncie\u0300res du domaine public charge\u0301 des relations avec le parlement, Pier ...","robots":{"index":"index","follow":"follow","max-snippet":"max-snippet:-1","max-image-preview":"max-image-preview:large","max-video-preview":"max-video-preview:-1"},"canonical":"https:\/\/www.africa-press.net\/congo-brazzaville\/toutes-les-actualites\/les-proprietaires-des-parcelles-proches-des-casernes-du-mont-barnier-sommes-de-deguerpir-dans-45-jours","og_locale":"fr_FR","og_type":"article","og_title":"les propri\u00e9taires des parcelles proches des casernes du mont barnier somm\u00e9s de d\u00e9guerpir dans 45 jours","og_description":"Le ministre d\u2019E\u0301tat, ministre des affaires foncie\u0300res du domaine public charge\u0301 des relations avec le parlement, Pier ...","og_url":"https:\/\/www.africa-press.net\/congo-brazzaville\/toutes-les-actualites\/les-proprietaires-des-parcelles-proches-des-casernes-du-mont-barnier-sommes-de-deguerpir-dans-45-jours","og_site_name":"Congo Brazzaville","article_published_time":"2023-02-22T20:05:39+00:00","article_modified_time":"2023-02-22T20:29:41+00:00","og_image":[{"width":933,"height":445,"url":"https:\/\/static.africa-press.net\/congo-brazzaville\/sites\/51\/2023\/02\/postQueueImg_1677083747.01.jpg","type":"image\/jpeg"}],"author":"cfeditorfr","twitter_card":"summary_large_image","twitter_misc":{"\u00c9crit par":"cfeditorfr","Dur\u00e9e de lecture estim\u00e9e":"2 minutes"},"schema":{"@context":"https:\/\/schema.org","@graph":[{"@type":"Article","@id":"https:\/\/www.africa-press.net\/congo-brazzaville\/toutes-les-actualites\/les-proprietaires-des-parcelles-proches-des-casernes-du-mont-barnier-sommes-de-deguerpir-dans-45-jours#article","isPartOf":{"@id":"https:\/\/www.africa-press.net\/congo-brazzaville\/toutes-les-actualites\/les-proprietaires-des-parcelles-proches-des-casernes-du-mont-barnier-sommes-de-deguerpir-dans-45-jours"},"author":{"name":"cfeditorfr","@id":"https:\/\/www.africa-press.net\/congo-brazzaville\/#\/schema\/person\/2b1cf3cd81a31e3cd26889ca66d677f1"},"headline":"les propri\u00e9taires des parcelles proches des casernes du mont barnier somm\u00e9s de d\u00e9guerpir dans 45 jours","datePublished":"2023-02-22T20:05:39+00:00","dateModified":"2023-02-22T20:29:41+00:00","mainEntityOfPage":{"@id":"https:\/\/www.africa-press.net\/congo-brazzaville\/toutes-les-actualites\/les-proprietaires-des-parcelles-proches-des-casernes-du-mont-barnier-sommes-de-deguerpir-dans-45-jours"},"wordCount":472,"commentCount":0,"image":{"@id":"https:\/\/www.africa-press.net\/congo-brazzaville\/toutes-les-actualites\/les-proprietaires-des-parcelles-proches-des-casernes-du-mont-barnier-sommes-de-deguerpir-dans-45-jours#primaryimage"},"thumbnailUrl":"https:\/\/static.africa-press.net\/congo-brazzaville\/sites\/51\/2023\/02\/postQueueImg_1677083747.01.jpg","keywords":["Africa Press","Africa Press-Congo Brazzaville","Congo Brazzaville"],"articleSection":["Communaut\u00e9","Toutes les actualit\u00e9s"],"inLanguage":"fr-FR","potentialAction":[{"@type":"CommentAction","name":"Comment","target":["https:\/\/www.africa-press.net\/congo-brazzaville\/toutes-les-actualites\/les-proprietaires-des-parcelles-proches-des-casernes-du-mont-barnier-sommes-de-deguerpir-dans-45-jours#respond"]}]},{"@type":"WebPage","@id":"https:\/\/www.africa-press.net\/congo-brazzaville\/toutes-les-actualites\/les-proprietaires-des-parcelles-proches-des-casernes-du-mont-barnier-sommes-de-deguerpir-dans-45-jours","url":"https:\/\/www.africa-press.net\/congo-brazzaville\/toutes-les-actualites\/les-proprietaires-des-parcelles-proches-des-casernes-du-mont-barnier-sommes-de-deguerpir-dans-45-jours","name":"les propri\u00e9taires des parcelles proches des casernes du mont barnier somm\u00e9s de d\u00e9guerpir dans 45 jours - Congo Brazzaville","isPartOf":{"@id":"https:\/\/www.africa-press.net\/congo-brazzaville\/#website"},"primaryImageOfPage":{"@id":"https:\/\/www.africa-press.net\/congo-brazzaville\/toutes-les-actualites\/les-proprietaires-des-parcelles-proches-des-casernes-du-mont-barnier-sommes-de-deguerpir-dans-45-jours#primaryimage"},"image":{"@id":"https:\/\/www.africa-press.net\/congo-brazzaville\/toutes-les-actualites\/les-proprietaires-des-parcelles-proches-des-casernes-du-mont-barnier-sommes-de-deguerpir-dans-45-jours#primaryimage"},"thumbnailUrl":"https:\/\/static.africa-press.net\/congo-brazzaville\/sites\/51\/2023\/02\/postQueueImg_1677083747.01.jpg","datePublished":"2023-02-22T20:05:39+00:00","dateModified":"2023-02-22T20:29:41+00:00","author":{"@id":"https:\/\/www.africa-press.net\/congo-brazzaville\/#\/schema\/person\/2b1cf3cd81a31e3cd26889ca66d677f1"},"description":"Le ministre d\u2019E\u0301tat, ministre des affaires foncie\u0300res du domaine public charge\u0301 des relations avec le parlement, Pier ...","breadcrumb":{"@id":"https:\/\/www.africa-press.net\/congo-brazzaville\/toutes-les-actualites\/les-proprietaires-des-parcelles-proches-des-casernes-du-mont-barnier-sommes-de-deguerpir-dans-45-jours#breadcrumb"},"inLanguage":"fr-FR","potentialAction":[{"@type":"ReadAction","target":["https:\/\/www.africa-press.net\/congo-brazzaville\/toutes-les-actualites\/les-proprietaires-des-parcelles-proches-des-casernes-du-mont-barnier-sommes-de-deguerpir-dans-45-jours"]}]},{"@type":"ImageObject","inLanguage":"fr-FR","@id":"https:\/\/www.africa-press.net\/congo-brazzaville\/toutes-les-actualites\/les-proprietaires-des-parcelles-proches-des-casernes-du-mont-barnier-sommes-de-deguerpir-dans-45-jours#primaryimage","url":"https:\/\/static.africa-press.net\/congo-brazzaville\/sites\/51\/2023\/02\/postQueueImg_1677083747.01.jpg","contentUrl":"https:\/\/static.africa-press.net\/congo-brazzaville\/sites\/51\/2023\/02\/postQueueImg_1677083747.01.jpg","width":933,"height":445,"caption":"les propri\u00e9taires des parcelles proches des casernes du mont barnier somm\u00e9s de d\u00e9guerpir dans 45 jours"},{"@type":"BreadcrumbList","@id":"https:\/\/www.africa-press.net\/congo-brazzaville\/toutes-les-actualites\/les-proprietaires-des-parcelles-proches-des-casernes-du-mont-barnier-sommes-de-deguerpir-dans-45-jours#breadcrumb","itemListElement":[{"@type":"ListItem","position":1,"name":"Accueil","item":"https:\/\/www.africa-press.net\/congo-brazzaville\/"},{"@type":"ListItem","position":2,"name":"les propri\u00e9taires des parcelles proches des casernes du mont barnier somm\u00e9s de d\u00e9guerpir dans 45 jours"}]},{"@type":"WebSite","@id":"https:\/\/www.africa-press.net\/congo-brazzaville\/#website","url":"https:\/\/www.africa-press.net\/congo-brazzaville\/","name":"Congo Brazzaville","description":"Just another Africa News Agency Sites site","potentialAction":[{"@type":"SearchAction","target":{"@type":"EntryPoint","urlTemplate":"https:\/\/www.africa-press.net\/congo-brazzaville\/?s={search_term_string}"},"query-input":{"@type":"PropertyValueSpecification","valueRequired":true,"valueName":"search_term_string"}}],"inLanguage":"fr-FR"},{"@type":"Person","@id":"https:\/\/www.africa-press.net\/congo-brazzaville\/#\/schema\/person\/2b1cf3cd81a31e3cd26889ca66d677f1","name":"cfeditorfr"}]}},"_links":{"self":[{"href":"https:\/\/www.africa-press.net\/congo-brazzaville\/wp-json\/wp\/v2\/posts\/14778","targetHints":{"allow":["GET"]}}],"collection":[{"href":"https:\/\/www.africa-press.net\/congo-brazzaville\/wp-json\/wp\/v2\/posts"}],"about":[{"href":"https:\/\/www.africa-press.net\/congo-brazzaville\/wp-json\/wp\/v2\/types\/post"}],"author":[{"embeddable":true,"href":"https:\/\/www.africa-press.net\/congo-brazzaville\/wp-json\/wp\/v2\/users\/82"}],"replies":[{"embeddable":true,"href":"https:\/\/www.africa-press.net\/congo-brazzaville\/wp-json\/wp\/v2\/comments?post=14778"}],"version-history":[{"count":0,"href":"https:\/\/www.africa-press.net\/congo-brazzaville\/wp-json\/wp\/v2\/posts\/14778\/revisions"}],"wp:featuredmedia":[{"embeddable":true,"href":"https:\/\/www.africa-press.net\/congo-brazzaville\/wp-json\/wp\/v2\/media\/14777"}],"wp:attachment":[{"href":"https:\/\/www.africa-press.net\/congo-brazzaville\/wp-json\/wp\/v2\/media?parent=14778"}],"wp:term":[{"taxonomy":"category","embeddable":true,"href":"https:\/\/www.africa-press.net\/congo-brazzaville\/wp-json\/wp\/v2\/categories?post=14778"},{"taxonomy":"post_tag","embeddable":true,"href":"https:\/\/www.africa-press.net\/congo-brazzaville\/wp-json\/wp\/v2\/tags?post=14778"}],"curies":[{"name":"wp","href":"https:\/\/api.w.org\/{rel}","templated":true}]}}