{"id":14791,"date":"2023-02-23T12:47:56","date_gmt":"2023-02-23T12:47:56","guid":{"rendered":"https:\/\/www.africa-press.net\/congo-brazzaville\/politique\/cooperation-une-mission-du-conseil-europeen-au-congo-dans-quelques-jours"},"modified":"2023-02-23T12:59:38","modified_gmt":"2023-02-23T12:59:38","slug":"cooperation-une-mission-du-conseil-europeen-au-congo-dans-quelques-jours","status":"publish","type":"post","link":"https:\/\/www.africa-press.net\/congo-brazzaville\/politique\/cooperation-une-mission-du-conseil-europeen-au-congo-dans-quelques-jours","title":{"rendered":"Coop\u00e9ration : une mission du Conseil europ\u00e9en au Congo dans quelques jours"},"content":{"rendered":"<p><span style=\"color: #ff6600\"><strong>Africa-Press &#8211; Congo Brazzaville. <\/strong><\/span><b>Une forte de\u0301le\u0301gation du Conseil europe\u0301en va effectuer une mission de travail a\u0300 Brazzaville, du 6 au 7 mars prochain, pour de\u0301battre avec les autorite\u0301s nationales de divers sujets d\u2019inte\u0301re\u0302t commun. <\/b><\/p>\n<p>L\u2019ambassadeur de l\u2019Union europe\u0301enne au Congo, Giacomo Durazzo, a donne\u0301 l&rsquo;information au pre\u0301sident du Se\u0301nat, Pierre Ngolo, le 22 fe\u0301vrier lors d\u2019un entretien. Une trentaine de membres du Conseil europe\u0301en sera rec\u0327ue a\u0300 Brazzaville. Pendant deux jours, la de\u0301le\u0301gation s\u2019entretiendra avec plusieurs autorite\u0301s congolaises sur diverses proble\u0301matiques. Dans la foule\u0301e, les conseillers europe\u0301ens auront une se\u0301ance de travail spe\u0301ciale avec le Parlement congolais, notamment le Se\u0301nat.<\/p>\n<p>Les deux parties vont discuter, entre autres, des relations de coope\u0301ration entre l\u2019Union europe\u0301enne et le Congo qui fonctionnent a\u0300 merveille, mais pour lesquelles elles souhaitent redynamiser pour plus de re\u0301sultats. Elles vont de\u0301battre e\u0301galement du partenariat global entre le Congo et l\u2019institution europe\u0301enne, en vue de le rendre plus fructueux que jamais au profit des deux parties. Le Conseil europe\u0301en et les autorite\u0301s congolaises vont aussi faire le tour d\u2019horizon des relations internationales de fac\u0327on globale, en mettant l\u2019accent sur la stabilite\u0301 re\u0301gionale.<\/p>\n<p>\u00ab Je suis venu informer le pre\u0301sident du Se\u0301nat de la visite prochaine d\u2019une de\u0301le\u0301gation du Conseil europe\u0301en a\u0300 Brazzaville. La mission a pour objectif de nouer de nouveaux contacts mais aussi de contro\u0302ler les actions de l\u2019Union europe\u0301enne sur le terrain, en vue de mieux comprendre le partenariat. Le Conseil europe\u0301en est une institution tre\u0300s importante dote\u0301e d\u2019un pouvoir le\u0301gislatif avec le Parlement europe\u0301en qui coordonne l\u2019action des Etats membres en matie\u0300re de politique e\u0301trange\u0300re et qui signe les traite\u0301s internationaux \u00bb, a indique\u0301 le chef de la mission de l\u2019Union europe\u0301enne au Congo, Giacomo Durazzo.<\/p>\n<p>Le responsable europe\u0301en a souligne\u0301 que le Conseil de l\u2019Union europe\u0301enne est constitue\u0301 d\u2019un certain nombre de groupes. Pour la mission de Brazzaville, deux sont attendus, a\u0300 savoir le groupe Afrique subsaharienne et le groupe Afrique-Carai\u0308bes-Pacifique.<\/p>\n<p>Rappelons que Giacomo Durazzo est en poste au Congo depuis deux ans. Il avait pre\u0301sente\u0301 ses lettres de cre\u0301ances au chef de l\u2019Etat, Denis Sassou N\u2019Guesso, en septembre 2021.<\/p>\n<p><strong>Pour plus d&rsquo;informations et d&rsquo;analyses sur la <a href=\"https:\/\/www.africa-press.net\/congo-brazzaville\">Congo Brazzaville<\/a>, suivez <a href=\"https:\/\/www.africa-press.net\/\">Africa-Press<\/a><\/strong><\/p>\n","protected":false},"excerpt":{"rendered":"<p>Africa-Press &#8211; Congo Brazzaville. Une forte de\u0301le\u0301gation du Conseil europe\u0301en va effectuer une mission de travail a\u0300 Brazzaville, du 6 au 7 mars prochain, pour de\u0301battre avec les autorite\u0301s nationales de divers sujets d\u2019inte\u0301re\u0302t commun. L\u2019ambassadeur de l\u2019Union europe\u0301enne au Congo, Giacomo Durazzo, a donne\u0301 l&rsquo;information au pre\u0301sident du Se\u0301nat, Pierre Ngolo, le 22 fe\u0301vrier [&hellip;]<\/p>\n","protected":false},"author":82,"featured_media":14790,"comment_status":"open","ping_status":"closed","sticky":false,"template":"","format":"standard","meta":{"footnotes":""},"categories":[2,20,10],"tags":[36,47,46],"class_list":["post-14791","post","type-post","status-publish","format-standard","has-post-thumbnail","hentry","category-politique","category-top-nouvelles","category-toutes-les-actualites","tag-africa-press","tag-africa-press-congo-brazzaville","tag-congo-brazzaville"],"yoast_head":"<!-- This site is optimized with the Yoast SEO Premium plugin v26.1 (Yoast SEO v27.0) - https:\/\/yoast.com\/product\/yoast-seo-premium-wordpress\/ -->\n<title>Coop\u00e9ration : une mission du Conseil europ\u00e9en au Congo dans quelques jours - Congo Brazzaville<\/title>\n<meta name=\"description\" content=\"Une forte de\u0301le\u0301gation du Conseil europe\u0301en va effectuer une mission de travail a\u0300 Brazzaville, du 6 au 7 mars procha ...\" \/>\n<meta name=\"robots\" content=\"index, follow, max-snippet:-1, max-image-preview:large, max-video-preview:-1\" \/>\n<link rel=\"canonical\" href=\"https:\/\/www.africa-press.net\/congo-brazzaville\/politique\/cooperation-une-mission-du-conseil-europeen-au-congo-dans-quelques-jours\" \/>\n<meta property=\"og:locale\" content=\"fr_FR\" \/>\n<meta property=\"og:type\" content=\"article\" \/>\n<meta property=\"og:title\" content=\"Coop\u00e9ration : une mission du Conseil europ\u00e9en au Congo dans quelques jours\" \/>\n<meta property=\"og:description\" content=\"Une forte de\u0301le\u0301gation du Conseil europe\u0301en va effectuer une mission de travail a\u0300 Brazzaville, du 6 au 7 mars procha ...\" \/>\n<meta property=\"og:url\" content=\"https:\/\/www.africa-press.net\/congo-brazzaville\/politique\/cooperation-une-mission-du-conseil-europeen-au-congo-dans-quelques-jours\" \/>\n<meta property=\"og:site_name\" content=\"Congo Brazzaville\" \/>\n<meta property=\"article:published_time\" content=\"2023-02-23T12:47:56+00:00\" \/>\n<meta property=\"article:modified_time\" content=\"2023-02-23T12:59:38+00:00\" \/>\n<meta property=\"og:image\" content=\"https:\/\/static.africa-press.net\/congo-brazzaville\/sites\/51\/2023\/02\/postQueueImg_1677144058.50.jpg\" \/>\n\t<meta property=\"og:image:width\" content=\"1080\" \/>\n\t<meta property=\"og:image:height\" content=\"720\" \/>\n\t<meta property=\"og:image:type\" content=\"image\/jpeg\" \/>\n<meta name=\"author\" content=\"cfeditorfr\" \/>\n<meta name=\"twitter:card\" content=\"summary_large_image\" \/>\n<meta name=\"twitter:label1\" content=\"\u00c9crit par\" \/>\n\t<meta name=\"twitter:data1\" content=\"cfeditorfr\" \/>\n\t<meta name=\"twitter:label2\" content=\"Dur\u00e9e de lecture estim\u00e9e\" \/>\n\t<meta name=\"twitter:data2\" content=\"2 minutes\" \/>\n<script type=\"application\/ld+json\" class=\"yoast-schema-graph\">{\"@context\":\"https:\/\/schema.org\",\"@graph\":[{\"@type\":\"Article\",\"@id\":\"https:\/\/www.africa-press.net\/congo-brazzaville\/politique\/cooperation-une-mission-du-conseil-europeen-au-congo-dans-quelques-jours#article\",\"isPartOf\":{\"@id\":\"https:\/\/www.africa-press.net\/congo-brazzaville\/politique\/cooperation-une-mission-du-conseil-europeen-au-congo-dans-quelques-jours\"},\"author\":{\"name\":\"cfeditorfr\",\"@id\":\"https:\/\/www.africa-press.net\/congo-brazzaville\/#\/schema\/person\/2b1cf3cd81a31e3cd26889ca66d677f1\"},\"headline\":\"Coop\u00e9ration : une mission du Conseil europ\u00e9en au Congo dans quelques jours\",\"datePublished\":\"2023-02-23T12:47:56+00:00\",\"dateModified\":\"2023-02-23T12:59:38+00:00\",\"mainEntityOfPage\":{\"@id\":\"https:\/\/www.africa-press.net\/congo-brazzaville\/politique\/cooperation-une-mission-du-conseil-europeen-au-congo-dans-quelques-jours\"},\"wordCount\":440,\"commentCount\":0,\"image\":{\"@id\":\"https:\/\/www.africa-press.net\/congo-brazzaville\/politique\/cooperation-une-mission-du-conseil-europeen-au-congo-dans-quelques-jours#primaryimage\"},\"thumbnailUrl\":\"https:\/\/static.africa-press.net\/congo-brazzaville\/sites\/51\/2023\/02\/postQueueImg_1677144058.50.jpg\",\"keywords\":[\"Africa Press\",\"Africa Press-Congo Brazzaville\",\"Congo Brazzaville\"],\"articleSection\":[\"Politique\",\"Top Nouvelles\",\"Toutes les actualit\u00e9s\"],\"inLanguage\":\"fr-FR\",\"potentialAction\":[{\"@type\":\"CommentAction\",\"name\":\"Comment\",\"target\":[\"https:\/\/www.africa-press.net\/congo-brazzaville\/politique\/cooperation-une-mission-du-conseil-europeen-au-congo-dans-quelques-jours#respond\"]}]},{\"@type\":\"WebPage\",\"@id\":\"https:\/\/www.africa-press.net\/congo-brazzaville\/politique\/cooperation-une-mission-du-conseil-europeen-au-congo-dans-quelques-jours\",\"url\":\"https:\/\/www.africa-press.net\/congo-brazzaville\/politique\/cooperation-une-mission-du-conseil-europeen-au-congo-dans-quelques-jours\",\"name\":\"Coop\u00e9ration : une mission du Conseil europ\u00e9en au Congo dans quelques jours - Congo Brazzaville\",\"isPartOf\":{\"@id\":\"https:\/\/www.africa-press.net\/congo-brazzaville\/#website\"},\"primaryImageOfPage\":{\"@id\":\"https:\/\/www.africa-press.net\/congo-brazzaville\/politique\/cooperation-une-mission-du-conseil-europeen-au-congo-dans-quelques-jours#primaryimage\"},\"image\":{\"@id\":\"https:\/\/www.africa-press.net\/congo-brazzaville\/politique\/cooperation-une-mission-du-conseil-europeen-au-congo-dans-quelques-jours#primaryimage\"},\"thumbnailUrl\":\"https:\/\/static.africa-press.net\/congo-brazzaville\/sites\/51\/2023\/02\/postQueueImg_1677144058.50.jpg\",\"datePublished\":\"2023-02-23T12:47:56+00:00\",\"dateModified\":\"2023-02-23T12:59:38+00:00\",\"author\":{\"@id\":\"https:\/\/www.africa-press.net\/congo-brazzaville\/#\/schema\/person\/2b1cf3cd81a31e3cd26889ca66d677f1\"},\"description\":\"Une forte de\u0301le\u0301gation du Conseil europe\u0301en va effectuer une mission de travail a\u0300 Brazzaville, du 6 au 7 mars procha ...\",\"breadcrumb\":{\"@id\":\"https:\/\/www.africa-press.net\/congo-brazzaville\/politique\/cooperation-une-mission-du-conseil-europeen-au-congo-dans-quelques-jours#breadcrumb\"},\"inLanguage\":\"fr-FR\",\"potentialAction\":[{\"@type\":\"ReadAction\",\"target\":[\"https:\/\/www.africa-press.net\/congo-brazzaville\/politique\/cooperation-une-mission-du-conseil-europeen-au-congo-dans-quelques-jours\"]}]},{\"@type\":\"ImageObject\",\"inLanguage\":\"fr-FR\",\"@id\":\"https:\/\/www.africa-press.net\/congo-brazzaville\/politique\/cooperation-une-mission-du-conseil-europeen-au-congo-dans-quelques-jours#primaryimage\",\"url\":\"https:\/\/static.africa-press.net\/congo-brazzaville\/sites\/51\/2023\/02\/postQueueImg_1677144058.50.jpg\",\"contentUrl\":\"https:\/\/static.africa-press.net\/congo-brazzaville\/sites\/51\/2023\/02\/postQueueImg_1677144058.50.jpg\",\"width\":1080,\"height\":720,\"caption\":\"Coop\u00e9ration : une mission du Conseil europ\u00e9en au Congo dans quelques jours\"},{\"@type\":\"BreadcrumbList\",\"@id\":\"https:\/\/www.africa-press.net\/congo-brazzaville\/politique\/cooperation-une-mission-du-conseil-europeen-au-congo-dans-quelques-jours#breadcrumb\",\"itemListElement\":[{\"@type\":\"ListItem\",\"position\":1,\"name\":\"Accueil\",\"item\":\"https:\/\/www.africa-press.net\/congo-brazzaville\/\"},{\"@type\":\"ListItem\",\"position\":2,\"name\":\"Coop\u00e9ration : une mission du Conseil europ\u00e9en au Congo dans quelques jours\"}]},{\"@type\":\"WebSite\",\"@id\":\"https:\/\/www.africa-press.net\/congo-brazzaville\/#website\",\"url\":\"https:\/\/www.africa-press.net\/congo-brazzaville\/\",\"name\":\"Congo Brazzaville\",\"description\":\"Just another Africa News Agency Sites site\",\"potentialAction\":[{\"@type\":\"SearchAction\",\"target\":{\"@type\":\"EntryPoint\",\"urlTemplate\":\"https:\/\/www.africa-press.net\/congo-brazzaville\/?s={search_term_string}\"},\"query-input\":{\"@type\":\"PropertyValueSpecification\",\"valueRequired\":true,\"valueName\":\"search_term_string\"}}],\"inLanguage\":\"fr-FR\"},{\"@type\":\"Person\",\"@id\":\"https:\/\/www.africa-press.net\/congo-brazzaville\/#\/schema\/person\/2b1cf3cd81a31e3cd26889ca66d677f1\",\"name\":\"cfeditorfr\"}]}<\/script>\n<!-- \/ Yoast SEO Premium plugin. -->","yoast_head_json":{"title":"Coop\u00e9ration : une mission du Conseil europ\u00e9en au Congo dans quelques jours - Congo Brazzaville","description":"Une forte de\u0301le\u0301gation du Conseil europe\u0301en va effectuer une mission de travail a\u0300 Brazzaville, du 6 au 7 mars procha ...","robots":{"index":"index","follow":"follow","max-snippet":"max-snippet:-1","max-image-preview":"max-image-preview:large","max-video-preview":"max-video-preview:-1"},"canonical":"https:\/\/www.africa-press.net\/congo-brazzaville\/politique\/cooperation-une-mission-du-conseil-europeen-au-congo-dans-quelques-jours","og_locale":"fr_FR","og_type":"article","og_title":"Coop\u00e9ration : une mission du Conseil europ\u00e9en au Congo dans quelques jours","og_description":"Une forte de\u0301le\u0301gation du Conseil europe\u0301en va effectuer une mission de travail a\u0300 Brazzaville, du 6 au 7 mars procha ...","og_url":"https:\/\/www.africa-press.net\/congo-brazzaville\/politique\/cooperation-une-mission-du-conseil-europeen-au-congo-dans-quelques-jours","og_site_name":"Congo Brazzaville","article_published_time":"2023-02-23T12:47:56+00:00","article_modified_time":"2023-02-23T12:59:38+00:00","og_image":[{"width":1080,"height":720,"url":"https:\/\/static.africa-press.net\/congo-brazzaville\/sites\/51\/2023\/02\/postQueueImg_1677144058.50.jpg","type":"image\/jpeg"}],"author":"cfeditorfr","twitter_card":"summary_large_image","twitter_misc":{"\u00c9crit par":"cfeditorfr","Dur\u00e9e de lecture estim\u00e9e":"2 minutes"},"schema":{"@context":"https:\/\/schema.org","@graph":[{"@type":"Article","@id":"https:\/\/www.africa-press.net\/congo-brazzaville\/politique\/cooperation-une-mission-du-conseil-europeen-au-congo-dans-quelques-jours#article","isPartOf":{"@id":"https:\/\/www.africa-press.net\/congo-brazzaville\/politique\/cooperation-une-mission-du-conseil-europeen-au-congo-dans-quelques-jours"},"author":{"name":"cfeditorfr","@id":"https:\/\/www.africa-press.net\/congo-brazzaville\/#\/schema\/person\/2b1cf3cd81a31e3cd26889ca66d677f1"},"headline":"Coop\u00e9ration : une mission du Conseil europ\u00e9en au Congo dans quelques jours","datePublished":"2023-02-23T12:47:56+00:00","dateModified":"2023-02-23T12:59:38+00:00","mainEntityOfPage":{"@id":"https:\/\/www.africa-press.net\/congo-brazzaville\/politique\/cooperation-une-mission-du-conseil-europeen-au-congo-dans-quelques-jours"},"wordCount":440,"commentCount":0,"image":{"@id":"https:\/\/www.africa-press.net\/congo-brazzaville\/politique\/cooperation-une-mission-du-conseil-europeen-au-congo-dans-quelques-jours#primaryimage"},"thumbnailUrl":"https:\/\/static.africa-press.net\/congo-brazzaville\/sites\/51\/2023\/02\/postQueueImg_1677144058.50.jpg","keywords":["Africa Press","Africa Press-Congo Brazzaville","Congo Brazzaville"],"articleSection":["Politique","Top Nouvelles","Toutes les actualit\u00e9s"],"inLanguage":"fr-FR","potentialAction":[{"@type":"CommentAction","name":"Comment","target":["https:\/\/www.africa-press.net\/congo-brazzaville\/politique\/cooperation-une-mission-du-conseil-europeen-au-congo-dans-quelques-jours#respond"]}]},{"@type":"WebPage","@id":"https:\/\/www.africa-press.net\/congo-brazzaville\/politique\/cooperation-une-mission-du-conseil-europeen-au-congo-dans-quelques-jours","url":"https:\/\/www.africa-press.net\/congo-brazzaville\/politique\/cooperation-une-mission-du-conseil-europeen-au-congo-dans-quelques-jours","name":"Coop\u00e9ration : une mission du Conseil europ\u00e9en au Congo dans quelques jours - Congo Brazzaville","isPartOf":{"@id":"https:\/\/www.africa-press.net\/congo-brazzaville\/#website"},"primaryImageOfPage":{"@id":"https:\/\/www.africa-press.net\/congo-brazzaville\/politique\/cooperation-une-mission-du-conseil-europeen-au-congo-dans-quelques-jours#primaryimage"},"image":{"@id":"https:\/\/www.africa-press.net\/congo-brazzaville\/politique\/cooperation-une-mission-du-conseil-europeen-au-congo-dans-quelques-jours#primaryimage"},"thumbnailUrl":"https:\/\/static.africa-press.net\/congo-brazzaville\/sites\/51\/2023\/02\/postQueueImg_1677144058.50.jpg","datePublished":"2023-02-23T12:47:56+00:00","dateModified":"2023-02-23T12:59:38+00:00","author":{"@id":"https:\/\/www.africa-press.net\/congo-brazzaville\/#\/schema\/person\/2b1cf3cd81a31e3cd26889ca66d677f1"},"description":"Une forte de\u0301le\u0301gation du Conseil europe\u0301en va effectuer une mission de travail a\u0300 Brazzaville, du 6 au 7 mars procha ...","breadcrumb":{"@id":"https:\/\/www.africa-press.net\/congo-brazzaville\/politique\/cooperation-une-mission-du-conseil-europeen-au-congo-dans-quelques-jours#breadcrumb"},"inLanguage":"fr-FR","potentialAction":[{"@type":"ReadAction","target":["https:\/\/www.africa-press.net\/congo-brazzaville\/politique\/cooperation-une-mission-du-conseil-europeen-au-congo-dans-quelques-jours"]}]},{"@type":"ImageObject","inLanguage":"fr-FR","@id":"https:\/\/www.africa-press.net\/congo-brazzaville\/politique\/cooperation-une-mission-du-conseil-europeen-au-congo-dans-quelques-jours#primaryimage","url":"https:\/\/static.africa-press.net\/congo-brazzaville\/sites\/51\/2023\/02\/postQueueImg_1677144058.50.jpg","contentUrl":"https:\/\/static.africa-press.net\/congo-brazzaville\/sites\/51\/2023\/02\/postQueueImg_1677144058.50.jpg","width":1080,"height":720,"caption":"Coop\u00e9ration : une mission du Conseil europ\u00e9en au Congo dans quelques jours"},{"@type":"BreadcrumbList","@id":"https:\/\/www.africa-press.net\/congo-brazzaville\/politique\/cooperation-une-mission-du-conseil-europeen-au-congo-dans-quelques-jours#breadcrumb","itemListElement":[{"@type":"ListItem","position":1,"name":"Accueil","item":"https:\/\/www.africa-press.net\/congo-brazzaville\/"},{"@type":"ListItem","position":2,"name":"Coop\u00e9ration : une mission du Conseil europ\u00e9en au Congo dans quelques jours"}]},{"@type":"WebSite","@id":"https:\/\/www.africa-press.net\/congo-brazzaville\/#website","url":"https:\/\/www.africa-press.net\/congo-brazzaville\/","name":"Congo Brazzaville","description":"Just another Africa News Agency Sites site","potentialAction":[{"@type":"SearchAction","target":{"@type":"EntryPoint","urlTemplate":"https:\/\/www.africa-press.net\/congo-brazzaville\/?s={search_term_string}"},"query-input":{"@type":"PropertyValueSpecification","valueRequired":true,"valueName":"search_term_string"}}],"inLanguage":"fr-FR"},{"@type":"Person","@id":"https:\/\/www.africa-press.net\/congo-brazzaville\/#\/schema\/person\/2b1cf3cd81a31e3cd26889ca66d677f1","name":"cfeditorfr"}]}},"_links":{"self":[{"href":"https:\/\/www.africa-press.net\/congo-brazzaville\/wp-json\/wp\/v2\/posts\/14791","targetHints":{"allow":["GET"]}}],"collection":[{"href":"https:\/\/www.africa-press.net\/congo-brazzaville\/wp-json\/wp\/v2\/posts"}],"about":[{"href":"https:\/\/www.africa-press.net\/congo-brazzaville\/wp-json\/wp\/v2\/types\/post"}],"author":[{"embeddable":true,"href":"https:\/\/www.africa-press.net\/congo-brazzaville\/wp-json\/wp\/v2\/users\/82"}],"replies":[{"embeddable":true,"href":"https:\/\/www.africa-press.net\/congo-brazzaville\/wp-json\/wp\/v2\/comments?post=14791"}],"version-history":[{"count":0,"href":"https:\/\/www.africa-press.net\/congo-brazzaville\/wp-json\/wp\/v2\/posts\/14791\/revisions"}],"wp:featuredmedia":[{"embeddable":true,"href":"https:\/\/www.africa-press.net\/congo-brazzaville\/wp-json\/wp\/v2\/media\/14790"}],"wp:attachment":[{"href":"https:\/\/www.africa-press.net\/congo-brazzaville\/wp-json\/wp\/v2\/media?parent=14791"}],"wp:term":[{"taxonomy":"category","embeddable":true,"href":"https:\/\/www.africa-press.net\/congo-brazzaville\/wp-json\/wp\/v2\/categories?post=14791"},{"taxonomy":"post_tag","embeddable":true,"href":"https:\/\/www.africa-press.net\/congo-brazzaville\/wp-json\/wp\/v2\/tags?post=14791"}],"curies":[{"name":"wp","href":"https:\/\/api.w.org\/{rel}","templated":true}]}}