{"id":14797,"date":"2023-02-23T19:02:28","date_gmt":"2023-02-23T19:02:28","guid":{"rendered":"https:\/\/www.africa-press.net\/congo-brazzaville\/politique\/conte-le-festival-racontarts-lance-a-pointe-noire"},"modified":"2023-02-23T19:36:12","modified_gmt":"2023-02-23T19:36:12","slug":"conte-le-festival-racontarts-lance-a-pointe-noire","status":"publish","type":"post","link":"https:\/\/www.africa-press.net\/congo-brazzaville\/culture-et-art\/conte-le-festival-racontarts-lance-a-pointe-noire","title":{"rendered":"Conte : le festival Racont\u2019arts lanc\u00e9 \u00e0 Pointe-Noire"},"content":{"rendered":"<p><span style=\"color: #ff6600\"><strong>Africa-Press &#8211; Congo Brazzaville. <\/strong><\/span><b>La premie\u0300re e\u0301dition du festival Racont&rsquo;arts de Kabylie, version congolaise, a lieu du 22 au 25 fe\u0301vrier, au quartier Co\u0302te mate\u0300ve, dans le 6e arrondissement de Pointe-Noire, Ngoyo. <\/b><\/p>\n<p>Organise\u0301 par le conteur Jorus Mabiala, directeur du Centre de ressources du conte et des arts de l\u2019oralite\u0301, sur le mode\u0300le du grand festival international \u00ab Racont\u2019 Arts \u00bb d\u2019Alge\u0301rie, ce festival va regrouper pendant cinq jours des artistes reunis autour des arts sce\u0301niques tels que les contes, les danses, les chants, la poe\u0301sie&#8230;Les expositions, la lecture et les performances sont les autres activite\u0301s pre\u0301vues a\u0300 cet effet.<\/p>\n<p>La journe\u0301e inaugurale a e\u0301te\u0301 marque\u0301e par l&rsquo;exposition de peinture de Florence Virginie Mbilampassi, re\u0301alise\u0301e par Maman Pauline de Co\u0302te Mate\u0300ve, le chant de Racont&rsquo;arts \u00ab\u00a0Nous sommes les enfants d&rsquo;Afrique\u00a0\u00bb avec et par Betty Yambo Tity, suivi du concert, de la poe\u0301sie, la rumba, l&rsquo; exposition photo. Conteur aujourd\u2019hui installe\u0301 a\u0300 Vitrolles, en France, Nestor Doko Mabiala a expose\u0301 en matine\u0301e sur \u00ab L\u2019e\u0301tat de la pratique artistique au Congo Brazzaville \u00bb.<\/p>\n<p>Signalons que le festival \u00ab\u00a0Racont\u2019Arts\u00a0\u00bb en Alge\u0301rie existe depuis 20 ans en Kabylie en Alge\u0301rie. C&rsquo;est un festival international de contes et d\u2019arts de rue itine\u0301rant en Kabylie. Une importante manifestation d&rsquo;arts de rue en Alge\u0301rie qui regroupe chaque anne\u0301e pre\u0300s de 350 artistes festivaliers venus de diffe\u0301rents pays et de tous les coins d\u2018Alge\u0301rie, et plus de 10 000 visiteurs et spectateurs.<\/p>\n<p><strong>Pour plus d&rsquo;informations et d&rsquo;analyses sur la <a href=\"https:\/\/www.africa-press.net\/congo-brazzaville\">Congo Brazzaville<\/a>, suivez <a href=\"https:\/\/www.africa-press.net\/\">Africa-Press<\/a><\/strong><\/p>\n","protected":false},"excerpt":{"rendered":"<p>Africa-Press &#8211; Congo Brazzaville. La premie\u0300re e\u0301dition du festival Racont&rsquo;arts de Kabylie, version congolaise, a lieu du 22 au 25 fe\u0301vrier, au quartier Co\u0302te mate\u0300ve, dans le 6e arrondissement de Pointe-Noire, Ngoyo. Organise\u0301 par le conteur Jorus Mabiala, directeur du Centre de ressources du conte et des arts de l\u2019oralite\u0301, sur le mode\u0300le du grand [&hellip;]<\/p>\n","protected":false},"author":82,"featured_media":14796,"comment_status":"open","ping_status":"closed","sticky":false,"template":"","format":"standard","meta":{"footnotes":""},"categories":[5,10],"tags":[36,47,46],"class_list":["post-14797","post","type-post","status-publish","format-standard","has-post-thumbnail","hentry","category-culture-et-art","category-toutes-les-actualites","tag-africa-press","tag-africa-press-congo-brazzaville","tag-congo-brazzaville"],"yoast_head":"<!-- This site is optimized with the Yoast SEO Premium plugin v26.1 (Yoast SEO v27.0) - https:\/\/yoast.com\/product\/yoast-seo-premium-wordpress\/ -->\n<title>Conte : le festival Racont\u2019arts lanc\u00e9 \u00e0 Pointe-Noire - Congo Brazzaville<\/title>\n<meta name=\"description\" content=\"La premie\u0300re e\u0301dition du festival Racont&#039;arts de Kabylie, version congolaise, a lieu du 22 au 25 fe\u0301vrier, au quartie ...\" \/>\n<meta name=\"robots\" content=\"index, follow, max-snippet:-1, max-image-preview:large, max-video-preview:-1\" \/>\n<link rel=\"canonical\" href=\"https:\/\/www.africa-press.net\/congo-brazzaville\/culture-et-art\/conte-le-festival-racontarts-lance-a-pointe-noire\" \/>\n<meta property=\"og:locale\" content=\"fr_FR\" \/>\n<meta property=\"og:type\" content=\"article\" \/>\n<meta property=\"og:title\" content=\"Conte : le festival Racont\u2019arts lanc\u00e9 \u00e0 Pointe-Noire\" \/>\n<meta property=\"og:description\" content=\"La premie\u0300re e\u0301dition du festival Racont&#039;arts de Kabylie, version congolaise, a lieu du 22 au 25 fe\u0301vrier, au quartie ...\" \/>\n<meta property=\"og:url\" content=\"https:\/\/www.africa-press.net\/congo-brazzaville\/culture-et-art\/conte-le-festival-racontarts-lance-a-pointe-noire\" \/>\n<meta property=\"og:site_name\" content=\"Congo Brazzaville\" \/>\n<meta property=\"article:published_time\" content=\"2023-02-23T19:02:28+00:00\" \/>\n<meta property=\"article:modified_time\" content=\"2023-02-23T19:36:12+00:00\" \/>\n<meta property=\"og:image\" content=\"https:\/\/static.africa-press.net\/congo-brazzaville\/sites\/51\/2023\/02\/postQueueImg_1677166354.16.jpg\" \/>\n\t<meta property=\"og:image:width\" content=\"1920\" \/>\n\t<meta property=\"og:image:height\" content=\"1080\" \/>\n\t<meta property=\"og:image:type\" content=\"image\/jpeg\" \/>\n<meta name=\"author\" content=\"cfeditorfr\" \/>\n<meta name=\"twitter:card\" content=\"summary_large_image\" \/>\n<meta name=\"twitter:label1\" content=\"\u00c9crit par\" \/>\n\t<meta name=\"twitter:data1\" content=\"cfeditorfr\" \/>\n\t<meta name=\"twitter:label2\" content=\"Dur\u00e9e de lecture estim\u00e9e\" \/>\n\t<meta name=\"twitter:data2\" content=\"2 minutes\" \/>\n<script type=\"application\/ld+json\" class=\"yoast-schema-graph\">{\"@context\":\"https:\/\/schema.org\",\"@graph\":[{\"@type\":\"Article\",\"@id\":\"https:\/\/www.africa-press.net\/congo-brazzaville\/culture-et-art\/conte-le-festival-racontarts-lance-a-pointe-noire#article\",\"isPartOf\":{\"@id\":\"https:\/\/www.africa-press.net\/congo-brazzaville\/culture-et-art\/conte-le-festival-racontarts-lance-a-pointe-noire\"},\"author\":{\"name\":\"cfeditorfr\",\"@id\":\"https:\/\/www.africa-press.net\/congo-brazzaville\/#\/schema\/person\/2b1cf3cd81a31e3cd26889ca66d677f1\"},\"headline\":\"Conte : le festival Racont\u2019arts lanc\u00e9 \u00e0 Pointe-Noire\",\"datePublished\":\"2023-02-23T19:02:28+00:00\",\"dateModified\":\"2023-02-23T19:36:12+00:00\",\"mainEntityOfPage\":{\"@id\":\"https:\/\/www.africa-press.net\/congo-brazzaville\/culture-et-art\/conte-le-festival-racontarts-lance-a-pointe-noire\"},\"wordCount\":288,\"commentCount\":0,\"image\":{\"@id\":\"https:\/\/www.africa-press.net\/congo-brazzaville\/culture-et-art\/conte-le-festival-racontarts-lance-a-pointe-noire#primaryimage\"},\"thumbnailUrl\":\"https:\/\/static.africa-press.net\/congo-brazzaville\/sites\/51\/2023\/02\/postQueueImg_1677166354.16.jpg\",\"keywords\":[\"Africa Press\",\"Africa Press-Congo Brazzaville\",\"Congo Brazzaville\"],\"articleSection\":[\"Culture et Art\",\"Toutes les actualit\u00e9s\"],\"inLanguage\":\"fr-FR\",\"potentialAction\":[{\"@type\":\"CommentAction\",\"name\":\"Comment\",\"target\":[\"https:\/\/www.africa-press.net\/congo-brazzaville\/culture-et-art\/conte-le-festival-racontarts-lance-a-pointe-noire#respond\"]}]},{\"@type\":\"WebPage\",\"@id\":\"https:\/\/www.africa-press.net\/congo-brazzaville\/culture-et-art\/conte-le-festival-racontarts-lance-a-pointe-noire\",\"url\":\"https:\/\/www.africa-press.net\/congo-brazzaville\/culture-et-art\/conte-le-festival-racontarts-lance-a-pointe-noire\",\"name\":\"Conte : le festival Racont\u2019arts lanc\u00e9 \u00e0 Pointe-Noire - Congo Brazzaville\",\"isPartOf\":{\"@id\":\"https:\/\/www.africa-press.net\/congo-brazzaville\/#website\"},\"primaryImageOfPage\":{\"@id\":\"https:\/\/www.africa-press.net\/congo-brazzaville\/culture-et-art\/conte-le-festival-racontarts-lance-a-pointe-noire#primaryimage\"},\"image\":{\"@id\":\"https:\/\/www.africa-press.net\/congo-brazzaville\/culture-et-art\/conte-le-festival-racontarts-lance-a-pointe-noire#primaryimage\"},\"thumbnailUrl\":\"https:\/\/static.africa-press.net\/congo-brazzaville\/sites\/51\/2023\/02\/postQueueImg_1677166354.16.jpg\",\"datePublished\":\"2023-02-23T19:02:28+00:00\",\"dateModified\":\"2023-02-23T19:36:12+00:00\",\"author\":{\"@id\":\"https:\/\/www.africa-press.net\/congo-brazzaville\/#\/schema\/person\/2b1cf3cd81a31e3cd26889ca66d677f1\"},\"description\":\"La premie\u0300re e\u0301dition du festival Racont'arts de Kabylie, version congolaise, a lieu du 22 au 25 fe\u0301vrier, au quartie ...\",\"breadcrumb\":{\"@id\":\"https:\/\/www.africa-press.net\/congo-brazzaville\/culture-et-art\/conte-le-festival-racontarts-lance-a-pointe-noire#breadcrumb\"},\"inLanguage\":\"fr-FR\",\"potentialAction\":[{\"@type\":\"ReadAction\",\"target\":[\"https:\/\/www.africa-press.net\/congo-brazzaville\/culture-et-art\/conte-le-festival-racontarts-lance-a-pointe-noire\"]}]},{\"@type\":\"ImageObject\",\"inLanguage\":\"fr-FR\",\"@id\":\"https:\/\/www.africa-press.net\/congo-brazzaville\/culture-et-art\/conte-le-festival-racontarts-lance-a-pointe-noire#primaryimage\",\"url\":\"https:\/\/static.africa-press.net\/congo-brazzaville\/sites\/51\/2023\/02\/postQueueImg_1677166354.16.jpg\",\"contentUrl\":\"https:\/\/static.africa-press.net\/congo-brazzaville\/sites\/51\/2023\/02\/postQueueImg_1677166354.16.jpg\",\"width\":1920,\"height\":1080,\"caption\":\"Conte : le festival Racont\u2019arts lanc\u00e9 \u00e0 Pointe-Noire\"},{\"@type\":\"BreadcrumbList\",\"@id\":\"https:\/\/www.africa-press.net\/congo-brazzaville\/culture-et-art\/conte-le-festival-racontarts-lance-a-pointe-noire#breadcrumb\",\"itemListElement\":[{\"@type\":\"ListItem\",\"position\":1,\"name\":\"Accueil\",\"item\":\"https:\/\/www.africa-press.net\/congo-brazzaville\/\"},{\"@type\":\"ListItem\",\"position\":2,\"name\":\"Conte : le festival Racont\u2019arts lanc\u00e9 \u00e0 Pointe-Noire\"}]},{\"@type\":\"WebSite\",\"@id\":\"https:\/\/www.africa-press.net\/congo-brazzaville\/#website\",\"url\":\"https:\/\/www.africa-press.net\/congo-brazzaville\/\",\"name\":\"Congo Brazzaville\",\"description\":\"Just another Africa News Agency Sites site\",\"potentialAction\":[{\"@type\":\"SearchAction\",\"target\":{\"@type\":\"EntryPoint\",\"urlTemplate\":\"https:\/\/www.africa-press.net\/congo-brazzaville\/?s={search_term_string}\"},\"query-input\":{\"@type\":\"PropertyValueSpecification\",\"valueRequired\":true,\"valueName\":\"search_term_string\"}}],\"inLanguage\":\"fr-FR\"},{\"@type\":\"Person\",\"@id\":\"https:\/\/www.africa-press.net\/congo-brazzaville\/#\/schema\/person\/2b1cf3cd81a31e3cd26889ca66d677f1\",\"name\":\"cfeditorfr\"}]}<\/script>\n<!-- \/ Yoast SEO Premium plugin. -->","yoast_head_json":{"title":"Conte : le festival Racont\u2019arts lanc\u00e9 \u00e0 Pointe-Noire - Congo Brazzaville","description":"La premie\u0300re e\u0301dition du festival Racont'arts de Kabylie, version congolaise, a lieu du 22 au 25 fe\u0301vrier, au quartie ...","robots":{"index":"index","follow":"follow","max-snippet":"max-snippet:-1","max-image-preview":"max-image-preview:large","max-video-preview":"max-video-preview:-1"},"canonical":"https:\/\/www.africa-press.net\/congo-brazzaville\/culture-et-art\/conte-le-festival-racontarts-lance-a-pointe-noire","og_locale":"fr_FR","og_type":"article","og_title":"Conte : le festival Racont\u2019arts lanc\u00e9 \u00e0 Pointe-Noire","og_description":"La premie\u0300re e\u0301dition du festival Racont'arts de Kabylie, version congolaise, a lieu du 22 au 25 fe\u0301vrier, au quartie ...","og_url":"https:\/\/www.africa-press.net\/congo-brazzaville\/culture-et-art\/conte-le-festival-racontarts-lance-a-pointe-noire","og_site_name":"Congo Brazzaville","article_published_time":"2023-02-23T19:02:28+00:00","article_modified_time":"2023-02-23T19:36:12+00:00","og_image":[{"width":1920,"height":1080,"url":"https:\/\/static.africa-press.net\/congo-brazzaville\/sites\/51\/2023\/02\/postQueueImg_1677166354.16.jpg","type":"image\/jpeg"}],"author":"cfeditorfr","twitter_card":"summary_large_image","twitter_misc":{"\u00c9crit par":"cfeditorfr","Dur\u00e9e de lecture estim\u00e9e":"2 minutes"},"schema":{"@context":"https:\/\/schema.org","@graph":[{"@type":"Article","@id":"https:\/\/www.africa-press.net\/congo-brazzaville\/culture-et-art\/conte-le-festival-racontarts-lance-a-pointe-noire#article","isPartOf":{"@id":"https:\/\/www.africa-press.net\/congo-brazzaville\/culture-et-art\/conte-le-festival-racontarts-lance-a-pointe-noire"},"author":{"name":"cfeditorfr","@id":"https:\/\/www.africa-press.net\/congo-brazzaville\/#\/schema\/person\/2b1cf3cd81a31e3cd26889ca66d677f1"},"headline":"Conte : le festival Racont\u2019arts lanc\u00e9 \u00e0 Pointe-Noire","datePublished":"2023-02-23T19:02:28+00:00","dateModified":"2023-02-23T19:36:12+00:00","mainEntityOfPage":{"@id":"https:\/\/www.africa-press.net\/congo-brazzaville\/culture-et-art\/conte-le-festival-racontarts-lance-a-pointe-noire"},"wordCount":288,"commentCount":0,"image":{"@id":"https:\/\/www.africa-press.net\/congo-brazzaville\/culture-et-art\/conte-le-festival-racontarts-lance-a-pointe-noire#primaryimage"},"thumbnailUrl":"https:\/\/static.africa-press.net\/congo-brazzaville\/sites\/51\/2023\/02\/postQueueImg_1677166354.16.jpg","keywords":["Africa Press","Africa Press-Congo Brazzaville","Congo Brazzaville"],"articleSection":["Culture et Art","Toutes les actualit\u00e9s"],"inLanguage":"fr-FR","potentialAction":[{"@type":"CommentAction","name":"Comment","target":["https:\/\/www.africa-press.net\/congo-brazzaville\/culture-et-art\/conte-le-festival-racontarts-lance-a-pointe-noire#respond"]}]},{"@type":"WebPage","@id":"https:\/\/www.africa-press.net\/congo-brazzaville\/culture-et-art\/conte-le-festival-racontarts-lance-a-pointe-noire","url":"https:\/\/www.africa-press.net\/congo-brazzaville\/culture-et-art\/conte-le-festival-racontarts-lance-a-pointe-noire","name":"Conte : le festival Racont\u2019arts lanc\u00e9 \u00e0 Pointe-Noire - Congo Brazzaville","isPartOf":{"@id":"https:\/\/www.africa-press.net\/congo-brazzaville\/#website"},"primaryImageOfPage":{"@id":"https:\/\/www.africa-press.net\/congo-brazzaville\/culture-et-art\/conte-le-festival-racontarts-lance-a-pointe-noire#primaryimage"},"image":{"@id":"https:\/\/www.africa-press.net\/congo-brazzaville\/culture-et-art\/conte-le-festival-racontarts-lance-a-pointe-noire#primaryimage"},"thumbnailUrl":"https:\/\/static.africa-press.net\/congo-brazzaville\/sites\/51\/2023\/02\/postQueueImg_1677166354.16.jpg","datePublished":"2023-02-23T19:02:28+00:00","dateModified":"2023-02-23T19:36:12+00:00","author":{"@id":"https:\/\/www.africa-press.net\/congo-brazzaville\/#\/schema\/person\/2b1cf3cd81a31e3cd26889ca66d677f1"},"description":"La premie\u0300re e\u0301dition du festival Racont'arts de Kabylie, version congolaise, a lieu du 22 au 25 fe\u0301vrier, au quartie ...","breadcrumb":{"@id":"https:\/\/www.africa-press.net\/congo-brazzaville\/culture-et-art\/conte-le-festival-racontarts-lance-a-pointe-noire#breadcrumb"},"inLanguage":"fr-FR","potentialAction":[{"@type":"ReadAction","target":["https:\/\/www.africa-press.net\/congo-brazzaville\/culture-et-art\/conte-le-festival-racontarts-lance-a-pointe-noire"]}]},{"@type":"ImageObject","inLanguage":"fr-FR","@id":"https:\/\/www.africa-press.net\/congo-brazzaville\/culture-et-art\/conte-le-festival-racontarts-lance-a-pointe-noire#primaryimage","url":"https:\/\/static.africa-press.net\/congo-brazzaville\/sites\/51\/2023\/02\/postQueueImg_1677166354.16.jpg","contentUrl":"https:\/\/static.africa-press.net\/congo-brazzaville\/sites\/51\/2023\/02\/postQueueImg_1677166354.16.jpg","width":1920,"height":1080,"caption":"Conte : le festival Racont\u2019arts lanc\u00e9 \u00e0 Pointe-Noire"},{"@type":"BreadcrumbList","@id":"https:\/\/www.africa-press.net\/congo-brazzaville\/culture-et-art\/conte-le-festival-racontarts-lance-a-pointe-noire#breadcrumb","itemListElement":[{"@type":"ListItem","position":1,"name":"Accueil","item":"https:\/\/www.africa-press.net\/congo-brazzaville\/"},{"@type":"ListItem","position":2,"name":"Conte : le festival Racont\u2019arts lanc\u00e9 \u00e0 Pointe-Noire"}]},{"@type":"WebSite","@id":"https:\/\/www.africa-press.net\/congo-brazzaville\/#website","url":"https:\/\/www.africa-press.net\/congo-brazzaville\/","name":"Congo Brazzaville","description":"Just another Africa News Agency Sites site","potentialAction":[{"@type":"SearchAction","target":{"@type":"EntryPoint","urlTemplate":"https:\/\/www.africa-press.net\/congo-brazzaville\/?s={search_term_string}"},"query-input":{"@type":"PropertyValueSpecification","valueRequired":true,"valueName":"search_term_string"}}],"inLanguage":"fr-FR"},{"@type":"Person","@id":"https:\/\/www.africa-press.net\/congo-brazzaville\/#\/schema\/person\/2b1cf3cd81a31e3cd26889ca66d677f1","name":"cfeditorfr"}]}},"_links":{"self":[{"href":"https:\/\/www.africa-press.net\/congo-brazzaville\/wp-json\/wp\/v2\/posts\/14797","targetHints":{"allow":["GET"]}}],"collection":[{"href":"https:\/\/www.africa-press.net\/congo-brazzaville\/wp-json\/wp\/v2\/posts"}],"about":[{"href":"https:\/\/www.africa-press.net\/congo-brazzaville\/wp-json\/wp\/v2\/types\/post"}],"author":[{"embeddable":true,"href":"https:\/\/www.africa-press.net\/congo-brazzaville\/wp-json\/wp\/v2\/users\/82"}],"replies":[{"embeddable":true,"href":"https:\/\/www.africa-press.net\/congo-brazzaville\/wp-json\/wp\/v2\/comments?post=14797"}],"version-history":[{"count":0,"href":"https:\/\/www.africa-press.net\/congo-brazzaville\/wp-json\/wp\/v2\/posts\/14797\/revisions"}],"wp:featuredmedia":[{"embeddable":true,"href":"https:\/\/www.africa-press.net\/congo-brazzaville\/wp-json\/wp\/v2\/media\/14796"}],"wp:attachment":[{"href":"https:\/\/www.africa-press.net\/congo-brazzaville\/wp-json\/wp\/v2\/media?parent=14797"}],"wp:term":[{"taxonomy":"category","embeddable":true,"href":"https:\/\/www.africa-press.net\/congo-brazzaville\/wp-json\/wp\/v2\/categories?post=14797"},{"taxonomy":"post_tag","embeddable":true,"href":"https:\/\/www.africa-press.net\/congo-brazzaville\/wp-json\/wp\/v2\/tags?post=14797"}],"curies":[{"name":"wp","href":"https:\/\/api.w.org\/{rel}","templated":true}]}}