{"id":14799,"date":"2023-02-23T19:02:36","date_gmt":"2023-02-23T19:02:36","guid":{"rendered":"https:\/\/www.africa-press.net\/congo-brazzaville\/politique\/sante-africa-expo-prevue-en-septembre-a-brazzaville"},"modified":"2023-02-23T19:36:36","modified_gmt":"2023-02-23T19:36:36","slug":"sante-africa-expo-prevue-en-septembre-a-brazzaville","status":"publish","type":"post","link":"https:\/\/www.africa-press.net\/congo-brazzaville\/toutes-les-actualites\/sante-africa-expo-prevue-en-septembre-a-brazzaville","title":{"rendered":"Sant\u00e9: Africa expo pr\u00e9vue en septembre \u00e0 Brazzaville"},"content":{"rendered":"<p><span style=\"color: #ff6600\"><strong>Africa-Press &#8211; Congo Brazzaville. <\/strong><\/span><b>La pre\u0301sidente et initiatrice d&rsquo;Africa sante\u0301 expo, le docteur en pharmacie Linda Kabore\u0301 Bouboutou, a pre\u0301sente\u0301 aux acteurs de la sante\u0301, le 23 fe\u0301vrier a\u0300 Brazzaville, son projet d\u2019organisation d\u2019une exposition des produits pharmaceutiques et de la pharmacope\u0301e africaine qui aura lieu du 27 au 29 septembre prochain, a\u0300 Kinte\u0301le\u0301. <\/b><\/p>\n<p>L\u2019e\u0301ve\u0301nement, le quatrie\u0300me du genre, sera place\u0301 sur le the\u0300me \u00ab Investir dans la sante\u0301 pour une Afrique e\u0301mergente \u00bb. Il sera ponctue\u0301 par des expositions et ateliers. Plusieurs sous-the\u0300mes vont se greffer au sujet principal et seront de\u0301veloppe\u0301s par des experts nationaux et internationaux.<\/p>\n<p>Dans son expose\u0301, l\u2019initiatrice du projet a de\u0301fini les objectifs de l\u2019activite\u0301 qui se re\u0301sument pour l\u2019essentiel a\u0300 mener les pays africains vers une de\u0301marche qualite\u0301 ; e\u0302tre dans une optique de chai\u0302ne de valeurs de l\u2019e\u0301cosyste\u0300me de la sante\u0301, de la beaute\u0301 et du bien-e\u0302tre sans oublier de promouvoir les e\u0301changes, les compe\u0301tences et le savoir-faire dans le cadre d\u2019une coope\u0301ration Sud-Sud et Nord-Sud en vue de contribuer a\u0300 l\u2019ame\u0301lioration de la couverture des besoins des secteurs me\u0301dical et pharmaceutique.<\/p>\n<p>En outre, a-t-elle poursuivi, il est e\u0301galement question de cre\u0301er un cadre propice aux professionnels de sante\u0301 pour la prospection, la formation et la recherche de partenaires sans oublier la pre\u0301sentation aux prescripteurs de nouvelles tendances et innovations technologiques dans le domaine de la sante\u0301 ainsi que l\u2019atteinte de l\u2019autosuffisance de la production pharmaceutique locale, dans le cadre de la De\u0301claration d\u2019Abidjan relative au de\u0301veloppement de l\u2019industrie pharmaceutique locale et re\u0301gionale.<\/p>\n<p>Rappelons que le concept \u00ab Africa sante\u0301 expo \u00bb a organise\u0301 les trois premie\u0300res e\u0301ditions a\u0300 Abidjan, en Co\u0302te d\u2019Ivoire. La deuxie\u0300me, la plus marquante, s\u2019e\u0301tait tenue du 7 au 9 fe\u0301vrier 2019. Elle e\u0301tait place\u0301e sur le the\u0300me \u00ab La de\u0301marche qualite\u0301 au service du de\u0301veloppement des syste\u0300mes de sante\u0301 et du bien-e\u0302tre \u00bb.<\/p>\n<p>Elle avait re\u0301uni 7 500 participants provenant de trente-trois pays et des cinq continents. Il y avait eu 85 confe\u0301rences et ateliers anime\u0301s par 200 experts nationaux ainsi qu&rsquo; internationaux et plus de 1000 personnes de\u0301piste\u0301es gratuitement.<\/p>\n<p>La troisie\u0300me s\u2019e\u0301tait de\u0301roule\u0301e, du 1er au 3 de\u0301cembre 2022, sous la pre\u0301sidence d\u2019honneur de la premie\u0300re dame de Co\u0302te d\u2019Ivoire, Dominique Ouattara, sur le the\u0300me \u00ab Sante\u0301, beaute\u0301, bien-e\u0302tre : des solutions nouvelles adapte\u0301es a\u0300 l\u2019Afrique \u00bb. Cette e\u0301dition avait rassemble\u0301 plus de 200 exposants, 3500 visiteurs de trente pays et 65 confe\u0301rences et ateliers anime\u0301s par plus de 100 experts nationaux et internationaux.<\/p>\n<p>Le Dr Linda Kabore\u0301 Bouboutou a e\u0301mis le v\u0153u de voir la re\u0301union de Brazzaville mobiliser plus d\u2019experts de la sante\u0301, de visiteurs et d\u2019exposants. Les activite\u0301s, a-t-elle renche\u0301ri, vont commencer par une marche \u00ab bleue \u00bb au cours de laquelle des personnes seront de\u0301piste\u0301es gratuitement.<\/p>\n<p><strong>Pour plus d&rsquo;informations et d&rsquo;analyses sur la <a href=\"https:\/\/www.africa-press.net\/congo-brazzaville\">Congo Brazzaville<\/a>, suivez <a href=\"https:\/\/www.africa-press.net\/\">Africa-Press<\/a><\/strong><\/p>\n","protected":false},"excerpt":{"rendered":"<p>Africa-Press &#8211; Congo Brazzaville. La pre\u0301sidente et initiatrice d&rsquo;Africa sante\u0301 expo, le docteur en pharmacie Linda Kabore\u0301 Bouboutou, a pre\u0301sente\u0301 aux acteurs de la sante\u0301, le 23 fe\u0301vrier a\u0300 Brazzaville, son projet d\u2019organisation d\u2019une exposition des produits pharmaceutiques et de la pharmacope\u0301e africaine qui aura lieu du 27 au 29 septembre prochain, a\u0300 Kinte\u0301le\u0301. L\u2019e\u0301ve\u0301nement, [&hellip;]<\/p>\n","protected":false},"author":82,"featured_media":14798,"comment_status":"open","ping_status":"closed","sticky":false,"template":"","format":"standard","meta":{"footnotes":""},"categories":[21,10],"tags":[36,47,46],"class_list":["post-14799","post","type-post","status-publish","format-standard","has-post-thumbnail","hentry","category-communaute","category-toutes-les-actualites","tag-africa-press","tag-africa-press-congo-brazzaville","tag-congo-brazzaville"],"yoast_head":"<!-- This site is optimized with the Yoast SEO Premium plugin v26.1 (Yoast SEO v27.0) - https:\/\/yoast.com\/product\/yoast-seo-premium-wordpress\/ -->\n<title>Sant\u00e9: Africa expo pr\u00e9vue en septembre \u00e0 Brazzaville - Congo Brazzaville<\/title>\n<meta name=\"description\" content=\"La pre\u0301sidente et initiatrice d&#039;Africa sante\u0301 expo, le docteur en pharmacie Linda Kabore\u0301 Bouboutou, a pre\u0301sente\u0301 aux ...\" \/>\n<meta name=\"robots\" content=\"index, follow, max-snippet:-1, max-image-preview:large, max-video-preview:-1\" \/>\n<link rel=\"canonical\" href=\"https:\/\/www.africa-press.net\/congo-brazzaville\/toutes-les-actualites\/sante-africa-expo-prevue-en-septembre-a-brazzaville\" \/>\n<meta property=\"og:locale\" content=\"fr_FR\" \/>\n<meta property=\"og:type\" content=\"article\" \/>\n<meta property=\"og:title\" content=\"Sant\u00e9: Africa expo pr\u00e9vue en septembre \u00e0 Brazzaville\" \/>\n<meta property=\"og:description\" content=\"La pre\u0301sidente et initiatrice d&#039;Africa sante\u0301 expo, le docteur en pharmacie Linda Kabore\u0301 Bouboutou, a pre\u0301sente\u0301 aux ...\" \/>\n<meta property=\"og:url\" content=\"https:\/\/www.africa-press.net\/congo-brazzaville\/toutes-les-actualites\/sante-africa-expo-prevue-en-septembre-a-brazzaville\" \/>\n<meta property=\"og:site_name\" content=\"Congo Brazzaville\" \/>\n<meta property=\"article:published_time\" content=\"2023-02-23T19:02:36+00:00\" \/>\n<meta property=\"article:modified_time\" content=\"2023-02-23T19:36:36+00:00\" \/>\n<meta property=\"og:image\" content=\"https:\/\/static.africa-press.net\/congo-brazzaville\/sites\/51\/2023\/02\/postQueueImg_1677166360.52.jpg\" \/>\n\t<meta property=\"og:image:width\" content=\"1023\" \/>\n\t<meta property=\"og:image:height\" content=\"768\" \/>\n\t<meta property=\"og:image:type\" content=\"image\/jpeg\" \/>\n<meta name=\"author\" content=\"cfeditorfr\" \/>\n<meta name=\"twitter:card\" content=\"summary_large_image\" \/>\n<meta name=\"twitter:label1\" content=\"\u00c9crit par\" \/>\n\t<meta name=\"twitter:data1\" content=\"cfeditorfr\" \/>\n\t<meta name=\"twitter:label2\" content=\"Dur\u00e9e de lecture estim\u00e9e\" \/>\n\t<meta name=\"twitter:data2\" content=\"3 minutes\" \/>\n<script type=\"application\/ld+json\" class=\"yoast-schema-graph\">{\"@context\":\"https:\/\/schema.org\",\"@graph\":[{\"@type\":\"Article\",\"@id\":\"https:\/\/www.africa-press.net\/congo-brazzaville\/toutes-les-actualites\/sante-africa-expo-prevue-en-septembre-a-brazzaville#article\",\"isPartOf\":{\"@id\":\"https:\/\/www.africa-press.net\/congo-brazzaville\/toutes-les-actualites\/sante-africa-expo-prevue-en-septembre-a-brazzaville\"},\"author\":{\"name\":\"cfeditorfr\",\"@id\":\"https:\/\/www.africa-press.net\/congo-brazzaville\/#\/schema\/person\/2b1cf3cd81a31e3cd26889ca66d677f1\"},\"headline\":\"Sant\u00e9: Africa expo pr\u00e9vue en septembre \u00e0 Brazzaville\",\"datePublished\":\"2023-02-23T19:02:36+00:00\",\"dateModified\":\"2023-02-23T19:36:36+00:00\",\"mainEntityOfPage\":{\"@id\":\"https:\/\/www.africa-press.net\/congo-brazzaville\/toutes-les-actualites\/sante-africa-expo-prevue-en-septembre-a-brazzaville\"},\"wordCount\":539,\"commentCount\":0,\"image\":{\"@id\":\"https:\/\/www.africa-press.net\/congo-brazzaville\/toutes-les-actualites\/sante-africa-expo-prevue-en-septembre-a-brazzaville#primaryimage\"},\"thumbnailUrl\":\"https:\/\/static.africa-press.net\/congo-brazzaville\/sites\/51\/2023\/02\/postQueueImg_1677166360.52.jpg\",\"keywords\":[\"Africa Press\",\"Africa Press-Congo Brazzaville\",\"Congo Brazzaville\"],\"articleSection\":[\"Communaut\u00e9\",\"Toutes les actualit\u00e9s\"],\"inLanguage\":\"fr-FR\",\"potentialAction\":[{\"@type\":\"CommentAction\",\"name\":\"Comment\",\"target\":[\"https:\/\/www.africa-press.net\/congo-brazzaville\/toutes-les-actualites\/sante-africa-expo-prevue-en-septembre-a-brazzaville#respond\"]}]},{\"@type\":\"WebPage\",\"@id\":\"https:\/\/www.africa-press.net\/congo-brazzaville\/toutes-les-actualites\/sante-africa-expo-prevue-en-septembre-a-brazzaville\",\"url\":\"https:\/\/www.africa-press.net\/congo-brazzaville\/toutes-les-actualites\/sante-africa-expo-prevue-en-septembre-a-brazzaville\",\"name\":\"Sant\u00e9: Africa expo pr\u00e9vue en septembre \u00e0 Brazzaville - Congo Brazzaville\",\"isPartOf\":{\"@id\":\"https:\/\/www.africa-press.net\/congo-brazzaville\/#website\"},\"primaryImageOfPage\":{\"@id\":\"https:\/\/www.africa-press.net\/congo-brazzaville\/toutes-les-actualites\/sante-africa-expo-prevue-en-septembre-a-brazzaville#primaryimage\"},\"image\":{\"@id\":\"https:\/\/www.africa-press.net\/congo-brazzaville\/toutes-les-actualites\/sante-africa-expo-prevue-en-septembre-a-brazzaville#primaryimage\"},\"thumbnailUrl\":\"https:\/\/static.africa-press.net\/congo-brazzaville\/sites\/51\/2023\/02\/postQueueImg_1677166360.52.jpg\",\"datePublished\":\"2023-02-23T19:02:36+00:00\",\"dateModified\":\"2023-02-23T19:36:36+00:00\",\"author\":{\"@id\":\"https:\/\/www.africa-press.net\/congo-brazzaville\/#\/schema\/person\/2b1cf3cd81a31e3cd26889ca66d677f1\"},\"description\":\"La pre\u0301sidente et initiatrice d'Africa sante\u0301 expo, le docteur en pharmacie Linda Kabore\u0301 Bouboutou, a pre\u0301sente\u0301 aux ...\",\"breadcrumb\":{\"@id\":\"https:\/\/www.africa-press.net\/congo-brazzaville\/toutes-les-actualites\/sante-africa-expo-prevue-en-septembre-a-brazzaville#breadcrumb\"},\"inLanguage\":\"fr-FR\",\"potentialAction\":[{\"@type\":\"ReadAction\",\"target\":[\"https:\/\/www.africa-press.net\/congo-brazzaville\/toutes-les-actualites\/sante-africa-expo-prevue-en-septembre-a-brazzaville\"]}]},{\"@type\":\"ImageObject\",\"inLanguage\":\"fr-FR\",\"@id\":\"https:\/\/www.africa-press.net\/congo-brazzaville\/toutes-les-actualites\/sante-africa-expo-prevue-en-septembre-a-brazzaville#primaryimage\",\"url\":\"https:\/\/static.africa-press.net\/congo-brazzaville\/sites\/51\/2023\/02\/postQueueImg_1677166360.52.jpg\",\"contentUrl\":\"https:\/\/static.africa-press.net\/congo-brazzaville\/sites\/51\/2023\/02\/postQueueImg_1677166360.52.jpg\",\"width\":1023,\"height\":768,\"caption\":\"Sant\u00e9: Africa expo pr\u00e9vue en septembre \u00e0 Brazzaville\"},{\"@type\":\"BreadcrumbList\",\"@id\":\"https:\/\/www.africa-press.net\/congo-brazzaville\/toutes-les-actualites\/sante-africa-expo-prevue-en-septembre-a-brazzaville#breadcrumb\",\"itemListElement\":[{\"@type\":\"ListItem\",\"position\":1,\"name\":\"Accueil\",\"item\":\"https:\/\/www.africa-press.net\/congo-brazzaville\/\"},{\"@type\":\"ListItem\",\"position\":2,\"name\":\"Sant\u00e9: Africa expo pr\u00e9vue en septembre \u00e0 Brazzaville\"}]},{\"@type\":\"WebSite\",\"@id\":\"https:\/\/www.africa-press.net\/congo-brazzaville\/#website\",\"url\":\"https:\/\/www.africa-press.net\/congo-brazzaville\/\",\"name\":\"Congo Brazzaville\",\"description\":\"Just another Africa News Agency Sites site\",\"potentialAction\":[{\"@type\":\"SearchAction\",\"target\":{\"@type\":\"EntryPoint\",\"urlTemplate\":\"https:\/\/www.africa-press.net\/congo-brazzaville\/?s={search_term_string}\"},\"query-input\":{\"@type\":\"PropertyValueSpecification\",\"valueRequired\":true,\"valueName\":\"search_term_string\"}}],\"inLanguage\":\"fr-FR\"},{\"@type\":\"Person\",\"@id\":\"https:\/\/www.africa-press.net\/congo-brazzaville\/#\/schema\/person\/2b1cf3cd81a31e3cd26889ca66d677f1\",\"name\":\"cfeditorfr\"}]}<\/script>\n<!-- \/ Yoast SEO Premium plugin. -->","yoast_head_json":{"title":"Sant\u00e9: Africa expo pr\u00e9vue en septembre \u00e0 Brazzaville - Congo Brazzaville","description":"La pre\u0301sidente et initiatrice d'Africa sante\u0301 expo, le docteur en pharmacie Linda Kabore\u0301 Bouboutou, a pre\u0301sente\u0301 aux ...","robots":{"index":"index","follow":"follow","max-snippet":"max-snippet:-1","max-image-preview":"max-image-preview:large","max-video-preview":"max-video-preview:-1"},"canonical":"https:\/\/www.africa-press.net\/congo-brazzaville\/toutes-les-actualites\/sante-africa-expo-prevue-en-septembre-a-brazzaville","og_locale":"fr_FR","og_type":"article","og_title":"Sant\u00e9: Africa expo pr\u00e9vue en septembre \u00e0 Brazzaville","og_description":"La pre\u0301sidente et initiatrice d'Africa sante\u0301 expo, le docteur en pharmacie Linda Kabore\u0301 Bouboutou, a pre\u0301sente\u0301 aux ...","og_url":"https:\/\/www.africa-press.net\/congo-brazzaville\/toutes-les-actualites\/sante-africa-expo-prevue-en-septembre-a-brazzaville","og_site_name":"Congo Brazzaville","article_published_time":"2023-02-23T19:02:36+00:00","article_modified_time":"2023-02-23T19:36:36+00:00","og_image":[{"width":1023,"height":768,"url":"https:\/\/static.africa-press.net\/congo-brazzaville\/sites\/51\/2023\/02\/postQueueImg_1677166360.52.jpg","type":"image\/jpeg"}],"author":"cfeditorfr","twitter_card":"summary_large_image","twitter_misc":{"\u00c9crit par":"cfeditorfr","Dur\u00e9e de lecture estim\u00e9e":"3 minutes"},"schema":{"@context":"https:\/\/schema.org","@graph":[{"@type":"Article","@id":"https:\/\/www.africa-press.net\/congo-brazzaville\/toutes-les-actualites\/sante-africa-expo-prevue-en-septembre-a-brazzaville#article","isPartOf":{"@id":"https:\/\/www.africa-press.net\/congo-brazzaville\/toutes-les-actualites\/sante-africa-expo-prevue-en-septembre-a-brazzaville"},"author":{"name":"cfeditorfr","@id":"https:\/\/www.africa-press.net\/congo-brazzaville\/#\/schema\/person\/2b1cf3cd81a31e3cd26889ca66d677f1"},"headline":"Sant\u00e9: Africa expo pr\u00e9vue en septembre \u00e0 Brazzaville","datePublished":"2023-02-23T19:02:36+00:00","dateModified":"2023-02-23T19:36:36+00:00","mainEntityOfPage":{"@id":"https:\/\/www.africa-press.net\/congo-brazzaville\/toutes-les-actualites\/sante-africa-expo-prevue-en-septembre-a-brazzaville"},"wordCount":539,"commentCount":0,"image":{"@id":"https:\/\/www.africa-press.net\/congo-brazzaville\/toutes-les-actualites\/sante-africa-expo-prevue-en-septembre-a-brazzaville#primaryimage"},"thumbnailUrl":"https:\/\/static.africa-press.net\/congo-brazzaville\/sites\/51\/2023\/02\/postQueueImg_1677166360.52.jpg","keywords":["Africa Press","Africa Press-Congo Brazzaville","Congo Brazzaville"],"articleSection":["Communaut\u00e9","Toutes les actualit\u00e9s"],"inLanguage":"fr-FR","potentialAction":[{"@type":"CommentAction","name":"Comment","target":["https:\/\/www.africa-press.net\/congo-brazzaville\/toutes-les-actualites\/sante-africa-expo-prevue-en-septembre-a-brazzaville#respond"]}]},{"@type":"WebPage","@id":"https:\/\/www.africa-press.net\/congo-brazzaville\/toutes-les-actualites\/sante-africa-expo-prevue-en-septembre-a-brazzaville","url":"https:\/\/www.africa-press.net\/congo-brazzaville\/toutes-les-actualites\/sante-africa-expo-prevue-en-septembre-a-brazzaville","name":"Sant\u00e9: Africa expo pr\u00e9vue en septembre \u00e0 Brazzaville - Congo Brazzaville","isPartOf":{"@id":"https:\/\/www.africa-press.net\/congo-brazzaville\/#website"},"primaryImageOfPage":{"@id":"https:\/\/www.africa-press.net\/congo-brazzaville\/toutes-les-actualites\/sante-africa-expo-prevue-en-septembre-a-brazzaville#primaryimage"},"image":{"@id":"https:\/\/www.africa-press.net\/congo-brazzaville\/toutes-les-actualites\/sante-africa-expo-prevue-en-septembre-a-brazzaville#primaryimage"},"thumbnailUrl":"https:\/\/static.africa-press.net\/congo-brazzaville\/sites\/51\/2023\/02\/postQueueImg_1677166360.52.jpg","datePublished":"2023-02-23T19:02:36+00:00","dateModified":"2023-02-23T19:36:36+00:00","author":{"@id":"https:\/\/www.africa-press.net\/congo-brazzaville\/#\/schema\/person\/2b1cf3cd81a31e3cd26889ca66d677f1"},"description":"La pre\u0301sidente et initiatrice d'Africa sante\u0301 expo, le docteur en pharmacie Linda Kabore\u0301 Bouboutou, a pre\u0301sente\u0301 aux ...","breadcrumb":{"@id":"https:\/\/www.africa-press.net\/congo-brazzaville\/toutes-les-actualites\/sante-africa-expo-prevue-en-septembre-a-brazzaville#breadcrumb"},"inLanguage":"fr-FR","potentialAction":[{"@type":"ReadAction","target":["https:\/\/www.africa-press.net\/congo-brazzaville\/toutes-les-actualites\/sante-africa-expo-prevue-en-septembre-a-brazzaville"]}]},{"@type":"ImageObject","inLanguage":"fr-FR","@id":"https:\/\/www.africa-press.net\/congo-brazzaville\/toutes-les-actualites\/sante-africa-expo-prevue-en-septembre-a-brazzaville#primaryimage","url":"https:\/\/static.africa-press.net\/congo-brazzaville\/sites\/51\/2023\/02\/postQueueImg_1677166360.52.jpg","contentUrl":"https:\/\/static.africa-press.net\/congo-brazzaville\/sites\/51\/2023\/02\/postQueueImg_1677166360.52.jpg","width":1023,"height":768,"caption":"Sant\u00e9: Africa expo pr\u00e9vue en septembre \u00e0 Brazzaville"},{"@type":"BreadcrumbList","@id":"https:\/\/www.africa-press.net\/congo-brazzaville\/toutes-les-actualites\/sante-africa-expo-prevue-en-septembre-a-brazzaville#breadcrumb","itemListElement":[{"@type":"ListItem","position":1,"name":"Accueil","item":"https:\/\/www.africa-press.net\/congo-brazzaville\/"},{"@type":"ListItem","position":2,"name":"Sant\u00e9: Africa expo pr\u00e9vue en septembre \u00e0 Brazzaville"}]},{"@type":"WebSite","@id":"https:\/\/www.africa-press.net\/congo-brazzaville\/#website","url":"https:\/\/www.africa-press.net\/congo-brazzaville\/","name":"Congo Brazzaville","description":"Just another Africa News Agency Sites site","potentialAction":[{"@type":"SearchAction","target":{"@type":"EntryPoint","urlTemplate":"https:\/\/www.africa-press.net\/congo-brazzaville\/?s={search_term_string}"},"query-input":{"@type":"PropertyValueSpecification","valueRequired":true,"valueName":"search_term_string"}}],"inLanguage":"fr-FR"},{"@type":"Person","@id":"https:\/\/www.africa-press.net\/congo-brazzaville\/#\/schema\/person\/2b1cf3cd81a31e3cd26889ca66d677f1","name":"cfeditorfr"}]}},"_links":{"self":[{"href":"https:\/\/www.africa-press.net\/congo-brazzaville\/wp-json\/wp\/v2\/posts\/14799","targetHints":{"allow":["GET"]}}],"collection":[{"href":"https:\/\/www.africa-press.net\/congo-brazzaville\/wp-json\/wp\/v2\/posts"}],"about":[{"href":"https:\/\/www.africa-press.net\/congo-brazzaville\/wp-json\/wp\/v2\/types\/post"}],"author":[{"embeddable":true,"href":"https:\/\/www.africa-press.net\/congo-brazzaville\/wp-json\/wp\/v2\/users\/82"}],"replies":[{"embeddable":true,"href":"https:\/\/www.africa-press.net\/congo-brazzaville\/wp-json\/wp\/v2\/comments?post=14799"}],"version-history":[{"count":0,"href":"https:\/\/www.africa-press.net\/congo-brazzaville\/wp-json\/wp\/v2\/posts\/14799\/revisions"}],"wp:featuredmedia":[{"embeddable":true,"href":"https:\/\/www.africa-press.net\/congo-brazzaville\/wp-json\/wp\/v2\/media\/14798"}],"wp:attachment":[{"href":"https:\/\/www.africa-press.net\/congo-brazzaville\/wp-json\/wp\/v2\/media?parent=14799"}],"wp:term":[{"taxonomy":"category","embeddable":true,"href":"https:\/\/www.africa-press.net\/congo-brazzaville\/wp-json\/wp\/v2\/categories?post=14799"},{"taxonomy":"post_tag","embeddable":true,"href":"https:\/\/www.africa-press.net\/congo-brazzaville\/wp-json\/wp\/v2\/tags?post=14799"}],"curies":[{"name":"wp","href":"https:\/\/api.w.org\/{rel}","templated":true}]}}