{"id":14801,"date":"2023-02-23T19:02:42","date_gmt":"2023-02-23T19:02:42","guid":{"rendered":"https:\/\/www.africa-press.net\/congo-brazzaville\/politique\/protection-de-lenvironnement-tv5-prepare-une-emission-au-congo-pour-valoriser-les-tourbieres"},"modified":"2023-02-23T19:36:56","modified_gmt":"2023-02-23T19:36:56","slug":"protection-de-lenvironnement-tv5-prepare-une-emission-au-congo-pour-valoriser-les-tourbieres","status":"publish","type":"post","link":"https:\/\/www.africa-press.net\/congo-brazzaville\/economie\/protection-de-lenvironnement-tv5-prepare-une-emission-au-congo-pour-valoriser-les-tourbieres","title":{"rendered":"Protection de l\u2019environnement : TV5 pr\u00e9pare une \u00e9mission au Congo pour valoriser les tourbi\u00e8res"},"content":{"rendered":"<p><span style=\"color: #ff6600\"><strong>Africa-Press &#8211; Congo Brazzaville. <\/strong><\/span><b>La directrice d\u2019information de la chai\u0302ne francophone, Franc\u0327oise Joly, a e\u0301change\u0301 le 23 fe\u0301vrier avec la ministre de l\u2019Environnement, du De\u0301veloppement durable et du Bassin du Congo, Arlette Soudan-Nonault, sur la re\u0301alisation, dans les prochains jours au Nord du Congo, du magazine \u00ab A la vie, A la terre \u00bb.<\/b><\/p>\n<p>Le tournage dont la pre\u0301paration a e\u0301te\u0301 effectue\u0301e par le correspondant de TV5, Berdy Pambou, se de\u0301roulera durant deux semaines au c\u0153ur des fore\u0302ts du Congo. Il sera question de mettre en valeur la place de ce pays dans la lutte contre le changement climatique, les initiatives prises dans la valorisation des tourbie\u0300res. \u00ab Les te\u0301le\u0301spectateurs ont parfois du mal a\u0300 nous suivre sur certaines proble\u0301matiques car ils pensent qu\u2019il n\u2019y a plus d\u2019espoir et c\u2019est difficile. Voila\u0300 pourquoi nous allons nous rendre dans ce pays qui posse\u0300de des endroits les plus beaux de la plane\u0300te en s\u2019inte\u0301ressant a\u0300 la population autochtone. Nous ferons, a\u0300 travers cette e\u0301mission, de la pe\u0301dagogie en mettant en avant l\u2019importance des tourbie\u0300res \u00bb, a de\u0301clare\u0301 Franc\u0327oise Joly.<\/p>\n<p>Rappelons que pendant la ce\u0301le\u0301bration de la Journe\u0301e mondiale des zones humides, le 2 fe\u0301vrier, la ministre Arlette Soudan-Nonault avait signifie\u0301 que les zones humides jouent un ro\u0302le de premier plan dans la lutte contre le re\u0301chauffement climatique et ses effets ne\u0301fastes. Les tourbie\u0300res a\u0300 elles seules, par exemple, retiennent 30% du carbone atmosphe\u0301rique de la plane\u0300te, soit deux fois plus que les fore\u0302ts.<\/p>\n<p><strong>Pour plus d&rsquo;informations et d&rsquo;analyses sur la <a href=\"https:\/\/www.africa-press.net\/congo-brazzaville\">Congo Brazzaville<\/a>, suivez <a href=\"https:\/\/www.africa-press.net\/\">Africa-Press<\/a><\/strong><\/p>\n","protected":false},"excerpt":{"rendered":"<p>Africa-Press &#8211; Congo Brazzaville. La directrice d\u2019information de la chai\u0302ne francophone, Franc\u0327oise Joly, a e\u0301change\u0301 le 23 fe\u0301vrier avec la ministre de l\u2019Environnement, du De\u0301veloppement durable et du Bassin du Congo, Arlette Soudan-Nonault, sur la re\u0301alisation, dans les prochains jours au Nord du Congo, du magazine \u00ab A la vie, A la terre \u00bb. Le [&hellip;]<\/p>\n","protected":false},"author":82,"featured_media":14800,"comment_status":"open","ping_status":"closed","sticky":false,"template":"","format":"standard","meta":{"footnotes":""},"categories":[3,10],"tags":[36,47,46],"class_list":["post-14801","post","type-post","status-publish","format-standard","has-post-thumbnail","hentry","category-economie","category-toutes-les-actualites","tag-africa-press","tag-africa-press-congo-brazzaville","tag-congo-brazzaville"],"yoast_head":"<!-- This site is optimized with the Yoast SEO Premium plugin v26.1 (Yoast SEO v27.0) - https:\/\/yoast.com\/product\/yoast-seo-premium-wordpress\/ -->\n<title>Protection de l\u2019environnement : TV5 pr\u00e9pare une \u00e9mission au Congo pour valoriser les tourbi\u00e8res - Congo Brazzaville<\/title>\n<meta name=\"description\" content=\"La directrice d\u2019information de la chai\u0302ne francophone, Franc\u0327oise Joly, a e\u0301change\u0301 le 23 fe\u0301vrier avec la ministre d ...\" \/>\n<meta name=\"robots\" content=\"index, follow, max-snippet:-1, max-image-preview:large, max-video-preview:-1\" \/>\n<link rel=\"canonical\" href=\"https:\/\/www.africa-press.net\/congo-brazzaville\/economie\/protection-de-lenvironnement-tv5-prepare-une-emission-au-congo-pour-valoriser-les-tourbieres\" \/>\n<meta property=\"og:locale\" content=\"fr_FR\" \/>\n<meta property=\"og:type\" content=\"article\" \/>\n<meta property=\"og:title\" content=\"Protection de l\u2019environnement : TV5 pr\u00e9pare une \u00e9mission au Congo pour valoriser les tourbi\u00e8res\" \/>\n<meta property=\"og:description\" content=\"La directrice d\u2019information de la chai\u0302ne francophone, Franc\u0327oise Joly, a e\u0301change\u0301 le 23 fe\u0301vrier avec la ministre d ...\" \/>\n<meta property=\"og:url\" content=\"https:\/\/www.africa-press.net\/congo-brazzaville\/economie\/protection-de-lenvironnement-tv5-prepare-une-emission-au-congo-pour-valoriser-les-tourbieres\" \/>\n<meta property=\"og:site_name\" content=\"Congo Brazzaville\" \/>\n<meta property=\"article:published_time\" content=\"2023-02-23T19:02:42+00:00\" \/>\n<meta property=\"article:modified_time\" content=\"2023-02-23T19:36:56+00:00\" \/>\n<meta property=\"og:image\" content=\"https:\/\/static.africa-press.net\/congo-brazzaville\/sites\/51\/2023\/02\/postQueueImg_1677166373.99.jpg\" \/>\n\t<meta property=\"og:image:width\" content=\"1280\" \/>\n\t<meta property=\"og:image:height\" content=\"720\" \/>\n\t<meta property=\"og:image:type\" content=\"image\/jpeg\" \/>\n<meta name=\"author\" content=\"cfeditorfr\" \/>\n<meta name=\"twitter:card\" content=\"summary_large_image\" \/>\n<meta name=\"twitter:label1\" content=\"\u00c9crit par\" \/>\n\t<meta name=\"twitter:data1\" content=\"cfeditorfr\" \/>\n\t<meta name=\"twitter:label2\" content=\"Dur\u00e9e de lecture estim\u00e9e\" \/>\n\t<meta name=\"twitter:data2\" content=\"2 minutes\" \/>\n<script type=\"application\/ld+json\" class=\"yoast-schema-graph\">{\"@context\":\"https:\/\/schema.org\",\"@graph\":[{\"@type\":\"Article\",\"@id\":\"https:\/\/www.africa-press.net\/congo-brazzaville\/economie\/protection-de-lenvironnement-tv5-prepare-une-emission-au-congo-pour-valoriser-les-tourbieres#article\",\"isPartOf\":{\"@id\":\"https:\/\/www.africa-press.net\/congo-brazzaville\/economie\/protection-de-lenvironnement-tv5-prepare-une-emission-au-congo-pour-valoriser-les-tourbieres\"},\"author\":{\"name\":\"cfeditorfr\",\"@id\":\"https:\/\/www.africa-press.net\/congo-brazzaville\/#\/schema\/person\/2b1cf3cd81a31e3cd26889ca66d677f1\"},\"headline\":\"Protection de l\u2019environnement : TV5 pr\u00e9pare une \u00e9mission au Congo pour valoriser les tourbi\u00e8res\",\"datePublished\":\"2023-02-23T19:02:42+00:00\",\"dateModified\":\"2023-02-23T19:36:56+00:00\",\"mainEntityOfPage\":{\"@id\":\"https:\/\/www.africa-press.net\/congo-brazzaville\/economie\/protection-de-lenvironnement-tv5-prepare-une-emission-au-congo-pour-valoriser-les-tourbieres\"},\"wordCount\":306,\"commentCount\":0,\"image\":{\"@id\":\"https:\/\/www.africa-press.net\/congo-brazzaville\/economie\/protection-de-lenvironnement-tv5-prepare-une-emission-au-congo-pour-valoriser-les-tourbieres#primaryimage\"},\"thumbnailUrl\":\"https:\/\/static.africa-press.net\/congo-brazzaville\/sites\/51\/2023\/02\/postQueueImg_1677166373.99.jpg\",\"keywords\":[\"Africa Press\",\"Africa Press-Congo Brazzaville\",\"Congo Brazzaville\"],\"articleSection\":[\"\u00c9conomie\",\"Toutes les actualit\u00e9s\"],\"inLanguage\":\"fr-FR\",\"potentialAction\":[{\"@type\":\"CommentAction\",\"name\":\"Comment\",\"target\":[\"https:\/\/www.africa-press.net\/congo-brazzaville\/economie\/protection-de-lenvironnement-tv5-prepare-une-emission-au-congo-pour-valoriser-les-tourbieres#respond\"]}]},{\"@type\":\"WebPage\",\"@id\":\"https:\/\/www.africa-press.net\/congo-brazzaville\/economie\/protection-de-lenvironnement-tv5-prepare-une-emission-au-congo-pour-valoriser-les-tourbieres\",\"url\":\"https:\/\/www.africa-press.net\/congo-brazzaville\/economie\/protection-de-lenvironnement-tv5-prepare-une-emission-au-congo-pour-valoriser-les-tourbieres\",\"name\":\"Protection de l\u2019environnement : TV5 pr\u00e9pare une \u00e9mission au Congo pour valoriser les tourbi\u00e8res - Congo Brazzaville\",\"isPartOf\":{\"@id\":\"https:\/\/www.africa-press.net\/congo-brazzaville\/#website\"},\"primaryImageOfPage\":{\"@id\":\"https:\/\/www.africa-press.net\/congo-brazzaville\/economie\/protection-de-lenvironnement-tv5-prepare-une-emission-au-congo-pour-valoriser-les-tourbieres#primaryimage\"},\"image\":{\"@id\":\"https:\/\/www.africa-press.net\/congo-brazzaville\/economie\/protection-de-lenvironnement-tv5-prepare-une-emission-au-congo-pour-valoriser-les-tourbieres#primaryimage\"},\"thumbnailUrl\":\"https:\/\/static.africa-press.net\/congo-brazzaville\/sites\/51\/2023\/02\/postQueueImg_1677166373.99.jpg\",\"datePublished\":\"2023-02-23T19:02:42+00:00\",\"dateModified\":\"2023-02-23T19:36:56+00:00\",\"author\":{\"@id\":\"https:\/\/www.africa-press.net\/congo-brazzaville\/#\/schema\/person\/2b1cf3cd81a31e3cd26889ca66d677f1\"},\"description\":\"La directrice d\u2019information de la chai\u0302ne francophone, Franc\u0327oise Joly, a e\u0301change\u0301 le 23 fe\u0301vrier avec la ministre d ...\",\"breadcrumb\":{\"@id\":\"https:\/\/www.africa-press.net\/congo-brazzaville\/economie\/protection-de-lenvironnement-tv5-prepare-une-emission-au-congo-pour-valoriser-les-tourbieres#breadcrumb\"},\"inLanguage\":\"fr-FR\",\"potentialAction\":[{\"@type\":\"ReadAction\",\"target\":[\"https:\/\/www.africa-press.net\/congo-brazzaville\/economie\/protection-de-lenvironnement-tv5-prepare-une-emission-au-congo-pour-valoriser-les-tourbieres\"]}]},{\"@type\":\"ImageObject\",\"inLanguage\":\"fr-FR\",\"@id\":\"https:\/\/www.africa-press.net\/congo-brazzaville\/economie\/protection-de-lenvironnement-tv5-prepare-une-emission-au-congo-pour-valoriser-les-tourbieres#primaryimage\",\"url\":\"https:\/\/static.africa-press.net\/congo-brazzaville\/sites\/51\/2023\/02\/postQueueImg_1677166373.99.jpg\",\"contentUrl\":\"https:\/\/static.africa-press.net\/congo-brazzaville\/sites\/51\/2023\/02\/postQueueImg_1677166373.99.jpg\",\"width\":1280,\"height\":720,\"caption\":\"Protection de l\u2019environnement : TV5 pr\u00e9pare une \u00e9mission au Congo pour valoriser les tourbi\u00e8res\"},{\"@type\":\"BreadcrumbList\",\"@id\":\"https:\/\/www.africa-press.net\/congo-brazzaville\/economie\/protection-de-lenvironnement-tv5-prepare-une-emission-au-congo-pour-valoriser-les-tourbieres#breadcrumb\",\"itemListElement\":[{\"@type\":\"ListItem\",\"position\":1,\"name\":\"Accueil\",\"item\":\"https:\/\/www.africa-press.net\/congo-brazzaville\/\"},{\"@type\":\"ListItem\",\"position\":2,\"name\":\"Protection de l\u2019environnement : TV5 pr\u00e9pare une \u00e9mission au Congo pour valoriser les tourbi\u00e8res\"}]},{\"@type\":\"WebSite\",\"@id\":\"https:\/\/www.africa-press.net\/congo-brazzaville\/#website\",\"url\":\"https:\/\/www.africa-press.net\/congo-brazzaville\/\",\"name\":\"Congo Brazzaville\",\"description\":\"Just another Africa News Agency Sites site\",\"potentialAction\":[{\"@type\":\"SearchAction\",\"target\":{\"@type\":\"EntryPoint\",\"urlTemplate\":\"https:\/\/www.africa-press.net\/congo-brazzaville\/?s={search_term_string}\"},\"query-input\":{\"@type\":\"PropertyValueSpecification\",\"valueRequired\":true,\"valueName\":\"search_term_string\"}}],\"inLanguage\":\"fr-FR\"},{\"@type\":\"Person\",\"@id\":\"https:\/\/www.africa-press.net\/congo-brazzaville\/#\/schema\/person\/2b1cf3cd81a31e3cd26889ca66d677f1\",\"name\":\"cfeditorfr\"}]}<\/script>\n<!-- \/ Yoast SEO Premium plugin. -->","yoast_head_json":{"title":"Protection de l\u2019environnement : TV5 pr\u00e9pare une \u00e9mission au Congo pour valoriser les tourbi\u00e8res - Congo Brazzaville","description":"La directrice d\u2019information de la chai\u0302ne francophone, Franc\u0327oise Joly, a e\u0301change\u0301 le 23 fe\u0301vrier avec la ministre d ...","robots":{"index":"index","follow":"follow","max-snippet":"max-snippet:-1","max-image-preview":"max-image-preview:large","max-video-preview":"max-video-preview:-1"},"canonical":"https:\/\/www.africa-press.net\/congo-brazzaville\/economie\/protection-de-lenvironnement-tv5-prepare-une-emission-au-congo-pour-valoriser-les-tourbieres","og_locale":"fr_FR","og_type":"article","og_title":"Protection de l\u2019environnement : TV5 pr\u00e9pare une \u00e9mission au Congo pour valoriser les tourbi\u00e8res","og_description":"La directrice d\u2019information de la chai\u0302ne francophone, Franc\u0327oise Joly, a e\u0301change\u0301 le 23 fe\u0301vrier avec la ministre d ...","og_url":"https:\/\/www.africa-press.net\/congo-brazzaville\/economie\/protection-de-lenvironnement-tv5-prepare-une-emission-au-congo-pour-valoriser-les-tourbieres","og_site_name":"Congo Brazzaville","article_published_time":"2023-02-23T19:02:42+00:00","article_modified_time":"2023-02-23T19:36:56+00:00","og_image":[{"width":1280,"height":720,"url":"https:\/\/static.africa-press.net\/congo-brazzaville\/sites\/51\/2023\/02\/postQueueImg_1677166373.99.jpg","type":"image\/jpeg"}],"author":"cfeditorfr","twitter_card":"summary_large_image","twitter_misc":{"\u00c9crit par":"cfeditorfr","Dur\u00e9e de lecture estim\u00e9e":"2 minutes"},"schema":{"@context":"https:\/\/schema.org","@graph":[{"@type":"Article","@id":"https:\/\/www.africa-press.net\/congo-brazzaville\/economie\/protection-de-lenvironnement-tv5-prepare-une-emission-au-congo-pour-valoriser-les-tourbieres#article","isPartOf":{"@id":"https:\/\/www.africa-press.net\/congo-brazzaville\/economie\/protection-de-lenvironnement-tv5-prepare-une-emission-au-congo-pour-valoriser-les-tourbieres"},"author":{"name":"cfeditorfr","@id":"https:\/\/www.africa-press.net\/congo-brazzaville\/#\/schema\/person\/2b1cf3cd81a31e3cd26889ca66d677f1"},"headline":"Protection de l\u2019environnement : TV5 pr\u00e9pare une \u00e9mission au Congo pour valoriser les tourbi\u00e8res","datePublished":"2023-02-23T19:02:42+00:00","dateModified":"2023-02-23T19:36:56+00:00","mainEntityOfPage":{"@id":"https:\/\/www.africa-press.net\/congo-brazzaville\/economie\/protection-de-lenvironnement-tv5-prepare-une-emission-au-congo-pour-valoriser-les-tourbieres"},"wordCount":306,"commentCount":0,"image":{"@id":"https:\/\/www.africa-press.net\/congo-brazzaville\/economie\/protection-de-lenvironnement-tv5-prepare-une-emission-au-congo-pour-valoriser-les-tourbieres#primaryimage"},"thumbnailUrl":"https:\/\/static.africa-press.net\/congo-brazzaville\/sites\/51\/2023\/02\/postQueueImg_1677166373.99.jpg","keywords":["Africa Press","Africa Press-Congo Brazzaville","Congo Brazzaville"],"articleSection":["\u00c9conomie","Toutes les actualit\u00e9s"],"inLanguage":"fr-FR","potentialAction":[{"@type":"CommentAction","name":"Comment","target":["https:\/\/www.africa-press.net\/congo-brazzaville\/economie\/protection-de-lenvironnement-tv5-prepare-une-emission-au-congo-pour-valoriser-les-tourbieres#respond"]}]},{"@type":"WebPage","@id":"https:\/\/www.africa-press.net\/congo-brazzaville\/economie\/protection-de-lenvironnement-tv5-prepare-une-emission-au-congo-pour-valoriser-les-tourbieres","url":"https:\/\/www.africa-press.net\/congo-brazzaville\/economie\/protection-de-lenvironnement-tv5-prepare-une-emission-au-congo-pour-valoriser-les-tourbieres","name":"Protection de l\u2019environnement : TV5 pr\u00e9pare une \u00e9mission au Congo pour valoriser les tourbi\u00e8res - Congo Brazzaville","isPartOf":{"@id":"https:\/\/www.africa-press.net\/congo-brazzaville\/#website"},"primaryImageOfPage":{"@id":"https:\/\/www.africa-press.net\/congo-brazzaville\/economie\/protection-de-lenvironnement-tv5-prepare-une-emission-au-congo-pour-valoriser-les-tourbieres#primaryimage"},"image":{"@id":"https:\/\/www.africa-press.net\/congo-brazzaville\/economie\/protection-de-lenvironnement-tv5-prepare-une-emission-au-congo-pour-valoriser-les-tourbieres#primaryimage"},"thumbnailUrl":"https:\/\/static.africa-press.net\/congo-brazzaville\/sites\/51\/2023\/02\/postQueueImg_1677166373.99.jpg","datePublished":"2023-02-23T19:02:42+00:00","dateModified":"2023-02-23T19:36:56+00:00","author":{"@id":"https:\/\/www.africa-press.net\/congo-brazzaville\/#\/schema\/person\/2b1cf3cd81a31e3cd26889ca66d677f1"},"description":"La directrice d\u2019information de la chai\u0302ne francophone, Franc\u0327oise Joly, a e\u0301change\u0301 le 23 fe\u0301vrier avec la ministre d ...","breadcrumb":{"@id":"https:\/\/www.africa-press.net\/congo-brazzaville\/economie\/protection-de-lenvironnement-tv5-prepare-une-emission-au-congo-pour-valoriser-les-tourbieres#breadcrumb"},"inLanguage":"fr-FR","potentialAction":[{"@type":"ReadAction","target":["https:\/\/www.africa-press.net\/congo-brazzaville\/economie\/protection-de-lenvironnement-tv5-prepare-une-emission-au-congo-pour-valoriser-les-tourbieres"]}]},{"@type":"ImageObject","inLanguage":"fr-FR","@id":"https:\/\/www.africa-press.net\/congo-brazzaville\/economie\/protection-de-lenvironnement-tv5-prepare-une-emission-au-congo-pour-valoriser-les-tourbieres#primaryimage","url":"https:\/\/static.africa-press.net\/congo-brazzaville\/sites\/51\/2023\/02\/postQueueImg_1677166373.99.jpg","contentUrl":"https:\/\/static.africa-press.net\/congo-brazzaville\/sites\/51\/2023\/02\/postQueueImg_1677166373.99.jpg","width":1280,"height":720,"caption":"Protection de l\u2019environnement : TV5 pr\u00e9pare une \u00e9mission au Congo pour valoriser les tourbi\u00e8res"},{"@type":"BreadcrumbList","@id":"https:\/\/www.africa-press.net\/congo-brazzaville\/economie\/protection-de-lenvironnement-tv5-prepare-une-emission-au-congo-pour-valoriser-les-tourbieres#breadcrumb","itemListElement":[{"@type":"ListItem","position":1,"name":"Accueil","item":"https:\/\/www.africa-press.net\/congo-brazzaville\/"},{"@type":"ListItem","position":2,"name":"Protection de l\u2019environnement : TV5 pr\u00e9pare une \u00e9mission au Congo pour valoriser les tourbi\u00e8res"}]},{"@type":"WebSite","@id":"https:\/\/www.africa-press.net\/congo-brazzaville\/#website","url":"https:\/\/www.africa-press.net\/congo-brazzaville\/","name":"Congo Brazzaville","description":"Just another Africa News Agency Sites site","potentialAction":[{"@type":"SearchAction","target":{"@type":"EntryPoint","urlTemplate":"https:\/\/www.africa-press.net\/congo-brazzaville\/?s={search_term_string}"},"query-input":{"@type":"PropertyValueSpecification","valueRequired":true,"valueName":"search_term_string"}}],"inLanguage":"fr-FR"},{"@type":"Person","@id":"https:\/\/www.africa-press.net\/congo-brazzaville\/#\/schema\/person\/2b1cf3cd81a31e3cd26889ca66d677f1","name":"cfeditorfr"}]}},"_links":{"self":[{"href":"https:\/\/www.africa-press.net\/congo-brazzaville\/wp-json\/wp\/v2\/posts\/14801","targetHints":{"allow":["GET"]}}],"collection":[{"href":"https:\/\/www.africa-press.net\/congo-brazzaville\/wp-json\/wp\/v2\/posts"}],"about":[{"href":"https:\/\/www.africa-press.net\/congo-brazzaville\/wp-json\/wp\/v2\/types\/post"}],"author":[{"embeddable":true,"href":"https:\/\/www.africa-press.net\/congo-brazzaville\/wp-json\/wp\/v2\/users\/82"}],"replies":[{"embeddable":true,"href":"https:\/\/www.africa-press.net\/congo-brazzaville\/wp-json\/wp\/v2\/comments?post=14801"}],"version-history":[{"count":0,"href":"https:\/\/www.africa-press.net\/congo-brazzaville\/wp-json\/wp\/v2\/posts\/14801\/revisions"}],"wp:featuredmedia":[{"embeddable":true,"href":"https:\/\/www.africa-press.net\/congo-brazzaville\/wp-json\/wp\/v2\/media\/14800"}],"wp:attachment":[{"href":"https:\/\/www.africa-press.net\/congo-brazzaville\/wp-json\/wp\/v2\/media?parent=14801"}],"wp:term":[{"taxonomy":"category","embeddable":true,"href":"https:\/\/www.africa-press.net\/congo-brazzaville\/wp-json\/wp\/v2\/categories?post=14801"},{"taxonomy":"post_tag","embeddable":true,"href":"https:\/\/www.africa-press.net\/congo-brazzaville\/wp-json\/wp\/v2\/tags?post=14801"}],"curies":[{"name":"wp","href":"https:\/\/api.w.org\/{rel}","templated":true}]}}