{"id":14805,"date":"2023-02-23T19:03:14","date_gmt":"2023-02-23T19:03:14","guid":{"rendered":"https:\/\/www.africa-press.net\/congo-brazzaville\/politique\/promotion-de-la-recherche-loms-inaugure-le-centre-virtuel-de-documentation-et-dinformation"},"modified":"2023-02-23T19:37:13","modified_gmt":"2023-02-23T19:37:13","slug":"promotion-de-la-recherche-loms-inaugure-le-centre-virtuel-de-documentation-et-dinformation","status":"publish","type":"post","link":"https:\/\/www.africa-press.net\/congo-brazzaville\/photo\/promotion-de-la-recherche-loms-inaugure-le-centre-virtuel-de-documentation-et-dinformation","title":{"rendered":"Promotion de la recherche : l\u2019OMS inaugure le centre virtuel de documentation et d\u2019information"},"content":{"rendered":"<p><span style=\"color: #ff6600\"><strong>Africa-Press &#8211; Congo Brazzaville. <\/strong><\/span><b>Le lancement des activite\u0301s pratiques de la bibliothe\u0300que par le repre\u0301sentant de l\u2019Organisation mondiale de la sante\u0301 (OMS) au Congo, le Dr Lucien Alexis Manga, a eu lieu le 23 fe\u0301vrier a\u0300 Brazzaville, en pre\u0301sence de l\u2019inspecteur ge\u0301ne\u0301ral de la sante\u0301, le Pr Richard Bileckot. <\/b><\/p>\n<p>Pour les professionnels de la sante\u0301, les chercheurs et les e\u0301tudiants, ce centre rendu disponible proposera une approche innovante par son environnement de travail oriente\u0301 digital hub. Il permettra e\u0301galement aux usagers de be\u0301ne\u0301ficier en toute autonomie d\u2019une expe\u0301rience optimale en termes de recherche et d\u2019acce\u0300s a\u0300 l\u2019information scientifique.<\/p>\n<p>Le centre virtuel a pour mission de faciliter l\u2019acce\u0300s a\u0300 l\u2019information scientifique a\u0300 travers des ressources documentaires en ligne fournies par l\u2019OMS.<\/p>\n<p>\u00ab Le bureau de l\u2019OMS au Congo a eu l\u2019ambition de proposer, au milieu de la recherche et des professionnels de la sante\u0301 du Congo, un outil des plus modernes avec un acce\u0300s facilite\u0301 et gratuit a\u0300 l\u2019ensemble des ressources qui sont produites au monde de fac\u0327on instantane\u0301e. Nous avons de\u0301veloppe\u0301 une proce\u0301dure de consultation qui permet a\u0300 chacun de retrouver tre\u0300s facilement les informations qu\u2019il cherche et de les re\u0301cupe\u0301rer de fac\u0327on extre\u0302mement simple et facile \u00bb, a explique\u0301 le Dr Lucien Alexis Manga. Il a tout simplement formule\u0301 le v\u0153u que cet outil soit utilise\u0301 de fac\u0327on approprie\u0301e et qu\u2019il contribue tant soit peu au de\u0301veloppement et a\u0300 l\u2019acce\u0301le\u0301ration de la recherche dans le domaine de la sante\u0301 publique en Re\u0301publique du Congo.<\/p>\n<p>\u00ab Vous savez qu\u2019aucun projet ne peut se faire sans une gestion de la connaissance en termes d\u2019acce\u0300s, de disponibilite\u0301, de diffusion, de partage et de vulgarisation. L&rsquo;occasion est donne\u0301e a\u0300 ceux qui n\u2019ont pas de ressources, qui vont disposer d\u2019un peu de temps, de venir se documenter, prendre ces connaissances pour augmenter leurs compe\u0301tences \u00bb, a commente\u0301 le Pr Richard Bileckot.<\/p>\n<p>Il a ajoute\u0301: \u00ab Nous ne saurons que remercier l\u2019OMS, d\u2019autant plus qu\u2019il y a deux barrie\u0300res qui sont leve\u0301es ; la premie\u0300re est celle de l\u2019argent, puisque l\u2019acce\u0300s a\u0300 l&rsquo;internet est offert ici ; la seconde est celle de l\u2019accessibilite\u0301 de ces sources qui sont le plus souvent indisponibles pour nos pays, parce qu\u2019il ne faut pas seulement avoir paye\u0301, l\u2019OMS rassemble en un seul portail plusieurs sources de recherches et c\u2019est vraiment a\u0300 l\u2019avantage aussi bien des professionnels de sante\u0301 que des apprenants et des formateurs\u00bb.<\/p>\n<p>Ainsi, au niveau des bases de donne\u0301es on y trouve un compte a\u0300 rebours de chaque e\u0301dition, les collections suivantes : HINARI 15 000 revues (trente langues diffe\u0301rentes), 60 000 livres e\u0301lectroniques et 105 autres ressources d\u2019information, GIFT, Iris, AIM, etc.<\/p>\n<p>En rappel, cette ce\u0301re\u0301monie fait suite a\u0300 l\u2019inauguration officielle du centre virtuel de documentation et d\u2019information de l\u2019OMS au Congo qui avait eu lieu le 15 juillet 2022, sous le patronage du ministre de la Sante\u0301 et de la Population, en pre\u0301sence du directeur des programmes de l\u2019OMS pour l\u2019Afrique et du repre\u0301sentant de l\u2019OMS au Congo. La ce\u0301re\u0301monie de ce jour est l\u2019ouverture officielle de l\u2019espace aux professionnels de la sante\u0301, aux chercheurs et aux e\u0301tudiants.<\/p>\n\r\n                <style type=\"text\/css\">\r\n                    \r\n                    #td_uid_1_69f0e028a691a  .td-doubleSlider-2 .td-item1 {\r\n                        background: url(https:\/\/static.africa-press.net\/congo-brazzaville\/sites\/51\/2023\/02\/postMediaimg_54_1-63f7bf172a554-80x60.jpg) 0 0 no-repeat;\r\n                    }\r\n                    #td_uid_1_69f0e028a691a  .td-doubleSlider-2 .td-item2 {\r\n                        background: url(https:\/\/static.africa-press.net\/congo-brazzaville\/sites\/51\/2023\/02\/postMediaimg_54_2-63f7bf2474e03-80x60.jpg) 0 0 no-repeat;\r\n                    }\r\n                <\/style>\r\n\r\n                <div id=\"td_uid_1_69f0e028a691a\" class=\"td-gallery td-slide-on-2-columns\">\r\n                    <div class=\"post_td_gallery\">\r\n                        <div class=\"td-gallery-slide-top\">\r\n                           <div class=\"td-gallery-title\"><\/div>\r\n\r\n                            <div class=\"td-gallery-controls-wrapper\">\r\n                                <div class=\"td-gallery-slide-count\"><span class=\"td-gallery-slide-item-focus\">1<\/span> de 2<\/div>\r\n                                <div class=\"td-gallery-slide-prev-next-but\">\r\n                                    <i class = \"td-icon-left doubleSliderPrevButton\"><\/i>\r\n                                    <i class = \"td-icon-right doubleSliderNextButton\"><\/i>\r\n                                <\/div>\r\n                            <\/div>\r\n                        <\/div>\r\n\r\n                        <div class = \"td-doubleSlider-1 \">\r\n                            <div class = \"td-slider\">\r\n                                \r\n                    <div class = \"td-slide-item td-item1\">\r\n                        <figure class=\"td-slide-galery-figure td-slide-popup-gallery\">\r\n                            <a class=\"slide-gallery-image-link\" href=\"https:\/\/static.africa-press.net\/congo-brazzaville\/sites\/51\/2023\/02\/postMediaimg_54_1-63f7bf172a554.jpg\" title=\"postMediaimg_54_1-63f7bf172a554\"  data-caption=\"\"  data-description=\"\">\r\n                                <img decoding=\"async\" src=\"https:\/\/static.africa-press.net\/congo-brazzaville\/sites\/51\/2023\/02\/postMediaimg_54_1-63f7bf172a554.jpg\" srcset=\"https:\/\/static.africa-press.net\/congo-brazzaville\/sites\/51\/2023\/02\/postMediaimg_54_1-63f7bf172a554.jpg 1536w, https:\/\/static.africa-press.net\/congo-brazzaville\/sites\/51\/2023\/02\/postMediaimg_54_1-63f7bf172a554-300x150.jpg 300w, https:\/\/static.africa-press.net\/congo-brazzaville\/sites\/51\/2023\/02\/postMediaimg_54_1-63f7bf172a554-1024x512.jpg 1024w, https:\/\/static.africa-press.net\/congo-brazzaville\/sites\/51\/2023\/02\/postMediaimg_54_1-63f7bf172a554-768x384.jpg 768w\" sizes=\"(max-width: 1536px) 100vw, 1536px\" alt=\"\">\r\n                            <\/a>\r\n                            \r\n                        <\/figure>\r\n                    <\/div>\r\n                    <div class = \"td-slide-item td-item2\">\r\n                        <figure class=\"td-slide-galery-figure td-slide-popup-gallery\">\r\n                            <a class=\"slide-gallery-image-link\" href=\"https:\/\/static.africa-press.net\/congo-brazzaville\/sites\/51\/2023\/02\/postMediaimg_54_2-63f7bf2474e03.jpg\" title=\"postMediaimg_54_2-63f7bf2474e03\"  data-caption=\"\"  data-description=\"\">\r\n                                <img decoding=\"async\" src=\"https:\/\/static.africa-press.net\/congo-brazzaville\/sites\/51\/2023\/02\/postMediaimg_54_2-63f7bf2474e03.jpg\" srcset=\"https:\/\/static.africa-press.net\/congo-brazzaville\/sites\/51\/2023\/02\/postMediaimg_54_2-63f7bf2474e03.jpg 1536w, https:\/\/static.africa-press.net\/congo-brazzaville\/sites\/51\/2023\/02\/postMediaimg_54_2-63f7bf2474e03-300x150.jpg 300w, https:\/\/static.africa-press.net\/congo-brazzaville\/sites\/51\/2023\/02\/postMediaimg_54_2-63f7bf2474e03-1024x512.jpg 1024w, https:\/\/static.africa-press.net\/congo-brazzaville\/sites\/51\/2023\/02\/postMediaimg_54_2-63f7bf2474e03-768x384.jpg 768w\" sizes=\"(max-width: 1536px) 100vw, 1536px\" alt=\"\">\r\n                            <\/a>\r\n                            \r\n                        <\/figure>\r\n                    <\/div>\r\n                            <\/div>\r\n                        <\/div>\r\n\r\n                        <div class = \"td-doubleSlider-2\">\r\n                            <div class = \"td-slider\">\r\n                                \r\n                    <div class = \"td-button td-item1\">\r\n                        <div class = \"td-border\"><\/div>\r\n                    <\/div>\r\n                    <div class = \"td-button td-item2\">\r\n                        <div class = \"td-border\"><\/div>\r\n                    <\/div>\r\n                            <\/div>\r\n                        <\/div>\r\n\r\n                    <\/div>\r\n\r\n                <\/div>\r\n                \n<p><strong>Pour plus d&rsquo;informations et d&rsquo;analyses sur la <a href=\"https:\/\/www.africa-press.net\/congo-brazzaville\">Congo Brazzaville<\/a>, suivez <a href=\"https:\/\/www.africa-press.net\/\">Africa-Press<\/a><\/strong><\/p>\n","protected":false},"excerpt":{"rendered":"<p>Africa-Press &#8211; Congo Brazzaville. Le lancement des activite\u0301s pratiques de la bibliothe\u0300que par le repre\u0301sentant de l\u2019Organisation mondiale de la sante\u0301 (OMS) au Congo, le Dr Lucien Alexis Manga, a eu lieu le 23 fe\u0301vrier a\u0300 Brazzaville, en pre\u0301sence de l\u2019inspecteur ge\u0301ne\u0301ral de la sante\u0301, le Pr Richard Bileckot. Pour les professionnels de la sante\u0301, [&hellip;]<\/p>\n","protected":false},"author":82,"featured_media":14804,"comment_status":"open","ping_status":"closed","sticky":false,"template":"","format":"standard","meta":{"footnotes":""},"categories":[21,8,10],"tags":[36,47,46],"class_list":["post-14805","post","type-post","status-publish","format-standard","has-post-thumbnail","hentry","category-communaute","category-photo","category-toutes-les-actualites","tag-africa-press","tag-africa-press-congo-brazzaville","tag-congo-brazzaville"],"yoast_head":"<!-- This site is optimized with the Yoast SEO Premium plugin v26.1 (Yoast SEO v27.0) - https:\/\/yoast.com\/product\/yoast-seo-premium-wordpress\/ -->\n<title>Promotion de la recherche : l\u2019OMS inaugure le centre virtuel de documentation et d\u2019information - Congo Brazzaville<\/title>\n<meta name=\"description\" content=\"Le lancement des activite\u0301s pratiques de la bibliothe\u0300que par le repre\u0301sentant de l\u2019Organisation mondiale de la sante ...\" \/>\n<meta name=\"robots\" content=\"index, follow, max-snippet:-1, max-image-preview:large, max-video-preview:-1\" \/>\n<link rel=\"canonical\" href=\"https:\/\/www.africa-press.net\/congo-brazzaville\/photo\/promotion-de-la-recherche-loms-inaugure-le-centre-virtuel-de-documentation-et-dinformation\" \/>\n<meta property=\"og:locale\" content=\"fr_FR\" \/>\n<meta property=\"og:type\" content=\"article\" \/>\n<meta property=\"og:title\" content=\"Promotion de la recherche : l\u2019OMS inaugure le centre virtuel de documentation et d\u2019information\" \/>\n<meta property=\"og:description\" content=\"Le lancement des activite\u0301s pratiques de la bibliothe\u0300que par le repre\u0301sentant de l\u2019Organisation mondiale de la sante ...\" \/>\n<meta property=\"og:url\" content=\"https:\/\/www.africa-press.net\/congo-brazzaville\/photo\/promotion-de-la-recherche-loms-inaugure-le-centre-virtuel-de-documentation-et-dinformation\" \/>\n<meta property=\"og:site_name\" content=\"Congo Brazzaville\" \/>\n<meta property=\"article:published_time\" content=\"2023-02-23T19:03:14+00:00\" \/>\n<meta property=\"article:modified_time\" content=\"2023-02-23T19:37:13+00:00\" \/>\n<meta property=\"og:image\" content=\"https:\/\/static.africa-press.net\/congo-brazzaville\/sites\/51\/2023\/02\/postQueueImg_1677166400.98.jpg\" \/>\n\t<meta property=\"og:image:width\" content=\"1536\" \/>\n\t<meta property=\"og:image:height\" content=\"768\" \/>\n\t<meta property=\"og:image:type\" content=\"image\/jpeg\" \/>\n<meta name=\"author\" content=\"cfeditorfr\" \/>\n<meta name=\"twitter:card\" content=\"summary_large_image\" \/>\n<meta name=\"twitter:label1\" content=\"\u00c9crit par\" \/>\n\t<meta name=\"twitter:data1\" content=\"cfeditorfr\" \/>\n\t<meta name=\"twitter:label2\" content=\"Dur\u00e9e de lecture estim\u00e9e\" \/>\n\t<meta name=\"twitter:data2\" content=\"3 minutes\" \/>\n<script type=\"application\/ld+json\" class=\"yoast-schema-graph\">{\"@context\":\"https:\/\/schema.org\",\"@graph\":[{\"@type\":\"Article\",\"@id\":\"https:\/\/www.africa-press.net\/congo-brazzaville\/photo\/promotion-de-la-recherche-loms-inaugure-le-centre-virtuel-de-documentation-et-dinformation#article\",\"isPartOf\":{\"@id\":\"https:\/\/www.africa-press.net\/congo-brazzaville\/photo\/promotion-de-la-recherche-loms-inaugure-le-centre-virtuel-de-documentation-et-dinformation\"},\"author\":{\"name\":\"cfeditorfr\",\"@id\":\"https:\/\/www.africa-press.net\/congo-brazzaville\/#\/schema\/person\/2b1cf3cd81a31e3cd26889ca66d677f1\"},\"headline\":\"Promotion de la recherche : l\u2019OMS inaugure le centre virtuel de documentation et d\u2019information\",\"datePublished\":\"2023-02-23T19:03:14+00:00\",\"dateModified\":\"2023-02-23T19:37:13+00:00\",\"mainEntityOfPage\":{\"@id\":\"https:\/\/www.africa-press.net\/congo-brazzaville\/photo\/promotion-de-la-recherche-loms-inaugure-le-centre-virtuel-de-documentation-et-dinformation\"},\"wordCount\":623,\"commentCount\":0,\"image\":{\"@id\":\"https:\/\/www.africa-press.net\/congo-brazzaville\/photo\/promotion-de-la-recherche-loms-inaugure-le-centre-virtuel-de-documentation-et-dinformation#primaryimage\"},\"thumbnailUrl\":\"https:\/\/static.africa-press.net\/congo-brazzaville\/sites\/51\/2023\/02\/postQueueImg_1677166400.98.jpg\",\"keywords\":[\"Africa Press\",\"Africa Press-Congo Brazzaville\",\"Congo Brazzaville\"],\"articleSection\":[\"Communaut\u00e9\",\"Photo\",\"Toutes les actualit\u00e9s\"],\"inLanguage\":\"fr-FR\",\"potentialAction\":[{\"@type\":\"CommentAction\",\"name\":\"Comment\",\"target\":[\"https:\/\/www.africa-press.net\/congo-brazzaville\/photo\/promotion-de-la-recherche-loms-inaugure-le-centre-virtuel-de-documentation-et-dinformation#respond\"]}]},{\"@type\":\"WebPage\",\"@id\":\"https:\/\/www.africa-press.net\/congo-brazzaville\/photo\/promotion-de-la-recherche-loms-inaugure-le-centre-virtuel-de-documentation-et-dinformation\",\"url\":\"https:\/\/www.africa-press.net\/congo-brazzaville\/photo\/promotion-de-la-recherche-loms-inaugure-le-centre-virtuel-de-documentation-et-dinformation\",\"name\":\"Promotion de la recherche : l\u2019OMS inaugure le centre virtuel de documentation et d\u2019information - Congo Brazzaville\",\"isPartOf\":{\"@id\":\"https:\/\/www.africa-press.net\/congo-brazzaville\/#website\"},\"primaryImageOfPage\":{\"@id\":\"https:\/\/www.africa-press.net\/congo-brazzaville\/photo\/promotion-de-la-recherche-loms-inaugure-le-centre-virtuel-de-documentation-et-dinformation#primaryimage\"},\"image\":{\"@id\":\"https:\/\/www.africa-press.net\/congo-brazzaville\/photo\/promotion-de-la-recherche-loms-inaugure-le-centre-virtuel-de-documentation-et-dinformation#primaryimage\"},\"thumbnailUrl\":\"https:\/\/static.africa-press.net\/congo-brazzaville\/sites\/51\/2023\/02\/postQueueImg_1677166400.98.jpg\",\"datePublished\":\"2023-02-23T19:03:14+00:00\",\"dateModified\":\"2023-02-23T19:37:13+00:00\",\"author\":{\"@id\":\"https:\/\/www.africa-press.net\/congo-brazzaville\/#\/schema\/person\/2b1cf3cd81a31e3cd26889ca66d677f1\"},\"description\":\"Le lancement des activite\u0301s pratiques de la bibliothe\u0300que par le repre\u0301sentant de l\u2019Organisation mondiale de la sante ...\",\"breadcrumb\":{\"@id\":\"https:\/\/www.africa-press.net\/congo-brazzaville\/photo\/promotion-de-la-recherche-loms-inaugure-le-centre-virtuel-de-documentation-et-dinformation#breadcrumb\"},\"inLanguage\":\"fr-FR\",\"potentialAction\":[{\"@type\":\"ReadAction\",\"target\":[\"https:\/\/www.africa-press.net\/congo-brazzaville\/photo\/promotion-de-la-recherche-loms-inaugure-le-centre-virtuel-de-documentation-et-dinformation\"]}]},{\"@type\":\"ImageObject\",\"inLanguage\":\"fr-FR\",\"@id\":\"https:\/\/www.africa-press.net\/congo-brazzaville\/photo\/promotion-de-la-recherche-loms-inaugure-le-centre-virtuel-de-documentation-et-dinformation#primaryimage\",\"url\":\"https:\/\/static.africa-press.net\/congo-brazzaville\/sites\/51\/2023\/02\/postQueueImg_1677166400.98.jpg\",\"contentUrl\":\"https:\/\/static.africa-press.net\/congo-brazzaville\/sites\/51\/2023\/02\/postQueueImg_1677166400.98.jpg\",\"width\":1536,\"height\":768,\"caption\":\"Promotion de la recherche : l\u2019OMS inaugure le centre virtuel de documentation et d\u2019information\"},{\"@type\":\"BreadcrumbList\",\"@id\":\"https:\/\/www.africa-press.net\/congo-brazzaville\/photo\/promotion-de-la-recherche-loms-inaugure-le-centre-virtuel-de-documentation-et-dinformation#breadcrumb\",\"itemListElement\":[{\"@type\":\"ListItem\",\"position\":1,\"name\":\"Accueil\",\"item\":\"https:\/\/www.africa-press.net\/congo-brazzaville\/\"},{\"@type\":\"ListItem\",\"position\":2,\"name\":\"Promotion de la recherche : l\u2019OMS inaugure le centre virtuel de documentation et d\u2019information\"}]},{\"@type\":\"WebSite\",\"@id\":\"https:\/\/www.africa-press.net\/congo-brazzaville\/#website\",\"url\":\"https:\/\/www.africa-press.net\/congo-brazzaville\/\",\"name\":\"Congo Brazzaville\",\"description\":\"Just another Africa News Agency Sites site\",\"potentialAction\":[{\"@type\":\"SearchAction\",\"target\":{\"@type\":\"EntryPoint\",\"urlTemplate\":\"https:\/\/www.africa-press.net\/congo-brazzaville\/?s={search_term_string}\"},\"query-input\":{\"@type\":\"PropertyValueSpecification\",\"valueRequired\":true,\"valueName\":\"search_term_string\"}}],\"inLanguage\":\"fr-FR\"},{\"@type\":\"Person\",\"@id\":\"https:\/\/www.africa-press.net\/congo-brazzaville\/#\/schema\/person\/2b1cf3cd81a31e3cd26889ca66d677f1\",\"name\":\"cfeditorfr\"}]}<\/script>\n<!-- \/ Yoast SEO Premium plugin. -->","yoast_head_json":{"title":"Promotion de la recherche : l\u2019OMS inaugure le centre virtuel de documentation et d\u2019information - Congo Brazzaville","description":"Le lancement des activite\u0301s pratiques de la bibliothe\u0300que par le repre\u0301sentant de l\u2019Organisation mondiale de la sante ...","robots":{"index":"index","follow":"follow","max-snippet":"max-snippet:-1","max-image-preview":"max-image-preview:large","max-video-preview":"max-video-preview:-1"},"canonical":"https:\/\/www.africa-press.net\/congo-brazzaville\/photo\/promotion-de-la-recherche-loms-inaugure-le-centre-virtuel-de-documentation-et-dinformation","og_locale":"fr_FR","og_type":"article","og_title":"Promotion de la recherche : l\u2019OMS inaugure le centre virtuel de documentation et d\u2019information","og_description":"Le lancement des activite\u0301s pratiques de la bibliothe\u0300que par le repre\u0301sentant de l\u2019Organisation mondiale de la sante ...","og_url":"https:\/\/www.africa-press.net\/congo-brazzaville\/photo\/promotion-de-la-recherche-loms-inaugure-le-centre-virtuel-de-documentation-et-dinformation","og_site_name":"Congo Brazzaville","article_published_time":"2023-02-23T19:03:14+00:00","article_modified_time":"2023-02-23T19:37:13+00:00","og_image":[{"width":1536,"height":768,"url":"https:\/\/static.africa-press.net\/congo-brazzaville\/sites\/51\/2023\/02\/postQueueImg_1677166400.98.jpg","type":"image\/jpeg"}],"author":"cfeditorfr","twitter_card":"summary_large_image","twitter_misc":{"\u00c9crit par":"cfeditorfr","Dur\u00e9e de lecture estim\u00e9e":"3 minutes"},"schema":{"@context":"https:\/\/schema.org","@graph":[{"@type":"Article","@id":"https:\/\/www.africa-press.net\/congo-brazzaville\/photo\/promotion-de-la-recherche-loms-inaugure-le-centre-virtuel-de-documentation-et-dinformation#article","isPartOf":{"@id":"https:\/\/www.africa-press.net\/congo-brazzaville\/photo\/promotion-de-la-recherche-loms-inaugure-le-centre-virtuel-de-documentation-et-dinformation"},"author":{"name":"cfeditorfr","@id":"https:\/\/www.africa-press.net\/congo-brazzaville\/#\/schema\/person\/2b1cf3cd81a31e3cd26889ca66d677f1"},"headline":"Promotion de la recherche : l\u2019OMS inaugure le centre virtuel de documentation et d\u2019information","datePublished":"2023-02-23T19:03:14+00:00","dateModified":"2023-02-23T19:37:13+00:00","mainEntityOfPage":{"@id":"https:\/\/www.africa-press.net\/congo-brazzaville\/photo\/promotion-de-la-recherche-loms-inaugure-le-centre-virtuel-de-documentation-et-dinformation"},"wordCount":623,"commentCount":0,"image":{"@id":"https:\/\/www.africa-press.net\/congo-brazzaville\/photo\/promotion-de-la-recherche-loms-inaugure-le-centre-virtuel-de-documentation-et-dinformation#primaryimage"},"thumbnailUrl":"https:\/\/static.africa-press.net\/congo-brazzaville\/sites\/51\/2023\/02\/postQueueImg_1677166400.98.jpg","keywords":["Africa Press","Africa Press-Congo Brazzaville","Congo Brazzaville"],"articleSection":["Communaut\u00e9","Photo","Toutes les actualit\u00e9s"],"inLanguage":"fr-FR","potentialAction":[{"@type":"CommentAction","name":"Comment","target":["https:\/\/www.africa-press.net\/congo-brazzaville\/photo\/promotion-de-la-recherche-loms-inaugure-le-centre-virtuel-de-documentation-et-dinformation#respond"]}]},{"@type":"WebPage","@id":"https:\/\/www.africa-press.net\/congo-brazzaville\/photo\/promotion-de-la-recherche-loms-inaugure-le-centre-virtuel-de-documentation-et-dinformation","url":"https:\/\/www.africa-press.net\/congo-brazzaville\/photo\/promotion-de-la-recherche-loms-inaugure-le-centre-virtuel-de-documentation-et-dinformation","name":"Promotion de la recherche : l\u2019OMS inaugure le centre virtuel de documentation et d\u2019information - Congo Brazzaville","isPartOf":{"@id":"https:\/\/www.africa-press.net\/congo-brazzaville\/#website"},"primaryImageOfPage":{"@id":"https:\/\/www.africa-press.net\/congo-brazzaville\/photo\/promotion-de-la-recherche-loms-inaugure-le-centre-virtuel-de-documentation-et-dinformation#primaryimage"},"image":{"@id":"https:\/\/www.africa-press.net\/congo-brazzaville\/photo\/promotion-de-la-recherche-loms-inaugure-le-centre-virtuel-de-documentation-et-dinformation#primaryimage"},"thumbnailUrl":"https:\/\/static.africa-press.net\/congo-brazzaville\/sites\/51\/2023\/02\/postQueueImg_1677166400.98.jpg","datePublished":"2023-02-23T19:03:14+00:00","dateModified":"2023-02-23T19:37:13+00:00","author":{"@id":"https:\/\/www.africa-press.net\/congo-brazzaville\/#\/schema\/person\/2b1cf3cd81a31e3cd26889ca66d677f1"},"description":"Le lancement des activite\u0301s pratiques de la bibliothe\u0300que par le repre\u0301sentant de l\u2019Organisation mondiale de la sante ...","breadcrumb":{"@id":"https:\/\/www.africa-press.net\/congo-brazzaville\/photo\/promotion-de-la-recherche-loms-inaugure-le-centre-virtuel-de-documentation-et-dinformation#breadcrumb"},"inLanguage":"fr-FR","potentialAction":[{"@type":"ReadAction","target":["https:\/\/www.africa-press.net\/congo-brazzaville\/photo\/promotion-de-la-recherche-loms-inaugure-le-centre-virtuel-de-documentation-et-dinformation"]}]},{"@type":"ImageObject","inLanguage":"fr-FR","@id":"https:\/\/www.africa-press.net\/congo-brazzaville\/photo\/promotion-de-la-recherche-loms-inaugure-le-centre-virtuel-de-documentation-et-dinformation#primaryimage","url":"https:\/\/static.africa-press.net\/congo-brazzaville\/sites\/51\/2023\/02\/postQueueImg_1677166400.98.jpg","contentUrl":"https:\/\/static.africa-press.net\/congo-brazzaville\/sites\/51\/2023\/02\/postQueueImg_1677166400.98.jpg","width":1536,"height":768,"caption":"Promotion de la recherche : l\u2019OMS inaugure le centre virtuel de documentation et d\u2019information"},{"@type":"BreadcrumbList","@id":"https:\/\/www.africa-press.net\/congo-brazzaville\/photo\/promotion-de-la-recherche-loms-inaugure-le-centre-virtuel-de-documentation-et-dinformation#breadcrumb","itemListElement":[{"@type":"ListItem","position":1,"name":"Accueil","item":"https:\/\/www.africa-press.net\/congo-brazzaville\/"},{"@type":"ListItem","position":2,"name":"Promotion de la recherche : l\u2019OMS inaugure le centre virtuel de documentation et d\u2019information"}]},{"@type":"WebSite","@id":"https:\/\/www.africa-press.net\/congo-brazzaville\/#website","url":"https:\/\/www.africa-press.net\/congo-brazzaville\/","name":"Congo Brazzaville","description":"Just another Africa News Agency Sites site","potentialAction":[{"@type":"SearchAction","target":{"@type":"EntryPoint","urlTemplate":"https:\/\/www.africa-press.net\/congo-brazzaville\/?s={search_term_string}"},"query-input":{"@type":"PropertyValueSpecification","valueRequired":true,"valueName":"search_term_string"}}],"inLanguage":"fr-FR"},{"@type":"Person","@id":"https:\/\/www.africa-press.net\/congo-brazzaville\/#\/schema\/person\/2b1cf3cd81a31e3cd26889ca66d677f1","name":"cfeditorfr"}]}},"_links":{"self":[{"href":"https:\/\/www.africa-press.net\/congo-brazzaville\/wp-json\/wp\/v2\/posts\/14805","targetHints":{"allow":["GET"]}}],"collection":[{"href":"https:\/\/www.africa-press.net\/congo-brazzaville\/wp-json\/wp\/v2\/posts"}],"about":[{"href":"https:\/\/www.africa-press.net\/congo-brazzaville\/wp-json\/wp\/v2\/types\/post"}],"author":[{"embeddable":true,"href":"https:\/\/www.africa-press.net\/congo-brazzaville\/wp-json\/wp\/v2\/users\/82"}],"replies":[{"embeddable":true,"href":"https:\/\/www.africa-press.net\/congo-brazzaville\/wp-json\/wp\/v2\/comments?post=14805"}],"version-history":[{"count":0,"href":"https:\/\/www.africa-press.net\/congo-brazzaville\/wp-json\/wp\/v2\/posts\/14805\/revisions"}],"wp:featuredmedia":[{"embeddable":true,"href":"https:\/\/www.africa-press.net\/congo-brazzaville\/wp-json\/wp\/v2\/media\/14804"}],"wp:attachment":[{"href":"https:\/\/www.africa-press.net\/congo-brazzaville\/wp-json\/wp\/v2\/media?parent=14805"}],"wp:term":[{"taxonomy":"category","embeddable":true,"href":"https:\/\/www.africa-press.net\/congo-brazzaville\/wp-json\/wp\/v2\/categories?post=14805"},{"taxonomy":"post_tag","embeddable":true,"href":"https:\/\/www.africa-press.net\/congo-brazzaville\/wp-json\/wp\/v2\/tags?post=14805"}],"curies":[{"name":"wp","href":"https:\/\/api.w.org\/{rel}","templated":true}]}}