{"id":14807,"date":"2023-02-23T19:03:29","date_gmt":"2023-02-23T19:03:29","guid":{"rendered":"https:\/\/www.africa-press.net\/congo-brazzaville\/politique\/made-in-congo-plus-dune-trentaine-dartisans-se-donnent-rendez-vous-au-festival-jcc"},"modified":"2023-02-23T19:37:38","modified_gmt":"2023-02-23T19:37:38","slug":"made-in-congo-plus-dune-trentaine-dartisans-se-donnent-rendez-vous-au-festival-jcc","status":"publish","type":"post","link":"https:\/\/www.africa-press.net\/congo-brazzaville\/culture-et-art\/made-in-congo-plus-dune-trentaine-dartisans-se-donnent-rendez-vous-au-festival-jcc","title":{"rendered":"Made in Congo : plus d\u2019une trentaine d\u2019artisans se donnent rendez-vous au festival JCC"},"content":{"rendered":"<p><span style=\"color: #ff6600\"><strong>Africa-Press &#8211; Congo Brazzaville. <\/strong><\/span><b>De\u0301couvrir et promouvoir les produits made in Congo dans toutes leurs diversite\u0301s, tel est l\u2019enjeux de la premie\u0300re e\u0301dition du festival \u00ab\u00a0Je consomme congolais (JCC)\u00a0\u00bb qui se tiendra du 2 au 4 mars prochain a\u0300 l\u2019ho\u0302tel Saphir, a\u0300 Brazzaville, et qui mettra en orbite le savoir-faire de plus d\u2019une trentaine d\u2019artisans et entrepreneurs locaux.<\/b><\/p>\n<p>Pour sa premie\u0300re e\u0301dition, le JCC compte mettre en lumie\u0300re la femme entrepreneure. D\u2019ou\u0300 le the\u0300me \u00ab Le Congo d\u2019abord, les femmes d\u2019abord \u00bb, porte\u0301 par trois e\u0301ge\u0301ries officielles, des femmes talentueuses et brillantes, a\u0300 savoir Mariusca Moukengue, artiste slameuse ; Tressie Nahou, maquilleuse et coiffeuse ; Edouarda Diayoka, cre\u0301atrice de mode. Exposition des talents, produits et services made in Congo, confe\u0301rences et ce\u0301re\u0301monie de remise de trophe\u0301e sont, entre autres, les principales activite\u0301s qui rythmeront ce grand rendez-vous qui vise a\u0300 changer les mentalite\u0301s des Congolais, longtemps attire\u0301s par les produits venant d\u2019ailleurs. Ainsi, durant trois jours, le public brazzavillois pourra de\u0301couvrir une gamme varie\u0301e de produits fabrique\u0301s par les Congolais, au Congo et pour sa population locale.<\/p>\n<p>Parmi les exposants, on retrouvera Mira Loussi et sa marque de ve\u0302tement Jolie congolaise ; Ste\u0301phanie et Bijou, stylistes et promotrices de la marque de pre\u0302t-a\u0300-porter en pagne \u00ab Giants \u00bb ; Paola Belvie, promotrice de la marque de jus et compotes de fruit \u00ab Les de\u0301lices de Joyce \u00bb ; Julie Massembo de la marque de produits alimentaires pour enfants Ayeli ; Carole Marina et sa marque Rina\u2019s chips ; Lyse Emilia Batantou, promotrice de la marque de sauce tomate Ma\u0302ma Lhyia ; etc. A co\u0302te\u0301 de ces talents fe\u0301minins, il y aura e\u0301galement la gent masculine avec Dianzenza Diazabakana et sa marque de meubles d\u2019inte\u0301rieur en fer (salons, chaises, tables, barbecues, lits&#8230;) ; Marc-Aurelle Mbouaboubounou, architecte d\u2019inte\u0301rieur ; Aton&rsquo;Service, une socie\u0301te\u0301 de conciergerie a\u0300 Brazzaville ; Ernest Gamba et sa marque de mayonnaise congolaise, fruit de la coope\u0301rative Le\u0301oda, base\u0301e a\u0300 Boko ; et biens d\u2019autres.<\/p>\n<p>Le festival \u00ab Je consomme Congolais \u00bb est une initiative de Rama Aba Gandzion, spe\u0301cialiste en communication, correspondant Bblack Africa, producteur et pre\u0301sentateur. A travers ce rendez-vous, il souhaite promouvoir l\u2019entrepreneuriat, l\u2019innovation et le de\u0301veloppement durable. \u00ab Derrie\u0300re le concept \u00ab\u00a0Je consomme congolais\u00a0\u00bb se cache juste une question de logique et de bon sens. Partout dans le monde, ce sont les industriels et les industries qui cre\u0301ent des emplois de masse et qui dit emploi de masse dit cre\u0301ation de richesse, croissance et re\u0301duction de la pauvrete\u0301. Ensuite, quand on poursuit l\u2019observation, on constate qu\u2019aucun pays dans le monde n\u2019est devenu puissant sans soutenir la production et son tissu industriel local. Acheter et consommer congolais, c\u2019est cre\u0301er des emplois \u00bb, confiait-il au magazine \u00ab\u00a0Univers d\u2019entrepreneurs\u00a0\u00bb.<\/p>\n<p><strong>Pour plus d&rsquo;informations et d&rsquo;analyses sur la <a href=\"https:\/\/www.africa-press.net\/congo-brazzaville\">Congo Brazzaville<\/a>, suivez <a href=\"https:\/\/www.africa-press.net\/\">Africa-Press<\/a><\/strong><\/p>\n","protected":false},"excerpt":{"rendered":"<p>Africa-Press &#8211; Congo Brazzaville. De\u0301couvrir et promouvoir les produits made in Congo dans toutes leurs diversite\u0301s, tel est l\u2019enjeux de la premie\u0300re e\u0301dition du festival \u00ab\u00a0Je consomme congolais (JCC)\u00a0\u00bb qui se tiendra du 2 au 4 mars prochain a\u0300 l\u2019ho\u0302tel Saphir, a\u0300 Brazzaville, et qui mettra en orbite le savoir-faire de plus d\u2019une trentaine d\u2019artisans [&hellip;]<\/p>\n","protected":false},"author":82,"featured_media":14806,"comment_status":"open","ping_status":"closed","sticky":false,"template":"","format":"standard","meta":{"footnotes":""},"categories":[5,10],"tags":[36,47,46],"class_list":["post-14807","post","type-post","status-publish","format-standard","has-post-thumbnail","hentry","category-culture-et-art","category-toutes-les-actualites","tag-africa-press","tag-africa-press-congo-brazzaville","tag-congo-brazzaville"],"yoast_head":"<!-- This site is optimized with the Yoast SEO Premium plugin v26.1 (Yoast SEO v27.0) - https:\/\/yoast.com\/product\/yoast-seo-premium-wordpress\/ -->\n<title>Made in Congo : plus d\u2019une trentaine d\u2019artisans se donnent rendez-vous au festival JCC - Congo Brazzaville<\/title>\n<meta name=\"description\" content=\"De\u0301couvrir et promouvoir les produits made in Congo dans toutes leurs diversite\u0301s, tel est l\u2019enjeux de la premie\u0300re e ...\" \/>\n<meta name=\"robots\" content=\"index, follow, max-snippet:-1, max-image-preview:large, max-video-preview:-1\" \/>\n<link rel=\"canonical\" href=\"https:\/\/www.africa-press.net\/congo-brazzaville\/culture-et-art\/made-in-congo-plus-dune-trentaine-dartisans-se-donnent-rendez-vous-au-festival-jcc\" \/>\n<meta property=\"og:locale\" content=\"fr_FR\" \/>\n<meta property=\"og:type\" content=\"article\" \/>\n<meta property=\"og:title\" content=\"Made in Congo : plus d\u2019une trentaine d\u2019artisans se donnent rendez-vous au festival JCC\" \/>\n<meta property=\"og:description\" content=\"De\u0301couvrir et promouvoir les produits made in Congo dans toutes leurs diversite\u0301s, tel est l\u2019enjeux de la premie\u0300re e ...\" \/>\n<meta property=\"og:url\" content=\"https:\/\/www.africa-press.net\/congo-brazzaville\/culture-et-art\/made-in-congo-plus-dune-trentaine-dartisans-se-donnent-rendez-vous-au-festival-jcc\" \/>\n<meta property=\"og:site_name\" content=\"Congo Brazzaville\" \/>\n<meta property=\"article:published_time\" content=\"2023-02-23T19:03:29+00:00\" \/>\n<meta property=\"article:modified_time\" content=\"2023-02-23T19:37:38+00:00\" \/>\n<meta property=\"og:image\" content=\"https:\/\/static.africa-press.net\/congo-brazzaville\/sites\/51\/2023\/02\/postQueueImg_1677166413.22.jpg\" \/>\n\t<meta property=\"og:image:width\" content=\"1440\" \/>\n\t<meta property=\"og:image:height\" content=\"1018\" \/>\n\t<meta property=\"og:image:type\" content=\"image\/jpeg\" \/>\n<meta name=\"author\" content=\"cfeditorfr\" \/>\n<meta name=\"twitter:card\" content=\"summary_large_image\" \/>\n<meta name=\"twitter:label1\" content=\"\u00c9crit par\" \/>\n\t<meta name=\"twitter:data1\" content=\"cfeditorfr\" \/>\n\t<meta name=\"twitter:label2\" content=\"Dur\u00e9e de lecture estim\u00e9e\" \/>\n\t<meta name=\"twitter:data2\" content=\"3 minutes\" \/>\n<script type=\"application\/ld+json\" class=\"yoast-schema-graph\">{\"@context\":\"https:\/\/schema.org\",\"@graph\":[{\"@type\":\"Article\",\"@id\":\"https:\/\/www.africa-press.net\/congo-brazzaville\/culture-et-art\/made-in-congo-plus-dune-trentaine-dartisans-se-donnent-rendez-vous-au-festival-jcc#article\",\"isPartOf\":{\"@id\":\"https:\/\/www.africa-press.net\/congo-brazzaville\/culture-et-art\/made-in-congo-plus-dune-trentaine-dartisans-se-donnent-rendez-vous-au-festival-jcc\"},\"author\":{\"name\":\"cfeditorfr\",\"@id\":\"https:\/\/www.africa-press.net\/congo-brazzaville\/#\/schema\/person\/2b1cf3cd81a31e3cd26889ca66d677f1\"},\"headline\":\"Made in Congo : plus d\u2019une trentaine d\u2019artisans se donnent rendez-vous au festival JCC\",\"datePublished\":\"2023-02-23T19:03:29+00:00\",\"dateModified\":\"2023-02-23T19:37:38+00:00\",\"mainEntityOfPage\":{\"@id\":\"https:\/\/www.africa-press.net\/congo-brazzaville\/culture-et-art\/made-in-congo-plus-dune-trentaine-dartisans-se-donnent-rendez-vous-au-festival-jcc\"},\"wordCount\":519,\"commentCount\":0,\"image\":{\"@id\":\"https:\/\/www.africa-press.net\/congo-brazzaville\/culture-et-art\/made-in-congo-plus-dune-trentaine-dartisans-se-donnent-rendez-vous-au-festival-jcc#primaryimage\"},\"thumbnailUrl\":\"https:\/\/static.africa-press.net\/congo-brazzaville\/sites\/51\/2023\/02\/postQueueImg_1677166413.22.jpg\",\"keywords\":[\"Africa Press\",\"Africa Press-Congo Brazzaville\",\"Congo Brazzaville\"],\"articleSection\":[\"Culture et Art\",\"Toutes les actualit\u00e9s\"],\"inLanguage\":\"fr-FR\",\"potentialAction\":[{\"@type\":\"CommentAction\",\"name\":\"Comment\",\"target\":[\"https:\/\/www.africa-press.net\/congo-brazzaville\/culture-et-art\/made-in-congo-plus-dune-trentaine-dartisans-se-donnent-rendez-vous-au-festival-jcc#respond\"]}]},{\"@type\":\"WebPage\",\"@id\":\"https:\/\/www.africa-press.net\/congo-brazzaville\/culture-et-art\/made-in-congo-plus-dune-trentaine-dartisans-se-donnent-rendez-vous-au-festival-jcc\",\"url\":\"https:\/\/www.africa-press.net\/congo-brazzaville\/culture-et-art\/made-in-congo-plus-dune-trentaine-dartisans-se-donnent-rendez-vous-au-festival-jcc\",\"name\":\"Made in Congo : plus d\u2019une trentaine d\u2019artisans se donnent rendez-vous au festival JCC - Congo Brazzaville\",\"isPartOf\":{\"@id\":\"https:\/\/www.africa-press.net\/congo-brazzaville\/#website\"},\"primaryImageOfPage\":{\"@id\":\"https:\/\/www.africa-press.net\/congo-brazzaville\/culture-et-art\/made-in-congo-plus-dune-trentaine-dartisans-se-donnent-rendez-vous-au-festival-jcc#primaryimage\"},\"image\":{\"@id\":\"https:\/\/www.africa-press.net\/congo-brazzaville\/culture-et-art\/made-in-congo-plus-dune-trentaine-dartisans-se-donnent-rendez-vous-au-festival-jcc#primaryimage\"},\"thumbnailUrl\":\"https:\/\/static.africa-press.net\/congo-brazzaville\/sites\/51\/2023\/02\/postQueueImg_1677166413.22.jpg\",\"datePublished\":\"2023-02-23T19:03:29+00:00\",\"dateModified\":\"2023-02-23T19:37:38+00:00\",\"author\":{\"@id\":\"https:\/\/www.africa-press.net\/congo-brazzaville\/#\/schema\/person\/2b1cf3cd81a31e3cd26889ca66d677f1\"},\"description\":\"De\u0301couvrir et promouvoir les produits made in Congo dans toutes leurs diversite\u0301s, tel est l\u2019enjeux de la premie\u0300re e ...\",\"breadcrumb\":{\"@id\":\"https:\/\/www.africa-press.net\/congo-brazzaville\/culture-et-art\/made-in-congo-plus-dune-trentaine-dartisans-se-donnent-rendez-vous-au-festival-jcc#breadcrumb\"},\"inLanguage\":\"fr-FR\",\"potentialAction\":[{\"@type\":\"ReadAction\",\"target\":[\"https:\/\/www.africa-press.net\/congo-brazzaville\/culture-et-art\/made-in-congo-plus-dune-trentaine-dartisans-se-donnent-rendez-vous-au-festival-jcc\"]}]},{\"@type\":\"ImageObject\",\"inLanguage\":\"fr-FR\",\"@id\":\"https:\/\/www.africa-press.net\/congo-brazzaville\/culture-et-art\/made-in-congo-plus-dune-trentaine-dartisans-se-donnent-rendez-vous-au-festival-jcc#primaryimage\",\"url\":\"https:\/\/static.africa-press.net\/congo-brazzaville\/sites\/51\/2023\/02\/postQueueImg_1677166413.22.jpg\",\"contentUrl\":\"https:\/\/static.africa-press.net\/congo-brazzaville\/sites\/51\/2023\/02\/postQueueImg_1677166413.22.jpg\",\"width\":1440,\"height\":1018,\"caption\":\"Made in Congo : plus d\u2019une trentaine d\u2019artisans se donnent rendez-vous au festival JCC\"},{\"@type\":\"BreadcrumbList\",\"@id\":\"https:\/\/www.africa-press.net\/congo-brazzaville\/culture-et-art\/made-in-congo-plus-dune-trentaine-dartisans-se-donnent-rendez-vous-au-festival-jcc#breadcrumb\",\"itemListElement\":[{\"@type\":\"ListItem\",\"position\":1,\"name\":\"Accueil\",\"item\":\"https:\/\/www.africa-press.net\/congo-brazzaville\/\"},{\"@type\":\"ListItem\",\"position\":2,\"name\":\"Made in Congo : plus d\u2019une trentaine d\u2019artisans se donnent rendez-vous au festival JCC\"}]},{\"@type\":\"WebSite\",\"@id\":\"https:\/\/www.africa-press.net\/congo-brazzaville\/#website\",\"url\":\"https:\/\/www.africa-press.net\/congo-brazzaville\/\",\"name\":\"Congo Brazzaville\",\"description\":\"Just another Africa News Agency Sites site\",\"potentialAction\":[{\"@type\":\"SearchAction\",\"target\":{\"@type\":\"EntryPoint\",\"urlTemplate\":\"https:\/\/www.africa-press.net\/congo-brazzaville\/?s={search_term_string}\"},\"query-input\":{\"@type\":\"PropertyValueSpecification\",\"valueRequired\":true,\"valueName\":\"search_term_string\"}}],\"inLanguage\":\"fr-FR\"},{\"@type\":\"Person\",\"@id\":\"https:\/\/www.africa-press.net\/congo-brazzaville\/#\/schema\/person\/2b1cf3cd81a31e3cd26889ca66d677f1\",\"name\":\"cfeditorfr\"}]}<\/script>\n<!-- \/ Yoast SEO Premium plugin. -->","yoast_head_json":{"title":"Made in Congo : plus d\u2019une trentaine d\u2019artisans se donnent rendez-vous au festival JCC - Congo Brazzaville","description":"De\u0301couvrir et promouvoir les produits made in Congo dans toutes leurs diversite\u0301s, tel est l\u2019enjeux de la premie\u0300re e ...","robots":{"index":"index","follow":"follow","max-snippet":"max-snippet:-1","max-image-preview":"max-image-preview:large","max-video-preview":"max-video-preview:-1"},"canonical":"https:\/\/www.africa-press.net\/congo-brazzaville\/culture-et-art\/made-in-congo-plus-dune-trentaine-dartisans-se-donnent-rendez-vous-au-festival-jcc","og_locale":"fr_FR","og_type":"article","og_title":"Made in Congo : plus d\u2019une trentaine d\u2019artisans se donnent rendez-vous au festival JCC","og_description":"De\u0301couvrir et promouvoir les produits made in Congo dans toutes leurs diversite\u0301s, tel est l\u2019enjeux de la premie\u0300re e ...","og_url":"https:\/\/www.africa-press.net\/congo-brazzaville\/culture-et-art\/made-in-congo-plus-dune-trentaine-dartisans-se-donnent-rendez-vous-au-festival-jcc","og_site_name":"Congo Brazzaville","article_published_time":"2023-02-23T19:03:29+00:00","article_modified_time":"2023-02-23T19:37:38+00:00","og_image":[{"width":1440,"height":1018,"url":"https:\/\/static.africa-press.net\/congo-brazzaville\/sites\/51\/2023\/02\/postQueueImg_1677166413.22.jpg","type":"image\/jpeg"}],"author":"cfeditorfr","twitter_card":"summary_large_image","twitter_misc":{"\u00c9crit par":"cfeditorfr","Dur\u00e9e de lecture estim\u00e9e":"3 minutes"},"schema":{"@context":"https:\/\/schema.org","@graph":[{"@type":"Article","@id":"https:\/\/www.africa-press.net\/congo-brazzaville\/culture-et-art\/made-in-congo-plus-dune-trentaine-dartisans-se-donnent-rendez-vous-au-festival-jcc#article","isPartOf":{"@id":"https:\/\/www.africa-press.net\/congo-brazzaville\/culture-et-art\/made-in-congo-plus-dune-trentaine-dartisans-se-donnent-rendez-vous-au-festival-jcc"},"author":{"name":"cfeditorfr","@id":"https:\/\/www.africa-press.net\/congo-brazzaville\/#\/schema\/person\/2b1cf3cd81a31e3cd26889ca66d677f1"},"headline":"Made in Congo : plus d\u2019une trentaine d\u2019artisans se donnent rendez-vous au festival JCC","datePublished":"2023-02-23T19:03:29+00:00","dateModified":"2023-02-23T19:37:38+00:00","mainEntityOfPage":{"@id":"https:\/\/www.africa-press.net\/congo-brazzaville\/culture-et-art\/made-in-congo-plus-dune-trentaine-dartisans-se-donnent-rendez-vous-au-festival-jcc"},"wordCount":519,"commentCount":0,"image":{"@id":"https:\/\/www.africa-press.net\/congo-brazzaville\/culture-et-art\/made-in-congo-plus-dune-trentaine-dartisans-se-donnent-rendez-vous-au-festival-jcc#primaryimage"},"thumbnailUrl":"https:\/\/static.africa-press.net\/congo-brazzaville\/sites\/51\/2023\/02\/postQueueImg_1677166413.22.jpg","keywords":["Africa Press","Africa Press-Congo Brazzaville","Congo Brazzaville"],"articleSection":["Culture et Art","Toutes les actualit\u00e9s"],"inLanguage":"fr-FR","potentialAction":[{"@type":"CommentAction","name":"Comment","target":["https:\/\/www.africa-press.net\/congo-brazzaville\/culture-et-art\/made-in-congo-plus-dune-trentaine-dartisans-se-donnent-rendez-vous-au-festival-jcc#respond"]}]},{"@type":"WebPage","@id":"https:\/\/www.africa-press.net\/congo-brazzaville\/culture-et-art\/made-in-congo-plus-dune-trentaine-dartisans-se-donnent-rendez-vous-au-festival-jcc","url":"https:\/\/www.africa-press.net\/congo-brazzaville\/culture-et-art\/made-in-congo-plus-dune-trentaine-dartisans-se-donnent-rendez-vous-au-festival-jcc","name":"Made in Congo : plus d\u2019une trentaine d\u2019artisans se donnent rendez-vous au festival JCC - Congo Brazzaville","isPartOf":{"@id":"https:\/\/www.africa-press.net\/congo-brazzaville\/#website"},"primaryImageOfPage":{"@id":"https:\/\/www.africa-press.net\/congo-brazzaville\/culture-et-art\/made-in-congo-plus-dune-trentaine-dartisans-se-donnent-rendez-vous-au-festival-jcc#primaryimage"},"image":{"@id":"https:\/\/www.africa-press.net\/congo-brazzaville\/culture-et-art\/made-in-congo-plus-dune-trentaine-dartisans-se-donnent-rendez-vous-au-festival-jcc#primaryimage"},"thumbnailUrl":"https:\/\/static.africa-press.net\/congo-brazzaville\/sites\/51\/2023\/02\/postQueueImg_1677166413.22.jpg","datePublished":"2023-02-23T19:03:29+00:00","dateModified":"2023-02-23T19:37:38+00:00","author":{"@id":"https:\/\/www.africa-press.net\/congo-brazzaville\/#\/schema\/person\/2b1cf3cd81a31e3cd26889ca66d677f1"},"description":"De\u0301couvrir et promouvoir les produits made in Congo dans toutes leurs diversite\u0301s, tel est l\u2019enjeux de la premie\u0300re e ...","breadcrumb":{"@id":"https:\/\/www.africa-press.net\/congo-brazzaville\/culture-et-art\/made-in-congo-plus-dune-trentaine-dartisans-se-donnent-rendez-vous-au-festival-jcc#breadcrumb"},"inLanguage":"fr-FR","potentialAction":[{"@type":"ReadAction","target":["https:\/\/www.africa-press.net\/congo-brazzaville\/culture-et-art\/made-in-congo-plus-dune-trentaine-dartisans-se-donnent-rendez-vous-au-festival-jcc"]}]},{"@type":"ImageObject","inLanguage":"fr-FR","@id":"https:\/\/www.africa-press.net\/congo-brazzaville\/culture-et-art\/made-in-congo-plus-dune-trentaine-dartisans-se-donnent-rendez-vous-au-festival-jcc#primaryimage","url":"https:\/\/static.africa-press.net\/congo-brazzaville\/sites\/51\/2023\/02\/postQueueImg_1677166413.22.jpg","contentUrl":"https:\/\/static.africa-press.net\/congo-brazzaville\/sites\/51\/2023\/02\/postQueueImg_1677166413.22.jpg","width":1440,"height":1018,"caption":"Made in Congo : plus d\u2019une trentaine d\u2019artisans se donnent rendez-vous au festival JCC"},{"@type":"BreadcrumbList","@id":"https:\/\/www.africa-press.net\/congo-brazzaville\/culture-et-art\/made-in-congo-plus-dune-trentaine-dartisans-se-donnent-rendez-vous-au-festival-jcc#breadcrumb","itemListElement":[{"@type":"ListItem","position":1,"name":"Accueil","item":"https:\/\/www.africa-press.net\/congo-brazzaville\/"},{"@type":"ListItem","position":2,"name":"Made in Congo : plus d\u2019une trentaine d\u2019artisans se donnent rendez-vous au festival JCC"}]},{"@type":"WebSite","@id":"https:\/\/www.africa-press.net\/congo-brazzaville\/#website","url":"https:\/\/www.africa-press.net\/congo-brazzaville\/","name":"Congo Brazzaville","description":"Just another Africa News Agency Sites site","potentialAction":[{"@type":"SearchAction","target":{"@type":"EntryPoint","urlTemplate":"https:\/\/www.africa-press.net\/congo-brazzaville\/?s={search_term_string}"},"query-input":{"@type":"PropertyValueSpecification","valueRequired":true,"valueName":"search_term_string"}}],"inLanguage":"fr-FR"},{"@type":"Person","@id":"https:\/\/www.africa-press.net\/congo-brazzaville\/#\/schema\/person\/2b1cf3cd81a31e3cd26889ca66d677f1","name":"cfeditorfr"}]}},"_links":{"self":[{"href":"https:\/\/www.africa-press.net\/congo-brazzaville\/wp-json\/wp\/v2\/posts\/14807","targetHints":{"allow":["GET"]}}],"collection":[{"href":"https:\/\/www.africa-press.net\/congo-brazzaville\/wp-json\/wp\/v2\/posts"}],"about":[{"href":"https:\/\/www.africa-press.net\/congo-brazzaville\/wp-json\/wp\/v2\/types\/post"}],"author":[{"embeddable":true,"href":"https:\/\/www.africa-press.net\/congo-brazzaville\/wp-json\/wp\/v2\/users\/82"}],"replies":[{"embeddable":true,"href":"https:\/\/www.africa-press.net\/congo-brazzaville\/wp-json\/wp\/v2\/comments?post=14807"}],"version-history":[{"count":0,"href":"https:\/\/www.africa-press.net\/congo-brazzaville\/wp-json\/wp\/v2\/posts\/14807\/revisions"}],"wp:featuredmedia":[{"embeddable":true,"href":"https:\/\/www.africa-press.net\/congo-brazzaville\/wp-json\/wp\/v2\/media\/14806"}],"wp:attachment":[{"href":"https:\/\/www.africa-press.net\/congo-brazzaville\/wp-json\/wp\/v2\/media?parent=14807"}],"wp:term":[{"taxonomy":"category","embeddable":true,"href":"https:\/\/www.africa-press.net\/congo-brazzaville\/wp-json\/wp\/v2\/categories?post=14807"},{"taxonomy":"post_tag","embeddable":true,"href":"https:\/\/www.africa-press.net\/congo-brazzaville\/wp-json\/wp\/v2\/tags?post=14807"}],"curies":[{"name":"wp","href":"https:\/\/api.w.org\/{rel}","templated":true}]}}