{"id":14811,"date":"2023-02-23T19:03:46","date_gmt":"2023-02-23T19:03:46","guid":{"rendered":"https:\/\/www.africa-press.net\/congo-brazzaville\/politique\/journee-internationale-de-la-langue-maternelle-des-brazzavillois-edifies-sur-la-valorisation-des-langues"},"modified":"2023-02-23T19:38:03","modified_gmt":"2023-02-23T19:38:03","slug":"journee-internationale-de-la-langue-maternelle-des-brazzavillois-edifies-sur-la-valorisation-des-langues","status":"publish","type":"post","link":"https:\/\/www.africa-press.net\/congo-brazzaville\/photo\/journee-internationale-de-la-langue-maternelle-des-brazzavillois-edifies-sur-la-valorisation-des-langues","title":{"rendered":"Journ\u00e9e internationale de la langue maternelle : des Brazzavillois \u00e9difi\u00e9s sur la valorisation des langues"},"content":{"rendered":"<p><span style=\"color: #ff6600\"><strong>Africa-Press &#8211; Congo Brazzaville. <\/strong><\/span><b>L\u2019association Bantu culture, que pre\u0301side<\/b> <b>Cherel Otsamigui, en partenariat avec le Centre culturel Zola, a organise\u0301, le 21 fe\u0301vrier a\u0300 Brazzaville, une confe\u0301rence-de\u0301bat sur le the\u0300me \u00ab Les langues maternelles en danger au Congo \u00bb, a\u0300 l\u2019occasion de la ce\u0301le\u0301bration de la Journe\u0301e internationale de la langue maternelle dans le monde. Cette ce\u0301re\u0301monie marque la troisie\u0300me e\u0301dition au niveau de cette association.<\/b><\/p>\n<p>Afin de sensibiliser, conscientiser, e\u0301difier et rendre hommage a\u0300 la Journe\u0301e mondiale de la langue maternelle, l\u2019association Bantu culture a rassemble\u0301 un public he\u0301te\u0301roge\u0300ne, notamment des confe\u0301renciers, des professeurs, des e\u0301le\u0300ves de 5e et 4e, des me\u0301ce\u0300nes culturels, des parents d\u2019e\u0301le\u0300ves et des journalistes de divers horizons pour e\u0301changer et de\u0301battre sur les langues maternelles telles le lingala, le kituba et les autres langues ethniques qui sont jusque-la\u0300 un tabou dans les e\u0301coles, dans les administrations, dans les lieux de prie\u0300res et dans la majeure partie des familles congolaises.<\/p>\n<p>\u00ab Nous ce\u0301le\u0301brons cette journe\u0301e, question d\u2019accompagner les organisations internationales dans la promotion du multilinguisme a\u0300 travers le monde. La langue maternelle est de\u0301finie comme la premie\u0300re langue que l\u2019enfant parle quand il est ne\u0301. Aujourd\u2019hui, avec la mondialisation, nombreux sont les jeunes, les e\u0301le\u0300ves qui ne s\u2019inte\u0301ressent plus a\u0300 leur langue maternelle au profit de celle de Molie\u0300re. C\u2019est pourquoi, l\u2019association Bantu culture, dans sa vision de promouvoir la culture africaine en ge\u0301ne\u0301ral et congolaise en particulier, veut montrer l\u2019importance et la place de cette langue dans l\u2019e\u0301ducation des enfants et de tous \u00bb, a fait savoir Che\u0301rel Otsamingui, pre\u0301sident de l\u2019association Bantu culture.<\/p>\n<p>Dans le me\u0302me contexte, Birane Oyindza, enseignant actif de franc\u0327ais des lyce\u0301es et l\u2019un des confe\u0301renciers, a fait une autopsie de la langue maternelle en mettant l\u2019accent sur la le\u0301gislation des langues maternelles dans l\u2019apprentissage. Selon lui \u00ab L\u2019expression de la langue maternelle nous est parvenue au moyen de la colonisation.<\/p>\n<p>Et, les Blancs avaient compris qu\u2019il n\u2019y a pas de culture sans langue si bien qu\u2019ils nous ont impose\u0301 le franc\u0327ais, faisant de celle-ci une langue officielle, d\u2019intelligence et d\u2019e\u0301le\u0301gance dans les administrations et dans les e\u0301coles&#8230; \u00bb. Il a ajoute\u0301 qu&rsquo; \u00ab il y en a qui ne comprennent pas totalement le franc\u0327ais, ce qui fait qu\u2019ils sont marginalise\u0301s. Pourtant, nous retrouvons dans l\u2019ouvrage de l\u2019e\u0301crivain congolais Henri Lopes (le Pleurer-rire) des mots comme pili-pili (le piment), elengui (de\u0301licieux), sukali (sucre) qui sont en lingala et font leur apparition dans le franc\u0327ais et aujourd\u2019hui, cela est autorise\u0301. Un enfant qui ignore sa culture est un analphabe\u0300te national \u00bb, a-t-il dit. Il a e\u0301galement profite\u0301 de l\u2019occasion pour exhorter d\u2019autres professeurs a\u0300 enseigner aux enfants d\u2019autres cultures via la langue maternelle.<\/p>\n<p>Quant a\u0300 Maman credo, artiste chre\u0301tienne et promotrice du festival Zaba, \u00ab l\u2019apprentissage de la langue maternelle doit aussi se faire dans les e\u0301glises quelles que soient nos religions. Au moment de la pre\u0301dication, de l\u2019intercession, de la louange, valorisons ces langues car elles repre\u0301sentent notre identite\u0301. A tous ces enfants qui sont dans les groupes d\u2019Ecodim, de Yambote\u0301, de Scout, c\u2019est le moment d\u2019apprendre. Toutes les deux semaines dans le monde, une langue disparaI\u0308t et ce n\u2019est pas ce que nous voulons \u00bb<\/p>\n<p>Cette confe\u0301rence a pris fin par la visite du stand d\u2019exposition d\u2019ouvrages traduits en plus de cinquante langues maternelles par l\u2019organisation des traducteurs internationaux, partenaires de l\u2019association Bantu culture.<\/p>\n<p>Rappelons que la ce\u0301le\u0301bration de la Journe\u0301e internationale de la langue maternelle a e\u0301te\u0301 instaure\u0301e par l\u2019Unesco depuis 1999 et observe\u0301e a\u0300 partir de l\u2019an 2000 dans le monde. Au niveau international, cette journe\u0301e a e\u0301te\u0301 ce\u0301le\u0301bre\u0301e sur le the\u0300me \u00ab L\u2019e\u0301ducation multilingue, une ne\u0301cessite\u0301 pour transformer l\u2019e\u0301ducation \u00bb.<\/p>\n\r\n                <style type=\"text\/css\">\r\n                    \r\n                    #td_uid_1_69f0cb29ec2ca  .td-doubleSlider-2 .td-item1 {\r\n                        background: url(https:\/\/static.africa-press.net\/congo-brazzaville\/sites\/51\/2023\/02\/postMediaimg_56_1-80x60.jpg) 0 0 no-repeat;\r\n                    }\r\n                    #td_uid_1_69f0cb29ec2ca  .td-doubleSlider-2 .td-item2 {\r\n                        background: url(https:\/\/static.africa-press.net\/congo-brazzaville\/sites\/51\/2023\/02\/postMediaimg_56_2-80x60.jpg) 0 0 no-repeat;\r\n                    }\r\n                <\/style>\r\n\r\n                <div id=\"td_uid_1_69f0cb29ec2ca\" class=\"td-gallery td-slide-on-2-columns\">\r\n                    <div class=\"post_td_gallery\">\r\n                        <div class=\"td-gallery-slide-top\">\r\n                           <div class=\"td-gallery-title\"><\/div>\r\n\r\n                            <div class=\"td-gallery-controls-wrapper\">\r\n                                <div class=\"td-gallery-slide-count\"><span class=\"td-gallery-slide-item-focus\">1<\/span> de 2<\/div>\r\n                                <div class=\"td-gallery-slide-prev-next-but\">\r\n                                    <i class = \"td-icon-left doubleSliderPrevButton\"><\/i>\r\n                                    <i class = \"td-icon-right doubleSliderNextButton\"><\/i>\r\n                                <\/div>\r\n                            <\/div>\r\n                        <\/div>\r\n\r\n                        <div class = \"td-doubleSlider-1 \">\r\n                            <div class = \"td-slider\">\r\n                                \r\n                    <div class = \"td-slide-item td-item1\">\r\n                        <figure class=\"td-slide-galery-figure td-slide-popup-gallery\">\r\n                            <a class=\"slide-gallery-image-link\" href=\"https:\/\/static.africa-press.net\/congo-brazzaville\/sites\/51\/2023\/02\/postMediaimg_56_1.jpg\" title=\"postMediaimg_56_1\"  data-caption=\"\"  data-description=\"\">\r\n                                <img decoding=\"async\" src=\"https:\/\/static.africa-press.net\/congo-brazzaville\/sites\/51\/2023\/02\/postMediaimg_56_1.jpg\" srcset=\"https:\/\/static.africa-press.net\/congo-brazzaville\/sites\/51\/2023\/02\/postMediaimg_56_1.jpg 1080w, https:\/\/static.africa-press.net\/congo-brazzaville\/sites\/51\/2023\/02\/postMediaimg_56_1-300x199.jpg 300w, https:\/\/static.africa-press.net\/congo-brazzaville\/sites\/51\/2023\/02\/postMediaimg_56_1-1024x678.jpg 1024w, https:\/\/static.africa-press.net\/congo-brazzaville\/sites\/51\/2023\/02\/postMediaimg_56_1-768x508.jpg 768w\" sizes=\"(max-width: 1080px) 100vw, 1080px\" alt=\"\">\r\n                            <\/a>\r\n                            \r\n                        <\/figure>\r\n                    <\/div>\r\n                    <div class = \"td-slide-item td-item2\">\r\n                        <figure class=\"td-slide-galery-figure td-slide-popup-gallery\">\r\n                            <a class=\"slide-gallery-image-link\" href=\"https:\/\/static.africa-press.net\/congo-brazzaville\/sites\/51\/2023\/02\/postMediaimg_56_2.jpg\" title=\"postMediaimg_56_2\"  data-caption=\"\"  data-description=\"\">\r\n                                <img decoding=\"async\" src=\"https:\/\/static.africa-press.net\/congo-brazzaville\/sites\/51\/2023\/02\/postMediaimg_56_2.jpg\" srcset=\"https:\/\/static.africa-press.net\/congo-brazzaville\/sites\/51\/2023\/02\/postMediaimg_56_2.jpg 1080w, https:\/\/static.africa-press.net\/congo-brazzaville\/sites\/51\/2023\/02\/postMediaimg_56_2-300x199.jpg 300w, https:\/\/static.africa-press.net\/congo-brazzaville\/sites\/51\/2023\/02\/postMediaimg_56_2-1024x678.jpg 1024w, https:\/\/static.africa-press.net\/congo-brazzaville\/sites\/51\/2023\/02\/postMediaimg_56_2-768x508.jpg 768w\" sizes=\"(max-width: 1080px) 100vw, 1080px\" alt=\"\">\r\n                            <\/a>\r\n                            \r\n                        <\/figure>\r\n                    <\/div>\r\n                            <\/div>\r\n                        <\/div>\r\n\r\n                        <div class = \"td-doubleSlider-2\">\r\n                            <div class = \"td-slider\">\r\n                                \r\n                    <div class = \"td-button td-item1\">\r\n                        <div class = \"td-border\"><\/div>\r\n                    <\/div>\r\n                    <div class = \"td-button td-item2\">\r\n                        <div class = \"td-border\"><\/div>\r\n                    <\/div>\r\n                            <\/div>\r\n                        <\/div>\r\n\r\n                    <\/div>\r\n\r\n                <\/div>\r\n                \n<p><strong>Pour plus d&rsquo;informations et d&rsquo;analyses sur la <a href=\"https:\/\/www.africa-press.net\/congo-brazzaville\">Congo Brazzaville<\/a>, suivez <a href=\"https:\/\/www.africa-press.net\/\">Africa-Press<\/a><\/strong><\/p>\n","protected":false},"excerpt":{"rendered":"<p>Africa-Press &#8211; Congo Brazzaville. L\u2019association Bantu culture, que pre\u0301side Cherel Otsamigui, en partenariat avec le Centre culturel Zola, a organise\u0301, le 21 fe\u0301vrier a\u0300 Brazzaville, une confe\u0301rence-de\u0301bat sur le the\u0300me \u00ab Les langues maternelles en danger au Congo \u00bb, a\u0300 l\u2019occasion de la ce\u0301le\u0301bration de la Journe\u0301e internationale de la langue maternelle dans le monde. [&hellip;]<\/p>\n","protected":false},"author":82,"featured_media":14810,"comment_status":"open","ping_status":"closed","sticky":false,"template":"","format":"standard","meta":{"footnotes":""},"categories":[21,8,10],"tags":[36,47,46],"class_list":["post-14811","post","type-post","status-publish","format-standard","has-post-thumbnail","hentry","category-communaute","category-photo","category-toutes-les-actualites","tag-africa-press","tag-africa-press-congo-brazzaville","tag-congo-brazzaville"],"yoast_head":"<!-- This site is optimized with the Yoast SEO Premium plugin v26.1 (Yoast SEO v27.0) - https:\/\/yoast.com\/product\/yoast-seo-premium-wordpress\/ -->\n<title>Journ\u00e9e internationale de la langue maternelle : des Brazzavillois \u00e9difi\u00e9s sur la valorisation des langues - Congo Brazzaville<\/title>\n<meta name=\"description\" content=\"L\u2019association Bantu culture, que pre\u0301side Cherel Otsamigui, en partenariat avec le Centre culturel Zola, a org ...\" \/>\n<meta name=\"robots\" content=\"index, follow, max-snippet:-1, max-image-preview:large, max-video-preview:-1\" \/>\n<link rel=\"canonical\" href=\"https:\/\/www.africa-press.net\/congo-brazzaville\/photo\/journee-internationale-de-la-langue-maternelle-des-brazzavillois-edifies-sur-la-valorisation-des-langues\" \/>\n<meta property=\"og:locale\" content=\"fr_FR\" \/>\n<meta property=\"og:type\" content=\"article\" \/>\n<meta property=\"og:title\" content=\"Journ\u00e9e internationale de la langue maternelle : des Brazzavillois \u00e9difi\u00e9s sur la valorisation des langues\" \/>\n<meta property=\"og:description\" content=\"L\u2019association Bantu culture, que pre\u0301side Cherel Otsamigui, en partenariat avec le Centre culturel Zola, a org ...\" \/>\n<meta property=\"og:url\" content=\"https:\/\/www.africa-press.net\/congo-brazzaville\/photo\/journee-internationale-de-la-langue-maternelle-des-brazzavillois-edifies-sur-la-valorisation-des-langues\" \/>\n<meta property=\"og:site_name\" content=\"Congo Brazzaville\" \/>\n<meta property=\"article:published_time\" content=\"2023-02-23T19:03:46+00:00\" \/>\n<meta property=\"article:modified_time\" content=\"2023-02-23T19:38:03+00:00\" \/>\n<meta property=\"og:image\" content=\"https:\/\/static.africa-press.net\/congo-brazzaville\/sites\/51\/2023\/02\/postQueueImg_1677166433.09.jpg\" \/>\n\t<meta property=\"og:image:width\" content=\"1080\" \/>\n\t<meta property=\"og:image:height\" content=\"715\" \/>\n\t<meta property=\"og:image:type\" content=\"image\/jpeg\" \/>\n<meta name=\"author\" content=\"cfeditorfr\" \/>\n<meta name=\"twitter:card\" content=\"summary_large_image\" \/>\n<meta name=\"twitter:label1\" content=\"\u00c9crit par\" \/>\n\t<meta name=\"twitter:data1\" content=\"cfeditorfr\" \/>\n\t<meta name=\"twitter:label2\" content=\"Dur\u00e9e de lecture estim\u00e9e\" \/>\n\t<meta name=\"twitter:data2\" content=\"4 minutes\" \/>\n<script type=\"application\/ld+json\" class=\"yoast-schema-graph\">{\"@context\":\"https:\/\/schema.org\",\"@graph\":[{\"@type\":\"Article\",\"@id\":\"https:\/\/www.africa-press.net\/congo-brazzaville\/photo\/journee-internationale-de-la-langue-maternelle-des-brazzavillois-edifies-sur-la-valorisation-des-langues#article\",\"isPartOf\":{\"@id\":\"https:\/\/www.africa-press.net\/congo-brazzaville\/photo\/journee-internationale-de-la-langue-maternelle-des-brazzavillois-edifies-sur-la-valorisation-des-langues\"},\"author\":{\"name\":\"cfeditorfr\",\"@id\":\"https:\/\/www.africa-press.net\/congo-brazzaville\/#\/schema\/person\/2b1cf3cd81a31e3cd26889ca66d677f1\"},\"headline\":\"Journ\u00e9e internationale de la langue maternelle : des Brazzavillois \u00e9difi\u00e9s sur la valorisation des langues\",\"datePublished\":\"2023-02-23T19:03:46+00:00\",\"dateModified\":\"2023-02-23T19:38:03+00:00\",\"mainEntityOfPage\":{\"@id\":\"https:\/\/www.africa-press.net\/congo-brazzaville\/photo\/journee-internationale-de-la-langue-maternelle-des-brazzavillois-edifies-sur-la-valorisation-des-langues\"},\"wordCount\":750,\"commentCount\":0,\"image\":{\"@id\":\"https:\/\/www.africa-press.net\/congo-brazzaville\/photo\/journee-internationale-de-la-langue-maternelle-des-brazzavillois-edifies-sur-la-valorisation-des-langues#primaryimage\"},\"thumbnailUrl\":\"https:\/\/static.africa-press.net\/congo-brazzaville\/sites\/51\/2023\/02\/postQueueImg_1677166433.09.jpg\",\"keywords\":[\"Africa Press\",\"Africa Press-Congo Brazzaville\",\"Congo Brazzaville\"],\"articleSection\":[\"Communaut\u00e9\",\"Photo\",\"Toutes les actualit\u00e9s\"],\"inLanguage\":\"fr-FR\",\"potentialAction\":[{\"@type\":\"CommentAction\",\"name\":\"Comment\",\"target\":[\"https:\/\/www.africa-press.net\/congo-brazzaville\/photo\/journee-internationale-de-la-langue-maternelle-des-brazzavillois-edifies-sur-la-valorisation-des-langues#respond\"]}]},{\"@type\":\"WebPage\",\"@id\":\"https:\/\/www.africa-press.net\/congo-brazzaville\/photo\/journee-internationale-de-la-langue-maternelle-des-brazzavillois-edifies-sur-la-valorisation-des-langues\",\"url\":\"https:\/\/www.africa-press.net\/congo-brazzaville\/photo\/journee-internationale-de-la-langue-maternelle-des-brazzavillois-edifies-sur-la-valorisation-des-langues\",\"name\":\"Journ\u00e9e internationale de la langue maternelle : des Brazzavillois \u00e9difi\u00e9s sur la valorisation des langues - Congo Brazzaville\",\"isPartOf\":{\"@id\":\"https:\/\/www.africa-press.net\/congo-brazzaville\/#website\"},\"primaryImageOfPage\":{\"@id\":\"https:\/\/www.africa-press.net\/congo-brazzaville\/photo\/journee-internationale-de-la-langue-maternelle-des-brazzavillois-edifies-sur-la-valorisation-des-langues#primaryimage\"},\"image\":{\"@id\":\"https:\/\/www.africa-press.net\/congo-brazzaville\/photo\/journee-internationale-de-la-langue-maternelle-des-brazzavillois-edifies-sur-la-valorisation-des-langues#primaryimage\"},\"thumbnailUrl\":\"https:\/\/static.africa-press.net\/congo-brazzaville\/sites\/51\/2023\/02\/postQueueImg_1677166433.09.jpg\",\"datePublished\":\"2023-02-23T19:03:46+00:00\",\"dateModified\":\"2023-02-23T19:38:03+00:00\",\"author\":{\"@id\":\"https:\/\/www.africa-press.net\/congo-brazzaville\/#\/schema\/person\/2b1cf3cd81a31e3cd26889ca66d677f1\"},\"description\":\"L\u2019association Bantu culture, que pre\u0301side Cherel Otsamigui, en partenariat avec le Centre culturel Zola, a org ...\",\"breadcrumb\":{\"@id\":\"https:\/\/www.africa-press.net\/congo-brazzaville\/photo\/journee-internationale-de-la-langue-maternelle-des-brazzavillois-edifies-sur-la-valorisation-des-langues#breadcrumb\"},\"inLanguage\":\"fr-FR\",\"potentialAction\":[{\"@type\":\"ReadAction\",\"target\":[\"https:\/\/www.africa-press.net\/congo-brazzaville\/photo\/journee-internationale-de-la-langue-maternelle-des-brazzavillois-edifies-sur-la-valorisation-des-langues\"]}]},{\"@type\":\"ImageObject\",\"inLanguage\":\"fr-FR\",\"@id\":\"https:\/\/www.africa-press.net\/congo-brazzaville\/photo\/journee-internationale-de-la-langue-maternelle-des-brazzavillois-edifies-sur-la-valorisation-des-langues#primaryimage\",\"url\":\"https:\/\/static.africa-press.net\/congo-brazzaville\/sites\/51\/2023\/02\/postQueueImg_1677166433.09.jpg\",\"contentUrl\":\"https:\/\/static.africa-press.net\/congo-brazzaville\/sites\/51\/2023\/02\/postQueueImg_1677166433.09.jpg\",\"width\":1080,\"height\":715,\"caption\":\"Journ\u00e9e internationale de la langue maternelle : des Brazzavillois \u00e9difi\u00e9s sur la valorisation des langues\"},{\"@type\":\"BreadcrumbList\",\"@id\":\"https:\/\/www.africa-press.net\/congo-brazzaville\/photo\/journee-internationale-de-la-langue-maternelle-des-brazzavillois-edifies-sur-la-valorisation-des-langues#breadcrumb\",\"itemListElement\":[{\"@type\":\"ListItem\",\"position\":1,\"name\":\"Accueil\",\"item\":\"https:\/\/www.africa-press.net\/congo-brazzaville\/\"},{\"@type\":\"ListItem\",\"position\":2,\"name\":\"Journ\u00e9e internationale de la langue maternelle : des Brazzavillois \u00e9difi\u00e9s sur la valorisation des langues\"}]},{\"@type\":\"WebSite\",\"@id\":\"https:\/\/www.africa-press.net\/congo-brazzaville\/#website\",\"url\":\"https:\/\/www.africa-press.net\/congo-brazzaville\/\",\"name\":\"Congo Brazzaville\",\"description\":\"Just another Africa News Agency Sites site\",\"potentialAction\":[{\"@type\":\"SearchAction\",\"target\":{\"@type\":\"EntryPoint\",\"urlTemplate\":\"https:\/\/www.africa-press.net\/congo-brazzaville\/?s={search_term_string}\"},\"query-input\":{\"@type\":\"PropertyValueSpecification\",\"valueRequired\":true,\"valueName\":\"search_term_string\"}}],\"inLanguage\":\"fr-FR\"},{\"@type\":\"Person\",\"@id\":\"https:\/\/www.africa-press.net\/congo-brazzaville\/#\/schema\/person\/2b1cf3cd81a31e3cd26889ca66d677f1\",\"name\":\"cfeditorfr\"}]}<\/script>\n<!-- \/ Yoast SEO Premium plugin. -->","yoast_head_json":{"title":"Journ\u00e9e internationale de la langue maternelle : des Brazzavillois \u00e9difi\u00e9s sur la valorisation des langues - Congo Brazzaville","description":"L\u2019association Bantu culture, que pre\u0301side Cherel Otsamigui, en partenariat avec le Centre culturel Zola, a org ...","robots":{"index":"index","follow":"follow","max-snippet":"max-snippet:-1","max-image-preview":"max-image-preview:large","max-video-preview":"max-video-preview:-1"},"canonical":"https:\/\/www.africa-press.net\/congo-brazzaville\/photo\/journee-internationale-de-la-langue-maternelle-des-brazzavillois-edifies-sur-la-valorisation-des-langues","og_locale":"fr_FR","og_type":"article","og_title":"Journ\u00e9e internationale de la langue maternelle : des Brazzavillois \u00e9difi\u00e9s sur la valorisation des langues","og_description":"L\u2019association Bantu culture, que pre\u0301side Cherel Otsamigui, en partenariat avec le Centre culturel Zola, a org ...","og_url":"https:\/\/www.africa-press.net\/congo-brazzaville\/photo\/journee-internationale-de-la-langue-maternelle-des-brazzavillois-edifies-sur-la-valorisation-des-langues","og_site_name":"Congo Brazzaville","article_published_time":"2023-02-23T19:03:46+00:00","article_modified_time":"2023-02-23T19:38:03+00:00","og_image":[{"width":1080,"height":715,"url":"https:\/\/static.africa-press.net\/congo-brazzaville\/sites\/51\/2023\/02\/postQueueImg_1677166433.09.jpg","type":"image\/jpeg"}],"author":"cfeditorfr","twitter_card":"summary_large_image","twitter_misc":{"\u00c9crit par":"cfeditorfr","Dur\u00e9e de lecture estim\u00e9e":"4 minutes"},"schema":{"@context":"https:\/\/schema.org","@graph":[{"@type":"Article","@id":"https:\/\/www.africa-press.net\/congo-brazzaville\/photo\/journee-internationale-de-la-langue-maternelle-des-brazzavillois-edifies-sur-la-valorisation-des-langues#article","isPartOf":{"@id":"https:\/\/www.africa-press.net\/congo-brazzaville\/photo\/journee-internationale-de-la-langue-maternelle-des-brazzavillois-edifies-sur-la-valorisation-des-langues"},"author":{"name":"cfeditorfr","@id":"https:\/\/www.africa-press.net\/congo-brazzaville\/#\/schema\/person\/2b1cf3cd81a31e3cd26889ca66d677f1"},"headline":"Journ\u00e9e internationale de la langue maternelle : des Brazzavillois \u00e9difi\u00e9s sur la valorisation des langues","datePublished":"2023-02-23T19:03:46+00:00","dateModified":"2023-02-23T19:38:03+00:00","mainEntityOfPage":{"@id":"https:\/\/www.africa-press.net\/congo-brazzaville\/photo\/journee-internationale-de-la-langue-maternelle-des-brazzavillois-edifies-sur-la-valorisation-des-langues"},"wordCount":750,"commentCount":0,"image":{"@id":"https:\/\/www.africa-press.net\/congo-brazzaville\/photo\/journee-internationale-de-la-langue-maternelle-des-brazzavillois-edifies-sur-la-valorisation-des-langues#primaryimage"},"thumbnailUrl":"https:\/\/static.africa-press.net\/congo-brazzaville\/sites\/51\/2023\/02\/postQueueImg_1677166433.09.jpg","keywords":["Africa Press","Africa Press-Congo Brazzaville","Congo Brazzaville"],"articleSection":["Communaut\u00e9","Photo","Toutes les actualit\u00e9s"],"inLanguage":"fr-FR","potentialAction":[{"@type":"CommentAction","name":"Comment","target":["https:\/\/www.africa-press.net\/congo-brazzaville\/photo\/journee-internationale-de-la-langue-maternelle-des-brazzavillois-edifies-sur-la-valorisation-des-langues#respond"]}]},{"@type":"WebPage","@id":"https:\/\/www.africa-press.net\/congo-brazzaville\/photo\/journee-internationale-de-la-langue-maternelle-des-brazzavillois-edifies-sur-la-valorisation-des-langues","url":"https:\/\/www.africa-press.net\/congo-brazzaville\/photo\/journee-internationale-de-la-langue-maternelle-des-brazzavillois-edifies-sur-la-valorisation-des-langues","name":"Journ\u00e9e internationale de la langue maternelle : des Brazzavillois \u00e9difi\u00e9s sur la valorisation des langues - Congo Brazzaville","isPartOf":{"@id":"https:\/\/www.africa-press.net\/congo-brazzaville\/#website"},"primaryImageOfPage":{"@id":"https:\/\/www.africa-press.net\/congo-brazzaville\/photo\/journee-internationale-de-la-langue-maternelle-des-brazzavillois-edifies-sur-la-valorisation-des-langues#primaryimage"},"image":{"@id":"https:\/\/www.africa-press.net\/congo-brazzaville\/photo\/journee-internationale-de-la-langue-maternelle-des-brazzavillois-edifies-sur-la-valorisation-des-langues#primaryimage"},"thumbnailUrl":"https:\/\/static.africa-press.net\/congo-brazzaville\/sites\/51\/2023\/02\/postQueueImg_1677166433.09.jpg","datePublished":"2023-02-23T19:03:46+00:00","dateModified":"2023-02-23T19:38:03+00:00","author":{"@id":"https:\/\/www.africa-press.net\/congo-brazzaville\/#\/schema\/person\/2b1cf3cd81a31e3cd26889ca66d677f1"},"description":"L\u2019association Bantu culture, que pre\u0301side Cherel Otsamigui, en partenariat avec le Centre culturel Zola, a org ...","breadcrumb":{"@id":"https:\/\/www.africa-press.net\/congo-brazzaville\/photo\/journee-internationale-de-la-langue-maternelle-des-brazzavillois-edifies-sur-la-valorisation-des-langues#breadcrumb"},"inLanguage":"fr-FR","potentialAction":[{"@type":"ReadAction","target":["https:\/\/www.africa-press.net\/congo-brazzaville\/photo\/journee-internationale-de-la-langue-maternelle-des-brazzavillois-edifies-sur-la-valorisation-des-langues"]}]},{"@type":"ImageObject","inLanguage":"fr-FR","@id":"https:\/\/www.africa-press.net\/congo-brazzaville\/photo\/journee-internationale-de-la-langue-maternelle-des-brazzavillois-edifies-sur-la-valorisation-des-langues#primaryimage","url":"https:\/\/static.africa-press.net\/congo-brazzaville\/sites\/51\/2023\/02\/postQueueImg_1677166433.09.jpg","contentUrl":"https:\/\/static.africa-press.net\/congo-brazzaville\/sites\/51\/2023\/02\/postQueueImg_1677166433.09.jpg","width":1080,"height":715,"caption":"Journ\u00e9e internationale de la langue maternelle : des Brazzavillois \u00e9difi\u00e9s sur la valorisation des langues"},{"@type":"BreadcrumbList","@id":"https:\/\/www.africa-press.net\/congo-brazzaville\/photo\/journee-internationale-de-la-langue-maternelle-des-brazzavillois-edifies-sur-la-valorisation-des-langues#breadcrumb","itemListElement":[{"@type":"ListItem","position":1,"name":"Accueil","item":"https:\/\/www.africa-press.net\/congo-brazzaville\/"},{"@type":"ListItem","position":2,"name":"Journ\u00e9e internationale de la langue maternelle : des Brazzavillois \u00e9difi\u00e9s sur la valorisation des langues"}]},{"@type":"WebSite","@id":"https:\/\/www.africa-press.net\/congo-brazzaville\/#website","url":"https:\/\/www.africa-press.net\/congo-brazzaville\/","name":"Congo Brazzaville","description":"Just another Africa News Agency Sites site","potentialAction":[{"@type":"SearchAction","target":{"@type":"EntryPoint","urlTemplate":"https:\/\/www.africa-press.net\/congo-brazzaville\/?s={search_term_string}"},"query-input":{"@type":"PropertyValueSpecification","valueRequired":true,"valueName":"search_term_string"}}],"inLanguage":"fr-FR"},{"@type":"Person","@id":"https:\/\/www.africa-press.net\/congo-brazzaville\/#\/schema\/person\/2b1cf3cd81a31e3cd26889ca66d677f1","name":"cfeditorfr"}]}},"_links":{"self":[{"href":"https:\/\/www.africa-press.net\/congo-brazzaville\/wp-json\/wp\/v2\/posts\/14811","targetHints":{"allow":["GET"]}}],"collection":[{"href":"https:\/\/www.africa-press.net\/congo-brazzaville\/wp-json\/wp\/v2\/posts"}],"about":[{"href":"https:\/\/www.africa-press.net\/congo-brazzaville\/wp-json\/wp\/v2\/types\/post"}],"author":[{"embeddable":true,"href":"https:\/\/www.africa-press.net\/congo-brazzaville\/wp-json\/wp\/v2\/users\/82"}],"replies":[{"embeddable":true,"href":"https:\/\/www.africa-press.net\/congo-brazzaville\/wp-json\/wp\/v2\/comments?post=14811"}],"version-history":[{"count":0,"href":"https:\/\/www.africa-press.net\/congo-brazzaville\/wp-json\/wp\/v2\/posts\/14811\/revisions"}],"wp:featuredmedia":[{"embeddable":true,"href":"https:\/\/www.africa-press.net\/congo-brazzaville\/wp-json\/wp\/v2\/media\/14810"}],"wp:attachment":[{"href":"https:\/\/www.africa-press.net\/congo-brazzaville\/wp-json\/wp\/v2\/media?parent=14811"}],"wp:term":[{"taxonomy":"category","embeddable":true,"href":"https:\/\/www.africa-press.net\/congo-brazzaville\/wp-json\/wp\/v2\/categories?post=14811"},{"taxonomy":"post_tag","embeddable":true,"href":"https:\/\/www.africa-press.net\/congo-brazzaville\/wp-json\/wp\/v2\/tags?post=14811"}],"curies":[{"name":"wp","href":"https:\/\/api.w.org\/{rel}","templated":true}]}}