{"id":14813,"date":"2023-02-23T19:03:57","date_gmt":"2023-02-23T19:03:57","guid":{"rendered":"https:\/\/www.africa-press.net\/congo-brazzaville\/politique\/a-la-decouverte-de-jean-brice-tatou-un-karateka-accro-au-podium"},"modified":"2023-02-23T19:38:25","modified_gmt":"2023-02-23T19:38:25","slug":"a-la-decouverte-de-jean-brice-tatou-un-karateka-accro-au-podium","status":"publish","type":"post","link":"https:\/\/www.africa-press.net\/congo-brazzaville\/sports\/a-la-decouverte-de-jean-brice-tatou-un-karateka-accro-au-podium","title":{"rendered":"A la d\u00e9couverte de\u2026 : Jean Brice Tatou, un karat\u00e9ka accro au podium"},"content":{"rendered":"<p><span style=\"color: #ff6600\"><strong>Africa-Press &#8211; Congo Brazzaville. <\/strong><\/span><b>Me Jean Brice Tatou, dit Capi M3, est un karate\u0301ka depuis l\u2019a\u0302ge de 9 ans. Il compte dans son parcours des dizaines de compe\u0301titions internationales et nationales et est souvent sur le podium.<\/b><\/p>\n<p>Jean Brice Tatou, capitaine de son e\u0301quipe depuis son jeune a\u0302ge, fait partie de ceux qui honorent le Congo. Gra\u0302ce a\u0300 son savoir-faire et son dynamisme, ce Congolais construit un parcours de sportif ambitieux, malgre\u0301 \u00ab le manque d\u2019accompagnement et d\u2019encouragement des autorite\u0301s \u00bb, de\u0301plore-t-il.<\/p>\n<p>Il est plusieurs fois champion de Pointe-Noire puis du Congo dans la cate\u0301gorie des cadets en kumite par e\u0301quipe. \u00ab Je suis champion du Congo en kata, vice-champion du Congo dans les -60kg a\u0300 Dolisie 2006, dix fois champion du Congo chez les se\u0301niors en kata par e\u0301quipe, trois fois champion d&rsquo;Afrique centrale 2012, 2015 et 2021. J\u2019ai remporte\u0301 a\u0300 deux reprises la troisie\u0300me place du championnat d\u2019Afrique centrale. J\u2019ai e\u0301galement remporte\u0301 une me\u0301daille de bronze lors des Jeux africains de 2015, a\u0300 Brazzaville \u00bb, explique\u2013t-il. Ce produit d\u2019Interclub de Pointe-Noire re\u0302ve d&rsquo;afficher son nom parmi les grands mai\u0302tres de katas au niveau international.<\/p>\n<p><strong>Pour plus d&rsquo;informations et d&rsquo;analyses sur la <a href=\"https:\/\/www.africa-press.net\/congo-brazzaville\">Congo Brazzaville<\/a>, suivez <a href=\"https:\/\/www.africa-press.net\/\">Africa-Press<\/a><\/strong><\/p>\n","protected":false},"excerpt":{"rendered":"<p>Africa-Press &#8211; Congo Brazzaville. Me Jean Brice Tatou, dit Capi M3, est un karate\u0301ka depuis l\u2019a\u0302ge de 9 ans. Il compte dans son parcours des dizaines de compe\u0301titions internationales et nationales et est souvent sur le podium. Jean Brice Tatou, capitaine de son e\u0301quipe depuis son jeune a\u0302ge, fait partie de ceux qui honorent le [&hellip;]<\/p>\n","protected":false},"author":82,"featured_media":14812,"comment_status":"open","ping_status":"closed","sticky":false,"template":"","format":"standard","meta":{"footnotes":""},"categories":[6,10],"tags":[36,47,46],"class_list":["post-14813","post","type-post","status-publish","format-standard","has-post-thumbnail","hentry","category-sports","category-toutes-les-actualites","tag-africa-press","tag-africa-press-congo-brazzaville","tag-congo-brazzaville"],"yoast_head":"<!-- This site is optimized with the Yoast SEO Premium plugin v26.1 (Yoast SEO v27.0) - https:\/\/yoast.com\/product\/yoast-seo-premium-wordpress\/ -->\n<title>A la d\u00e9couverte de\u2026 : Jean Brice Tatou, un karat\u00e9ka accro au podium - Congo Brazzaville<\/title>\n<meta name=\"description\" content=\"Me Jean Brice Tatou, dit Capi M3, est un karate\u0301ka depuis l\u2019a\u0302ge de 9 ans. Il compte dans son parcours des dizaines d ...\" \/>\n<meta name=\"robots\" content=\"index, follow, max-snippet:-1, max-image-preview:large, max-video-preview:-1\" \/>\n<link rel=\"canonical\" href=\"https:\/\/www.africa-press.net\/congo-brazzaville\/sports\/a-la-decouverte-de-jean-brice-tatou-un-karateka-accro-au-podium\" \/>\n<meta property=\"og:locale\" content=\"fr_FR\" \/>\n<meta property=\"og:type\" content=\"article\" \/>\n<meta property=\"og:title\" content=\"A la d\u00e9couverte de\u2026 : Jean Brice Tatou, un karat\u00e9ka accro au podium\" \/>\n<meta property=\"og:description\" content=\"Me Jean Brice Tatou, dit Capi M3, est un karate\u0301ka depuis l\u2019a\u0302ge de 9 ans. Il compte dans son parcours des dizaines d ...\" \/>\n<meta property=\"og:url\" content=\"https:\/\/www.africa-press.net\/congo-brazzaville\/sports\/a-la-decouverte-de-jean-brice-tatou-un-karateka-accro-au-podium\" \/>\n<meta property=\"og:site_name\" content=\"Congo Brazzaville\" \/>\n<meta property=\"article:published_time\" content=\"2023-02-23T19:03:57+00:00\" \/>\n<meta property=\"article:modified_time\" content=\"2023-02-23T19:38:25+00:00\" \/>\n<meta property=\"og:image\" content=\"https:\/\/static.africa-press.net\/congo-brazzaville\/sites\/51\/2023\/02\/postQueueImg_1677166446.76.jpg\" \/>\n\t<meta property=\"og:image:width\" content=\"1280\" \/>\n\t<meta property=\"og:image:height\" content=\"720\" \/>\n\t<meta property=\"og:image:type\" content=\"image\/jpeg\" \/>\n<meta name=\"author\" content=\"cfeditorfr\" \/>\n<meta name=\"twitter:card\" content=\"summary_large_image\" \/>\n<meta name=\"twitter:label1\" content=\"\u00c9crit par\" \/>\n\t<meta name=\"twitter:data1\" content=\"cfeditorfr\" \/>\n\t<meta name=\"twitter:label2\" content=\"Dur\u00e9e de lecture estim\u00e9e\" \/>\n\t<meta name=\"twitter:data2\" content=\"1 minute\" \/>\n<script type=\"application\/ld+json\" class=\"yoast-schema-graph\">{\"@context\":\"https:\/\/schema.org\",\"@graph\":[{\"@type\":\"Article\",\"@id\":\"https:\/\/www.africa-press.net\/congo-brazzaville\/sports\/a-la-decouverte-de-jean-brice-tatou-un-karateka-accro-au-podium#article\",\"isPartOf\":{\"@id\":\"https:\/\/www.africa-press.net\/congo-brazzaville\/sports\/a-la-decouverte-de-jean-brice-tatou-un-karateka-accro-au-podium\"},\"author\":{\"name\":\"cfeditorfr\",\"@id\":\"https:\/\/www.africa-press.net\/congo-brazzaville\/#\/schema\/person\/2b1cf3cd81a31e3cd26889ca66d677f1\"},\"headline\":\"A la d\u00e9couverte de\u2026 : Jean Brice Tatou, un karat\u00e9ka accro au podium\",\"datePublished\":\"2023-02-23T19:03:57+00:00\",\"dateModified\":\"2023-02-23T19:38:25+00:00\",\"mainEntityOfPage\":{\"@id\":\"https:\/\/www.africa-press.net\/congo-brazzaville\/sports\/a-la-decouverte-de-jean-brice-tatou-un-karateka-accro-au-podium\"},\"wordCount\":231,\"commentCount\":0,\"image\":{\"@id\":\"https:\/\/www.africa-press.net\/congo-brazzaville\/sports\/a-la-decouverte-de-jean-brice-tatou-un-karateka-accro-au-podium#primaryimage\"},\"thumbnailUrl\":\"https:\/\/static.africa-press.net\/congo-brazzaville\/sites\/51\/2023\/02\/postQueueImg_1677166446.76.jpg\",\"keywords\":[\"Africa Press\",\"Africa Press-Congo Brazzaville\",\"Congo Brazzaville\"],\"articleSection\":[\"Sports\",\"Toutes les actualit\u00e9s\"],\"inLanguage\":\"fr-FR\",\"potentialAction\":[{\"@type\":\"CommentAction\",\"name\":\"Comment\",\"target\":[\"https:\/\/www.africa-press.net\/congo-brazzaville\/sports\/a-la-decouverte-de-jean-brice-tatou-un-karateka-accro-au-podium#respond\"]}]},{\"@type\":\"WebPage\",\"@id\":\"https:\/\/www.africa-press.net\/congo-brazzaville\/sports\/a-la-decouverte-de-jean-brice-tatou-un-karateka-accro-au-podium\",\"url\":\"https:\/\/www.africa-press.net\/congo-brazzaville\/sports\/a-la-decouverte-de-jean-brice-tatou-un-karateka-accro-au-podium\",\"name\":\"A la d\u00e9couverte de\u2026 : Jean Brice Tatou, un karat\u00e9ka accro au podium - Congo Brazzaville\",\"isPartOf\":{\"@id\":\"https:\/\/www.africa-press.net\/congo-brazzaville\/#website\"},\"primaryImageOfPage\":{\"@id\":\"https:\/\/www.africa-press.net\/congo-brazzaville\/sports\/a-la-decouverte-de-jean-brice-tatou-un-karateka-accro-au-podium#primaryimage\"},\"image\":{\"@id\":\"https:\/\/www.africa-press.net\/congo-brazzaville\/sports\/a-la-decouverte-de-jean-brice-tatou-un-karateka-accro-au-podium#primaryimage\"},\"thumbnailUrl\":\"https:\/\/static.africa-press.net\/congo-brazzaville\/sites\/51\/2023\/02\/postQueueImg_1677166446.76.jpg\",\"datePublished\":\"2023-02-23T19:03:57+00:00\",\"dateModified\":\"2023-02-23T19:38:25+00:00\",\"author\":{\"@id\":\"https:\/\/www.africa-press.net\/congo-brazzaville\/#\/schema\/person\/2b1cf3cd81a31e3cd26889ca66d677f1\"},\"description\":\"Me Jean Brice Tatou, dit Capi M3, est un karate\u0301ka depuis l\u2019a\u0302ge de 9 ans. Il compte dans son parcours des dizaines d ...\",\"breadcrumb\":{\"@id\":\"https:\/\/www.africa-press.net\/congo-brazzaville\/sports\/a-la-decouverte-de-jean-brice-tatou-un-karateka-accro-au-podium#breadcrumb\"},\"inLanguage\":\"fr-FR\",\"potentialAction\":[{\"@type\":\"ReadAction\",\"target\":[\"https:\/\/www.africa-press.net\/congo-brazzaville\/sports\/a-la-decouverte-de-jean-brice-tatou-un-karateka-accro-au-podium\"]}]},{\"@type\":\"ImageObject\",\"inLanguage\":\"fr-FR\",\"@id\":\"https:\/\/www.africa-press.net\/congo-brazzaville\/sports\/a-la-decouverte-de-jean-brice-tatou-un-karateka-accro-au-podium#primaryimage\",\"url\":\"https:\/\/static.africa-press.net\/congo-brazzaville\/sites\/51\/2023\/02\/postQueueImg_1677166446.76.jpg\",\"contentUrl\":\"https:\/\/static.africa-press.net\/congo-brazzaville\/sites\/51\/2023\/02\/postQueueImg_1677166446.76.jpg\",\"width\":1280,\"height\":720,\"caption\":\"A la d\u00e9couverte de\u2026 : Jean Brice Tatou, un karat\u00e9ka accro au podium\"},{\"@type\":\"BreadcrumbList\",\"@id\":\"https:\/\/www.africa-press.net\/congo-brazzaville\/sports\/a-la-decouverte-de-jean-brice-tatou-un-karateka-accro-au-podium#breadcrumb\",\"itemListElement\":[{\"@type\":\"ListItem\",\"position\":1,\"name\":\"Accueil\",\"item\":\"https:\/\/www.africa-press.net\/congo-brazzaville\/\"},{\"@type\":\"ListItem\",\"position\":2,\"name\":\"A la d\u00e9couverte de\u2026 : Jean Brice Tatou, un karat\u00e9ka accro au podium\"}]},{\"@type\":\"WebSite\",\"@id\":\"https:\/\/www.africa-press.net\/congo-brazzaville\/#website\",\"url\":\"https:\/\/www.africa-press.net\/congo-brazzaville\/\",\"name\":\"Congo Brazzaville\",\"description\":\"Just another Africa News Agency Sites site\",\"potentialAction\":[{\"@type\":\"SearchAction\",\"target\":{\"@type\":\"EntryPoint\",\"urlTemplate\":\"https:\/\/www.africa-press.net\/congo-brazzaville\/?s={search_term_string}\"},\"query-input\":{\"@type\":\"PropertyValueSpecification\",\"valueRequired\":true,\"valueName\":\"search_term_string\"}}],\"inLanguage\":\"fr-FR\"},{\"@type\":\"Person\",\"@id\":\"https:\/\/www.africa-press.net\/congo-brazzaville\/#\/schema\/person\/2b1cf3cd81a31e3cd26889ca66d677f1\",\"name\":\"cfeditorfr\"}]}<\/script>\n<!-- \/ Yoast SEO Premium plugin. -->","yoast_head_json":{"title":"A la d\u00e9couverte de\u2026 : Jean Brice Tatou, un karat\u00e9ka accro au podium - Congo Brazzaville","description":"Me Jean Brice Tatou, dit Capi M3, est un karate\u0301ka depuis l\u2019a\u0302ge de 9 ans. Il compte dans son parcours des dizaines d ...","robots":{"index":"index","follow":"follow","max-snippet":"max-snippet:-1","max-image-preview":"max-image-preview:large","max-video-preview":"max-video-preview:-1"},"canonical":"https:\/\/www.africa-press.net\/congo-brazzaville\/sports\/a-la-decouverte-de-jean-brice-tatou-un-karateka-accro-au-podium","og_locale":"fr_FR","og_type":"article","og_title":"A la d\u00e9couverte de\u2026 : Jean Brice Tatou, un karat\u00e9ka accro au podium","og_description":"Me Jean Brice Tatou, dit Capi M3, est un karate\u0301ka depuis l\u2019a\u0302ge de 9 ans. Il compte dans son parcours des dizaines d ...","og_url":"https:\/\/www.africa-press.net\/congo-brazzaville\/sports\/a-la-decouverte-de-jean-brice-tatou-un-karateka-accro-au-podium","og_site_name":"Congo Brazzaville","article_published_time":"2023-02-23T19:03:57+00:00","article_modified_time":"2023-02-23T19:38:25+00:00","og_image":[{"width":1280,"height":720,"url":"https:\/\/static.africa-press.net\/congo-brazzaville\/sites\/51\/2023\/02\/postQueueImg_1677166446.76.jpg","type":"image\/jpeg"}],"author":"cfeditorfr","twitter_card":"summary_large_image","twitter_misc":{"\u00c9crit par":"cfeditorfr","Dur\u00e9e de lecture estim\u00e9e":"1 minute"},"schema":{"@context":"https:\/\/schema.org","@graph":[{"@type":"Article","@id":"https:\/\/www.africa-press.net\/congo-brazzaville\/sports\/a-la-decouverte-de-jean-brice-tatou-un-karateka-accro-au-podium#article","isPartOf":{"@id":"https:\/\/www.africa-press.net\/congo-brazzaville\/sports\/a-la-decouverte-de-jean-brice-tatou-un-karateka-accro-au-podium"},"author":{"name":"cfeditorfr","@id":"https:\/\/www.africa-press.net\/congo-brazzaville\/#\/schema\/person\/2b1cf3cd81a31e3cd26889ca66d677f1"},"headline":"A la d\u00e9couverte de\u2026 : Jean Brice Tatou, un karat\u00e9ka accro au podium","datePublished":"2023-02-23T19:03:57+00:00","dateModified":"2023-02-23T19:38:25+00:00","mainEntityOfPage":{"@id":"https:\/\/www.africa-press.net\/congo-brazzaville\/sports\/a-la-decouverte-de-jean-brice-tatou-un-karateka-accro-au-podium"},"wordCount":231,"commentCount":0,"image":{"@id":"https:\/\/www.africa-press.net\/congo-brazzaville\/sports\/a-la-decouverte-de-jean-brice-tatou-un-karateka-accro-au-podium#primaryimage"},"thumbnailUrl":"https:\/\/static.africa-press.net\/congo-brazzaville\/sites\/51\/2023\/02\/postQueueImg_1677166446.76.jpg","keywords":["Africa Press","Africa Press-Congo Brazzaville","Congo Brazzaville"],"articleSection":["Sports","Toutes les actualit\u00e9s"],"inLanguage":"fr-FR","potentialAction":[{"@type":"CommentAction","name":"Comment","target":["https:\/\/www.africa-press.net\/congo-brazzaville\/sports\/a-la-decouverte-de-jean-brice-tatou-un-karateka-accro-au-podium#respond"]}]},{"@type":"WebPage","@id":"https:\/\/www.africa-press.net\/congo-brazzaville\/sports\/a-la-decouverte-de-jean-brice-tatou-un-karateka-accro-au-podium","url":"https:\/\/www.africa-press.net\/congo-brazzaville\/sports\/a-la-decouverte-de-jean-brice-tatou-un-karateka-accro-au-podium","name":"A la d\u00e9couverte de\u2026 : Jean Brice Tatou, un karat\u00e9ka accro au podium - Congo Brazzaville","isPartOf":{"@id":"https:\/\/www.africa-press.net\/congo-brazzaville\/#website"},"primaryImageOfPage":{"@id":"https:\/\/www.africa-press.net\/congo-brazzaville\/sports\/a-la-decouverte-de-jean-brice-tatou-un-karateka-accro-au-podium#primaryimage"},"image":{"@id":"https:\/\/www.africa-press.net\/congo-brazzaville\/sports\/a-la-decouverte-de-jean-brice-tatou-un-karateka-accro-au-podium#primaryimage"},"thumbnailUrl":"https:\/\/static.africa-press.net\/congo-brazzaville\/sites\/51\/2023\/02\/postQueueImg_1677166446.76.jpg","datePublished":"2023-02-23T19:03:57+00:00","dateModified":"2023-02-23T19:38:25+00:00","author":{"@id":"https:\/\/www.africa-press.net\/congo-brazzaville\/#\/schema\/person\/2b1cf3cd81a31e3cd26889ca66d677f1"},"description":"Me Jean Brice Tatou, dit Capi M3, est un karate\u0301ka depuis l\u2019a\u0302ge de 9 ans. Il compte dans son parcours des dizaines d ...","breadcrumb":{"@id":"https:\/\/www.africa-press.net\/congo-brazzaville\/sports\/a-la-decouverte-de-jean-brice-tatou-un-karateka-accro-au-podium#breadcrumb"},"inLanguage":"fr-FR","potentialAction":[{"@type":"ReadAction","target":["https:\/\/www.africa-press.net\/congo-brazzaville\/sports\/a-la-decouverte-de-jean-brice-tatou-un-karateka-accro-au-podium"]}]},{"@type":"ImageObject","inLanguage":"fr-FR","@id":"https:\/\/www.africa-press.net\/congo-brazzaville\/sports\/a-la-decouverte-de-jean-brice-tatou-un-karateka-accro-au-podium#primaryimage","url":"https:\/\/static.africa-press.net\/congo-brazzaville\/sites\/51\/2023\/02\/postQueueImg_1677166446.76.jpg","contentUrl":"https:\/\/static.africa-press.net\/congo-brazzaville\/sites\/51\/2023\/02\/postQueueImg_1677166446.76.jpg","width":1280,"height":720,"caption":"A la d\u00e9couverte de\u2026 : Jean Brice Tatou, un karat\u00e9ka accro au podium"},{"@type":"BreadcrumbList","@id":"https:\/\/www.africa-press.net\/congo-brazzaville\/sports\/a-la-decouverte-de-jean-brice-tatou-un-karateka-accro-au-podium#breadcrumb","itemListElement":[{"@type":"ListItem","position":1,"name":"Accueil","item":"https:\/\/www.africa-press.net\/congo-brazzaville\/"},{"@type":"ListItem","position":2,"name":"A la d\u00e9couverte de\u2026 : Jean Brice Tatou, un karat\u00e9ka accro au podium"}]},{"@type":"WebSite","@id":"https:\/\/www.africa-press.net\/congo-brazzaville\/#website","url":"https:\/\/www.africa-press.net\/congo-brazzaville\/","name":"Congo Brazzaville","description":"Just another Africa News Agency Sites site","potentialAction":[{"@type":"SearchAction","target":{"@type":"EntryPoint","urlTemplate":"https:\/\/www.africa-press.net\/congo-brazzaville\/?s={search_term_string}"},"query-input":{"@type":"PropertyValueSpecification","valueRequired":true,"valueName":"search_term_string"}}],"inLanguage":"fr-FR"},{"@type":"Person","@id":"https:\/\/www.africa-press.net\/congo-brazzaville\/#\/schema\/person\/2b1cf3cd81a31e3cd26889ca66d677f1","name":"cfeditorfr"}]}},"_links":{"self":[{"href":"https:\/\/www.africa-press.net\/congo-brazzaville\/wp-json\/wp\/v2\/posts\/14813","targetHints":{"allow":["GET"]}}],"collection":[{"href":"https:\/\/www.africa-press.net\/congo-brazzaville\/wp-json\/wp\/v2\/posts"}],"about":[{"href":"https:\/\/www.africa-press.net\/congo-brazzaville\/wp-json\/wp\/v2\/types\/post"}],"author":[{"embeddable":true,"href":"https:\/\/www.africa-press.net\/congo-brazzaville\/wp-json\/wp\/v2\/users\/82"}],"replies":[{"embeddable":true,"href":"https:\/\/www.africa-press.net\/congo-brazzaville\/wp-json\/wp\/v2\/comments?post=14813"}],"version-history":[{"count":0,"href":"https:\/\/www.africa-press.net\/congo-brazzaville\/wp-json\/wp\/v2\/posts\/14813\/revisions"}],"wp:featuredmedia":[{"embeddable":true,"href":"https:\/\/www.africa-press.net\/congo-brazzaville\/wp-json\/wp\/v2\/media\/14812"}],"wp:attachment":[{"href":"https:\/\/www.africa-press.net\/congo-brazzaville\/wp-json\/wp\/v2\/media?parent=14813"}],"wp:term":[{"taxonomy":"category","embeddable":true,"href":"https:\/\/www.africa-press.net\/congo-brazzaville\/wp-json\/wp\/v2\/categories?post=14813"},{"taxonomy":"post_tag","embeddable":true,"href":"https:\/\/www.africa-press.net\/congo-brazzaville\/wp-json\/wp\/v2\/tags?post=14813"}],"curies":[{"name":"wp","href":"https:\/\/api.w.org\/{rel}","templated":true}]}}