{"id":14817,"date":"2023-02-23T19:04:34","date_gmt":"2023-02-23T19:04:34","guid":{"rendered":"https:\/\/www.africa-press.net\/congo-brazzaville\/politique\/interview-rama-abagandzion-nous-voulons-amener-les-congolais-a-comprendre-pourquoi-consommer-les-produits-locaux"},"modified":"2023-02-23T19:39:01","modified_gmt":"2023-02-23T19:39:01","slug":"interview-rama-abagandzion-nous-voulons-amener-les-congolais-a-comprendre-pourquoi-consommer-les-produits-locaux","status":"publish","type":"post","link":"https:\/\/www.africa-press.net\/congo-brazzaville\/toutes-les-actualites\/interview-rama-abagandzion-nous-voulons-amener-les-congolais-a-comprendre-pourquoi-consommer-les-produits-locaux","title":{"rendered":"Interview. Rama Abagandzion: \u00ab Nous voulons amener les Congolais \u00e0 comprendre pourquoi consommer les produits locaux \u00bb"},"content":{"rendered":"<p><span style=\"color: #ff6600\"><strong>Africa-Press &#8211; Congo Brazzaville. <\/strong><\/span><b>Rama Abagandzion, promoteur de la plateforme \u00ab Je consomme congolais (JCC) \u00bb, a lance\u0301 ce concept pour promouvoir les produits locaux. Cette plateforme est la voie pour les promoteurs des entreprises agroalimentaires, de la mode et bien d\u2019autres d\u2019exposer le fruit de leur inge\u0301niosite\u0301. Dans cette interview qu\u2019il a accorde\u0301e a\u0300 notre re\u0301daction, il explique les motivations et les attentes de ce grand rendez-vous. <\/b><br \/>\n<b>Les De\u0301pe\u0302ches du Bassin du Congo (L.D.B.C.) : Que peut-on entendre par \u00ab Je consomme congolais \u00bb ?<\/b><br \/>\n<b>Rama Abagandzion (R.A.) : <\/b>A la base, nous sommes une plateforme digitale sur internet. Notre ide\u0301e c\u2019est d\u2019amener les Congolais a\u0300 comprendre pourquoi consommer les produits locaux. Nous avons un slogan : consommer congolais, c\u2019est cre\u0301er des emplois, re\u0301duire la pauvrete\u0301 et le cho\u0302mage. Nous partons du principe que nous avons de tre\u0300s bons produits et voulons que les Congolais changent leur regard sur ces produits et que nous comprenions l\u2019importance de les consommer. Car, lorsque nous consommons un produit de l\u2019exte\u0301rieur, nous cre\u0301ons un emploi a\u0300 l\u2019e\u0301tranger. Nous ne disons pas que c\u2019est mauvais, mais il n\u2019y a pas mieux que de consommer nos propres produits. \u00ab Je consomme congolais \u00bb, c\u2019est donc une plateforme d\u2019incitation a\u0300 la de\u0301couverte, a\u0300 la promotion et a\u0300 la consommation des produits locaux.<\/p>\n<p><b>L.D.B.C. : Quand vous parlez de produits congolais, a\u0300 quoi faites-vous allusion et que mettez-vous en avant ?<\/b><br \/>\n<b>R.A. <\/b>: Nous mettons en avant, comme nous le faisons dans nos vide\u0301os, le made in Congo dans toute sa diversite\u0301. Que vous soyez dans l\u2019agroalimentaire, le ge\u0301nie cre\u0301atif, la mode et bien d\u2019autres, a\u0300 partir du moment ou\u0300 vous e\u0302tes un ge\u0301nie congolais, vous cre\u0301ez au Congo, vous e\u0302tes conside\u0301re\u0301 comme un \u00ab\u00a0Made in Congo\u00a0\u00bb. Ce Made in Congo s\u2019e\u0301largit me\u0302me aux nouvelles technologies de l\u2019information et de la communication. Par exemple, un jeune Congolais qui cre\u0301e une application qui aide les gens dans la sante\u0301, c\u2019est du \u00ab\u00a0Made in Congo\u00a0\u00bb. Vous comprenez que c\u2019est ouvert et nous mettons en lumie\u0300re tout le monde.<\/p>\n<p><b>L.D.B.C. : Quels sont les enjeux du festival que vous entendez organiser ?<\/b><br \/>\n<b>R.A. : <\/b>Si nous l\u2019organisons, c\u2019est parce que nous sommes partis d\u2019un principe. Nous avons vu beaucoup d\u2019expositions mais avons constate\u0301 que les organisateurs demandent aux exposants de payer des montants sans e\u0302tre en mesure de leur garantir la rentabilite\u0301. Nous nous sommes alors dit que nous allons faire un e\u0301ve\u0301nement sur les me\u0302mes bases mais en e\u0301tant sur des modalite\u0301s de tarifications beaucoup plus abordables. Nous le faisons pour que l\u2019exposant ne travaille plus dans des difficulte\u0301s et voir comment lui simplifier les choses. Le premier enjeu, c\u2019est donc la tarification a\u0300 la base. Le second, nous avons constate\u0301 que les artisans congolais font de tre\u0300s bons produits mais ne sont jamais re\u0301compense\u0301s. Or, ces artisans sont ceux qui vont cre\u0301er les emplois de demain. Voila\u0300 pourquoi, au troisie\u0300me jour, nous organiserons une ce\u0301re\u0301monie de remise de trophe\u0301es en termes de reconnaissance envers tous ceux qui sont en train de proposer, depuis des anne\u0301es, une tre\u0300s bonne qualite\u0301 de produits. De\u0301sormais, avec ce festival qui commence, les entrepreneurs congolais, les artisans ne seront plus jamais oublie\u0301s. Le dernier enjeu, nous avons constate\u0301, dans notre cadre de promotion, qu\u2019il y a beaucoup de nos jeunes entrepreneurs qui ne sont pas sensibilise\u0301s a\u0300 certaines choses. Par exemple, sur la proprie\u0301te\u0301 intellectuelle. Et, ils peuvent se faire voler leur cre\u0301ation parce qu\u2019ils n\u2019en savent rien. C\u2019est alors un e\u0301ve\u0301nement dont les enjeux ne se limiteront pas seulement aux expositions, mais s\u2019e\u0301tendront a\u0300 la reconnaissance et a\u0300 l\u2019e\u0301volution.<\/p>\n<p><b>L.D.B.C. : Pour terminer, quels sont les prix pre\u0301vus pour la re\u0301compense ?<\/b><br \/>\n<b>R.G.: <\/b>Je vous dirai qu\u2019il y a trois prix : le Prix de l\u2019innovation ; le Prix de la qualite\u0301 du produit et celui de la longe\u0301vite\u0301 du produit, parce qu\u2019il y a ceux qui ont plusieurs anne\u0301es dans le domaine des expositions et qui re\u0301sistent jusqu\u2019a\u0300 aujourd\u2019hui. Nous savons qu\u2019ils le font dans un environnement difficile, nous avons donc de\u0301cide\u0301 de re\u0301compenser ces efforts-la\u0300.<\/p>\n<p><strong>Pour plus d&rsquo;informations et d&rsquo;analyses sur la <a href=\"https:\/\/www.africa-press.net\/congo-brazzaville\">Congo Brazzaville<\/a>, suivez <a href=\"https:\/\/www.africa-press.net\/\">Africa-Press<\/a><\/strong><\/p>\n","protected":false},"excerpt":{"rendered":"<p>Africa-Press &#8211; Congo Brazzaville. Rama Abagandzion, promoteur de la plateforme \u00ab Je consomme congolais (JCC) \u00bb, a lance\u0301 ce concept pour promouvoir les produits locaux. Cette plateforme est la voie pour les promoteurs des entreprises agroalimentaires, de la mode et bien d\u2019autres d\u2019exposer le fruit de leur inge\u0301niosite\u0301. Dans cette interview qu\u2019il a accorde\u0301e a\u0300 [&hellip;]<\/p>\n","protected":false},"author":82,"featured_media":14816,"comment_status":"open","ping_status":"closed","sticky":false,"template":"","format":"standard","meta":{"footnotes":""},"categories":[21,10],"tags":[36,47,46],"class_list":["post-14817","post","type-post","status-publish","format-standard","has-post-thumbnail","hentry","category-communaute","category-toutes-les-actualites","tag-africa-press","tag-africa-press-congo-brazzaville","tag-congo-brazzaville"],"yoast_head":"<!-- This site is optimized with the Yoast SEO Premium plugin v26.1 (Yoast SEO v27.0) - https:\/\/yoast.com\/product\/yoast-seo-premium-wordpress\/ -->\n<title>Interview. Rama Abagandzion: \u00ab Nous voulons amener les Congolais \u00e0 comprendre pourquoi consommer les produits locaux \u00bb - Congo Brazzaville<\/title>\n<meta name=\"description\" content=\"Rama Abagandzion, promoteur de la plateforme \u00ab Je consomme congolais (JCC) \u00bb, a lance\u0301 ce concept pour promouvoir les ...\" \/>\n<meta name=\"robots\" content=\"index, follow, max-snippet:-1, max-image-preview:large, max-video-preview:-1\" \/>\n<link rel=\"canonical\" href=\"https:\/\/www.africa-press.net\/congo-brazzaville\/toutes-les-actualites\/interview-rama-abagandzion-nous-voulons-amener-les-congolais-a-comprendre-pourquoi-consommer-les-produits-locaux\" \/>\n<meta property=\"og:locale\" content=\"fr_FR\" \/>\n<meta property=\"og:type\" content=\"article\" \/>\n<meta property=\"og:title\" content=\"Interview. Rama Abagandzion: \u00ab Nous voulons amener les Congolais \u00e0 comprendre pourquoi consommer les produits locaux \u00bb\" \/>\n<meta property=\"og:description\" content=\"Rama Abagandzion, promoteur de la plateforme \u00ab Je consomme congolais (JCC) \u00bb, a lance\u0301 ce concept pour promouvoir les ...\" \/>\n<meta property=\"og:url\" content=\"https:\/\/www.africa-press.net\/congo-brazzaville\/toutes-les-actualites\/interview-rama-abagandzion-nous-voulons-amener-les-congolais-a-comprendre-pourquoi-consommer-les-produits-locaux\" \/>\n<meta property=\"og:site_name\" content=\"Congo Brazzaville\" \/>\n<meta property=\"article:published_time\" content=\"2023-02-23T19:04:34+00:00\" \/>\n<meta property=\"article:modified_time\" content=\"2023-02-23T19:39:01+00:00\" \/>\n<meta property=\"og:image\" content=\"https:\/\/static.africa-press.net\/congo-brazzaville\/sites\/51\/2023\/02\/postQueueImg_1677166518.51.jpg\" \/>\n\t<meta property=\"og:image:width\" content=\"1080\" \/>\n\t<meta property=\"og:image:height\" content=\"720\" \/>\n\t<meta property=\"og:image:type\" content=\"image\/jpeg\" \/>\n<meta name=\"author\" content=\"cfeditorfr\" \/>\n<meta name=\"twitter:card\" content=\"summary_large_image\" \/>\n<meta name=\"twitter:label1\" content=\"\u00c9crit par\" \/>\n\t<meta name=\"twitter:data1\" content=\"cfeditorfr\" \/>\n\t<meta name=\"twitter:label2\" content=\"Dur\u00e9e de lecture estim\u00e9e\" \/>\n\t<meta name=\"twitter:data2\" content=\"4 minutes\" \/>\n<script type=\"application\/ld+json\" class=\"yoast-schema-graph\">{\"@context\":\"https:\/\/schema.org\",\"@graph\":[{\"@type\":\"Article\",\"@id\":\"https:\/\/www.africa-press.net\/congo-brazzaville\/toutes-les-actualites\/interview-rama-abagandzion-nous-voulons-amener-les-congolais-a-comprendre-pourquoi-consommer-les-produits-locaux#article\",\"isPartOf\":{\"@id\":\"https:\/\/www.africa-press.net\/congo-brazzaville\/toutes-les-actualites\/interview-rama-abagandzion-nous-voulons-amener-les-congolais-a-comprendre-pourquoi-consommer-les-produits-locaux\"},\"author\":{\"name\":\"cfeditorfr\",\"@id\":\"https:\/\/www.africa-press.net\/congo-brazzaville\/#\/schema\/person\/2b1cf3cd81a31e3cd26889ca66d677f1\"},\"headline\":\"Interview. Rama Abagandzion: \u00ab Nous voulons amener les Congolais \u00e0 comprendre pourquoi consommer les produits locaux \u00bb\",\"datePublished\":\"2023-02-23T19:04:34+00:00\",\"dateModified\":\"2023-02-23T19:39:01+00:00\",\"mainEntityOfPage\":{\"@id\":\"https:\/\/www.africa-press.net\/congo-brazzaville\/toutes-les-actualites\/interview-rama-abagandzion-nous-voulons-amener-les-congolais-a-comprendre-pourquoi-consommer-les-produits-locaux\"},\"wordCount\":794,\"commentCount\":0,\"image\":{\"@id\":\"https:\/\/www.africa-press.net\/congo-brazzaville\/toutes-les-actualites\/interview-rama-abagandzion-nous-voulons-amener-les-congolais-a-comprendre-pourquoi-consommer-les-produits-locaux#primaryimage\"},\"thumbnailUrl\":\"https:\/\/static.africa-press.net\/congo-brazzaville\/sites\/51\/2023\/02\/postQueueImg_1677166518.51.jpg\",\"keywords\":[\"Africa Press\",\"Africa Press-Congo Brazzaville\",\"Congo Brazzaville\"],\"articleSection\":[\"Communaut\u00e9\",\"Toutes les actualit\u00e9s\"],\"inLanguage\":\"fr-FR\",\"potentialAction\":[{\"@type\":\"CommentAction\",\"name\":\"Comment\",\"target\":[\"https:\/\/www.africa-press.net\/congo-brazzaville\/toutes-les-actualites\/interview-rama-abagandzion-nous-voulons-amener-les-congolais-a-comprendre-pourquoi-consommer-les-produits-locaux#respond\"]}]},{\"@type\":\"WebPage\",\"@id\":\"https:\/\/www.africa-press.net\/congo-brazzaville\/toutes-les-actualites\/interview-rama-abagandzion-nous-voulons-amener-les-congolais-a-comprendre-pourquoi-consommer-les-produits-locaux\",\"url\":\"https:\/\/www.africa-press.net\/congo-brazzaville\/toutes-les-actualites\/interview-rama-abagandzion-nous-voulons-amener-les-congolais-a-comprendre-pourquoi-consommer-les-produits-locaux\",\"name\":\"Interview. Rama Abagandzion: \u00ab Nous voulons amener les Congolais \u00e0 comprendre pourquoi consommer les produits locaux \u00bb - Congo Brazzaville\",\"isPartOf\":{\"@id\":\"https:\/\/www.africa-press.net\/congo-brazzaville\/#website\"},\"primaryImageOfPage\":{\"@id\":\"https:\/\/www.africa-press.net\/congo-brazzaville\/toutes-les-actualites\/interview-rama-abagandzion-nous-voulons-amener-les-congolais-a-comprendre-pourquoi-consommer-les-produits-locaux#primaryimage\"},\"image\":{\"@id\":\"https:\/\/www.africa-press.net\/congo-brazzaville\/toutes-les-actualites\/interview-rama-abagandzion-nous-voulons-amener-les-congolais-a-comprendre-pourquoi-consommer-les-produits-locaux#primaryimage\"},\"thumbnailUrl\":\"https:\/\/static.africa-press.net\/congo-brazzaville\/sites\/51\/2023\/02\/postQueueImg_1677166518.51.jpg\",\"datePublished\":\"2023-02-23T19:04:34+00:00\",\"dateModified\":\"2023-02-23T19:39:01+00:00\",\"author\":{\"@id\":\"https:\/\/www.africa-press.net\/congo-brazzaville\/#\/schema\/person\/2b1cf3cd81a31e3cd26889ca66d677f1\"},\"description\":\"Rama Abagandzion, promoteur de la plateforme \u00ab Je consomme congolais (JCC) \u00bb, a lance\u0301 ce concept pour promouvoir les ...\",\"breadcrumb\":{\"@id\":\"https:\/\/www.africa-press.net\/congo-brazzaville\/toutes-les-actualites\/interview-rama-abagandzion-nous-voulons-amener-les-congolais-a-comprendre-pourquoi-consommer-les-produits-locaux#breadcrumb\"},\"inLanguage\":\"fr-FR\",\"potentialAction\":[{\"@type\":\"ReadAction\",\"target\":[\"https:\/\/www.africa-press.net\/congo-brazzaville\/toutes-les-actualites\/interview-rama-abagandzion-nous-voulons-amener-les-congolais-a-comprendre-pourquoi-consommer-les-produits-locaux\"]}]},{\"@type\":\"ImageObject\",\"inLanguage\":\"fr-FR\",\"@id\":\"https:\/\/www.africa-press.net\/congo-brazzaville\/toutes-les-actualites\/interview-rama-abagandzion-nous-voulons-amener-les-congolais-a-comprendre-pourquoi-consommer-les-produits-locaux#primaryimage\",\"url\":\"https:\/\/static.africa-press.net\/congo-brazzaville\/sites\/51\/2023\/02\/postQueueImg_1677166518.51.jpg\",\"contentUrl\":\"https:\/\/static.africa-press.net\/congo-brazzaville\/sites\/51\/2023\/02\/postQueueImg_1677166518.51.jpg\",\"width\":1080,\"height\":720,\"caption\":\"Interview. Rama Abagandzion: \u00ab Nous voulons amener les Congolais \u00e0 comprendre pourquoi consommer les produits locaux \u00bb\"},{\"@type\":\"BreadcrumbList\",\"@id\":\"https:\/\/www.africa-press.net\/congo-brazzaville\/toutes-les-actualites\/interview-rama-abagandzion-nous-voulons-amener-les-congolais-a-comprendre-pourquoi-consommer-les-produits-locaux#breadcrumb\",\"itemListElement\":[{\"@type\":\"ListItem\",\"position\":1,\"name\":\"Accueil\",\"item\":\"https:\/\/www.africa-press.net\/congo-brazzaville\/\"},{\"@type\":\"ListItem\",\"position\":2,\"name\":\"Interview. Rama Abagandzion: \u00ab Nous voulons amener les Congolais \u00e0 comprendre pourquoi consommer les produits locaux \u00bb\"}]},{\"@type\":\"WebSite\",\"@id\":\"https:\/\/www.africa-press.net\/congo-brazzaville\/#website\",\"url\":\"https:\/\/www.africa-press.net\/congo-brazzaville\/\",\"name\":\"Congo Brazzaville\",\"description\":\"Just another Africa News Agency Sites site\",\"potentialAction\":[{\"@type\":\"SearchAction\",\"target\":{\"@type\":\"EntryPoint\",\"urlTemplate\":\"https:\/\/www.africa-press.net\/congo-brazzaville\/?s={search_term_string}\"},\"query-input\":{\"@type\":\"PropertyValueSpecification\",\"valueRequired\":true,\"valueName\":\"search_term_string\"}}],\"inLanguage\":\"fr-FR\"},{\"@type\":\"Person\",\"@id\":\"https:\/\/www.africa-press.net\/congo-brazzaville\/#\/schema\/person\/2b1cf3cd81a31e3cd26889ca66d677f1\",\"name\":\"cfeditorfr\"}]}<\/script>\n<!-- \/ Yoast SEO Premium plugin. -->","yoast_head_json":{"title":"Interview. Rama Abagandzion: \u00ab Nous voulons amener les Congolais \u00e0 comprendre pourquoi consommer les produits locaux \u00bb - Congo Brazzaville","description":"Rama Abagandzion, promoteur de la plateforme \u00ab Je consomme congolais (JCC) \u00bb, a lance\u0301 ce concept pour promouvoir les ...","robots":{"index":"index","follow":"follow","max-snippet":"max-snippet:-1","max-image-preview":"max-image-preview:large","max-video-preview":"max-video-preview:-1"},"canonical":"https:\/\/www.africa-press.net\/congo-brazzaville\/toutes-les-actualites\/interview-rama-abagandzion-nous-voulons-amener-les-congolais-a-comprendre-pourquoi-consommer-les-produits-locaux","og_locale":"fr_FR","og_type":"article","og_title":"Interview. Rama Abagandzion: \u00ab Nous voulons amener les Congolais \u00e0 comprendre pourquoi consommer les produits locaux \u00bb","og_description":"Rama Abagandzion, promoteur de la plateforme \u00ab Je consomme congolais (JCC) \u00bb, a lance\u0301 ce concept pour promouvoir les ...","og_url":"https:\/\/www.africa-press.net\/congo-brazzaville\/toutes-les-actualites\/interview-rama-abagandzion-nous-voulons-amener-les-congolais-a-comprendre-pourquoi-consommer-les-produits-locaux","og_site_name":"Congo Brazzaville","article_published_time":"2023-02-23T19:04:34+00:00","article_modified_time":"2023-02-23T19:39:01+00:00","og_image":[{"width":1080,"height":720,"url":"https:\/\/static.africa-press.net\/congo-brazzaville\/sites\/51\/2023\/02\/postQueueImg_1677166518.51.jpg","type":"image\/jpeg"}],"author":"cfeditorfr","twitter_card":"summary_large_image","twitter_misc":{"\u00c9crit par":"cfeditorfr","Dur\u00e9e de lecture estim\u00e9e":"4 minutes"},"schema":{"@context":"https:\/\/schema.org","@graph":[{"@type":"Article","@id":"https:\/\/www.africa-press.net\/congo-brazzaville\/toutes-les-actualites\/interview-rama-abagandzion-nous-voulons-amener-les-congolais-a-comprendre-pourquoi-consommer-les-produits-locaux#article","isPartOf":{"@id":"https:\/\/www.africa-press.net\/congo-brazzaville\/toutes-les-actualites\/interview-rama-abagandzion-nous-voulons-amener-les-congolais-a-comprendre-pourquoi-consommer-les-produits-locaux"},"author":{"name":"cfeditorfr","@id":"https:\/\/www.africa-press.net\/congo-brazzaville\/#\/schema\/person\/2b1cf3cd81a31e3cd26889ca66d677f1"},"headline":"Interview. Rama Abagandzion: \u00ab Nous voulons amener les Congolais \u00e0 comprendre pourquoi consommer les produits locaux \u00bb","datePublished":"2023-02-23T19:04:34+00:00","dateModified":"2023-02-23T19:39:01+00:00","mainEntityOfPage":{"@id":"https:\/\/www.africa-press.net\/congo-brazzaville\/toutes-les-actualites\/interview-rama-abagandzion-nous-voulons-amener-les-congolais-a-comprendre-pourquoi-consommer-les-produits-locaux"},"wordCount":794,"commentCount":0,"image":{"@id":"https:\/\/www.africa-press.net\/congo-brazzaville\/toutes-les-actualites\/interview-rama-abagandzion-nous-voulons-amener-les-congolais-a-comprendre-pourquoi-consommer-les-produits-locaux#primaryimage"},"thumbnailUrl":"https:\/\/static.africa-press.net\/congo-brazzaville\/sites\/51\/2023\/02\/postQueueImg_1677166518.51.jpg","keywords":["Africa Press","Africa Press-Congo Brazzaville","Congo Brazzaville"],"articleSection":["Communaut\u00e9","Toutes les actualit\u00e9s"],"inLanguage":"fr-FR","potentialAction":[{"@type":"CommentAction","name":"Comment","target":["https:\/\/www.africa-press.net\/congo-brazzaville\/toutes-les-actualites\/interview-rama-abagandzion-nous-voulons-amener-les-congolais-a-comprendre-pourquoi-consommer-les-produits-locaux#respond"]}]},{"@type":"WebPage","@id":"https:\/\/www.africa-press.net\/congo-brazzaville\/toutes-les-actualites\/interview-rama-abagandzion-nous-voulons-amener-les-congolais-a-comprendre-pourquoi-consommer-les-produits-locaux","url":"https:\/\/www.africa-press.net\/congo-brazzaville\/toutes-les-actualites\/interview-rama-abagandzion-nous-voulons-amener-les-congolais-a-comprendre-pourquoi-consommer-les-produits-locaux","name":"Interview. Rama Abagandzion: \u00ab Nous voulons amener les Congolais \u00e0 comprendre pourquoi consommer les produits locaux \u00bb - Congo Brazzaville","isPartOf":{"@id":"https:\/\/www.africa-press.net\/congo-brazzaville\/#website"},"primaryImageOfPage":{"@id":"https:\/\/www.africa-press.net\/congo-brazzaville\/toutes-les-actualites\/interview-rama-abagandzion-nous-voulons-amener-les-congolais-a-comprendre-pourquoi-consommer-les-produits-locaux#primaryimage"},"image":{"@id":"https:\/\/www.africa-press.net\/congo-brazzaville\/toutes-les-actualites\/interview-rama-abagandzion-nous-voulons-amener-les-congolais-a-comprendre-pourquoi-consommer-les-produits-locaux#primaryimage"},"thumbnailUrl":"https:\/\/static.africa-press.net\/congo-brazzaville\/sites\/51\/2023\/02\/postQueueImg_1677166518.51.jpg","datePublished":"2023-02-23T19:04:34+00:00","dateModified":"2023-02-23T19:39:01+00:00","author":{"@id":"https:\/\/www.africa-press.net\/congo-brazzaville\/#\/schema\/person\/2b1cf3cd81a31e3cd26889ca66d677f1"},"description":"Rama Abagandzion, promoteur de la plateforme \u00ab Je consomme congolais (JCC) \u00bb, a lance\u0301 ce concept pour promouvoir les ...","breadcrumb":{"@id":"https:\/\/www.africa-press.net\/congo-brazzaville\/toutes-les-actualites\/interview-rama-abagandzion-nous-voulons-amener-les-congolais-a-comprendre-pourquoi-consommer-les-produits-locaux#breadcrumb"},"inLanguage":"fr-FR","potentialAction":[{"@type":"ReadAction","target":["https:\/\/www.africa-press.net\/congo-brazzaville\/toutes-les-actualites\/interview-rama-abagandzion-nous-voulons-amener-les-congolais-a-comprendre-pourquoi-consommer-les-produits-locaux"]}]},{"@type":"ImageObject","inLanguage":"fr-FR","@id":"https:\/\/www.africa-press.net\/congo-brazzaville\/toutes-les-actualites\/interview-rama-abagandzion-nous-voulons-amener-les-congolais-a-comprendre-pourquoi-consommer-les-produits-locaux#primaryimage","url":"https:\/\/static.africa-press.net\/congo-brazzaville\/sites\/51\/2023\/02\/postQueueImg_1677166518.51.jpg","contentUrl":"https:\/\/static.africa-press.net\/congo-brazzaville\/sites\/51\/2023\/02\/postQueueImg_1677166518.51.jpg","width":1080,"height":720,"caption":"Interview. Rama Abagandzion: \u00ab Nous voulons amener les Congolais \u00e0 comprendre pourquoi consommer les produits locaux \u00bb"},{"@type":"BreadcrumbList","@id":"https:\/\/www.africa-press.net\/congo-brazzaville\/toutes-les-actualites\/interview-rama-abagandzion-nous-voulons-amener-les-congolais-a-comprendre-pourquoi-consommer-les-produits-locaux#breadcrumb","itemListElement":[{"@type":"ListItem","position":1,"name":"Accueil","item":"https:\/\/www.africa-press.net\/congo-brazzaville\/"},{"@type":"ListItem","position":2,"name":"Interview. Rama Abagandzion: \u00ab Nous voulons amener les Congolais \u00e0 comprendre pourquoi consommer les produits locaux \u00bb"}]},{"@type":"WebSite","@id":"https:\/\/www.africa-press.net\/congo-brazzaville\/#website","url":"https:\/\/www.africa-press.net\/congo-brazzaville\/","name":"Congo Brazzaville","description":"Just another Africa News Agency Sites site","potentialAction":[{"@type":"SearchAction","target":{"@type":"EntryPoint","urlTemplate":"https:\/\/www.africa-press.net\/congo-brazzaville\/?s={search_term_string}"},"query-input":{"@type":"PropertyValueSpecification","valueRequired":true,"valueName":"search_term_string"}}],"inLanguage":"fr-FR"},{"@type":"Person","@id":"https:\/\/www.africa-press.net\/congo-brazzaville\/#\/schema\/person\/2b1cf3cd81a31e3cd26889ca66d677f1","name":"cfeditorfr"}]}},"_links":{"self":[{"href":"https:\/\/www.africa-press.net\/congo-brazzaville\/wp-json\/wp\/v2\/posts\/14817","targetHints":{"allow":["GET"]}}],"collection":[{"href":"https:\/\/www.africa-press.net\/congo-brazzaville\/wp-json\/wp\/v2\/posts"}],"about":[{"href":"https:\/\/www.africa-press.net\/congo-brazzaville\/wp-json\/wp\/v2\/types\/post"}],"author":[{"embeddable":true,"href":"https:\/\/www.africa-press.net\/congo-brazzaville\/wp-json\/wp\/v2\/users\/82"}],"replies":[{"embeddable":true,"href":"https:\/\/www.africa-press.net\/congo-brazzaville\/wp-json\/wp\/v2\/comments?post=14817"}],"version-history":[{"count":0,"href":"https:\/\/www.africa-press.net\/congo-brazzaville\/wp-json\/wp\/v2\/posts\/14817\/revisions"}],"wp:featuredmedia":[{"embeddable":true,"href":"https:\/\/www.africa-press.net\/congo-brazzaville\/wp-json\/wp\/v2\/media\/14816"}],"wp:attachment":[{"href":"https:\/\/www.africa-press.net\/congo-brazzaville\/wp-json\/wp\/v2\/media?parent=14817"}],"wp:term":[{"taxonomy":"category","embeddable":true,"href":"https:\/\/www.africa-press.net\/congo-brazzaville\/wp-json\/wp\/v2\/categories?post=14817"},{"taxonomy":"post_tag","embeddable":true,"href":"https:\/\/www.africa-press.net\/congo-brazzaville\/wp-json\/wp\/v2\/tags?post=14817"}],"curies":[{"name":"wp","href":"https:\/\/api.w.org\/{rel}","templated":true}]}}