{"id":14828,"date":"2023-02-24T12:41:48","date_gmt":"2023-02-24T12:41:48","guid":{"rendered":"https:\/\/www.africa-press.net\/congo-brazzaville\/politique\/afroca-music-awards-2023-deux-congolais-distingues"},"modified":"2023-02-24T12:59:53","modified_gmt":"2023-02-24T12:59:53","slug":"afroca-music-awards-2023-deux-congolais-distingues","status":"publish","type":"post","link":"https:\/\/www.africa-press.net\/congo-brazzaville\/culture-et-art\/afroca-music-awards-2023-deux-congolais-distingues","title":{"rendered":"Afroca music Awards 2023 : deux Congolais distingu\u00e9s"},"content":{"rendered":"<p><span style=\"color: #ff6600\"><strong>Africa-Press &#8211; Congo Brazzaville. <\/strong><\/span><b>Le philosophe The\u0301ophile Obenga et le musicien Diesel Gucci ont e\u0301te\u0301 distingue\u0301s, le 18 fe\u0301vrier a\u0300 Brazzaville, respectivement en qualite\u0301 de personnalite\u0301 d&rsquo;honneur et re\u0301ve\u0301lation nationale de l&rsquo;anne\u0301e 2022.<\/b><\/p>\n<p>Les distinctions ont e\u0301te\u0301 remises a\u0300 l&rsquo;occasion de la troisie\u0300me e\u0301dition des Afroca music Awards, une manifestation qui re\u0301compense les personnalite\u0301s culturelles, sportives ainsi que les artistes musiciens de l&rsquo;Afrique et des Carai\u0308bes qui se sont illustre\u0301s par leurs \u0153uvres durant l&rsquo;anne\u0301e pre\u0301ce\u0301dente.<\/p>\n<p>Ne\u0301 le 2 fe\u0301vrier1936 a\u0300 Mbaya, en Re\u0301publique du Congo, The\u0301ophile Mwene\u0301 Ndzale\u0301 Obenga est un e\u0301gyptologue, linguiste et historien. Avec Cheikh Anta Diop, il de\u0301fend une vision de l&rsquo;histoire noire africaine recentre\u0301e sur les pre\u0301occupations des chercheurs et intellectuels noirs africains, soucieux de revisiter leur patrimoine (Afrocentricite\u0301) .<\/p>\n<p>\u00ab Je suis e\u0301bloui par les sonorite\u0301s des hommes et les couleurs et surtout par la vaillance des organisateurs. Je remercie les organisateurs ainsi que l&rsquo;industrie de la culture et des arts. Je suis fier de recevoir ce prix devant cette jeunesse pe\u0301trie de couleurs et de qualite\u0301. Je suis heureux de participer aux activite\u0301s culturelles comme celles-ci, la\u0300 ou\u0300 on exalte l&rsquo;union de l&rsquo;Afrique et des Carai\u0308bes \u00bb, a de\u0301clare\u0301 The\u0301ophile Obenga, apre\u0300s la re\u0301ception de son prix.<\/p>\n<p>Diesel Gucci, de son cote\u0301, est un jeune artiste congolais de musique urbaine qui fait ses de\u0301buts en tant que danseur, domaine dans lequel il se de\u0301marque tre\u0300s vite en e\u0301tant e\u0301lu meilleur danseur du Congo en 2010. \u00ab Je suis fier de recevoir ce trophe\u0301e au nom de mon poulain, Diesel Gucci. Nous promettons d&rsquo;utiliser ce prix pour faire briller la musique congolaise \u00bb, a lance\u0301 le manager qui repre\u0301sentait cet artiste lors de la remise du prix.<\/p>\n<p>Concluant la ce\u0301re\u0301monie, Olivier Doumou, organisateur des Afroca music Awards et pre\u0301sident du label doumoussion records, a martele\u0301 sur l\u2019unite\u0301 des valeurs culturelles des peuples d&rsquo;Afrique et des Carai\u0308bes. \u00ab Les Afroca music Awards sont organise\u0301s re\u0301gulie\u0300rement pour promouvoir cette unite\u0301 authentique \u00bb, a-t-il rappele\u0301.<\/p>\n<p><strong>Pour plus d&rsquo;informations et d&rsquo;analyses sur la <a href=\"https:\/\/www.africa-press.net\/congo-brazzaville\">Congo Brazzaville<\/a>, suivez <a href=\"https:\/\/www.africa-press.net\/\">Africa-Press<\/a><\/strong><\/p>\n","protected":false},"excerpt":{"rendered":"<p>Africa-Press &#8211; Congo Brazzaville. Le philosophe The\u0301ophile Obenga et le musicien Diesel Gucci ont e\u0301te\u0301 distingue\u0301s, le 18 fe\u0301vrier a\u0300 Brazzaville, respectivement en qualite\u0301 de personnalite\u0301 d&rsquo;honneur et re\u0301ve\u0301lation nationale de l&rsquo;anne\u0301e 2022. Les distinctions ont e\u0301te\u0301 remises a\u0300 l&rsquo;occasion de la troisie\u0300me e\u0301dition des Afroca music Awards, une manifestation qui re\u0301compense les personnalite\u0301s culturelles, [&hellip;]<\/p>\n","protected":false},"author":82,"featured_media":14827,"comment_status":"open","ping_status":"closed","sticky":false,"template":"","format":"standard","meta":{"footnotes":""},"categories":[5,10],"tags":[36,47,46],"class_list":["post-14828","post","type-post","status-publish","format-standard","has-post-thumbnail","hentry","category-culture-et-art","category-toutes-les-actualites","tag-africa-press","tag-africa-press-congo-brazzaville","tag-congo-brazzaville"],"yoast_head":"<!-- This site is optimized with the Yoast SEO Premium plugin v26.1 (Yoast SEO v27.0) - https:\/\/yoast.com\/product\/yoast-seo-premium-wordpress\/ -->\n<title>Afroca music Awards 2023 : deux Congolais distingu\u00e9s - Congo Brazzaville<\/title>\n<meta name=\"description\" content=\"Le philosophe The\u0301ophile Obenga et le musicien Diesel Gucci ont e\u0301te\u0301 distingue\u0301s, le 18 fe\u0301vrier a\u0300 Brazzaville, res ...\" \/>\n<meta name=\"robots\" content=\"index, follow, max-snippet:-1, max-image-preview:large, max-video-preview:-1\" \/>\n<link rel=\"canonical\" href=\"https:\/\/www.africa-press.net\/congo-brazzaville\/culture-et-art\/afroca-music-awards-2023-deux-congolais-distingues\" \/>\n<meta property=\"og:locale\" content=\"fr_FR\" \/>\n<meta property=\"og:type\" content=\"article\" \/>\n<meta property=\"og:title\" content=\"Afroca music Awards 2023 : deux Congolais distingu\u00e9s\" \/>\n<meta property=\"og:description\" content=\"Le philosophe The\u0301ophile Obenga et le musicien Diesel Gucci ont e\u0301te\u0301 distingue\u0301s, le 18 fe\u0301vrier a\u0300 Brazzaville, res ...\" \/>\n<meta property=\"og:url\" content=\"https:\/\/www.africa-press.net\/congo-brazzaville\/culture-et-art\/afroca-music-awards-2023-deux-congolais-distingues\" \/>\n<meta property=\"og:site_name\" content=\"Congo Brazzaville\" \/>\n<meta property=\"article:published_time\" content=\"2023-02-24T12:41:48+00:00\" \/>\n<meta property=\"article:modified_time\" content=\"2023-02-24T12:59:53+00:00\" \/>\n<meta property=\"og:image\" content=\"https:\/\/static.africa-press.net\/congo-brazzaville\/sites\/51\/2023\/02\/postQueueImg_1677229922.86.jpg\" \/>\n\t<meta property=\"og:image:width\" content=\"800\" \/>\n\t<meta property=\"og:image:height\" content=\"463\" \/>\n\t<meta property=\"og:image:type\" content=\"image\/jpeg\" \/>\n<meta name=\"author\" content=\"cfeditorfr\" \/>\n<meta name=\"twitter:card\" content=\"summary_large_image\" \/>\n<meta name=\"twitter:label1\" content=\"\u00c9crit par\" \/>\n\t<meta name=\"twitter:data1\" content=\"cfeditorfr\" \/>\n\t<meta name=\"twitter:label2\" content=\"Dur\u00e9e de lecture estim\u00e9e\" \/>\n\t<meta name=\"twitter:data2\" content=\"2 minutes\" \/>\n<script type=\"application\/ld+json\" class=\"yoast-schema-graph\">{\"@context\":\"https:\/\/schema.org\",\"@graph\":[{\"@type\":\"Article\",\"@id\":\"https:\/\/www.africa-press.net\/congo-brazzaville\/culture-et-art\/afroca-music-awards-2023-deux-congolais-distingues#article\",\"isPartOf\":{\"@id\":\"https:\/\/www.africa-press.net\/congo-brazzaville\/culture-et-art\/afroca-music-awards-2023-deux-congolais-distingues\"},\"author\":{\"name\":\"cfeditorfr\",\"@id\":\"https:\/\/www.africa-press.net\/congo-brazzaville\/#\/schema\/person\/2b1cf3cd81a31e3cd26889ca66d677f1\"},\"headline\":\"Afroca music Awards 2023 : deux Congolais distingu\u00e9s\",\"datePublished\":\"2023-02-24T12:41:48+00:00\",\"dateModified\":\"2023-02-24T12:59:53+00:00\",\"mainEntityOfPage\":{\"@id\":\"https:\/\/www.africa-press.net\/congo-brazzaville\/culture-et-art\/afroca-music-awards-2023-deux-congolais-distingues\"},\"wordCount\":396,\"commentCount\":0,\"image\":{\"@id\":\"https:\/\/www.africa-press.net\/congo-brazzaville\/culture-et-art\/afroca-music-awards-2023-deux-congolais-distingues#primaryimage\"},\"thumbnailUrl\":\"https:\/\/static.africa-press.net\/congo-brazzaville\/sites\/51\/2023\/02\/postQueueImg_1677229922.86.jpg\",\"keywords\":[\"Africa Press\",\"Africa Press-Congo Brazzaville\",\"Congo Brazzaville\"],\"articleSection\":[\"Culture et Art\",\"Toutes les actualit\u00e9s\"],\"inLanguage\":\"fr-FR\",\"potentialAction\":[{\"@type\":\"CommentAction\",\"name\":\"Comment\",\"target\":[\"https:\/\/www.africa-press.net\/congo-brazzaville\/culture-et-art\/afroca-music-awards-2023-deux-congolais-distingues#respond\"]}]},{\"@type\":\"WebPage\",\"@id\":\"https:\/\/www.africa-press.net\/congo-brazzaville\/culture-et-art\/afroca-music-awards-2023-deux-congolais-distingues\",\"url\":\"https:\/\/www.africa-press.net\/congo-brazzaville\/culture-et-art\/afroca-music-awards-2023-deux-congolais-distingues\",\"name\":\"Afroca music Awards 2023 : deux Congolais distingu\u00e9s - Congo Brazzaville\",\"isPartOf\":{\"@id\":\"https:\/\/www.africa-press.net\/congo-brazzaville\/#website\"},\"primaryImageOfPage\":{\"@id\":\"https:\/\/www.africa-press.net\/congo-brazzaville\/culture-et-art\/afroca-music-awards-2023-deux-congolais-distingues#primaryimage\"},\"image\":{\"@id\":\"https:\/\/www.africa-press.net\/congo-brazzaville\/culture-et-art\/afroca-music-awards-2023-deux-congolais-distingues#primaryimage\"},\"thumbnailUrl\":\"https:\/\/static.africa-press.net\/congo-brazzaville\/sites\/51\/2023\/02\/postQueueImg_1677229922.86.jpg\",\"datePublished\":\"2023-02-24T12:41:48+00:00\",\"dateModified\":\"2023-02-24T12:59:53+00:00\",\"author\":{\"@id\":\"https:\/\/www.africa-press.net\/congo-brazzaville\/#\/schema\/person\/2b1cf3cd81a31e3cd26889ca66d677f1\"},\"description\":\"Le philosophe The\u0301ophile Obenga et le musicien Diesel Gucci ont e\u0301te\u0301 distingue\u0301s, le 18 fe\u0301vrier a\u0300 Brazzaville, res ...\",\"breadcrumb\":{\"@id\":\"https:\/\/www.africa-press.net\/congo-brazzaville\/culture-et-art\/afroca-music-awards-2023-deux-congolais-distingues#breadcrumb\"},\"inLanguage\":\"fr-FR\",\"potentialAction\":[{\"@type\":\"ReadAction\",\"target\":[\"https:\/\/www.africa-press.net\/congo-brazzaville\/culture-et-art\/afroca-music-awards-2023-deux-congolais-distingues\"]}]},{\"@type\":\"ImageObject\",\"inLanguage\":\"fr-FR\",\"@id\":\"https:\/\/www.africa-press.net\/congo-brazzaville\/culture-et-art\/afroca-music-awards-2023-deux-congolais-distingues#primaryimage\",\"url\":\"https:\/\/static.africa-press.net\/congo-brazzaville\/sites\/51\/2023\/02\/postQueueImg_1677229922.86.jpg\",\"contentUrl\":\"https:\/\/static.africa-press.net\/congo-brazzaville\/sites\/51\/2023\/02\/postQueueImg_1677229922.86.jpg\",\"width\":800,\"height\":463,\"caption\":\"Afroca music Awards 2023 : deux Congolais distingu\u00e9s\"},{\"@type\":\"BreadcrumbList\",\"@id\":\"https:\/\/www.africa-press.net\/congo-brazzaville\/culture-et-art\/afroca-music-awards-2023-deux-congolais-distingues#breadcrumb\",\"itemListElement\":[{\"@type\":\"ListItem\",\"position\":1,\"name\":\"Accueil\",\"item\":\"https:\/\/www.africa-press.net\/congo-brazzaville\/\"},{\"@type\":\"ListItem\",\"position\":2,\"name\":\"Afroca music Awards 2023 : deux Congolais distingu\u00e9s\"}]},{\"@type\":\"WebSite\",\"@id\":\"https:\/\/www.africa-press.net\/congo-brazzaville\/#website\",\"url\":\"https:\/\/www.africa-press.net\/congo-brazzaville\/\",\"name\":\"Congo Brazzaville\",\"description\":\"Just another Africa News Agency Sites site\",\"potentialAction\":[{\"@type\":\"SearchAction\",\"target\":{\"@type\":\"EntryPoint\",\"urlTemplate\":\"https:\/\/www.africa-press.net\/congo-brazzaville\/?s={search_term_string}\"},\"query-input\":{\"@type\":\"PropertyValueSpecification\",\"valueRequired\":true,\"valueName\":\"search_term_string\"}}],\"inLanguage\":\"fr-FR\"},{\"@type\":\"Person\",\"@id\":\"https:\/\/www.africa-press.net\/congo-brazzaville\/#\/schema\/person\/2b1cf3cd81a31e3cd26889ca66d677f1\",\"name\":\"cfeditorfr\"}]}<\/script>\n<!-- \/ Yoast SEO Premium plugin. -->","yoast_head_json":{"title":"Afroca music Awards 2023 : deux Congolais distingu\u00e9s - Congo Brazzaville","description":"Le philosophe The\u0301ophile Obenga et le musicien Diesel Gucci ont e\u0301te\u0301 distingue\u0301s, le 18 fe\u0301vrier a\u0300 Brazzaville, res ...","robots":{"index":"index","follow":"follow","max-snippet":"max-snippet:-1","max-image-preview":"max-image-preview:large","max-video-preview":"max-video-preview:-1"},"canonical":"https:\/\/www.africa-press.net\/congo-brazzaville\/culture-et-art\/afroca-music-awards-2023-deux-congolais-distingues","og_locale":"fr_FR","og_type":"article","og_title":"Afroca music Awards 2023 : deux Congolais distingu\u00e9s","og_description":"Le philosophe The\u0301ophile Obenga et le musicien Diesel Gucci ont e\u0301te\u0301 distingue\u0301s, le 18 fe\u0301vrier a\u0300 Brazzaville, res ...","og_url":"https:\/\/www.africa-press.net\/congo-brazzaville\/culture-et-art\/afroca-music-awards-2023-deux-congolais-distingues","og_site_name":"Congo Brazzaville","article_published_time":"2023-02-24T12:41:48+00:00","article_modified_time":"2023-02-24T12:59:53+00:00","og_image":[{"width":800,"height":463,"url":"https:\/\/static.africa-press.net\/congo-brazzaville\/sites\/51\/2023\/02\/postQueueImg_1677229922.86.jpg","type":"image\/jpeg"}],"author":"cfeditorfr","twitter_card":"summary_large_image","twitter_misc":{"\u00c9crit par":"cfeditorfr","Dur\u00e9e de lecture estim\u00e9e":"2 minutes"},"schema":{"@context":"https:\/\/schema.org","@graph":[{"@type":"Article","@id":"https:\/\/www.africa-press.net\/congo-brazzaville\/culture-et-art\/afroca-music-awards-2023-deux-congolais-distingues#article","isPartOf":{"@id":"https:\/\/www.africa-press.net\/congo-brazzaville\/culture-et-art\/afroca-music-awards-2023-deux-congolais-distingues"},"author":{"name":"cfeditorfr","@id":"https:\/\/www.africa-press.net\/congo-brazzaville\/#\/schema\/person\/2b1cf3cd81a31e3cd26889ca66d677f1"},"headline":"Afroca music Awards 2023 : deux Congolais distingu\u00e9s","datePublished":"2023-02-24T12:41:48+00:00","dateModified":"2023-02-24T12:59:53+00:00","mainEntityOfPage":{"@id":"https:\/\/www.africa-press.net\/congo-brazzaville\/culture-et-art\/afroca-music-awards-2023-deux-congolais-distingues"},"wordCount":396,"commentCount":0,"image":{"@id":"https:\/\/www.africa-press.net\/congo-brazzaville\/culture-et-art\/afroca-music-awards-2023-deux-congolais-distingues#primaryimage"},"thumbnailUrl":"https:\/\/static.africa-press.net\/congo-brazzaville\/sites\/51\/2023\/02\/postQueueImg_1677229922.86.jpg","keywords":["Africa Press","Africa Press-Congo Brazzaville","Congo Brazzaville"],"articleSection":["Culture et Art","Toutes les actualit\u00e9s"],"inLanguage":"fr-FR","potentialAction":[{"@type":"CommentAction","name":"Comment","target":["https:\/\/www.africa-press.net\/congo-brazzaville\/culture-et-art\/afroca-music-awards-2023-deux-congolais-distingues#respond"]}]},{"@type":"WebPage","@id":"https:\/\/www.africa-press.net\/congo-brazzaville\/culture-et-art\/afroca-music-awards-2023-deux-congolais-distingues","url":"https:\/\/www.africa-press.net\/congo-brazzaville\/culture-et-art\/afroca-music-awards-2023-deux-congolais-distingues","name":"Afroca music Awards 2023 : deux Congolais distingu\u00e9s - Congo Brazzaville","isPartOf":{"@id":"https:\/\/www.africa-press.net\/congo-brazzaville\/#website"},"primaryImageOfPage":{"@id":"https:\/\/www.africa-press.net\/congo-brazzaville\/culture-et-art\/afroca-music-awards-2023-deux-congolais-distingues#primaryimage"},"image":{"@id":"https:\/\/www.africa-press.net\/congo-brazzaville\/culture-et-art\/afroca-music-awards-2023-deux-congolais-distingues#primaryimage"},"thumbnailUrl":"https:\/\/static.africa-press.net\/congo-brazzaville\/sites\/51\/2023\/02\/postQueueImg_1677229922.86.jpg","datePublished":"2023-02-24T12:41:48+00:00","dateModified":"2023-02-24T12:59:53+00:00","author":{"@id":"https:\/\/www.africa-press.net\/congo-brazzaville\/#\/schema\/person\/2b1cf3cd81a31e3cd26889ca66d677f1"},"description":"Le philosophe The\u0301ophile Obenga et le musicien Diesel Gucci ont e\u0301te\u0301 distingue\u0301s, le 18 fe\u0301vrier a\u0300 Brazzaville, res ...","breadcrumb":{"@id":"https:\/\/www.africa-press.net\/congo-brazzaville\/culture-et-art\/afroca-music-awards-2023-deux-congolais-distingues#breadcrumb"},"inLanguage":"fr-FR","potentialAction":[{"@type":"ReadAction","target":["https:\/\/www.africa-press.net\/congo-brazzaville\/culture-et-art\/afroca-music-awards-2023-deux-congolais-distingues"]}]},{"@type":"ImageObject","inLanguage":"fr-FR","@id":"https:\/\/www.africa-press.net\/congo-brazzaville\/culture-et-art\/afroca-music-awards-2023-deux-congolais-distingues#primaryimage","url":"https:\/\/static.africa-press.net\/congo-brazzaville\/sites\/51\/2023\/02\/postQueueImg_1677229922.86.jpg","contentUrl":"https:\/\/static.africa-press.net\/congo-brazzaville\/sites\/51\/2023\/02\/postQueueImg_1677229922.86.jpg","width":800,"height":463,"caption":"Afroca music Awards 2023 : deux Congolais distingu\u00e9s"},{"@type":"BreadcrumbList","@id":"https:\/\/www.africa-press.net\/congo-brazzaville\/culture-et-art\/afroca-music-awards-2023-deux-congolais-distingues#breadcrumb","itemListElement":[{"@type":"ListItem","position":1,"name":"Accueil","item":"https:\/\/www.africa-press.net\/congo-brazzaville\/"},{"@type":"ListItem","position":2,"name":"Afroca music Awards 2023 : deux Congolais distingu\u00e9s"}]},{"@type":"WebSite","@id":"https:\/\/www.africa-press.net\/congo-brazzaville\/#website","url":"https:\/\/www.africa-press.net\/congo-brazzaville\/","name":"Congo Brazzaville","description":"Just another Africa News Agency Sites site","potentialAction":[{"@type":"SearchAction","target":{"@type":"EntryPoint","urlTemplate":"https:\/\/www.africa-press.net\/congo-brazzaville\/?s={search_term_string}"},"query-input":{"@type":"PropertyValueSpecification","valueRequired":true,"valueName":"search_term_string"}}],"inLanguage":"fr-FR"},{"@type":"Person","@id":"https:\/\/www.africa-press.net\/congo-brazzaville\/#\/schema\/person\/2b1cf3cd81a31e3cd26889ca66d677f1","name":"cfeditorfr"}]}},"_links":{"self":[{"href":"https:\/\/www.africa-press.net\/congo-brazzaville\/wp-json\/wp\/v2\/posts\/14828","targetHints":{"allow":["GET"]}}],"collection":[{"href":"https:\/\/www.africa-press.net\/congo-brazzaville\/wp-json\/wp\/v2\/posts"}],"about":[{"href":"https:\/\/www.africa-press.net\/congo-brazzaville\/wp-json\/wp\/v2\/types\/post"}],"author":[{"embeddable":true,"href":"https:\/\/www.africa-press.net\/congo-brazzaville\/wp-json\/wp\/v2\/users\/82"}],"replies":[{"embeddable":true,"href":"https:\/\/www.africa-press.net\/congo-brazzaville\/wp-json\/wp\/v2\/comments?post=14828"}],"version-history":[{"count":0,"href":"https:\/\/www.africa-press.net\/congo-brazzaville\/wp-json\/wp\/v2\/posts\/14828\/revisions"}],"wp:featuredmedia":[{"embeddable":true,"href":"https:\/\/www.africa-press.net\/congo-brazzaville\/wp-json\/wp\/v2\/media\/14827"}],"wp:attachment":[{"href":"https:\/\/www.africa-press.net\/congo-brazzaville\/wp-json\/wp\/v2\/media?parent=14828"}],"wp:term":[{"taxonomy":"category","embeddable":true,"href":"https:\/\/www.africa-press.net\/congo-brazzaville\/wp-json\/wp\/v2\/categories?post=14828"},{"taxonomy":"post_tag","embeddable":true,"href":"https:\/\/www.africa-press.net\/congo-brazzaville\/wp-json\/wp\/v2\/tags?post=14828"}],"curies":[{"name":"wp","href":"https:\/\/api.w.org\/{rel}","templated":true}]}}