{"id":14832,"date":"2023-02-24T12:42:13","date_gmt":"2023-02-24T12:42:13","guid":{"rendered":"https:\/\/www.africa-press.net\/congo-brazzaville\/politique\/voir-ou-revoir-ombre-du-passe-dalain-tenzon"},"modified":"2023-02-24T13:01:19","modified_gmt":"2023-02-24T13:01:19","slug":"voir-ou-revoir-ombre-du-passe-dalain-tenzon","status":"publish","type":"post","link":"https:\/\/www.africa-press.net\/congo-brazzaville\/culture-et-art\/voir-ou-revoir-ombre-du-passe-dalain-tenzon","title":{"rendered":"Voir ou revoir : \u00ab Ombre du pass\u00e9 \u00bb d\u2019Alain Tenzon"},"content":{"rendered":"<p><span style=\"color: #ff6600\"><strong>Africa-Press &#8211; Congo Brazzaville. <\/strong><\/span><b>Film camerounais sorti en 2019, \u00ab Ombre du passe\u0301 \u00bb tire une sonnette d\u2019alarme sur les de\u0301cisions prises et les actes pose\u0301s dans la fougue de la jeunesse mais qui, dans le temps, peuvent avoir des re\u0301percussions sur nos vies.<\/b><\/p>\n<p>L\u2019intrigue du long me\u0301trage \u00ab Ombre du passe\u0301 \u00bb s\u2019articule autour du passe\u0301 non reluisant de Penda. Dans sa jeunesse, cet homme qui croyait avoir argent, gloire, pouvoir et femmes a\u0300 ses pieds a mene\u0301 une vie de\u0301sordonne\u0301e a\u0300 travers de multiples conque\u0302tes, abandonnant au passage des enfants issus de ces aventures sans lendemain. Des anne\u0301es plus tard, sa vie est devenue un long fleuve tranquille. Penda vit entoure\u0301 de ses deux fils, Jacques et Martial. Mais, lorsque son fils cadet Martial de\u0301cide de pre\u0301senter sa petite amie Nanou a\u0300 la famille, la gaiete\u0301, la quie\u0301tude et l\u2019amour qui re\u0301gnaient dans ce cocon familial vont ce\u0301der la place a\u0300 la guerre et a\u0300 la vengeance.<\/p>\n<p>Il s\u2019ave\u0300re que la jeune Nanou, issue d\u2019une famille de\u0301munie est l\u2019ex-petite amie de Jacques, son fre\u0300re ai\u0302ne\u0301. Cette relation s\u2019est rompue a\u0300 cause de Penda qui n\u2019a jamais accepte\u0301 que son fils ai\u0302ne\u0301 e\u0301pouse une fille quelconque. Face a\u0300 ce refus de voir son fils inte\u0301grer une famille pauvre, le pe\u0300re a souhaite\u0301 pluto\u0302t que Jacques convole en justes noces avec la fille de son ami, e\u0301galement fortune\u0301. Et pour motiver Martial a\u0300 quitter Nanou, le chef de la famille Penda de\u0301cide d\u2019offrir la plus grande partie de son he\u0301ritage a\u0300 Jacques. C\u2019est alors que &#8230;<\/p>\n<p>Se\u0301lectionne\u0301 l\u2019an dernier dans la cate\u0301gorie \u00ab Long me\u0301trage \u00bb de la quatrie\u0300me e\u0301dition du festival L\u2019Afrique fait son cine\u0301ma, \u00ab Ombre du passe\u0301 \u00bb montre combien les fanto\u0302mes du passe\u0301, cache\u0301s dans le placard, peuvent sortir et ainsi hanter le pre\u0301sent. Cette situation qu\u2019Alain Tenzon a mise en exergue dans son film est un vrai fait de socie\u0301te\u0301 qui interpelle bon nombre de femmes et d\u2019hommes qui agissent sans penser aux conse\u0301quences.<\/p>\n<p>En effet, comme il est dit, \u00ab qui se\u0300me le vent, re\u0301colte la tempe\u0302te \u00bb, Penda a bien e\u0301te\u0301 rattrape\u0301 par ses maladresses. A la jeunesse, ce film lui enseigne e\u0301galement que cette pe\u0301riode de la vie n\u2019est pas e\u0301ternelle car on est appele\u0301 a\u0300 grandir et devenir adulte, a\u0300 fonder une famille ou a\u0300 occuper certains postes de responsabilite\u0301. Penser a\u0300 demain aujourd\u2019hui est aussi une manie\u0300re de se\u0301curiser son avenir de certains ennuis.<\/p>\n<p>Ope\u0301rateur e\u0301conomique a\u0300 la base mais qui a toujours travaille\u0301 dans le monde de l\u2019audiovisuel, c\u2019est tre\u0300s jeune qu\u2019Alain Tenzon s\u2019est lance\u0301 en tant que producteur de spots publicitaires et de films d\u2019entreprises. Apre\u0300s des anne\u0301es de production exe\u0301cutive, de coproduction, il se lance dans ses propres projets. Il produit et re\u0301alise un documentaire, \u00ab L\u2019aumo\u0302ne noire \u00bb qui ne verra malheureusement pas le jour du fait d\u2019une perte tragique du projet. Il ne se de\u0301courage pas et poursuit son re\u0302ve de re\u0301aliser une fiction jusqu\u2019a\u0300 ce que son chemin croise celui de Paul Stevek avec lequel il partage le me\u0302me mentor, Francis Noukiatchom, un formateur et re\u0301alisateur. De cette rencontre est ne\u0301 son premier long me\u0301trage, \u00ab Ombre du passe\u0301\u00bb (2019). Depuis peu, Alain Tenzon s\u2019est e\u0301galement converti en acteur, apparaissant notamment dans la se\u0301rie \u00ab Madame, Monsieur \u00bb saison 3.<\/p>\n<p><strong>Pour plus d&rsquo;informations et d&rsquo;analyses sur la <a href=\"https:\/\/www.africa-press.net\/congo-brazzaville\">Congo Brazzaville<\/a>, suivez <a href=\"https:\/\/www.africa-press.net\/\">Africa-Press<\/a><\/strong><\/p>\n","protected":false},"excerpt":{"rendered":"<p>Africa-Press &#8211; Congo Brazzaville. Film camerounais sorti en 2019, \u00ab Ombre du passe\u0301 \u00bb tire une sonnette d\u2019alarme sur les de\u0301cisions prises et les actes pose\u0301s dans la fougue de la jeunesse mais qui, dans le temps, peuvent avoir des re\u0301percussions sur nos vies. L\u2019intrigue du long me\u0301trage \u00ab Ombre du passe\u0301 \u00bb s\u2019articule autour [&hellip;]<\/p>\n","protected":false},"author":82,"featured_media":14831,"comment_status":"open","ping_status":"closed","sticky":false,"template":"","format":"standard","meta":{"footnotes":""},"categories":[5,10],"tags":[36,47,46],"class_list":["post-14832","post","type-post","status-publish","format-standard","has-post-thumbnail","hentry","category-culture-et-art","category-toutes-les-actualites","tag-africa-press","tag-africa-press-congo-brazzaville","tag-congo-brazzaville"],"yoast_head":"<!-- This site is optimized with the Yoast SEO Premium plugin v26.1 (Yoast SEO v27.0) - https:\/\/yoast.com\/product\/yoast-seo-premium-wordpress\/ -->\n<title>Voir ou revoir : \u00ab Ombre du pass\u00e9 \u00bb d\u2019Alain Tenzon - Congo Brazzaville<\/title>\n<meta name=\"description\" content=\"Film camerounais sorti en 2019, \u00ab Ombre du passe\u0301 \u00bb tire une sonnette d\u2019alarme sur les de\u0301cisions prises et les actes ...\" \/>\n<meta name=\"robots\" content=\"index, follow, max-snippet:-1, max-image-preview:large, max-video-preview:-1\" \/>\n<link rel=\"canonical\" href=\"https:\/\/www.africa-press.net\/congo-brazzaville\/culture-et-art\/voir-ou-revoir-ombre-du-passe-dalain-tenzon\" \/>\n<meta property=\"og:locale\" content=\"fr_FR\" \/>\n<meta property=\"og:type\" content=\"article\" \/>\n<meta property=\"og:title\" content=\"Voir ou revoir : \u00ab Ombre du pass\u00e9 \u00bb d\u2019Alain Tenzon\" \/>\n<meta property=\"og:description\" content=\"Film camerounais sorti en 2019, \u00ab Ombre du passe\u0301 \u00bb tire une sonnette d\u2019alarme sur les de\u0301cisions prises et les actes ...\" \/>\n<meta property=\"og:url\" content=\"https:\/\/www.africa-press.net\/congo-brazzaville\/culture-et-art\/voir-ou-revoir-ombre-du-passe-dalain-tenzon\" \/>\n<meta property=\"og:site_name\" content=\"Congo Brazzaville\" \/>\n<meta property=\"article:published_time\" content=\"2023-02-24T12:42:13+00:00\" \/>\n<meta property=\"article:modified_time\" content=\"2023-02-24T13:01:19+00:00\" \/>\n<meta property=\"og:image\" content=\"https:\/\/static.africa-press.net\/congo-brazzaville\/sites\/51\/2023\/02\/postQueueImg_1677229937.22.jpg\" \/>\n\t<meta property=\"og:image:width\" content=\"1280\" \/>\n\t<meta property=\"og:image:height\" content=\"720\" \/>\n\t<meta property=\"og:image:type\" content=\"image\/jpeg\" \/>\n<meta name=\"author\" content=\"cfeditorfr\" \/>\n<meta name=\"twitter:card\" content=\"summary_large_image\" \/>\n<meta name=\"twitter:label1\" content=\"\u00c9crit par\" \/>\n\t<meta name=\"twitter:data1\" content=\"cfeditorfr\" \/>\n\t<meta name=\"twitter:label2\" content=\"Dur\u00e9e de lecture estim\u00e9e\" \/>\n\t<meta name=\"twitter:data2\" content=\"3 minutes\" \/>\n<script type=\"application\/ld+json\" class=\"yoast-schema-graph\">{\"@context\":\"https:\/\/schema.org\",\"@graph\":[{\"@type\":\"Article\",\"@id\":\"https:\/\/www.africa-press.net\/congo-brazzaville\/culture-et-art\/voir-ou-revoir-ombre-du-passe-dalain-tenzon#article\",\"isPartOf\":{\"@id\":\"https:\/\/www.africa-press.net\/congo-brazzaville\/culture-et-art\/voir-ou-revoir-ombre-du-passe-dalain-tenzon\"},\"author\":{\"name\":\"cfeditorfr\",\"@id\":\"https:\/\/www.africa-press.net\/congo-brazzaville\/#\/schema\/person\/2b1cf3cd81a31e3cd26889ca66d677f1\"},\"headline\":\"Voir ou revoir : \u00ab Ombre du pass\u00e9 \u00bb d\u2019Alain Tenzon\",\"datePublished\":\"2023-02-24T12:42:13+00:00\",\"dateModified\":\"2023-02-24T13:01:19+00:00\",\"mainEntityOfPage\":{\"@id\":\"https:\/\/www.africa-press.net\/congo-brazzaville\/culture-et-art\/voir-ou-revoir-ombre-du-passe-dalain-tenzon\"},\"wordCount\":636,\"commentCount\":0,\"image\":{\"@id\":\"https:\/\/www.africa-press.net\/congo-brazzaville\/culture-et-art\/voir-ou-revoir-ombre-du-passe-dalain-tenzon#primaryimage\"},\"thumbnailUrl\":\"https:\/\/static.africa-press.net\/congo-brazzaville\/sites\/51\/2023\/02\/postQueueImg_1677229937.22.jpg\",\"keywords\":[\"Africa Press\",\"Africa Press-Congo Brazzaville\",\"Congo Brazzaville\"],\"articleSection\":[\"Culture et Art\",\"Toutes les actualit\u00e9s\"],\"inLanguage\":\"fr-FR\",\"potentialAction\":[{\"@type\":\"CommentAction\",\"name\":\"Comment\",\"target\":[\"https:\/\/www.africa-press.net\/congo-brazzaville\/culture-et-art\/voir-ou-revoir-ombre-du-passe-dalain-tenzon#respond\"]}]},{\"@type\":\"WebPage\",\"@id\":\"https:\/\/www.africa-press.net\/congo-brazzaville\/culture-et-art\/voir-ou-revoir-ombre-du-passe-dalain-tenzon\",\"url\":\"https:\/\/www.africa-press.net\/congo-brazzaville\/culture-et-art\/voir-ou-revoir-ombre-du-passe-dalain-tenzon\",\"name\":\"Voir ou revoir : \u00ab Ombre du pass\u00e9 \u00bb d\u2019Alain Tenzon - Congo Brazzaville\",\"isPartOf\":{\"@id\":\"https:\/\/www.africa-press.net\/congo-brazzaville\/#website\"},\"primaryImageOfPage\":{\"@id\":\"https:\/\/www.africa-press.net\/congo-brazzaville\/culture-et-art\/voir-ou-revoir-ombre-du-passe-dalain-tenzon#primaryimage\"},\"image\":{\"@id\":\"https:\/\/www.africa-press.net\/congo-brazzaville\/culture-et-art\/voir-ou-revoir-ombre-du-passe-dalain-tenzon#primaryimage\"},\"thumbnailUrl\":\"https:\/\/static.africa-press.net\/congo-brazzaville\/sites\/51\/2023\/02\/postQueueImg_1677229937.22.jpg\",\"datePublished\":\"2023-02-24T12:42:13+00:00\",\"dateModified\":\"2023-02-24T13:01:19+00:00\",\"author\":{\"@id\":\"https:\/\/www.africa-press.net\/congo-brazzaville\/#\/schema\/person\/2b1cf3cd81a31e3cd26889ca66d677f1\"},\"description\":\"Film camerounais sorti en 2019, \u00ab Ombre du passe\u0301 \u00bb tire une sonnette d\u2019alarme sur les de\u0301cisions prises et les actes ...\",\"breadcrumb\":{\"@id\":\"https:\/\/www.africa-press.net\/congo-brazzaville\/culture-et-art\/voir-ou-revoir-ombre-du-passe-dalain-tenzon#breadcrumb\"},\"inLanguage\":\"fr-FR\",\"potentialAction\":[{\"@type\":\"ReadAction\",\"target\":[\"https:\/\/www.africa-press.net\/congo-brazzaville\/culture-et-art\/voir-ou-revoir-ombre-du-passe-dalain-tenzon\"]}]},{\"@type\":\"ImageObject\",\"inLanguage\":\"fr-FR\",\"@id\":\"https:\/\/www.africa-press.net\/congo-brazzaville\/culture-et-art\/voir-ou-revoir-ombre-du-passe-dalain-tenzon#primaryimage\",\"url\":\"https:\/\/static.africa-press.net\/congo-brazzaville\/sites\/51\/2023\/02\/postQueueImg_1677229937.22.jpg\",\"contentUrl\":\"https:\/\/static.africa-press.net\/congo-brazzaville\/sites\/51\/2023\/02\/postQueueImg_1677229937.22.jpg\",\"width\":1280,\"height\":720,\"caption\":\"Voir ou revoir : \u00ab Ombre du pass\u00e9 \u00bb d\u2019Alain Tenzon\"},{\"@type\":\"BreadcrumbList\",\"@id\":\"https:\/\/www.africa-press.net\/congo-brazzaville\/culture-et-art\/voir-ou-revoir-ombre-du-passe-dalain-tenzon#breadcrumb\",\"itemListElement\":[{\"@type\":\"ListItem\",\"position\":1,\"name\":\"Accueil\",\"item\":\"https:\/\/www.africa-press.net\/congo-brazzaville\/\"},{\"@type\":\"ListItem\",\"position\":2,\"name\":\"Voir ou revoir : \u00ab Ombre du pass\u00e9 \u00bb d\u2019Alain Tenzon\"}]},{\"@type\":\"WebSite\",\"@id\":\"https:\/\/www.africa-press.net\/congo-brazzaville\/#website\",\"url\":\"https:\/\/www.africa-press.net\/congo-brazzaville\/\",\"name\":\"Congo Brazzaville\",\"description\":\"Just another Africa News Agency Sites site\",\"potentialAction\":[{\"@type\":\"SearchAction\",\"target\":{\"@type\":\"EntryPoint\",\"urlTemplate\":\"https:\/\/www.africa-press.net\/congo-brazzaville\/?s={search_term_string}\"},\"query-input\":{\"@type\":\"PropertyValueSpecification\",\"valueRequired\":true,\"valueName\":\"search_term_string\"}}],\"inLanguage\":\"fr-FR\"},{\"@type\":\"Person\",\"@id\":\"https:\/\/www.africa-press.net\/congo-brazzaville\/#\/schema\/person\/2b1cf3cd81a31e3cd26889ca66d677f1\",\"name\":\"cfeditorfr\"}]}<\/script>\n<!-- \/ Yoast SEO Premium plugin. -->","yoast_head_json":{"title":"Voir ou revoir : \u00ab Ombre du pass\u00e9 \u00bb d\u2019Alain Tenzon - Congo Brazzaville","description":"Film camerounais sorti en 2019, \u00ab Ombre du passe\u0301 \u00bb tire une sonnette d\u2019alarme sur les de\u0301cisions prises et les actes ...","robots":{"index":"index","follow":"follow","max-snippet":"max-snippet:-1","max-image-preview":"max-image-preview:large","max-video-preview":"max-video-preview:-1"},"canonical":"https:\/\/www.africa-press.net\/congo-brazzaville\/culture-et-art\/voir-ou-revoir-ombre-du-passe-dalain-tenzon","og_locale":"fr_FR","og_type":"article","og_title":"Voir ou revoir : \u00ab Ombre du pass\u00e9 \u00bb d\u2019Alain Tenzon","og_description":"Film camerounais sorti en 2019, \u00ab Ombre du passe\u0301 \u00bb tire une sonnette d\u2019alarme sur les de\u0301cisions prises et les actes ...","og_url":"https:\/\/www.africa-press.net\/congo-brazzaville\/culture-et-art\/voir-ou-revoir-ombre-du-passe-dalain-tenzon","og_site_name":"Congo Brazzaville","article_published_time":"2023-02-24T12:42:13+00:00","article_modified_time":"2023-02-24T13:01:19+00:00","og_image":[{"width":1280,"height":720,"url":"https:\/\/static.africa-press.net\/congo-brazzaville\/sites\/51\/2023\/02\/postQueueImg_1677229937.22.jpg","type":"image\/jpeg"}],"author":"cfeditorfr","twitter_card":"summary_large_image","twitter_misc":{"\u00c9crit par":"cfeditorfr","Dur\u00e9e de lecture estim\u00e9e":"3 minutes"},"schema":{"@context":"https:\/\/schema.org","@graph":[{"@type":"Article","@id":"https:\/\/www.africa-press.net\/congo-brazzaville\/culture-et-art\/voir-ou-revoir-ombre-du-passe-dalain-tenzon#article","isPartOf":{"@id":"https:\/\/www.africa-press.net\/congo-brazzaville\/culture-et-art\/voir-ou-revoir-ombre-du-passe-dalain-tenzon"},"author":{"name":"cfeditorfr","@id":"https:\/\/www.africa-press.net\/congo-brazzaville\/#\/schema\/person\/2b1cf3cd81a31e3cd26889ca66d677f1"},"headline":"Voir ou revoir : \u00ab Ombre du pass\u00e9 \u00bb d\u2019Alain Tenzon","datePublished":"2023-02-24T12:42:13+00:00","dateModified":"2023-02-24T13:01:19+00:00","mainEntityOfPage":{"@id":"https:\/\/www.africa-press.net\/congo-brazzaville\/culture-et-art\/voir-ou-revoir-ombre-du-passe-dalain-tenzon"},"wordCount":636,"commentCount":0,"image":{"@id":"https:\/\/www.africa-press.net\/congo-brazzaville\/culture-et-art\/voir-ou-revoir-ombre-du-passe-dalain-tenzon#primaryimage"},"thumbnailUrl":"https:\/\/static.africa-press.net\/congo-brazzaville\/sites\/51\/2023\/02\/postQueueImg_1677229937.22.jpg","keywords":["Africa Press","Africa Press-Congo Brazzaville","Congo Brazzaville"],"articleSection":["Culture et Art","Toutes les actualit\u00e9s"],"inLanguage":"fr-FR","potentialAction":[{"@type":"CommentAction","name":"Comment","target":["https:\/\/www.africa-press.net\/congo-brazzaville\/culture-et-art\/voir-ou-revoir-ombre-du-passe-dalain-tenzon#respond"]}]},{"@type":"WebPage","@id":"https:\/\/www.africa-press.net\/congo-brazzaville\/culture-et-art\/voir-ou-revoir-ombre-du-passe-dalain-tenzon","url":"https:\/\/www.africa-press.net\/congo-brazzaville\/culture-et-art\/voir-ou-revoir-ombre-du-passe-dalain-tenzon","name":"Voir ou revoir : \u00ab Ombre du pass\u00e9 \u00bb d\u2019Alain Tenzon - Congo Brazzaville","isPartOf":{"@id":"https:\/\/www.africa-press.net\/congo-brazzaville\/#website"},"primaryImageOfPage":{"@id":"https:\/\/www.africa-press.net\/congo-brazzaville\/culture-et-art\/voir-ou-revoir-ombre-du-passe-dalain-tenzon#primaryimage"},"image":{"@id":"https:\/\/www.africa-press.net\/congo-brazzaville\/culture-et-art\/voir-ou-revoir-ombre-du-passe-dalain-tenzon#primaryimage"},"thumbnailUrl":"https:\/\/static.africa-press.net\/congo-brazzaville\/sites\/51\/2023\/02\/postQueueImg_1677229937.22.jpg","datePublished":"2023-02-24T12:42:13+00:00","dateModified":"2023-02-24T13:01:19+00:00","author":{"@id":"https:\/\/www.africa-press.net\/congo-brazzaville\/#\/schema\/person\/2b1cf3cd81a31e3cd26889ca66d677f1"},"description":"Film camerounais sorti en 2019, \u00ab Ombre du passe\u0301 \u00bb tire une sonnette d\u2019alarme sur les de\u0301cisions prises et les actes ...","breadcrumb":{"@id":"https:\/\/www.africa-press.net\/congo-brazzaville\/culture-et-art\/voir-ou-revoir-ombre-du-passe-dalain-tenzon#breadcrumb"},"inLanguage":"fr-FR","potentialAction":[{"@type":"ReadAction","target":["https:\/\/www.africa-press.net\/congo-brazzaville\/culture-et-art\/voir-ou-revoir-ombre-du-passe-dalain-tenzon"]}]},{"@type":"ImageObject","inLanguage":"fr-FR","@id":"https:\/\/www.africa-press.net\/congo-brazzaville\/culture-et-art\/voir-ou-revoir-ombre-du-passe-dalain-tenzon#primaryimage","url":"https:\/\/static.africa-press.net\/congo-brazzaville\/sites\/51\/2023\/02\/postQueueImg_1677229937.22.jpg","contentUrl":"https:\/\/static.africa-press.net\/congo-brazzaville\/sites\/51\/2023\/02\/postQueueImg_1677229937.22.jpg","width":1280,"height":720,"caption":"Voir ou revoir : \u00ab Ombre du pass\u00e9 \u00bb d\u2019Alain Tenzon"},{"@type":"BreadcrumbList","@id":"https:\/\/www.africa-press.net\/congo-brazzaville\/culture-et-art\/voir-ou-revoir-ombre-du-passe-dalain-tenzon#breadcrumb","itemListElement":[{"@type":"ListItem","position":1,"name":"Accueil","item":"https:\/\/www.africa-press.net\/congo-brazzaville\/"},{"@type":"ListItem","position":2,"name":"Voir ou revoir : \u00ab Ombre du pass\u00e9 \u00bb d\u2019Alain Tenzon"}]},{"@type":"WebSite","@id":"https:\/\/www.africa-press.net\/congo-brazzaville\/#website","url":"https:\/\/www.africa-press.net\/congo-brazzaville\/","name":"Congo Brazzaville","description":"Just another Africa News Agency Sites site","potentialAction":[{"@type":"SearchAction","target":{"@type":"EntryPoint","urlTemplate":"https:\/\/www.africa-press.net\/congo-brazzaville\/?s={search_term_string}"},"query-input":{"@type":"PropertyValueSpecification","valueRequired":true,"valueName":"search_term_string"}}],"inLanguage":"fr-FR"},{"@type":"Person","@id":"https:\/\/www.africa-press.net\/congo-brazzaville\/#\/schema\/person\/2b1cf3cd81a31e3cd26889ca66d677f1","name":"cfeditorfr"}]}},"_links":{"self":[{"href":"https:\/\/www.africa-press.net\/congo-brazzaville\/wp-json\/wp\/v2\/posts\/14832","targetHints":{"allow":["GET"]}}],"collection":[{"href":"https:\/\/www.africa-press.net\/congo-brazzaville\/wp-json\/wp\/v2\/posts"}],"about":[{"href":"https:\/\/www.africa-press.net\/congo-brazzaville\/wp-json\/wp\/v2\/types\/post"}],"author":[{"embeddable":true,"href":"https:\/\/www.africa-press.net\/congo-brazzaville\/wp-json\/wp\/v2\/users\/82"}],"replies":[{"embeddable":true,"href":"https:\/\/www.africa-press.net\/congo-brazzaville\/wp-json\/wp\/v2\/comments?post=14832"}],"version-history":[{"count":0,"href":"https:\/\/www.africa-press.net\/congo-brazzaville\/wp-json\/wp\/v2\/posts\/14832\/revisions"}],"wp:featuredmedia":[{"embeddable":true,"href":"https:\/\/www.africa-press.net\/congo-brazzaville\/wp-json\/wp\/v2\/media\/14831"}],"wp:attachment":[{"href":"https:\/\/www.africa-press.net\/congo-brazzaville\/wp-json\/wp\/v2\/media?parent=14832"}],"wp:term":[{"taxonomy":"category","embeddable":true,"href":"https:\/\/www.africa-press.net\/congo-brazzaville\/wp-json\/wp\/v2\/categories?post=14832"},{"taxonomy":"post_tag","embeddable":true,"href":"https:\/\/www.africa-press.net\/congo-brazzaville\/wp-json\/wp\/v2\/tags?post=14832"}],"curies":[{"name":"wp","href":"https:\/\/api.w.org\/{rel}","templated":true}]}}