{"id":14834,"date":"2023-02-24T12:44:15","date_gmt":"2023-02-24T12:44:15","guid":{"rendered":"https:\/\/www.africa-press.net\/congo-brazzaville\/politique\/limpact-multilinguisme-prone-a-la-journee-internationale-de-la-langue-maternelle"},"modified":"2023-02-24T13:01:55","modified_gmt":"2023-02-24T13:01:55","slug":"limpact-multilinguisme-prone-a-la-journee-internationale-de-la-langue-maternelle","status":"publish","type":"post","link":"https:\/\/www.africa-press.net\/congo-brazzaville\/toutes-les-actualites\/limpact-multilinguisme-prone-a-la-journee-internationale-de-la-langue-maternelle","title":{"rendered":"l\u2019impact multilinguisme pr\u00f4n\u00e9 \u00e0\u00a0la journ\u00e9e internationale de la langue maternelle"},"content":{"rendered":"<p><span style=\"color: #ff6600\"><strong>Africa-Press &#8211; Congo Brazzaville. <\/strong><\/span><b>Le directeur de\u0301partemental du livre et de la lecture publique, Alphonse Chardin Nkala a indique\u0301 le 21 fe\u0301vrier, que la Journe\u0301e internationale de la langue maternelle est l\u2019occasion de reconnai\u0302tre l\u2019impact positif des langues et du multilinguisme sur l\u2019inclusion et l\u2019accent mis par les objectifs de de\u0301veloppement durable sur le fait de ne laisser personne de co\u0302te\u0301.<\/b><\/p>\n<p>\u00ab L\u2019UNESCO encourage et promeut l\u2019e\u0301ducation multilingue base\u0301e sur la langue maternelle ou la premie\u0300re langue. C\u2019est un type d\u2019enseignement qui commence dans la langue que l\u2019apprenant mai\u0302trise le mieux, puis introduit progressivement d\u2019autres langues.<\/p>\n<p>Cette approche permet aux apprenants dont la langue maternelle est diffe\u0301rente de la langue d\u2019enseignement de combler le fosse\u0301 entre la maison et l\u2019e\u0301cole, de de\u0301couvrir l\u2019environnement scolaire dans une langue familie\u0300re, et ainsi, de mieux apprendre \u00bb, a souligne\u0301 Alphonse Chardin Nkala, lors de la 23e\u0300me e\u0301dition de la journe\u0301e internationale de la langue maternelle, ce\u0301le\u0301bre\u0301e au plan africain.<\/p>\n<p>Pour lui, le multilinguisme contribue au de\u0301veloppement de socie\u0301te\u0301s inclusives qui permettent la coexistence des cultures, des visions du monde et des syste\u0300mes de connaissances.<\/p>\n<p>En effet, pour beaucoup de linguistes, la langue maternelle est la premie\u0300re langue apprise a\u0300 la maison dans l\u2019enfance et encore comprise par la personne au moment ou\u0300 les donne\u0301es sont recueillies. Si la personne ne comprend plus la premie\u0300re langue apprise, la langue maternelle est la deuxie\u0300me langue apprise.<\/p>\n<p>Au cours de cette ce\u0301le\u0301bration, les populations ont e\u0301te\u0301 sensibilise\u0301es a\u0300 l\u2019importance qu\u2019occupent les langues maternelles et leur enseignement dans la vie, notamment dans la vie des enfants. Car, les langues maternelles sont le premier moyen de traduire ve\u0301ritablement le sens du monde et de faciliter la compre\u0301hension par l\u2019enfant de l\u2019essence de son environnement.<\/p>\n<p>Au terme de cette journe\u0301e, Marcelle Carine Ndembi s\u2019est vue de\u0301cerner le trophe\u0301e Joseph Tchiamass pour la promotion des langues maternelles 2023, en qualite\u0301 de la personne physique ayant marque\u0301 le public de Pointe-Noire et ses environs a\u0300 travers ses activite\u0301s et ses e\u0301missions culturelles a\u0300 la radio et a\u0300 la te\u0301le\u0301vision, notamment l\u2019e\u0301mission \u00ab Kimoko \u00bb.<\/p>\n<p>La 23e\u0300me e\u0301dition de la journe\u0301e internationale de la langue maternelle, a e\u0301te\u0301 place\u0301e sous le the\u0300me \u00ab Les langues africaines pour une se\u0301curite\u0301 alimentaire durable, de de\u0301veloppement culturel et socioe\u0301conomique pour l\u2019Afrique que nous voulons \u00bb.<\/p>\n<p><strong>Pour plus d&rsquo;informations et d&rsquo;analyses sur la <a href=\"https:\/\/www.africa-press.net\/congo-brazzaville\">Congo Brazzaville<\/a>, suivez <a href=\"https:\/\/www.africa-press.net\/\">Africa-Press<\/a><\/strong><\/p>\n","protected":false},"excerpt":{"rendered":"<p>Africa-Press &#8211; Congo Brazzaville. Le directeur de\u0301partemental du livre et de la lecture publique, Alphonse Chardin Nkala a indique\u0301 le 21 fe\u0301vrier, que la Journe\u0301e internationale de la langue maternelle est l\u2019occasion de reconnai\u0302tre l\u2019impact positif des langues et du multilinguisme sur l\u2019inclusion et l\u2019accent mis par les objectifs de de\u0301veloppement durable sur le fait [&hellip;]<\/p>\n","protected":false},"author":82,"featured_media":14833,"comment_status":"open","ping_status":"closed","sticky":false,"template":"","format":"standard","meta":{"footnotes":""},"categories":[21,10],"tags":[36,47,46],"class_list":["post-14834","post","type-post","status-publish","format-standard","has-post-thumbnail","hentry","category-communaute","category-toutes-les-actualites","tag-africa-press","tag-africa-press-congo-brazzaville","tag-congo-brazzaville"],"yoast_head":"<!-- This site is optimized with the Yoast SEO Premium plugin v26.1 (Yoast SEO v27.0) - https:\/\/yoast.com\/product\/yoast-seo-premium-wordpress\/ -->\n<title>l\u2019impact multilinguisme pr\u00f4n\u00e9 \u00e0\u00a0la journ\u00e9e internationale de la langue maternelle - Congo Brazzaville<\/title>\n<meta name=\"description\" content=\"Le directeur de\u0301partemental du livre et de la lecture publique, Alphonse Chardin Nkala a indique\u0301 le 21 fe\u0301vrier, que ...\" \/>\n<meta name=\"robots\" content=\"index, follow, max-snippet:-1, max-image-preview:large, max-video-preview:-1\" \/>\n<link rel=\"canonical\" href=\"https:\/\/www.africa-press.net\/congo-brazzaville\/toutes-les-actualites\/limpact-multilinguisme-prone-a-la-journee-internationale-de-la-langue-maternelle\" \/>\n<meta property=\"og:locale\" content=\"fr_FR\" \/>\n<meta property=\"og:type\" content=\"article\" \/>\n<meta property=\"og:title\" content=\"l\u2019impact multilinguisme pr\u00f4n\u00e9 \u00e0\u00a0la journ\u00e9e internationale de la langue maternelle\" \/>\n<meta property=\"og:description\" content=\"Le directeur de\u0301partemental du livre et de la lecture publique, Alphonse Chardin Nkala a indique\u0301 le 21 fe\u0301vrier, que ...\" \/>\n<meta property=\"og:url\" content=\"https:\/\/www.africa-press.net\/congo-brazzaville\/toutes-les-actualites\/limpact-multilinguisme-prone-a-la-journee-internationale-de-la-langue-maternelle\" \/>\n<meta property=\"og:site_name\" content=\"Congo Brazzaville\" \/>\n<meta property=\"article:published_time\" content=\"2023-02-24T12:44:15+00:00\" \/>\n<meta property=\"article:modified_time\" content=\"2023-02-24T13:01:55+00:00\" \/>\n<meta property=\"og:image\" content=\"https:\/\/static.africa-press.net\/congo-brazzaville\/sites\/51\/2023\/02\/postQueueImg_1677230071.57.jpg\" \/>\n\t<meta property=\"og:image:width\" content=\"817\" \/>\n\t<meta property=\"og:image:height\" content=\"436\" \/>\n\t<meta property=\"og:image:type\" content=\"image\/jpeg\" \/>\n<meta name=\"author\" content=\"cfeditorfr\" \/>\n<meta name=\"twitter:card\" content=\"summary_large_image\" \/>\n<meta name=\"twitter:label1\" content=\"\u00c9crit par\" \/>\n\t<meta name=\"twitter:data1\" content=\"cfeditorfr\" \/>\n\t<meta name=\"twitter:label2\" content=\"Dur\u00e9e de lecture estim\u00e9e\" \/>\n\t<meta name=\"twitter:data2\" content=\"2 minutes\" \/>\n<script type=\"application\/ld+json\" class=\"yoast-schema-graph\">{\"@context\":\"https:\/\/schema.org\",\"@graph\":[{\"@type\":\"Article\",\"@id\":\"https:\/\/www.africa-press.net\/congo-brazzaville\/toutes-les-actualites\/limpact-multilinguisme-prone-a-la-journee-internationale-de-la-langue-maternelle#article\",\"isPartOf\":{\"@id\":\"https:\/\/www.africa-press.net\/congo-brazzaville\/toutes-les-actualites\/limpact-multilinguisme-prone-a-la-journee-internationale-de-la-langue-maternelle\"},\"author\":{\"name\":\"cfeditorfr\",\"@id\":\"https:\/\/www.africa-press.net\/congo-brazzaville\/#\/schema\/person\/2b1cf3cd81a31e3cd26889ca66d677f1\"},\"headline\":\"l\u2019impact multilinguisme pr\u00f4n\u00e9 \u00e0\u00a0la journ\u00e9e internationale de la langue maternelle\",\"datePublished\":\"2023-02-24T12:44:15+00:00\",\"dateModified\":\"2023-02-24T13:01:55+00:00\",\"mainEntityOfPage\":{\"@id\":\"https:\/\/www.africa-press.net\/congo-brazzaville\/toutes-les-actualites\/limpact-multilinguisme-prone-a-la-journee-internationale-de-la-langue-maternelle\"},\"wordCount\":470,\"commentCount\":0,\"image\":{\"@id\":\"https:\/\/www.africa-press.net\/congo-brazzaville\/toutes-les-actualites\/limpact-multilinguisme-prone-a-la-journee-internationale-de-la-langue-maternelle#primaryimage\"},\"thumbnailUrl\":\"https:\/\/static.africa-press.net\/congo-brazzaville\/sites\/51\/2023\/02\/postQueueImg_1677230071.57.jpg\",\"keywords\":[\"Africa Press\",\"Africa Press-Congo Brazzaville\",\"Congo Brazzaville\"],\"articleSection\":[\"Communaut\u00e9\",\"Toutes les actualit\u00e9s\"],\"inLanguage\":\"fr-FR\",\"potentialAction\":[{\"@type\":\"CommentAction\",\"name\":\"Comment\",\"target\":[\"https:\/\/www.africa-press.net\/congo-brazzaville\/toutes-les-actualites\/limpact-multilinguisme-prone-a-la-journee-internationale-de-la-langue-maternelle#respond\"]}]},{\"@type\":\"WebPage\",\"@id\":\"https:\/\/www.africa-press.net\/congo-brazzaville\/toutes-les-actualites\/limpact-multilinguisme-prone-a-la-journee-internationale-de-la-langue-maternelle\",\"url\":\"https:\/\/www.africa-press.net\/congo-brazzaville\/toutes-les-actualites\/limpact-multilinguisme-prone-a-la-journee-internationale-de-la-langue-maternelle\",\"name\":\"l\u2019impact multilinguisme pr\u00f4n\u00e9 \u00e0\u00a0la journ\u00e9e internationale de la langue maternelle - Congo Brazzaville\",\"isPartOf\":{\"@id\":\"https:\/\/www.africa-press.net\/congo-brazzaville\/#website\"},\"primaryImageOfPage\":{\"@id\":\"https:\/\/www.africa-press.net\/congo-brazzaville\/toutes-les-actualites\/limpact-multilinguisme-prone-a-la-journee-internationale-de-la-langue-maternelle#primaryimage\"},\"image\":{\"@id\":\"https:\/\/www.africa-press.net\/congo-brazzaville\/toutes-les-actualites\/limpact-multilinguisme-prone-a-la-journee-internationale-de-la-langue-maternelle#primaryimage\"},\"thumbnailUrl\":\"https:\/\/static.africa-press.net\/congo-brazzaville\/sites\/51\/2023\/02\/postQueueImg_1677230071.57.jpg\",\"datePublished\":\"2023-02-24T12:44:15+00:00\",\"dateModified\":\"2023-02-24T13:01:55+00:00\",\"author\":{\"@id\":\"https:\/\/www.africa-press.net\/congo-brazzaville\/#\/schema\/person\/2b1cf3cd81a31e3cd26889ca66d677f1\"},\"description\":\"Le directeur de\u0301partemental du livre et de la lecture publique, Alphonse Chardin Nkala a indique\u0301 le 21 fe\u0301vrier, que ...\",\"breadcrumb\":{\"@id\":\"https:\/\/www.africa-press.net\/congo-brazzaville\/toutes-les-actualites\/limpact-multilinguisme-prone-a-la-journee-internationale-de-la-langue-maternelle#breadcrumb\"},\"inLanguage\":\"fr-FR\",\"potentialAction\":[{\"@type\":\"ReadAction\",\"target\":[\"https:\/\/www.africa-press.net\/congo-brazzaville\/toutes-les-actualites\/limpact-multilinguisme-prone-a-la-journee-internationale-de-la-langue-maternelle\"]}]},{\"@type\":\"ImageObject\",\"inLanguage\":\"fr-FR\",\"@id\":\"https:\/\/www.africa-press.net\/congo-brazzaville\/toutes-les-actualites\/limpact-multilinguisme-prone-a-la-journee-internationale-de-la-langue-maternelle#primaryimage\",\"url\":\"https:\/\/static.africa-press.net\/congo-brazzaville\/sites\/51\/2023\/02\/postQueueImg_1677230071.57.jpg\",\"contentUrl\":\"https:\/\/static.africa-press.net\/congo-brazzaville\/sites\/51\/2023\/02\/postQueueImg_1677230071.57.jpg\",\"width\":817,\"height\":436,\"caption\":\"l\u2019impact multilinguisme pr\u00f4n\u00e9 \u00e0\u00a0la journ\u00e9e internationale de la langue maternelle\"},{\"@type\":\"BreadcrumbList\",\"@id\":\"https:\/\/www.africa-press.net\/congo-brazzaville\/toutes-les-actualites\/limpact-multilinguisme-prone-a-la-journee-internationale-de-la-langue-maternelle#breadcrumb\",\"itemListElement\":[{\"@type\":\"ListItem\",\"position\":1,\"name\":\"Accueil\",\"item\":\"https:\/\/www.africa-press.net\/congo-brazzaville\/\"},{\"@type\":\"ListItem\",\"position\":2,\"name\":\"l\u2019impact multilinguisme pr\u00f4n\u00e9 \u00e0\u00a0la journ\u00e9e internationale de la langue maternelle\"}]},{\"@type\":\"WebSite\",\"@id\":\"https:\/\/www.africa-press.net\/congo-brazzaville\/#website\",\"url\":\"https:\/\/www.africa-press.net\/congo-brazzaville\/\",\"name\":\"Congo Brazzaville\",\"description\":\"Just another Africa News Agency Sites site\",\"potentialAction\":[{\"@type\":\"SearchAction\",\"target\":{\"@type\":\"EntryPoint\",\"urlTemplate\":\"https:\/\/www.africa-press.net\/congo-brazzaville\/?s={search_term_string}\"},\"query-input\":{\"@type\":\"PropertyValueSpecification\",\"valueRequired\":true,\"valueName\":\"search_term_string\"}}],\"inLanguage\":\"fr-FR\"},{\"@type\":\"Person\",\"@id\":\"https:\/\/www.africa-press.net\/congo-brazzaville\/#\/schema\/person\/2b1cf3cd81a31e3cd26889ca66d677f1\",\"name\":\"cfeditorfr\"}]}<\/script>\n<!-- \/ Yoast SEO Premium plugin. -->","yoast_head_json":{"title":"l\u2019impact multilinguisme pr\u00f4n\u00e9 \u00e0\u00a0la journ\u00e9e internationale de la langue maternelle - Congo Brazzaville","description":"Le directeur de\u0301partemental du livre et de la lecture publique, Alphonse Chardin Nkala a indique\u0301 le 21 fe\u0301vrier, que ...","robots":{"index":"index","follow":"follow","max-snippet":"max-snippet:-1","max-image-preview":"max-image-preview:large","max-video-preview":"max-video-preview:-1"},"canonical":"https:\/\/www.africa-press.net\/congo-brazzaville\/toutes-les-actualites\/limpact-multilinguisme-prone-a-la-journee-internationale-de-la-langue-maternelle","og_locale":"fr_FR","og_type":"article","og_title":"l\u2019impact multilinguisme pr\u00f4n\u00e9 \u00e0\u00a0la journ\u00e9e internationale de la langue maternelle","og_description":"Le directeur de\u0301partemental du livre et de la lecture publique, Alphonse Chardin Nkala a indique\u0301 le 21 fe\u0301vrier, que ...","og_url":"https:\/\/www.africa-press.net\/congo-brazzaville\/toutes-les-actualites\/limpact-multilinguisme-prone-a-la-journee-internationale-de-la-langue-maternelle","og_site_name":"Congo Brazzaville","article_published_time":"2023-02-24T12:44:15+00:00","article_modified_time":"2023-02-24T13:01:55+00:00","og_image":[{"width":817,"height":436,"url":"https:\/\/static.africa-press.net\/congo-brazzaville\/sites\/51\/2023\/02\/postQueueImg_1677230071.57.jpg","type":"image\/jpeg"}],"author":"cfeditorfr","twitter_card":"summary_large_image","twitter_misc":{"\u00c9crit par":"cfeditorfr","Dur\u00e9e de lecture estim\u00e9e":"2 minutes"},"schema":{"@context":"https:\/\/schema.org","@graph":[{"@type":"Article","@id":"https:\/\/www.africa-press.net\/congo-brazzaville\/toutes-les-actualites\/limpact-multilinguisme-prone-a-la-journee-internationale-de-la-langue-maternelle#article","isPartOf":{"@id":"https:\/\/www.africa-press.net\/congo-brazzaville\/toutes-les-actualites\/limpact-multilinguisme-prone-a-la-journee-internationale-de-la-langue-maternelle"},"author":{"name":"cfeditorfr","@id":"https:\/\/www.africa-press.net\/congo-brazzaville\/#\/schema\/person\/2b1cf3cd81a31e3cd26889ca66d677f1"},"headline":"l\u2019impact multilinguisme pr\u00f4n\u00e9 \u00e0\u00a0la journ\u00e9e internationale de la langue maternelle","datePublished":"2023-02-24T12:44:15+00:00","dateModified":"2023-02-24T13:01:55+00:00","mainEntityOfPage":{"@id":"https:\/\/www.africa-press.net\/congo-brazzaville\/toutes-les-actualites\/limpact-multilinguisme-prone-a-la-journee-internationale-de-la-langue-maternelle"},"wordCount":470,"commentCount":0,"image":{"@id":"https:\/\/www.africa-press.net\/congo-brazzaville\/toutes-les-actualites\/limpact-multilinguisme-prone-a-la-journee-internationale-de-la-langue-maternelle#primaryimage"},"thumbnailUrl":"https:\/\/static.africa-press.net\/congo-brazzaville\/sites\/51\/2023\/02\/postQueueImg_1677230071.57.jpg","keywords":["Africa Press","Africa Press-Congo Brazzaville","Congo Brazzaville"],"articleSection":["Communaut\u00e9","Toutes les actualit\u00e9s"],"inLanguage":"fr-FR","potentialAction":[{"@type":"CommentAction","name":"Comment","target":["https:\/\/www.africa-press.net\/congo-brazzaville\/toutes-les-actualites\/limpact-multilinguisme-prone-a-la-journee-internationale-de-la-langue-maternelle#respond"]}]},{"@type":"WebPage","@id":"https:\/\/www.africa-press.net\/congo-brazzaville\/toutes-les-actualites\/limpact-multilinguisme-prone-a-la-journee-internationale-de-la-langue-maternelle","url":"https:\/\/www.africa-press.net\/congo-brazzaville\/toutes-les-actualites\/limpact-multilinguisme-prone-a-la-journee-internationale-de-la-langue-maternelle","name":"l\u2019impact multilinguisme pr\u00f4n\u00e9 \u00e0\u00a0la journ\u00e9e internationale de la langue maternelle - Congo Brazzaville","isPartOf":{"@id":"https:\/\/www.africa-press.net\/congo-brazzaville\/#website"},"primaryImageOfPage":{"@id":"https:\/\/www.africa-press.net\/congo-brazzaville\/toutes-les-actualites\/limpact-multilinguisme-prone-a-la-journee-internationale-de-la-langue-maternelle#primaryimage"},"image":{"@id":"https:\/\/www.africa-press.net\/congo-brazzaville\/toutes-les-actualites\/limpact-multilinguisme-prone-a-la-journee-internationale-de-la-langue-maternelle#primaryimage"},"thumbnailUrl":"https:\/\/static.africa-press.net\/congo-brazzaville\/sites\/51\/2023\/02\/postQueueImg_1677230071.57.jpg","datePublished":"2023-02-24T12:44:15+00:00","dateModified":"2023-02-24T13:01:55+00:00","author":{"@id":"https:\/\/www.africa-press.net\/congo-brazzaville\/#\/schema\/person\/2b1cf3cd81a31e3cd26889ca66d677f1"},"description":"Le directeur de\u0301partemental du livre et de la lecture publique, Alphonse Chardin Nkala a indique\u0301 le 21 fe\u0301vrier, que ...","breadcrumb":{"@id":"https:\/\/www.africa-press.net\/congo-brazzaville\/toutes-les-actualites\/limpact-multilinguisme-prone-a-la-journee-internationale-de-la-langue-maternelle#breadcrumb"},"inLanguage":"fr-FR","potentialAction":[{"@type":"ReadAction","target":["https:\/\/www.africa-press.net\/congo-brazzaville\/toutes-les-actualites\/limpact-multilinguisme-prone-a-la-journee-internationale-de-la-langue-maternelle"]}]},{"@type":"ImageObject","inLanguage":"fr-FR","@id":"https:\/\/www.africa-press.net\/congo-brazzaville\/toutes-les-actualites\/limpact-multilinguisme-prone-a-la-journee-internationale-de-la-langue-maternelle#primaryimage","url":"https:\/\/static.africa-press.net\/congo-brazzaville\/sites\/51\/2023\/02\/postQueueImg_1677230071.57.jpg","contentUrl":"https:\/\/static.africa-press.net\/congo-brazzaville\/sites\/51\/2023\/02\/postQueueImg_1677230071.57.jpg","width":817,"height":436,"caption":"l\u2019impact multilinguisme pr\u00f4n\u00e9 \u00e0\u00a0la journ\u00e9e internationale de la langue maternelle"},{"@type":"BreadcrumbList","@id":"https:\/\/www.africa-press.net\/congo-brazzaville\/toutes-les-actualites\/limpact-multilinguisme-prone-a-la-journee-internationale-de-la-langue-maternelle#breadcrumb","itemListElement":[{"@type":"ListItem","position":1,"name":"Accueil","item":"https:\/\/www.africa-press.net\/congo-brazzaville\/"},{"@type":"ListItem","position":2,"name":"l\u2019impact multilinguisme pr\u00f4n\u00e9 \u00e0\u00a0la journ\u00e9e internationale de la langue maternelle"}]},{"@type":"WebSite","@id":"https:\/\/www.africa-press.net\/congo-brazzaville\/#website","url":"https:\/\/www.africa-press.net\/congo-brazzaville\/","name":"Congo Brazzaville","description":"Just another Africa News Agency Sites site","potentialAction":[{"@type":"SearchAction","target":{"@type":"EntryPoint","urlTemplate":"https:\/\/www.africa-press.net\/congo-brazzaville\/?s={search_term_string}"},"query-input":{"@type":"PropertyValueSpecification","valueRequired":true,"valueName":"search_term_string"}}],"inLanguage":"fr-FR"},{"@type":"Person","@id":"https:\/\/www.africa-press.net\/congo-brazzaville\/#\/schema\/person\/2b1cf3cd81a31e3cd26889ca66d677f1","name":"cfeditorfr"}]}},"_links":{"self":[{"href":"https:\/\/www.africa-press.net\/congo-brazzaville\/wp-json\/wp\/v2\/posts\/14834","targetHints":{"allow":["GET"]}}],"collection":[{"href":"https:\/\/www.africa-press.net\/congo-brazzaville\/wp-json\/wp\/v2\/posts"}],"about":[{"href":"https:\/\/www.africa-press.net\/congo-brazzaville\/wp-json\/wp\/v2\/types\/post"}],"author":[{"embeddable":true,"href":"https:\/\/www.africa-press.net\/congo-brazzaville\/wp-json\/wp\/v2\/users\/82"}],"replies":[{"embeddable":true,"href":"https:\/\/www.africa-press.net\/congo-brazzaville\/wp-json\/wp\/v2\/comments?post=14834"}],"version-history":[{"count":0,"href":"https:\/\/www.africa-press.net\/congo-brazzaville\/wp-json\/wp\/v2\/posts\/14834\/revisions"}],"wp:featuredmedia":[{"embeddable":true,"href":"https:\/\/www.africa-press.net\/congo-brazzaville\/wp-json\/wp\/v2\/media\/14833"}],"wp:attachment":[{"href":"https:\/\/www.africa-press.net\/congo-brazzaville\/wp-json\/wp\/v2\/media?parent=14834"}],"wp:term":[{"taxonomy":"category","embeddable":true,"href":"https:\/\/www.africa-press.net\/congo-brazzaville\/wp-json\/wp\/v2\/categories?post=14834"},{"taxonomy":"post_tag","embeddable":true,"href":"https:\/\/www.africa-press.net\/congo-brazzaville\/wp-json\/wp\/v2\/tags?post=14834"}],"curies":[{"name":"wp","href":"https:\/\/api.w.org\/{rel}","templated":true}]}}