{"id":14836,"date":"2023-02-24T12:44:34","date_gmt":"2023-02-24T12:44:34","guid":{"rendered":"https:\/\/www.africa-press.net\/congo-brazzaville\/politique\/limb-planche-sur-le-forum-3-journees-de-lentrepreneuriat-au-congo"},"modified":"2023-02-24T13:03:30","modified_gmt":"2023-02-24T13:03:30","slug":"limb-planche-sur-le-forum-3-journees-de-lentrepreneuriat-au-congo","status":"publish","type":"post","link":"https:\/\/www.africa-press.net\/congo-brazzaville\/economie\/limb-planche-sur-le-forum-3-journees-de-lentrepreneuriat-au-congo","title":{"rendered":"l\u2019imb\u00a0planche sur le forum\u00a0\u00ab\u00a03 journ\u00e9es\u00a0de l\u2019entrepreneuriat au congo\u00a0\u00bb"},"content":{"rendered":"<p><span style=\"color: #ff6600\"><strong>Africa-Press &#8211; Congo Brazzaville. <\/strong><\/span><b>L\u2019Institut de management de Brazzaville (IMB-business school), a initie\u0301 le 22 fe\u0301vrier a\u0300 Brazzaville, le forum \u00ab 3 journe\u0301es de l\u2019entrepreneuriat, en vue d\u2019inciter les e\u0301tudiants a\u0300 une pratique entrepreneuriale susceptible de leur permettre de cre\u0301er des activite\u0301s ge\u0301ne\u0301ratrices de revenus.<\/b><\/p>\n<p>\u00ab Comme nous le faisons depuis 2021, ce forum est une occasion offerte aux diffe\u0301rents acteurs e\u0301tatiques et non e\u0301tatiques d\u2019interagir avec les e\u0301tudiants de notre e\u0301cole supe\u0301rieure et avec plusieurs autres jeunes venant d\u2019autres e\u0301tablissements scolaires et avec les adultes inte\u0301resse\u0301s par cette the\u0301matique, en vue de leur de\u0301velopper l\u2019esprit entrepreneurial \u00bb, a fait savoir le pre\u0301sident directeur ge\u0301ne\u0301ral de l\u2019Institut management de Brazzaville, Sylvain Yangangbwa Syoge, au lancement du forum \u00ab 3 journe\u0301es de l\u2019entrepreneuriat au Congo \u00bb .<\/p>\n<p>Sylvain Yangangbwa Syoge a souligne\u0301 le ro\u0302le non moins important que joue son institution universitaire dans la formation entrepreneuriale de la jeunesse en faveur du de\u0301veloppement du Congo. \u00ab L\u2019IMB joue sa partition dans le processus de la mise en \u0153uvre de l\u2019accompagnement des jeunes entrepreneurs du Congo en ge\u0301ne\u0301ral, et ceux de ses e\u0301tudiants en particulier. Nous sommes persuade\u0301s que notre action contribue au de\u0301veloppement de notre beau pays \u00bb, a-t-il de\u0301clare\u0301.<\/p>\n<p>La 3e\u0300me e\u0301dition du forum \u00ab 3 journe\u0301es de l\u2019entrepreneuriat au Congo \u00bb sera ponctue\u0301e par des innovations interactives entre les participants et les panelistes des structures publiques, des e\u0301tablissements de cre\u0301dit et des structures d\u2019accompagnement non financier sur le partage d\u2019expe\u0301rience et le re\u0301seautage, la facilitation d\u2019acce\u0300s a\u0300 l\u2019information et l\u2019incitation a\u0300 re\u0302ver d\u2019une entreprise.<\/p>\n<p>\u00ab L\u2019e\u0301dition 2023 va innover. Lors de la soire\u0301e mon re\u0302ve d\u2019entreprendre, qui va clo\u0302turer ce forum, les e\u0301tudiants se\u0301lectionne\u0301s par des entrepreneurs pane\u0301listes pourront parler de leur re\u0302ve de cre\u0301er une entreprise. Les acteurs les plus aptes signeront avec ces entrepreneurs les conventions de mentorat \u00bb, a poursuivi Sylvain Yangangbwa Syoge.<\/p>\n<p>Le forum \u00ab3 journe\u0301es de l\u2019entrepreneuriat au Congo \u00bb, se tient du 22 au 24 fe\u0301vrier sous le the\u0300me \u00ab Parcours de l\u2019entrepreneur pour la cre\u0301ation des champions nationaux \u00bb.<\/p>\n<p><strong>Pour plus d&rsquo;informations et d&rsquo;analyses sur la <a href=\"https:\/\/www.africa-press.net\/congo-brazzaville\">Congo Brazzaville<\/a>, suivez <a href=\"https:\/\/www.africa-press.net\/\">Africa-Press<\/a><\/strong><\/p>\n","protected":false},"excerpt":{"rendered":"<p>Africa-Press &#8211; Congo Brazzaville. L\u2019Institut de management de Brazzaville (IMB-business school), a initie\u0301 le 22 fe\u0301vrier a\u0300 Brazzaville, le forum \u00ab 3 journe\u0301es de l\u2019entrepreneuriat, en vue d\u2019inciter les e\u0301tudiants a\u0300 une pratique entrepreneuriale susceptible de leur permettre de cre\u0301er des activite\u0301s ge\u0301ne\u0301ratrices de revenus. \u00ab Comme nous le faisons depuis 2021, ce forum est [&hellip;]<\/p>\n","protected":false},"author":82,"featured_media":14835,"comment_status":"open","ping_status":"closed","sticky":false,"template":"","format":"standard","meta":{"footnotes":""},"categories":[3,10],"tags":[36,47,46],"class_list":["post-14836","post","type-post","status-publish","format-standard","has-post-thumbnail","hentry","category-economie","category-toutes-les-actualites","tag-africa-press","tag-africa-press-congo-brazzaville","tag-congo-brazzaville"],"yoast_head":"<!-- This site is optimized with the Yoast SEO Premium plugin v26.1 (Yoast SEO v27.0) - https:\/\/yoast.com\/product\/yoast-seo-premium-wordpress\/ -->\n<title>l\u2019imb\u00a0planche sur le forum\u00a0\u00ab\u00a03 journ\u00e9es\u00a0de l\u2019entrepreneuriat au congo\u00a0\u00bb - Congo Brazzaville<\/title>\n<meta name=\"description\" content=\"L\u2019Institut de management de Brazzaville (IMB-business school), a initie\u0301 le 22 fe\u0301vrier a\u0300 Brazzaville, le forum \u00ab 3 ...\" \/>\n<meta name=\"robots\" content=\"index, follow, max-snippet:-1, max-image-preview:large, max-video-preview:-1\" \/>\n<link rel=\"canonical\" href=\"https:\/\/www.africa-press.net\/congo-brazzaville\/economie\/limb-planche-sur-le-forum-3-journees-de-lentrepreneuriat-au-congo\" \/>\n<meta property=\"og:locale\" content=\"fr_FR\" \/>\n<meta property=\"og:type\" content=\"article\" \/>\n<meta property=\"og:title\" content=\"l\u2019imb\u00a0planche sur le forum\u00a0\u00ab\u00a03 journ\u00e9es\u00a0de l\u2019entrepreneuriat au congo\u00a0\u00bb\" \/>\n<meta property=\"og:description\" content=\"L\u2019Institut de management de Brazzaville (IMB-business school), a initie\u0301 le 22 fe\u0301vrier a\u0300 Brazzaville, le forum \u00ab 3 ...\" \/>\n<meta property=\"og:url\" content=\"https:\/\/www.africa-press.net\/congo-brazzaville\/economie\/limb-planche-sur-le-forum-3-journees-de-lentrepreneuriat-au-congo\" \/>\n<meta property=\"og:site_name\" content=\"Congo Brazzaville\" \/>\n<meta property=\"article:published_time\" content=\"2023-02-24T12:44:34+00:00\" \/>\n<meta property=\"article:modified_time\" content=\"2023-02-24T13:03:30+00:00\" \/>\n<meta property=\"og:image\" content=\"https:\/\/static.africa-press.net\/congo-brazzaville\/sites\/51\/2023\/02\/postQueueImg_1677230092.16.jpg\" \/>\n\t<meta property=\"og:image:width\" content=\"758\" \/>\n\t<meta property=\"og:image:height\" content=\"437\" \/>\n\t<meta property=\"og:image:type\" content=\"image\/jpeg\" \/>\n<meta name=\"author\" content=\"cfeditorfr\" \/>\n<meta name=\"twitter:card\" content=\"summary_large_image\" \/>\n<meta name=\"twitter:label1\" content=\"\u00c9crit par\" \/>\n\t<meta name=\"twitter:data1\" content=\"cfeditorfr\" \/>\n\t<meta name=\"twitter:label2\" content=\"Dur\u00e9e de lecture estim\u00e9e\" \/>\n\t<meta name=\"twitter:data2\" content=\"2 minutes\" \/>\n<script type=\"application\/ld+json\" class=\"yoast-schema-graph\">{\"@context\":\"https:\/\/schema.org\",\"@graph\":[{\"@type\":\"Article\",\"@id\":\"https:\/\/www.africa-press.net\/congo-brazzaville\/economie\/limb-planche-sur-le-forum-3-journees-de-lentrepreneuriat-au-congo#article\",\"isPartOf\":{\"@id\":\"https:\/\/www.africa-press.net\/congo-brazzaville\/economie\/limb-planche-sur-le-forum-3-journees-de-lentrepreneuriat-au-congo\"},\"author\":{\"name\":\"cfeditorfr\",\"@id\":\"https:\/\/www.africa-press.net\/congo-brazzaville\/#\/schema\/person\/2b1cf3cd81a31e3cd26889ca66d677f1\"},\"headline\":\"l\u2019imb\u00a0planche sur le forum\u00a0\u00ab\u00a03 journ\u00e9es\u00a0de l\u2019entrepreneuriat au congo\u00a0\u00bb\",\"datePublished\":\"2023-02-24T12:44:34+00:00\",\"dateModified\":\"2023-02-24T13:03:30+00:00\",\"mainEntityOfPage\":{\"@id\":\"https:\/\/www.africa-press.net\/congo-brazzaville\/economie\/limb-planche-sur-le-forum-3-journees-de-lentrepreneuriat-au-congo\"},\"wordCount\":414,\"commentCount\":0,\"image\":{\"@id\":\"https:\/\/www.africa-press.net\/congo-brazzaville\/economie\/limb-planche-sur-le-forum-3-journees-de-lentrepreneuriat-au-congo#primaryimage\"},\"thumbnailUrl\":\"https:\/\/static.africa-press.net\/congo-brazzaville\/sites\/51\/2023\/02\/postQueueImg_1677230092.16.jpg\",\"keywords\":[\"Africa Press\",\"Africa Press-Congo Brazzaville\",\"Congo Brazzaville\"],\"articleSection\":[\"\u00c9conomie\",\"Toutes les actualit\u00e9s\"],\"inLanguage\":\"fr-FR\",\"potentialAction\":[{\"@type\":\"CommentAction\",\"name\":\"Comment\",\"target\":[\"https:\/\/www.africa-press.net\/congo-brazzaville\/economie\/limb-planche-sur-le-forum-3-journees-de-lentrepreneuriat-au-congo#respond\"]}]},{\"@type\":\"WebPage\",\"@id\":\"https:\/\/www.africa-press.net\/congo-brazzaville\/economie\/limb-planche-sur-le-forum-3-journees-de-lentrepreneuriat-au-congo\",\"url\":\"https:\/\/www.africa-press.net\/congo-brazzaville\/economie\/limb-planche-sur-le-forum-3-journees-de-lentrepreneuriat-au-congo\",\"name\":\"l\u2019imb\u00a0planche sur le forum\u00a0\u00ab\u00a03 journ\u00e9es\u00a0de l\u2019entrepreneuriat au congo\u00a0\u00bb - Congo Brazzaville\",\"isPartOf\":{\"@id\":\"https:\/\/www.africa-press.net\/congo-brazzaville\/#website\"},\"primaryImageOfPage\":{\"@id\":\"https:\/\/www.africa-press.net\/congo-brazzaville\/economie\/limb-planche-sur-le-forum-3-journees-de-lentrepreneuriat-au-congo#primaryimage\"},\"image\":{\"@id\":\"https:\/\/www.africa-press.net\/congo-brazzaville\/economie\/limb-planche-sur-le-forum-3-journees-de-lentrepreneuriat-au-congo#primaryimage\"},\"thumbnailUrl\":\"https:\/\/static.africa-press.net\/congo-brazzaville\/sites\/51\/2023\/02\/postQueueImg_1677230092.16.jpg\",\"datePublished\":\"2023-02-24T12:44:34+00:00\",\"dateModified\":\"2023-02-24T13:03:30+00:00\",\"author\":{\"@id\":\"https:\/\/www.africa-press.net\/congo-brazzaville\/#\/schema\/person\/2b1cf3cd81a31e3cd26889ca66d677f1\"},\"description\":\"L\u2019Institut de management de Brazzaville (IMB-business school), a initie\u0301 le 22 fe\u0301vrier a\u0300 Brazzaville, le forum \u00ab 3 ...\",\"breadcrumb\":{\"@id\":\"https:\/\/www.africa-press.net\/congo-brazzaville\/economie\/limb-planche-sur-le-forum-3-journees-de-lentrepreneuriat-au-congo#breadcrumb\"},\"inLanguage\":\"fr-FR\",\"potentialAction\":[{\"@type\":\"ReadAction\",\"target\":[\"https:\/\/www.africa-press.net\/congo-brazzaville\/economie\/limb-planche-sur-le-forum-3-journees-de-lentrepreneuriat-au-congo\"]}]},{\"@type\":\"ImageObject\",\"inLanguage\":\"fr-FR\",\"@id\":\"https:\/\/www.africa-press.net\/congo-brazzaville\/economie\/limb-planche-sur-le-forum-3-journees-de-lentrepreneuriat-au-congo#primaryimage\",\"url\":\"https:\/\/static.africa-press.net\/congo-brazzaville\/sites\/51\/2023\/02\/postQueueImg_1677230092.16.jpg\",\"contentUrl\":\"https:\/\/static.africa-press.net\/congo-brazzaville\/sites\/51\/2023\/02\/postQueueImg_1677230092.16.jpg\",\"width\":758,\"height\":437,\"caption\":\"l\u2019imb\u00a0planche sur le forum\u00a0\u00ab\u00a03 journ\u00e9es\u00a0de l\u2019entrepreneuriat au congo\u00a0\u00bb\"},{\"@type\":\"BreadcrumbList\",\"@id\":\"https:\/\/www.africa-press.net\/congo-brazzaville\/economie\/limb-planche-sur-le-forum-3-journees-de-lentrepreneuriat-au-congo#breadcrumb\",\"itemListElement\":[{\"@type\":\"ListItem\",\"position\":1,\"name\":\"Accueil\",\"item\":\"https:\/\/www.africa-press.net\/congo-brazzaville\/\"},{\"@type\":\"ListItem\",\"position\":2,\"name\":\"l\u2019imb\u00a0planche sur le forum\u00a0\u00ab\u00a03 journ\u00e9es\u00a0de l\u2019entrepreneuriat au congo\u00a0\u00bb\"}]},{\"@type\":\"WebSite\",\"@id\":\"https:\/\/www.africa-press.net\/congo-brazzaville\/#website\",\"url\":\"https:\/\/www.africa-press.net\/congo-brazzaville\/\",\"name\":\"Congo Brazzaville\",\"description\":\"Just another Africa News Agency Sites site\",\"potentialAction\":[{\"@type\":\"SearchAction\",\"target\":{\"@type\":\"EntryPoint\",\"urlTemplate\":\"https:\/\/www.africa-press.net\/congo-brazzaville\/?s={search_term_string}\"},\"query-input\":{\"@type\":\"PropertyValueSpecification\",\"valueRequired\":true,\"valueName\":\"search_term_string\"}}],\"inLanguage\":\"fr-FR\"},{\"@type\":\"Person\",\"@id\":\"https:\/\/www.africa-press.net\/congo-brazzaville\/#\/schema\/person\/2b1cf3cd81a31e3cd26889ca66d677f1\",\"name\":\"cfeditorfr\"}]}<\/script>\n<!-- \/ Yoast SEO Premium plugin. -->","yoast_head_json":{"title":"l\u2019imb\u00a0planche sur le forum\u00a0\u00ab\u00a03 journ\u00e9es\u00a0de l\u2019entrepreneuriat au congo\u00a0\u00bb - Congo Brazzaville","description":"L\u2019Institut de management de Brazzaville (IMB-business school), a initie\u0301 le 22 fe\u0301vrier a\u0300 Brazzaville, le forum \u00ab 3 ...","robots":{"index":"index","follow":"follow","max-snippet":"max-snippet:-1","max-image-preview":"max-image-preview:large","max-video-preview":"max-video-preview:-1"},"canonical":"https:\/\/www.africa-press.net\/congo-brazzaville\/economie\/limb-planche-sur-le-forum-3-journees-de-lentrepreneuriat-au-congo","og_locale":"fr_FR","og_type":"article","og_title":"l\u2019imb\u00a0planche sur le forum\u00a0\u00ab\u00a03 journ\u00e9es\u00a0de l\u2019entrepreneuriat au congo\u00a0\u00bb","og_description":"L\u2019Institut de management de Brazzaville (IMB-business school), a initie\u0301 le 22 fe\u0301vrier a\u0300 Brazzaville, le forum \u00ab 3 ...","og_url":"https:\/\/www.africa-press.net\/congo-brazzaville\/economie\/limb-planche-sur-le-forum-3-journees-de-lentrepreneuriat-au-congo","og_site_name":"Congo Brazzaville","article_published_time":"2023-02-24T12:44:34+00:00","article_modified_time":"2023-02-24T13:03:30+00:00","og_image":[{"width":758,"height":437,"url":"https:\/\/static.africa-press.net\/congo-brazzaville\/sites\/51\/2023\/02\/postQueueImg_1677230092.16.jpg","type":"image\/jpeg"}],"author":"cfeditorfr","twitter_card":"summary_large_image","twitter_misc":{"\u00c9crit par":"cfeditorfr","Dur\u00e9e de lecture estim\u00e9e":"2 minutes"},"schema":{"@context":"https:\/\/schema.org","@graph":[{"@type":"Article","@id":"https:\/\/www.africa-press.net\/congo-brazzaville\/economie\/limb-planche-sur-le-forum-3-journees-de-lentrepreneuriat-au-congo#article","isPartOf":{"@id":"https:\/\/www.africa-press.net\/congo-brazzaville\/economie\/limb-planche-sur-le-forum-3-journees-de-lentrepreneuriat-au-congo"},"author":{"name":"cfeditorfr","@id":"https:\/\/www.africa-press.net\/congo-brazzaville\/#\/schema\/person\/2b1cf3cd81a31e3cd26889ca66d677f1"},"headline":"l\u2019imb\u00a0planche sur le forum\u00a0\u00ab\u00a03 journ\u00e9es\u00a0de l\u2019entrepreneuriat au congo\u00a0\u00bb","datePublished":"2023-02-24T12:44:34+00:00","dateModified":"2023-02-24T13:03:30+00:00","mainEntityOfPage":{"@id":"https:\/\/www.africa-press.net\/congo-brazzaville\/economie\/limb-planche-sur-le-forum-3-journees-de-lentrepreneuriat-au-congo"},"wordCount":414,"commentCount":0,"image":{"@id":"https:\/\/www.africa-press.net\/congo-brazzaville\/economie\/limb-planche-sur-le-forum-3-journees-de-lentrepreneuriat-au-congo#primaryimage"},"thumbnailUrl":"https:\/\/static.africa-press.net\/congo-brazzaville\/sites\/51\/2023\/02\/postQueueImg_1677230092.16.jpg","keywords":["Africa Press","Africa Press-Congo Brazzaville","Congo Brazzaville"],"articleSection":["\u00c9conomie","Toutes les actualit\u00e9s"],"inLanguage":"fr-FR","potentialAction":[{"@type":"CommentAction","name":"Comment","target":["https:\/\/www.africa-press.net\/congo-brazzaville\/economie\/limb-planche-sur-le-forum-3-journees-de-lentrepreneuriat-au-congo#respond"]}]},{"@type":"WebPage","@id":"https:\/\/www.africa-press.net\/congo-brazzaville\/economie\/limb-planche-sur-le-forum-3-journees-de-lentrepreneuriat-au-congo","url":"https:\/\/www.africa-press.net\/congo-brazzaville\/economie\/limb-planche-sur-le-forum-3-journees-de-lentrepreneuriat-au-congo","name":"l\u2019imb\u00a0planche sur le forum\u00a0\u00ab\u00a03 journ\u00e9es\u00a0de l\u2019entrepreneuriat au congo\u00a0\u00bb - Congo Brazzaville","isPartOf":{"@id":"https:\/\/www.africa-press.net\/congo-brazzaville\/#website"},"primaryImageOfPage":{"@id":"https:\/\/www.africa-press.net\/congo-brazzaville\/economie\/limb-planche-sur-le-forum-3-journees-de-lentrepreneuriat-au-congo#primaryimage"},"image":{"@id":"https:\/\/www.africa-press.net\/congo-brazzaville\/economie\/limb-planche-sur-le-forum-3-journees-de-lentrepreneuriat-au-congo#primaryimage"},"thumbnailUrl":"https:\/\/static.africa-press.net\/congo-brazzaville\/sites\/51\/2023\/02\/postQueueImg_1677230092.16.jpg","datePublished":"2023-02-24T12:44:34+00:00","dateModified":"2023-02-24T13:03:30+00:00","author":{"@id":"https:\/\/www.africa-press.net\/congo-brazzaville\/#\/schema\/person\/2b1cf3cd81a31e3cd26889ca66d677f1"},"description":"L\u2019Institut de management de Brazzaville (IMB-business school), a initie\u0301 le 22 fe\u0301vrier a\u0300 Brazzaville, le forum \u00ab 3 ...","breadcrumb":{"@id":"https:\/\/www.africa-press.net\/congo-brazzaville\/economie\/limb-planche-sur-le-forum-3-journees-de-lentrepreneuriat-au-congo#breadcrumb"},"inLanguage":"fr-FR","potentialAction":[{"@type":"ReadAction","target":["https:\/\/www.africa-press.net\/congo-brazzaville\/economie\/limb-planche-sur-le-forum-3-journees-de-lentrepreneuriat-au-congo"]}]},{"@type":"ImageObject","inLanguage":"fr-FR","@id":"https:\/\/www.africa-press.net\/congo-brazzaville\/economie\/limb-planche-sur-le-forum-3-journees-de-lentrepreneuriat-au-congo#primaryimage","url":"https:\/\/static.africa-press.net\/congo-brazzaville\/sites\/51\/2023\/02\/postQueueImg_1677230092.16.jpg","contentUrl":"https:\/\/static.africa-press.net\/congo-brazzaville\/sites\/51\/2023\/02\/postQueueImg_1677230092.16.jpg","width":758,"height":437,"caption":"l\u2019imb\u00a0planche sur le forum\u00a0\u00ab\u00a03 journ\u00e9es\u00a0de l\u2019entrepreneuriat au congo\u00a0\u00bb"},{"@type":"BreadcrumbList","@id":"https:\/\/www.africa-press.net\/congo-brazzaville\/economie\/limb-planche-sur-le-forum-3-journees-de-lentrepreneuriat-au-congo#breadcrumb","itemListElement":[{"@type":"ListItem","position":1,"name":"Accueil","item":"https:\/\/www.africa-press.net\/congo-brazzaville\/"},{"@type":"ListItem","position":2,"name":"l\u2019imb\u00a0planche sur le forum\u00a0\u00ab\u00a03 journ\u00e9es\u00a0de l\u2019entrepreneuriat au congo\u00a0\u00bb"}]},{"@type":"WebSite","@id":"https:\/\/www.africa-press.net\/congo-brazzaville\/#website","url":"https:\/\/www.africa-press.net\/congo-brazzaville\/","name":"Congo Brazzaville","description":"Just another Africa News Agency Sites site","potentialAction":[{"@type":"SearchAction","target":{"@type":"EntryPoint","urlTemplate":"https:\/\/www.africa-press.net\/congo-brazzaville\/?s={search_term_string}"},"query-input":{"@type":"PropertyValueSpecification","valueRequired":true,"valueName":"search_term_string"}}],"inLanguage":"fr-FR"},{"@type":"Person","@id":"https:\/\/www.africa-press.net\/congo-brazzaville\/#\/schema\/person\/2b1cf3cd81a31e3cd26889ca66d677f1","name":"cfeditorfr"}]}},"_links":{"self":[{"href":"https:\/\/www.africa-press.net\/congo-brazzaville\/wp-json\/wp\/v2\/posts\/14836","targetHints":{"allow":["GET"]}}],"collection":[{"href":"https:\/\/www.africa-press.net\/congo-brazzaville\/wp-json\/wp\/v2\/posts"}],"about":[{"href":"https:\/\/www.africa-press.net\/congo-brazzaville\/wp-json\/wp\/v2\/types\/post"}],"author":[{"embeddable":true,"href":"https:\/\/www.africa-press.net\/congo-brazzaville\/wp-json\/wp\/v2\/users\/82"}],"replies":[{"embeddable":true,"href":"https:\/\/www.africa-press.net\/congo-brazzaville\/wp-json\/wp\/v2\/comments?post=14836"}],"version-history":[{"count":0,"href":"https:\/\/www.africa-press.net\/congo-brazzaville\/wp-json\/wp\/v2\/posts\/14836\/revisions"}],"wp:featuredmedia":[{"embeddable":true,"href":"https:\/\/www.africa-press.net\/congo-brazzaville\/wp-json\/wp\/v2\/media\/14835"}],"wp:attachment":[{"href":"https:\/\/www.africa-press.net\/congo-brazzaville\/wp-json\/wp\/v2\/media?parent=14836"}],"wp:term":[{"taxonomy":"category","embeddable":true,"href":"https:\/\/www.africa-press.net\/congo-brazzaville\/wp-json\/wp\/v2\/categories?post=14836"},{"taxonomy":"post_tag","embeddable":true,"href":"https:\/\/www.africa-press.net\/congo-brazzaville\/wp-json\/wp\/v2\/tags?post=14836"}],"curies":[{"name":"wp","href":"https:\/\/api.w.org\/{rel}","templated":true}]}}