{"id":14838,"date":"2023-02-24T12:44:57","date_gmt":"2023-02-24T12:44:57","guid":{"rendered":"https:\/\/www.africa-press.net\/congo-brazzaville\/politique\/examen-conjoint-des-aspects-lies-au-projet-de-linstitut-superieur-maritime-et-fluvial"},"modified":"2023-02-24T13:04:00","modified_gmt":"2023-02-24T13:04:00","slug":"examen-conjoint-des-aspects-lies-au-projet-de-linstitut-superieur-maritime-et-fluvial","status":"publish","type":"post","link":"https:\/\/www.africa-press.net\/congo-brazzaville\/economie\/examen-conjoint-des-aspects-lies-au-projet-de-linstitut-superieur-maritime-et-fluvial","title":{"rendered":"examen conjoint des aspects li\u00e9s au projet de l\u2019institut sup\u00e9rieur maritime et fluvial"},"content":{"rendered":"<p><span style=\"color: #ff6600\"><strong>Africa-Press &#8211; Congo Brazzaville. <\/strong><\/span><b>Le directeur de la coope\u0301ration, de se\u0301curite\u0301 et de\u0301fense, le ge\u0301ne\u0301ral de corps d\u2019Arme\u0301e, Re\u0301gis Colcombet, et le Secre\u0301taire permanent du comite\u0301 interministe\u0301riel de l\u2019action de l\u2019Etat en mer et dans les eaux continentales, Eric Olivier Se\u0301bastien Dibas-Franck, se sont entretenus le 18 fe\u0301vrier a\u0300 Brazzaville, sur un certain nombre d\u2019aspects lie\u0301s au projet de cre\u0301ation de l\u2019Institut de Hautes e\u0301tudes maritimes et fluviales.<\/b><\/p>\n<p>\u00abNous ne pouvons pas parler de l\u2019action de l\u2019Etat en mer et dans les eaux continentales si les capacite\u0301s ne sont pas renforce\u0301es \u00bb, a de\u0301clare\u0301 Eric Olivier Se\u0301bastien Dibas-Franck au cours de l\u2019audience qu\u2019il a accorde\u0301e a\u0300 Regis Colcombet, dans le cadre de la coope\u0301ration bilate\u0301rale.<\/p>\n<p>Cet Institut qui, a\u0300 terme sera re\u0301gional, formera des cadres en fonction dans les administrations aussi bien militaires que civils. Il s\u2019associera avec les ministe\u0300res de la De\u0301fense nationale et celui en charge de l\u2019Enseignement supe\u0301rieur, pour re\u0301pondre aux exigences du syste\u0300me Licence master doctorat (LMD). Ce projet, adopte\u0301 en Conseil des ministres, est au Parlement pour examen, a dit, Eric Olivier Se\u0301bastien Dibas-Franck.<\/p>\n<p>Le Pre\u0301sident de la Re\u0301publique avait de\u0301clare\u0301 dans son discours d\u2019investiture, le 16 avril 2021, \u00abon le\u0301gife\u0300re souvent mais quelque fois la mise en \u0153uvre n\u2019est pas toujours au rendez-vous&#8230; \u00bb. Cependant, ce projet extre\u0302mement inte\u0301grateur concre\u0301tise l\u2019ambition du Chef de l\u2019Etat, Denis Sassou-N\u2019Guesso, a\u0300 travers le Secre\u0301tariat permanent, place\u0301 sous l\u2019autorite\u0301 du Premier ministre, Anatole Collinet Makosso, a-t-il reconnu.<\/p>\n<p>En outre, il a souhaite\u0301 un accompagnement dudit projet a\u0300 l\u2019instar de l\u2019Institut supe\u0301rieur maritime international (ISMI) base\u0301 a\u0300 Abidjan. Toutefois, il a sugge\u0301re\u0301 que cet Institut soit plus large et s\u2019e\u0301tende aux questions environnementales.<\/p>\n<p>S\u2019exprimant a\u0300 son tour, le ge\u0301ne\u0301ral de corps d\u2019arme\u0301e a fait savoir que \u00abla France pourrait, dans un premier temps, voir en termes de pre\u0301figuration, d\u2019e\u0301change des expertises et, e\u0301tudier son insertion a\u0300 terme, a\u0300 partir du mode\u0300le typiquement e\u0301cole de Ge\u0301nie travaux qu\u2019elle a, a\u0300 la Direction de la coope\u0301ration.<\/p>\n<p>Re\u0301pondant a\u0300 la pre\u0301occupation du Secre\u0301taire permanent, qui souhaiterait plus d\u2019ouverture environnementale au Projet, il a pre\u0301cise\u0301 que l\u2019ISMI a\u0300 trois piliers. Le premier est professoral, axe\u0301 sur l\u2019enseignement the\u0301orique d\u2019un master magistrat, douane police, ge\u0301nie. Le second pilier pratique l\u2019entrainement pour les forces antiterroristes ou d\u2019intervention de la gendarmerie. Le dernier pilier est un centre de recherche sur des the\u0301matiques de l\u2019environnement fluviale.<\/p>\n<p>Selon lui, l\u2019obtention des financements conse\u0301quents a\u0300 ce Projet extre\u0302mement fe\u0301de\u0301rateur, ne\u0301cessiterait l\u2019appui de l\u2019Union Europe\u0301enne (UE). La coope\u0301ration franc\u0327aise pourrait lancer le mode\u0300le de pre\u0301figuration et faire aussi des rapprochements du co\u0302te\u0301 de Bruxelles.<\/p>\n<p>Concernant les autres axes de la coope\u0301ration, les deux personnalite\u0301s ont aborde\u0301 des questions sur la strate\u0301gie nationale des mers et oce\u0301ans; de l\u2019Architecture de Yaounde\u0301 et du renforcement des aspects fluviaux. Ils ont aussi parle\u0301 des faiblesses constate\u0301es lors du proce\u0300s fictif du 25 novembre 2022.<\/p>\n<p>La visite du ge\u0301ne\u0301ral du corps d\u2019arme\u0301e Eric Colcombet intervient dans le cadre des projets en rapport avec ses fonctions a\u0300 Paris, en particulier celui d\u2019un projet emble\u0301matique de l\u2019e\u0301cole de Ge\u0301nie travaux qui est un centre d\u2019excellence de la Communaute\u0301 e\u0301conomique des Etats de l\u2019Afrique centrale (CEEAC), qui est une belle vitrine d\u2019un partenariat re\u0301ussi.<\/p>\n<p>Le ge\u0301ne\u0301ral Colcombet a offert a\u0300 Eric Olivier Se\u0301bastien Dibas-Franck un souvenir de la Direction de la coope\u0301ration du Quai d\u2019Orsay. A son tour, il a donne\u0301 a\u0300 son ho\u0302te son ouvrage sur \u00ab Le Droit maritime dans la zone CEMAC \u00bb et son roman \u00ab Peine perdue.<\/p>\n<p><strong>Pour plus d&rsquo;informations et d&rsquo;analyses sur la <a href=\"https:\/\/www.africa-press.net\/congo-brazzaville\">Congo Brazzaville<\/a>, suivez <a href=\"https:\/\/www.africa-press.net\/\">Africa-Press<\/a><\/strong><\/p>\n","protected":false},"excerpt":{"rendered":"<p>Africa-Press &#8211; Congo Brazzaville. Le directeur de la coope\u0301ration, de se\u0301curite\u0301 et de\u0301fense, le ge\u0301ne\u0301ral de corps d\u2019Arme\u0301e, Re\u0301gis Colcombet, et le Secre\u0301taire permanent du comite\u0301 interministe\u0301riel de l\u2019action de l\u2019Etat en mer et dans les eaux continentales, Eric Olivier Se\u0301bastien Dibas-Franck, se sont entretenus le 18 fe\u0301vrier a\u0300 Brazzaville, sur un certain nombre d\u2019aspects [&hellip;]<\/p>\n","protected":false},"author":82,"featured_media":14837,"comment_status":"open","ping_status":"closed","sticky":false,"template":"","format":"standard","meta":{"footnotes":""},"categories":[3,10],"tags":[36,47,46],"class_list":["post-14838","post","type-post","status-publish","format-standard","has-post-thumbnail","hentry","category-economie","category-toutes-les-actualites","tag-africa-press","tag-africa-press-congo-brazzaville","tag-congo-brazzaville"],"yoast_head":"<!-- This site is optimized with the Yoast SEO Premium plugin v26.1 (Yoast SEO v27.0) - https:\/\/yoast.com\/product\/yoast-seo-premium-wordpress\/ -->\n<title>examen conjoint des aspects li\u00e9s au projet de l\u2019institut sup\u00e9rieur maritime et fluvial - Congo Brazzaville<\/title>\n<meta name=\"description\" content=\"Le directeur de la coope\u0301ration, de se\u0301curite\u0301 et de\u0301fense, le ge\u0301ne\u0301ral de corps d\u2019Arme\u0301e, Re\u0301gis Colcombet, et le S ...\" \/>\n<meta name=\"robots\" content=\"index, follow, max-snippet:-1, max-image-preview:large, max-video-preview:-1\" \/>\n<link rel=\"canonical\" href=\"https:\/\/www.africa-press.net\/congo-brazzaville\/economie\/examen-conjoint-des-aspects-lies-au-projet-de-linstitut-superieur-maritime-et-fluvial\" \/>\n<meta property=\"og:locale\" content=\"fr_FR\" \/>\n<meta property=\"og:type\" content=\"article\" \/>\n<meta property=\"og:title\" content=\"examen conjoint des aspects li\u00e9s au projet de l\u2019institut sup\u00e9rieur maritime et fluvial\" \/>\n<meta property=\"og:description\" content=\"Le directeur de la coope\u0301ration, de se\u0301curite\u0301 et de\u0301fense, le ge\u0301ne\u0301ral de corps d\u2019Arme\u0301e, Re\u0301gis Colcombet, et le S ...\" \/>\n<meta property=\"og:url\" content=\"https:\/\/www.africa-press.net\/congo-brazzaville\/economie\/examen-conjoint-des-aspects-lies-au-projet-de-linstitut-superieur-maritime-et-fluvial\" \/>\n<meta property=\"og:site_name\" content=\"Congo Brazzaville\" \/>\n<meta property=\"article:published_time\" content=\"2023-02-24T12:44:57+00:00\" \/>\n<meta property=\"article:modified_time\" content=\"2023-02-24T13:04:00+00:00\" \/>\n<meta property=\"og:image\" content=\"https:\/\/static.africa-press.net\/congo-brazzaville\/sites\/51\/2023\/02\/postQueueImg_1677230350.47.jpg\" \/>\n\t<meta property=\"og:image:width\" content=\"763\" \/>\n\t<meta property=\"og:image:height\" content=\"442\" \/>\n\t<meta property=\"og:image:type\" content=\"image\/jpeg\" \/>\n<meta name=\"author\" content=\"cfeditorfr\" \/>\n<meta name=\"twitter:card\" content=\"summary_large_image\" \/>\n<meta name=\"twitter:label1\" content=\"\u00c9crit par\" \/>\n\t<meta name=\"twitter:data1\" content=\"cfeditorfr\" \/>\n\t<meta name=\"twitter:label2\" content=\"Dur\u00e9e de lecture estim\u00e9e\" \/>\n\t<meta name=\"twitter:data2\" content=\"4 minutes\" \/>\n<script type=\"application\/ld+json\" class=\"yoast-schema-graph\">{\"@context\":\"https:\/\/schema.org\",\"@graph\":[{\"@type\":\"Article\",\"@id\":\"https:\/\/www.africa-press.net\/congo-brazzaville\/economie\/examen-conjoint-des-aspects-lies-au-projet-de-linstitut-superieur-maritime-et-fluvial#article\",\"isPartOf\":{\"@id\":\"https:\/\/www.africa-press.net\/congo-brazzaville\/economie\/examen-conjoint-des-aspects-lies-au-projet-de-linstitut-superieur-maritime-et-fluvial\"},\"author\":{\"name\":\"cfeditorfr\",\"@id\":\"https:\/\/www.africa-press.net\/congo-brazzaville\/#\/schema\/person\/2b1cf3cd81a31e3cd26889ca66d677f1\"},\"headline\":\"examen conjoint des aspects li\u00e9s au projet de l\u2019institut sup\u00e9rieur maritime et fluvial\",\"datePublished\":\"2023-02-24T12:44:57+00:00\",\"dateModified\":\"2023-02-24T13:04:00+00:00\",\"mainEntityOfPage\":{\"@id\":\"https:\/\/www.africa-press.net\/congo-brazzaville\/economie\/examen-conjoint-des-aspects-lies-au-projet-de-linstitut-superieur-maritime-et-fluvial\"},\"wordCount\":723,\"commentCount\":0,\"image\":{\"@id\":\"https:\/\/www.africa-press.net\/congo-brazzaville\/economie\/examen-conjoint-des-aspects-lies-au-projet-de-linstitut-superieur-maritime-et-fluvial#primaryimage\"},\"thumbnailUrl\":\"https:\/\/static.africa-press.net\/congo-brazzaville\/sites\/51\/2023\/02\/postQueueImg_1677230350.47.jpg\",\"keywords\":[\"Africa Press\",\"Africa Press-Congo Brazzaville\",\"Congo Brazzaville\"],\"articleSection\":[\"\u00c9conomie\",\"Toutes les actualit\u00e9s\"],\"inLanguage\":\"fr-FR\",\"potentialAction\":[{\"@type\":\"CommentAction\",\"name\":\"Comment\",\"target\":[\"https:\/\/www.africa-press.net\/congo-brazzaville\/economie\/examen-conjoint-des-aspects-lies-au-projet-de-linstitut-superieur-maritime-et-fluvial#respond\"]}]},{\"@type\":\"WebPage\",\"@id\":\"https:\/\/www.africa-press.net\/congo-brazzaville\/economie\/examen-conjoint-des-aspects-lies-au-projet-de-linstitut-superieur-maritime-et-fluvial\",\"url\":\"https:\/\/www.africa-press.net\/congo-brazzaville\/economie\/examen-conjoint-des-aspects-lies-au-projet-de-linstitut-superieur-maritime-et-fluvial\",\"name\":\"examen conjoint des aspects li\u00e9s au projet de l\u2019institut sup\u00e9rieur maritime et fluvial - Congo Brazzaville\",\"isPartOf\":{\"@id\":\"https:\/\/www.africa-press.net\/congo-brazzaville\/#website\"},\"primaryImageOfPage\":{\"@id\":\"https:\/\/www.africa-press.net\/congo-brazzaville\/economie\/examen-conjoint-des-aspects-lies-au-projet-de-linstitut-superieur-maritime-et-fluvial#primaryimage\"},\"image\":{\"@id\":\"https:\/\/www.africa-press.net\/congo-brazzaville\/economie\/examen-conjoint-des-aspects-lies-au-projet-de-linstitut-superieur-maritime-et-fluvial#primaryimage\"},\"thumbnailUrl\":\"https:\/\/static.africa-press.net\/congo-brazzaville\/sites\/51\/2023\/02\/postQueueImg_1677230350.47.jpg\",\"datePublished\":\"2023-02-24T12:44:57+00:00\",\"dateModified\":\"2023-02-24T13:04:00+00:00\",\"author\":{\"@id\":\"https:\/\/www.africa-press.net\/congo-brazzaville\/#\/schema\/person\/2b1cf3cd81a31e3cd26889ca66d677f1\"},\"description\":\"Le directeur de la coope\u0301ration, de se\u0301curite\u0301 et de\u0301fense, le ge\u0301ne\u0301ral de corps d\u2019Arme\u0301e, Re\u0301gis Colcombet, et le S ...\",\"breadcrumb\":{\"@id\":\"https:\/\/www.africa-press.net\/congo-brazzaville\/economie\/examen-conjoint-des-aspects-lies-au-projet-de-linstitut-superieur-maritime-et-fluvial#breadcrumb\"},\"inLanguage\":\"fr-FR\",\"potentialAction\":[{\"@type\":\"ReadAction\",\"target\":[\"https:\/\/www.africa-press.net\/congo-brazzaville\/economie\/examen-conjoint-des-aspects-lies-au-projet-de-linstitut-superieur-maritime-et-fluvial\"]}]},{\"@type\":\"ImageObject\",\"inLanguage\":\"fr-FR\",\"@id\":\"https:\/\/www.africa-press.net\/congo-brazzaville\/economie\/examen-conjoint-des-aspects-lies-au-projet-de-linstitut-superieur-maritime-et-fluvial#primaryimage\",\"url\":\"https:\/\/static.africa-press.net\/congo-brazzaville\/sites\/51\/2023\/02\/postQueueImg_1677230350.47.jpg\",\"contentUrl\":\"https:\/\/static.africa-press.net\/congo-brazzaville\/sites\/51\/2023\/02\/postQueueImg_1677230350.47.jpg\",\"width\":763,\"height\":442,\"caption\":\"examen conjoint des aspects li\u00e9s au projet de l\u2019institut sup\u00e9rieur maritime et fluvial\"},{\"@type\":\"BreadcrumbList\",\"@id\":\"https:\/\/www.africa-press.net\/congo-brazzaville\/economie\/examen-conjoint-des-aspects-lies-au-projet-de-linstitut-superieur-maritime-et-fluvial#breadcrumb\",\"itemListElement\":[{\"@type\":\"ListItem\",\"position\":1,\"name\":\"Accueil\",\"item\":\"https:\/\/www.africa-press.net\/congo-brazzaville\/\"},{\"@type\":\"ListItem\",\"position\":2,\"name\":\"examen conjoint des aspects li\u00e9s au projet de l\u2019institut sup\u00e9rieur maritime et fluvial\"}]},{\"@type\":\"WebSite\",\"@id\":\"https:\/\/www.africa-press.net\/congo-brazzaville\/#website\",\"url\":\"https:\/\/www.africa-press.net\/congo-brazzaville\/\",\"name\":\"Congo Brazzaville\",\"description\":\"Just another Africa News Agency Sites site\",\"potentialAction\":[{\"@type\":\"SearchAction\",\"target\":{\"@type\":\"EntryPoint\",\"urlTemplate\":\"https:\/\/www.africa-press.net\/congo-brazzaville\/?s={search_term_string}\"},\"query-input\":{\"@type\":\"PropertyValueSpecification\",\"valueRequired\":true,\"valueName\":\"search_term_string\"}}],\"inLanguage\":\"fr-FR\"},{\"@type\":\"Person\",\"@id\":\"https:\/\/www.africa-press.net\/congo-brazzaville\/#\/schema\/person\/2b1cf3cd81a31e3cd26889ca66d677f1\",\"name\":\"cfeditorfr\"}]}<\/script>\n<!-- \/ Yoast SEO Premium plugin. -->","yoast_head_json":{"title":"examen conjoint des aspects li\u00e9s au projet de l\u2019institut sup\u00e9rieur maritime et fluvial - Congo Brazzaville","description":"Le directeur de la coope\u0301ration, de se\u0301curite\u0301 et de\u0301fense, le ge\u0301ne\u0301ral de corps d\u2019Arme\u0301e, Re\u0301gis Colcombet, et le S ...","robots":{"index":"index","follow":"follow","max-snippet":"max-snippet:-1","max-image-preview":"max-image-preview:large","max-video-preview":"max-video-preview:-1"},"canonical":"https:\/\/www.africa-press.net\/congo-brazzaville\/economie\/examen-conjoint-des-aspects-lies-au-projet-de-linstitut-superieur-maritime-et-fluvial","og_locale":"fr_FR","og_type":"article","og_title":"examen conjoint des aspects li\u00e9s au projet de l\u2019institut sup\u00e9rieur maritime et fluvial","og_description":"Le directeur de la coope\u0301ration, de se\u0301curite\u0301 et de\u0301fense, le ge\u0301ne\u0301ral de corps d\u2019Arme\u0301e, Re\u0301gis Colcombet, et le S ...","og_url":"https:\/\/www.africa-press.net\/congo-brazzaville\/economie\/examen-conjoint-des-aspects-lies-au-projet-de-linstitut-superieur-maritime-et-fluvial","og_site_name":"Congo Brazzaville","article_published_time":"2023-02-24T12:44:57+00:00","article_modified_time":"2023-02-24T13:04:00+00:00","og_image":[{"width":763,"height":442,"url":"https:\/\/static.africa-press.net\/congo-brazzaville\/sites\/51\/2023\/02\/postQueueImg_1677230350.47.jpg","type":"image\/jpeg"}],"author":"cfeditorfr","twitter_card":"summary_large_image","twitter_misc":{"\u00c9crit par":"cfeditorfr","Dur\u00e9e de lecture estim\u00e9e":"4 minutes"},"schema":{"@context":"https:\/\/schema.org","@graph":[{"@type":"Article","@id":"https:\/\/www.africa-press.net\/congo-brazzaville\/economie\/examen-conjoint-des-aspects-lies-au-projet-de-linstitut-superieur-maritime-et-fluvial#article","isPartOf":{"@id":"https:\/\/www.africa-press.net\/congo-brazzaville\/economie\/examen-conjoint-des-aspects-lies-au-projet-de-linstitut-superieur-maritime-et-fluvial"},"author":{"name":"cfeditorfr","@id":"https:\/\/www.africa-press.net\/congo-brazzaville\/#\/schema\/person\/2b1cf3cd81a31e3cd26889ca66d677f1"},"headline":"examen conjoint des aspects li\u00e9s au projet de l\u2019institut sup\u00e9rieur maritime et fluvial","datePublished":"2023-02-24T12:44:57+00:00","dateModified":"2023-02-24T13:04:00+00:00","mainEntityOfPage":{"@id":"https:\/\/www.africa-press.net\/congo-brazzaville\/economie\/examen-conjoint-des-aspects-lies-au-projet-de-linstitut-superieur-maritime-et-fluvial"},"wordCount":723,"commentCount":0,"image":{"@id":"https:\/\/www.africa-press.net\/congo-brazzaville\/economie\/examen-conjoint-des-aspects-lies-au-projet-de-linstitut-superieur-maritime-et-fluvial#primaryimage"},"thumbnailUrl":"https:\/\/static.africa-press.net\/congo-brazzaville\/sites\/51\/2023\/02\/postQueueImg_1677230350.47.jpg","keywords":["Africa Press","Africa Press-Congo Brazzaville","Congo Brazzaville"],"articleSection":["\u00c9conomie","Toutes les actualit\u00e9s"],"inLanguage":"fr-FR","potentialAction":[{"@type":"CommentAction","name":"Comment","target":["https:\/\/www.africa-press.net\/congo-brazzaville\/economie\/examen-conjoint-des-aspects-lies-au-projet-de-linstitut-superieur-maritime-et-fluvial#respond"]}]},{"@type":"WebPage","@id":"https:\/\/www.africa-press.net\/congo-brazzaville\/economie\/examen-conjoint-des-aspects-lies-au-projet-de-linstitut-superieur-maritime-et-fluvial","url":"https:\/\/www.africa-press.net\/congo-brazzaville\/economie\/examen-conjoint-des-aspects-lies-au-projet-de-linstitut-superieur-maritime-et-fluvial","name":"examen conjoint des aspects li\u00e9s au projet de l\u2019institut sup\u00e9rieur maritime et fluvial - Congo Brazzaville","isPartOf":{"@id":"https:\/\/www.africa-press.net\/congo-brazzaville\/#website"},"primaryImageOfPage":{"@id":"https:\/\/www.africa-press.net\/congo-brazzaville\/economie\/examen-conjoint-des-aspects-lies-au-projet-de-linstitut-superieur-maritime-et-fluvial#primaryimage"},"image":{"@id":"https:\/\/www.africa-press.net\/congo-brazzaville\/economie\/examen-conjoint-des-aspects-lies-au-projet-de-linstitut-superieur-maritime-et-fluvial#primaryimage"},"thumbnailUrl":"https:\/\/static.africa-press.net\/congo-brazzaville\/sites\/51\/2023\/02\/postQueueImg_1677230350.47.jpg","datePublished":"2023-02-24T12:44:57+00:00","dateModified":"2023-02-24T13:04:00+00:00","author":{"@id":"https:\/\/www.africa-press.net\/congo-brazzaville\/#\/schema\/person\/2b1cf3cd81a31e3cd26889ca66d677f1"},"description":"Le directeur de la coope\u0301ration, de se\u0301curite\u0301 et de\u0301fense, le ge\u0301ne\u0301ral de corps d\u2019Arme\u0301e, Re\u0301gis Colcombet, et le S ...","breadcrumb":{"@id":"https:\/\/www.africa-press.net\/congo-brazzaville\/economie\/examen-conjoint-des-aspects-lies-au-projet-de-linstitut-superieur-maritime-et-fluvial#breadcrumb"},"inLanguage":"fr-FR","potentialAction":[{"@type":"ReadAction","target":["https:\/\/www.africa-press.net\/congo-brazzaville\/economie\/examen-conjoint-des-aspects-lies-au-projet-de-linstitut-superieur-maritime-et-fluvial"]}]},{"@type":"ImageObject","inLanguage":"fr-FR","@id":"https:\/\/www.africa-press.net\/congo-brazzaville\/economie\/examen-conjoint-des-aspects-lies-au-projet-de-linstitut-superieur-maritime-et-fluvial#primaryimage","url":"https:\/\/static.africa-press.net\/congo-brazzaville\/sites\/51\/2023\/02\/postQueueImg_1677230350.47.jpg","contentUrl":"https:\/\/static.africa-press.net\/congo-brazzaville\/sites\/51\/2023\/02\/postQueueImg_1677230350.47.jpg","width":763,"height":442,"caption":"examen conjoint des aspects li\u00e9s au projet de l\u2019institut sup\u00e9rieur maritime et fluvial"},{"@type":"BreadcrumbList","@id":"https:\/\/www.africa-press.net\/congo-brazzaville\/economie\/examen-conjoint-des-aspects-lies-au-projet-de-linstitut-superieur-maritime-et-fluvial#breadcrumb","itemListElement":[{"@type":"ListItem","position":1,"name":"Accueil","item":"https:\/\/www.africa-press.net\/congo-brazzaville\/"},{"@type":"ListItem","position":2,"name":"examen conjoint des aspects li\u00e9s au projet de l\u2019institut sup\u00e9rieur maritime et fluvial"}]},{"@type":"WebSite","@id":"https:\/\/www.africa-press.net\/congo-brazzaville\/#website","url":"https:\/\/www.africa-press.net\/congo-brazzaville\/","name":"Congo Brazzaville","description":"Just another Africa News Agency Sites site","potentialAction":[{"@type":"SearchAction","target":{"@type":"EntryPoint","urlTemplate":"https:\/\/www.africa-press.net\/congo-brazzaville\/?s={search_term_string}"},"query-input":{"@type":"PropertyValueSpecification","valueRequired":true,"valueName":"search_term_string"}}],"inLanguage":"fr-FR"},{"@type":"Person","@id":"https:\/\/www.africa-press.net\/congo-brazzaville\/#\/schema\/person\/2b1cf3cd81a31e3cd26889ca66d677f1","name":"cfeditorfr"}]}},"_links":{"self":[{"href":"https:\/\/www.africa-press.net\/congo-brazzaville\/wp-json\/wp\/v2\/posts\/14838","targetHints":{"allow":["GET"]}}],"collection":[{"href":"https:\/\/www.africa-press.net\/congo-brazzaville\/wp-json\/wp\/v2\/posts"}],"about":[{"href":"https:\/\/www.africa-press.net\/congo-brazzaville\/wp-json\/wp\/v2\/types\/post"}],"author":[{"embeddable":true,"href":"https:\/\/www.africa-press.net\/congo-brazzaville\/wp-json\/wp\/v2\/users\/82"}],"replies":[{"embeddable":true,"href":"https:\/\/www.africa-press.net\/congo-brazzaville\/wp-json\/wp\/v2\/comments?post=14838"}],"version-history":[{"count":0,"href":"https:\/\/www.africa-press.net\/congo-brazzaville\/wp-json\/wp\/v2\/posts\/14838\/revisions"}],"wp:featuredmedia":[{"embeddable":true,"href":"https:\/\/www.africa-press.net\/congo-brazzaville\/wp-json\/wp\/v2\/media\/14837"}],"wp:attachment":[{"href":"https:\/\/www.africa-press.net\/congo-brazzaville\/wp-json\/wp\/v2\/media?parent=14838"}],"wp:term":[{"taxonomy":"category","embeddable":true,"href":"https:\/\/www.africa-press.net\/congo-brazzaville\/wp-json\/wp\/v2\/categories?post=14838"},{"taxonomy":"post_tag","embeddable":true,"href":"https:\/\/www.africa-press.net\/congo-brazzaville\/wp-json\/wp\/v2\/tags?post=14838"}],"curies":[{"name":"wp","href":"https:\/\/api.w.org\/{rel}","templated":true}]}}