{"id":14867,"date":"2023-02-24T19:33:27","date_gmt":"2023-02-24T19:33:27","guid":{"rendered":"https:\/\/www.africa-press.net\/congo-brazzaville\/politique\/theatre-yvon-wilfrid-lewa-let-mandah-participe-au-36e-congres-mondial-de-liti"},"modified":"2023-02-24T20:08:26","modified_gmt":"2023-02-24T20:08:26","slug":"theatre-yvon-wilfrid-lewa-let-mandah-participe-au-36e-congres-mondial-de-liti","status":"publish","type":"post","link":"https:\/\/www.africa-press.net\/congo-brazzaville\/culture-et-art\/theatre-yvon-wilfrid-lewa-let-mandah-participe-au-36e-congres-mondial-de-liti","title":{"rendered":"Th\u00e9\u00e2tre: Yvon Wilfrid Lewa-let Mandah participe au 36e congr\u00e8s mondial de l\u2019ITI"},"content":{"rendered":"<p><span style=\"color: #ff6600\"><strong>Africa-Press &#8211; Congo Brazzaville. <\/strong><\/span><b>Le 36e congre\u0300s mondial de l\u2019Institut international de the\u0301a\u0302tre (ITI) a lieu du 20 au 25 fe\u0301vrier a\u0300 Fujairah, aux E\u0301mirats arabes unis (EAU), sous l\u00a0\u00bbe\u0301gide de l&rsquo;Unesco.<\/b><\/p>\n<p>Les assises sont organise\u0301es par le gouvernement de Fujairah, avec le soutien de S.A.R Cheikh Hamad bin Mohammed Al Sharqi, souverain de Fujairah et membre du Conseil supre\u0302me des E\u0301mirats arabes unis, et de S.A. Cheikh Mohammed bin Hamad Al Sharqi, prince he\u0301ritier de Fujairah. Au nombre des participants figure le come\u0301dien, dramaturge et metteur en sce\u0300ne Yvon Wilfrid Lewa-Let Mandah, pre\u0301sident de l\u2019IIT Congo.<\/p>\n<p>Le 36e congre\u0300s mondial de l&rsquo;ITI est le premier rassemblement mondial de cette structure en pre\u0301sentiel depuis 2017. Au cours de ces assises, Yvon Wilfrid Lewa-Mandah, pre\u0301sident du Centre national de l\u2019IIT Congo, a pre\u0301sente\u0301 le rapport d\u2019activite\u0301s 2017-2022 marque\u0301 notamment par la tenue chaque anne\u0301e du festival international du the\u0301a\u0302tre et autres arts de sce\u0300ne initie\u0301 par l\u2019IIT Congo. Ces assises sont aussi une occasion des de\u0301bats autour du the\u0301a\u0302tre et des arts voisins sans oublier le partage des meilleures pratiques, ravivant ainsi l\u2019amour des arts du the\u0301a\u0302tre et des personnes qui les font vivre.<\/p>\n<p>Signalons que c\u2019est sur le the\u0300me \u00a0\u00bb Reunite for the performing arts and humanism\u00a0\u00bb (Se re\u0301unir pour les arts de la sce\u0300ne et l&rsquo;humanisme) que se tient le 36e congre\u0300s mondial de l&rsquo;IIT.<\/p>\n<p><strong>Pour plus d&rsquo;informations et d&rsquo;analyses sur la <a href=\"https:\/\/www.africa-press.net\/congo-brazzaville\">Congo Brazzaville<\/a>, suivez <a href=\"https:\/\/www.africa-press.net\/\">Africa-Press<\/a><\/strong><\/p>\n","protected":false},"excerpt":{"rendered":"<p>Africa-Press &#8211; Congo Brazzaville. Le 36e congre\u0300s mondial de l\u2019Institut international de the\u0301a\u0302tre (ITI) a lieu du 20 au 25 fe\u0301vrier a\u0300 Fujairah, aux E\u0301mirats arabes unis (EAU), sous l\u00a0\u00bbe\u0301gide de l&rsquo;Unesco. Les assises sont organise\u0301es par le gouvernement de Fujairah, avec le soutien de S.A.R Cheikh Hamad bin Mohammed Al Sharqi, souverain de Fujairah [&hellip;]<\/p>\n","protected":false},"author":82,"featured_media":14866,"comment_status":"open","ping_status":"closed","sticky":false,"template":"","format":"standard","meta":{"footnotes":""},"categories":[5,10],"tags":[36,47,46],"class_list":["post-14867","post","type-post","status-publish","format-standard","has-post-thumbnail","hentry","category-culture-et-art","category-toutes-les-actualites","tag-africa-press","tag-africa-press-congo-brazzaville","tag-congo-brazzaville"],"yoast_head":"<!-- This site is optimized with the Yoast SEO Premium plugin v26.1 (Yoast SEO v27.0) - https:\/\/yoast.com\/product\/yoast-seo-premium-wordpress\/ -->\n<title>Th\u00e9\u00e2tre: Yvon Wilfrid Lewa-let Mandah participe au 36e congr\u00e8s mondial de l\u2019ITI - Congo Brazzaville<\/title>\n<meta name=\"description\" content=\"Le 36e congre\u0300s mondial de l\u2019Institut international de the\u0301a\u0302tre (ITI) a lieu du 20 au 25 fe\u0301vrier a\u0300 Fujairah, aux E ...\" \/>\n<meta name=\"robots\" content=\"index, follow, max-snippet:-1, max-image-preview:large, max-video-preview:-1\" \/>\n<link rel=\"canonical\" href=\"https:\/\/www.africa-press.net\/congo-brazzaville\/culture-et-art\/theatre-yvon-wilfrid-lewa-let-mandah-participe-au-36e-congres-mondial-de-liti\" \/>\n<meta property=\"og:locale\" content=\"fr_FR\" \/>\n<meta property=\"og:type\" content=\"article\" \/>\n<meta property=\"og:title\" content=\"Th\u00e9\u00e2tre: Yvon Wilfrid Lewa-let Mandah participe au 36e congr\u00e8s mondial de l\u2019ITI\" \/>\n<meta property=\"og:description\" content=\"Le 36e congre\u0300s mondial de l\u2019Institut international de the\u0301a\u0302tre (ITI) a lieu du 20 au 25 fe\u0301vrier a\u0300 Fujairah, aux E ...\" \/>\n<meta property=\"og:url\" content=\"https:\/\/www.africa-press.net\/congo-brazzaville\/culture-et-art\/theatre-yvon-wilfrid-lewa-let-mandah-participe-au-36e-congres-mondial-de-liti\" \/>\n<meta property=\"og:site_name\" content=\"Congo Brazzaville\" \/>\n<meta property=\"article:published_time\" content=\"2023-02-24T19:33:27+00:00\" \/>\n<meta property=\"article:modified_time\" content=\"2023-02-24T20:08:26+00:00\" \/>\n<meta property=\"og:image\" content=\"https:\/\/static.africa-press.net\/congo-brazzaville\/sites\/51\/2023\/02\/postQueueImg_1677254616.58.jpg\" \/>\n\t<meta property=\"og:image:width\" content=\"1632\" \/>\n\t<meta property=\"og:image:height\" content=\"1224\" \/>\n\t<meta property=\"og:image:type\" content=\"image\/jpeg\" \/>\n<meta name=\"author\" content=\"cfeditorfr\" \/>\n<meta name=\"twitter:card\" content=\"summary_large_image\" \/>\n<meta name=\"twitter:label1\" content=\"\u00c9crit par\" \/>\n\t<meta name=\"twitter:data1\" content=\"cfeditorfr\" \/>\n\t<meta name=\"twitter:label2\" content=\"Dur\u00e9e de lecture estim\u00e9e\" \/>\n\t<meta name=\"twitter:data2\" content=\"2 minutes\" \/>\n<script type=\"application\/ld+json\" class=\"yoast-schema-graph\">{\"@context\":\"https:\/\/schema.org\",\"@graph\":[{\"@type\":\"Article\",\"@id\":\"https:\/\/www.africa-press.net\/congo-brazzaville\/culture-et-art\/theatre-yvon-wilfrid-lewa-let-mandah-participe-au-36e-congres-mondial-de-liti#article\",\"isPartOf\":{\"@id\":\"https:\/\/www.africa-press.net\/congo-brazzaville\/culture-et-art\/theatre-yvon-wilfrid-lewa-let-mandah-participe-au-36e-congres-mondial-de-liti\"},\"author\":{\"name\":\"cfeditorfr\",\"@id\":\"https:\/\/www.africa-press.net\/congo-brazzaville\/#\/schema\/person\/2b1cf3cd81a31e3cd26889ca66d677f1\"},\"headline\":\"Th\u00e9\u00e2tre: Yvon Wilfrid Lewa-let Mandah participe au 36e congr\u00e8s mondial de l\u2019ITI\",\"datePublished\":\"2023-02-24T19:33:27+00:00\",\"dateModified\":\"2023-02-24T20:08:26+00:00\",\"mainEntityOfPage\":{\"@id\":\"https:\/\/www.africa-press.net\/congo-brazzaville\/culture-et-art\/theatre-yvon-wilfrid-lewa-let-mandah-participe-au-36e-congres-mondial-de-liti\"},\"wordCount\":296,\"commentCount\":0,\"image\":{\"@id\":\"https:\/\/www.africa-press.net\/congo-brazzaville\/culture-et-art\/theatre-yvon-wilfrid-lewa-let-mandah-participe-au-36e-congres-mondial-de-liti#primaryimage\"},\"thumbnailUrl\":\"https:\/\/static.africa-press.net\/congo-brazzaville\/sites\/51\/2023\/02\/postQueueImg_1677254616.58.jpg\",\"keywords\":[\"Africa Press\",\"Africa Press-Congo Brazzaville\",\"Congo Brazzaville\"],\"articleSection\":[\"Culture et Art\",\"Toutes les actualit\u00e9s\"],\"inLanguage\":\"fr-FR\",\"potentialAction\":[{\"@type\":\"CommentAction\",\"name\":\"Comment\",\"target\":[\"https:\/\/www.africa-press.net\/congo-brazzaville\/culture-et-art\/theatre-yvon-wilfrid-lewa-let-mandah-participe-au-36e-congres-mondial-de-liti#respond\"]}]},{\"@type\":\"WebPage\",\"@id\":\"https:\/\/www.africa-press.net\/congo-brazzaville\/culture-et-art\/theatre-yvon-wilfrid-lewa-let-mandah-participe-au-36e-congres-mondial-de-liti\",\"url\":\"https:\/\/www.africa-press.net\/congo-brazzaville\/culture-et-art\/theatre-yvon-wilfrid-lewa-let-mandah-participe-au-36e-congres-mondial-de-liti\",\"name\":\"Th\u00e9\u00e2tre: Yvon Wilfrid Lewa-let Mandah participe au 36e congr\u00e8s mondial de l\u2019ITI - Congo Brazzaville\",\"isPartOf\":{\"@id\":\"https:\/\/www.africa-press.net\/congo-brazzaville\/#website\"},\"primaryImageOfPage\":{\"@id\":\"https:\/\/www.africa-press.net\/congo-brazzaville\/culture-et-art\/theatre-yvon-wilfrid-lewa-let-mandah-participe-au-36e-congres-mondial-de-liti#primaryimage\"},\"image\":{\"@id\":\"https:\/\/www.africa-press.net\/congo-brazzaville\/culture-et-art\/theatre-yvon-wilfrid-lewa-let-mandah-participe-au-36e-congres-mondial-de-liti#primaryimage\"},\"thumbnailUrl\":\"https:\/\/static.africa-press.net\/congo-brazzaville\/sites\/51\/2023\/02\/postQueueImg_1677254616.58.jpg\",\"datePublished\":\"2023-02-24T19:33:27+00:00\",\"dateModified\":\"2023-02-24T20:08:26+00:00\",\"author\":{\"@id\":\"https:\/\/www.africa-press.net\/congo-brazzaville\/#\/schema\/person\/2b1cf3cd81a31e3cd26889ca66d677f1\"},\"description\":\"Le 36e congre\u0300s mondial de l\u2019Institut international de the\u0301a\u0302tre (ITI) a lieu du 20 au 25 fe\u0301vrier a\u0300 Fujairah, aux E ...\",\"breadcrumb\":{\"@id\":\"https:\/\/www.africa-press.net\/congo-brazzaville\/culture-et-art\/theatre-yvon-wilfrid-lewa-let-mandah-participe-au-36e-congres-mondial-de-liti#breadcrumb\"},\"inLanguage\":\"fr-FR\",\"potentialAction\":[{\"@type\":\"ReadAction\",\"target\":[\"https:\/\/www.africa-press.net\/congo-brazzaville\/culture-et-art\/theatre-yvon-wilfrid-lewa-let-mandah-participe-au-36e-congres-mondial-de-liti\"]}]},{\"@type\":\"ImageObject\",\"inLanguage\":\"fr-FR\",\"@id\":\"https:\/\/www.africa-press.net\/congo-brazzaville\/culture-et-art\/theatre-yvon-wilfrid-lewa-let-mandah-participe-au-36e-congres-mondial-de-liti#primaryimage\",\"url\":\"https:\/\/static.africa-press.net\/congo-brazzaville\/sites\/51\/2023\/02\/postQueueImg_1677254616.58.jpg\",\"contentUrl\":\"https:\/\/static.africa-press.net\/congo-brazzaville\/sites\/51\/2023\/02\/postQueueImg_1677254616.58.jpg\",\"width\":1632,\"height\":1224,\"caption\":\"Th\u00e9\u00e2tre: Yvon Wilfrid Lewa-let Mandah participe au 36e congr\u00e8s mondial de l\u2019ITI\"},{\"@type\":\"BreadcrumbList\",\"@id\":\"https:\/\/www.africa-press.net\/congo-brazzaville\/culture-et-art\/theatre-yvon-wilfrid-lewa-let-mandah-participe-au-36e-congres-mondial-de-liti#breadcrumb\",\"itemListElement\":[{\"@type\":\"ListItem\",\"position\":1,\"name\":\"Accueil\",\"item\":\"https:\/\/www.africa-press.net\/congo-brazzaville\/\"},{\"@type\":\"ListItem\",\"position\":2,\"name\":\"Th\u00e9\u00e2tre: Yvon Wilfrid Lewa-let Mandah participe au 36e congr\u00e8s mondial de l\u2019ITI\"}]},{\"@type\":\"WebSite\",\"@id\":\"https:\/\/www.africa-press.net\/congo-brazzaville\/#website\",\"url\":\"https:\/\/www.africa-press.net\/congo-brazzaville\/\",\"name\":\"Congo Brazzaville\",\"description\":\"Just another Africa News Agency Sites site\",\"potentialAction\":[{\"@type\":\"SearchAction\",\"target\":{\"@type\":\"EntryPoint\",\"urlTemplate\":\"https:\/\/www.africa-press.net\/congo-brazzaville\/?s={search_term_string}\"},\"query-input\":{\"@type\":\"PropertyValueSpecification\",\"valueRequired\":true,\"valueName\":\"search_term_string\"}}],\"inLanguage\":\"fr-FR\"},{\"@type\":\"Person\",\"@id\":\"https:\/\/www.africa-press.net\/congo-brazzaville\/#\/schema\/person\/2b1cf3cd81a31e3cd26889ca66d677f1\",\"name\":\"cfeditorfr\"}]}<\/script>\n<!-- \/ Yoast SEO Premium plugin. -->","yoast_head_json":{"title":"Th\u00e9\u00e2tre: Yvon Wilfrid Lewa-let Mandah participe au 36e congr\u00e8s mondial de l\u2019ITI - Congo Brazzaville","description":"Le 36e congre\u0300s mondial de l\u2019Institut international de the\u0301a\u0302tre (ITI) a lieu du 20 au 25 fe\u0301vrier a\u0300 Fujairah, aux E ...","robots":{"index":"index","follow":"follow","max-snippet":"max-snippet:-1","max-image-preview":"max-image-preview:large","max-video-preview":"max-video-preview:-1"},"canonical":"https:\/\/www.africa-press.net\/congo-brazzaville\/culture-et-art\/theatre-yvon-wilfrid-lewa-let-mandah-participe-au-36e-congres-mondial-de-liti","og_locale":"fr_FR","og_type":"article","og_title":"Th\u00e9\u00e2tre: Yvon Wilfrid Lewa-let Mandah participe au 36e congr\u00e8s mondial de l\u2019ITI","og_description":"Le 36e congre\u0300s mondial de l\u2019Institut international de the\u0301a\u0302tre (ITI) a lieu du 20 au 25 fe\u0301vrier a\u0300 Fujairah, aux E ...","og_url":"https:\/\/www.africa-press.net\/congo-brazzaville\/culture-et-art\/theatre-yvon-wilfrid-lewa-let-mandah-participe-au-36e-congres-mondial-de-liti","og_site_name":"Congo Brazzaville","article_published_time":"2023-02-24T19:33:27+00:00","article_modified_time":"2023-02-24T20:08:26+00:00","og_image":[{"width":1632,"height":1224,"url":"https:\/\/static.africa-press.net\/congo-brazzaville\/sites\/51\/2023\/02\/postQueueImg_1677254616.58.jpg","type":"image\/jpeg"}],"author":"cfeditorfr","twitter_card":"summary_large_image","twitter_misc":{"\u00c9crit par":"cfeditorfr","Dur\u00e9e de lecture estim\u00e9e":"2 minutes"},"schema":{"@context":"https:\/\/schema.org","@graph":[{"@type":"Article","@id":"https:\/\/www.africa-press.net\/congo-brazzaville\/culture-et-art\/theatre-yvon-wilfrid-lewa-let-mandah-participe-au-36e-congres-mondial-de-liti#article","isPartOf":{"@id":"https:\/\/www.africa-press.net\/congo-brazzaville\/culture-et-art\/theatre-yvon-wilfrid-lewa-let-mandah-participe-au-36e-congres-mondial-de-liti"},"author":{"name":"cfeditorfr","@id":"https:\/\/www.africa-press.net\/congo-brazzaville\/#\/schema\/person\/2b1cf3cd81a31e3cd26889ca66d677f1"},"headline":"Th\u00e9\u00e2tre: Yvon Wilfrid Lewa-let Mandah participe au 36e congr\u00e8s mondial de l\u2019ITI","datePublished":"2023-02-24T19:33:27+00:00","dateModified":"2023-02-24T20:08:26+00:00","mainEntityOfPage":{"@id":"https:\/\/www.africa-press.net\/congo-brazzaville\/culture-et-art\/theatre-yvon-wilfrid-lewa-let-mandah-participe-au-36e-congres-mondial-de-liti"},"wordCount":296,"commentCount":0,"image":{"@id":"https:\/\/www.africa-press.net\/congo-brazzaville\/culture-et-art\/theatre-yvon-wilfrid-lewa-let-mandah-participe-au-36e-congres-mondial-de-liti#primaryimage"},"thumbnailUrl":"https:\/\/static.africa-press.net\/congo-brazzaville\/sites\/51\/2023\/02\/postQueueImg_1677254616.58.jpg","keywords":["Africa Press","Africa Press-Congo Brazzaville","Congo Brazzaville"],"articleSection":["Culture et Art","Toutes les actualit\u00e9s"],"inLanguage":"fr-FR","potentialAction":[{"@type":"CommentAction","name":"Comment","target":["https:\/\/www.africa-press.net\/congo-brazzaville\/culture-et-art\/theatre-yvon-wilfrid-lewa-let-mandah-participe-au-36e-congres-mondial-de-liti#respond"]}]},{"@type":"WebPage","@id":"https:\/\/www.africa-press.net\/congo-brazzaville\/culture-et-art\/theatre-yvon-wilfrid-lewa-let-mandah-participe-au-36e-congres-mondial-de-liti","url":"https:\/\/www.africa-press.net\/congo-brazzaville\/culture-et-art\/theatre-yvon-wilfrid-lewa-let-mandah-participe-au-36e-congres-mondial-de-liti","name":"Th\u00e9\u00e2tre: Yvon Wilfrid Lewa-let Mandah participe au 36e congr\u00e8s mondial de l\u2019ITI - Congo Brazzaville","isPartOf":{"@id":"https:\/\/www.africa-press.net\/congo-brazzaville\/#website"},"primaryImageOfPage":{"@id":"https:\/\/www.africa-press.net\/congo-brazzaville\/culture-et-art\/theatre-yvon-wilfrid-lewa-let-mandah-participe-au-36e-congres-mondial-de-liti#primaryimage"},"image":{"@id":"https:\/\/www.africa-press.net\/congo-brazzaville\/culture-et-art\/theatre-yvon-wilfrid-lewa-let-mandah-participe-au-36e-congres-mondial-de-liti#primaryimage"},"thumbnailUrl":"https:\/\/static.africa-press.net\/congo-brazzaville\/sites\/51\/2023\/02\/postQueueImg_1677254616.58.jpg","datePublished":"2023-02-24T19:33:27+00:00","dateModified":"2023-02-24T20:08:26+00:00","author":{"@id":"https:\/\/www.africa-press.net\/congo-brazzaville\/#\/schema\/person\/2b1cf3cd81a31e3cd26889ca66d677f1"},"description":"Le 36e congre\u0300s mondial de l\u2019Institut international de the\u0301a\u0302tre (ITI) a lieu du 20 au 25 fe\u0301vrier a\u0300 Fujairah, aux E ...","breadcrumb":{"@id":"https:\/\/www.africa-press.net\/congo-brazzaville\/culture-et-art\/theatre-yvon-wilfrid-lewa-let-mandah-participe-au-36e-congres-mondial-de-liti#breadcrumb"},"inLanguage":"fr-FR","potentialAction":[{"@type":"ReadAction","target":["https:\/\/www.africa-press.net\/congo-brazzaville\/culture-et-art\/theatre-yvon-wilfrid-lewa-let-mandah-participe-au-36e-congres-mondial-de-liti"]}]},{"@type":"ImageObject","inLanguage":"fr-FR","@id":"https:\/\/www.africa-press.net\/congo-brazzaville\/culture-et-art\/theatre-yvon-wilfrid-lewa-let-mandah-participe-au-36e-congres-mondial-de-liti#primaryimage","url":"https:\/\/static.africa-press.net\/congo-brazzaville\/sites\/51\/2023\/02\/postQueueImg_1677254616.58.jpg","contentUrl":"https:\/\/static.africa-press.net\/congo-brazzaville\/sites\/51\/2023\/02\/postQueueImg_1677254616.58.jpg","width":1632,"height":1224,"caption":"Th\u00e9\u00e2tre: Yvon Wilfrid Lewa-let Mandah participe au 36e congr\u00e8s mondial de l\u2019ITI"},{"@type":"BreadcrumbList","@id":"https:\/\/www.africa-press.net\/congo-brazzaville\/culture-et-art\/theatre-yvon-wilfrid-lewa-let-mandah-participe-au-36e-congres-mondial-de-liti#breadcrumb","itemListElement":[{"@type":"ListItem","position":1,"name":"Accueil","item":"https:\/\/www.africa-press.net\/congo-brazzaville\/"},{"@type":"ListItem","position":2,"name":"Th\u00e9\u00e2tre: Yvon Wilfrid Lewa-let Mandah participe au 36e congr\u00e8s mondial de l\u2019ITI"}]},{"@type":"WebSite","@id":"https:\/\/www.africa-press.net\/congo-brazzaville\/#website","url":"https:\/\/www.africa-press.net\/congo-brazzaville\/","name":"Congo Brazzaville","description":"Just another Africa News Agency Sites site","potentialAction":[{"@type":"SearchAction","target":{"@type":"EntryPoint","urlTemplate":"https:\/\/www.africa-press.net\/congo-brazzaville\/?s={search_term_string}"},"query-input":{"@type":"PropertyValueSpecification","valueRequired":true,"valueName":"search_term_string"}}],"inLanguage":"fr-FR"},{"@type":"Person","@id":"https:\/\/www.africa-press.net\/congo-brazzaville\/#\/schema\/person\/2b1cf3cd81a31e3cd26889ca66d677f1","name":"cfeditorfr"}]}},"_links":{"self":[{"href":"https:\/\/www.africa-press.net\/congo-brazzaville\/wp-json\/wp\/v2\/posts\/14867","targetHints":{"allow":["GET"]}}],"collection":[{"href":"https:\/\/www.africa-press.net\/congo-brazzaville\/wp-json\/wp\/v2\/posts"}],"about":[{"href":"https:\/\/www.africa-press.net\/congo-brazzaville\/wp-json\/wp\/v2\/types\/post"}],"author":[{"embeddable":true,"href":"https:\/\/www.africa-press.net\/congo-brazzaville\/wp-json\/wp\/v2\/users\/82"}],"replies":[{"embeddable":true,"href":"https:\/\/www.africa-press.net\/congo-brazzaville\/wp-json\/wp\/v2\/comments?post=14867"}],"version-history":[{"count":0,"href":"https:\/\/www.africa-press.net\/congo-brazzaville\/wp-json\/wp\/v2\/posts\/14867\/revisions"}],"wp:featuredmedia":[{"embeddable":true,"href":"https:\/\/www.africa-press.net\/congo-brazzaville\/wp-json\/wp\/v2\/media\/14866"}],"wp:attachment":[{"href":"https:\/\/www.africa-press.net\/congo-brazzaville\/wp-json\/wp\/v2\/media?parent=14867"}],"wp:term":[{"taxonomy":"category","embeddable":true,"href":"https:\/\/www.africa-press.net\/congo-brazzaville\/wp-json\/wp\/v2\/categories?post=14867"},{"taxonomy":"post_tag","embeddable":true,"href":"https:\/\/www.africa-press.net\/congo-brazzaville\/wp-json\/wp\/v2\/tags?post=14867"}],"curies":[{"name":"wp","href":"https:\/\/api.w.org\/{rel}","templated":true}]}}