{"id":14873,"date":"2023-02-24T19:34:12","date_gmt":"2023-02-24T19:34:12","guid":{"rendered":"https:\/\/www.africa-press.net\/congo-brazzaville\/politique\/cyclisme-ayad-el-mouftahi-visite-le-monde-a-velo"},"modified":"2023-02-24T20:09:19","modified_gmt":"2023-02-24T20:09:19","slug":"cyclisme-ayad-el-mouftahi-visite-le-monde-a-velo","status":"publish","type":"post","link":"https:\/\/www.africa-press.net\/congo-brazzaville\/sports\/cyclisme-ayad-el-mouftahi-visite-le-monde-a-velo","title":{"rendered":"Cyclisme : Ayad El Mouftahi visite le monde \u00e0 v\u00e9lo"},"content":{"rendered":"<p><span style=\"color: #ff6600\"><strong>Africa-Press &#8211; Congo Brazzaville. <\/strong><\/span><b>Le champion du Maroc et champion d\u2019Afrique 2022 en cyclisme, le Marocain Ayad El Mouftahi, re\u0301alise depuis le 17 aou\u0302t dernier un incroyable pe\u0301riple a\u0300 ve\u0301lo a\u0300 travers plusieurs pays, issus de trois continents. La quatorzie\u0300me e\u0301tape de son voyage a e\u0301te\u0301 consacre\u0301e a\u0300 la Re\u0301publique du Congo ou\u0300 le jeune cycliste a appre\u0301cie\u0301 la diversite\u0301 culturelle et la beaute\u0301 de la nature.<\/b><\/p>\n<p>Le cycliste Marocain a foule\u0301 le sol congolais le 16 fe\u0301vrier par le de\u0301partement du Niari ou\u0300 il a de\u0301couvert la simplicite\u0301, l\u2019hospitalite\u0301, l\u2019entraide et le dynamisme de la population congolaise. \u00ab Merci a\u0300 la population de Dolisie pour l\u2019accueil. Je viens de de\u0301couvrir la verdure et la splendeur de la nature du Congo. Apre\u0300s avoir parcouru plus de 200 km au milieu de la jungle de la Re\u0301publique du Congo, une nouvelle e\u0300re s&rsquo;est e\u0301crite et le ve\u0301lo a e\u0301te\u0301 nettoye\u0301 de boue et de poussie\u0300re \u00bb, a-t-il explique\u0301.<\/p>\n<p>Depuis son de\u0301part, en aou\u0302t 2022, de la ville d\u2019El Jadida, au Maroc, Ayad El Mouftahi poursuit son aventure vers le reste du monde. Un voyage qui regorge de beaux et mauvais moments agre\u0301mente\u0301s par des de\u0301couvertes et rencontres inoubliables. Selon lui, l&rsquo;objectif de cette tourne\u0301e consiste a\u0300 de\u0301fendre la cause nationale de tous les Marocains et la vulgarisation du vivre ensemble.<\/p>\n<p>Avec son ve\u0301lo a\u0300 deux roues, il re\u0301alise et rele\u0300ve son de\u0301fi de trois continents, Afrique, Asie et Europe, en traversant plusieurs pays dont la Mauritanie, le Se\u0301ne\u0301gal, la Guine\u0301e-Bissau, la Guine\u0301e, la Sierra Leone, le Libe\u0301ria, la Co\u0302te d&rsquo;Ivoire, le Ghana, le Togo, le Be\u0301nin et le Nigeria pour le compte de l&rsquo;Afrique de l\u2019Ouest. Son aventure, en Afrique centrale, a commence\u0301 au Cameroun avant de passer par le Gabon, la Re\u0301publique du Congo et la Re\u0301publique de\u0301mocratique du Congo.<\/p>\n<p>Par la suite, Ayad El Mouftahi se rendra en Angola, en Namibie, en Afrique du Sud, en Mozambique, en Tanzanie, au Kenya, en E\u0301thiopie ainsi qu&rsquo;au Soudan. Son parcours du continent africain prendra fin en Egypte puisqu\u2019apre\u0300s, il se dirigera vers l\u2019Arabie saoudite, l&rsquo;Irak, la Turquie, la Bulgarie, la Serbie, la Hongrie, l\u2019Autriche, la Suisse, la France et l\u2019Espagne. De la\u0300, il retournera au Royaume du Maroc, notamment au lieu de de\u0301part.<\/p>\n<p>Au total, il va parcourir plus de 50 000 kilome\u0300tres en une anne\u0301e et demi. Cela lui permettra \u00ab d&rsquo;entrer dans le livre Guinness des records en tant que premier Marocain, Africain et Arabe du monde ayant parcouru cette distance en un temps record et de\u0301finir l&rsquo;autonomie du de\u0301sert marocain \u00bb, nous a-t-il signale\u0301.<\/p>\n\r\n                <style type=\"text\/css\">\r\n                    \r\n                    #td_uid_1_69f0f40f00394  .td-doubleSlider-2 .td-item1 {\r\n                        background: url(https:\/\/static.africa-press.net\/congo-brazzaville\/sites\/51\/2023\/02\/postMediaimg_52_1-80x60.jpg) 0 0 no-repeat;\r\n                    }\r\n                    #td_uid_1_69f0f40f00394  .td-doubleSlider-2 .td-item2 {\r\n                        background: url(https:\/\/static.africa-press.net\/congo-brazzaville\/sites\/51\/2023\/02\/postMediaimg_52_2-80x60.jpg) 0 0 no-repeat;\r\n                    }\r\n                <\/style>\r\n\r\n                <div id=\"td_uid_1_69f0f40f00394\" class=\"td-gallery td-slide-on-2-columns\">\r\n                    <div class=\"post_td_gallery\">\r\n                        <div class=\"td-gallery-slide-top\">\r\n                           <div class=\"td-gallery-title\"><\/div>\r\n\r\n                            <div class=\"td-gallery-controls-wrapper\">\r\n                                <div class=\"td-gallery-slide-count\"><span class=\"td-gallery-slide-item-focus\">1<\/span> de 2<\/div>\r\n                                <div class=\"td-gallery-slide-prev-next-but\">\r\n                                    <i class = \"td-icon-left doubleSliderPrevButton\"><\/i>\r\n                                    <i class = \"td-icon-right doubleSliderNextButton\"><\/i>\r\n                                <\/div>\r\n                            <\/div>\r\n                        <\/div>\r\n\r\n                        <div class = \"td-doubleSlider-1 \">\r\n                            <div class = \"td-slider\">\r\n                                \r\n                    <div class = \"td-slide-item td-item1\">\r\n                        <figure class=\"td-slide-galery-figure td-slide-popup-gallery\">\r\n                            <a class=\"slide-gallery-image-link\" href=\"https:\/\/static.africa-press.net\/congo-brazzaville\/sites\/51\/2023\/02\/postMediaimg_52_1.jpg\" title=\"postMediaimg_52_1\"  data-caption=\"\"  data-description=\"\">\r\n                                <img decoding=\"async\" src=\"https:\/\/static.africa-press.net\/congo-brazzaville\/sites\/51\/2023\/02\/postMediaimg_52_1.jpg\" srcset=\"https:\/\/static.africa-press.net\/congo-brazzaville\/sites\/51\/2023\/02\/postMediaimg_52_1.jpg 1600w, https:\/\/static.africa-press.net\/congo-brazzaville\/sites\/51\/2023\/02\/postMediaimg_52_1-300x135.jpg 300w, https:\/\/static.africa-press.net\/congo-brazzaville\/sites\/51\/2023\/02\/postMediaimg_52_1-1024x461.jpg 1024w, https:\/\/static.africa-press.net\/congo-brazzaville\/sites\/51\/2023\/02\/postMediaimg_52_1-768x346.jpg 768w, https:\/\/static.africa-press.net\/congo-brazzaville\/sites\/51\/2023\/02\/postMediaimg_52_1-1536x692.jpg 1536w\" sizes=\"(max-width: 1600px) 100vw, 1600px\" alt=\"\">\r\n                            <\/a>\r\n                            \r\n                        <\/figure>\r\n                    <\/div>\r\n                    <div class = \"td-slide-item td-item2\">\r\n                        <figure class=\"td-slide-galery-figure td-slide-popup-gallery\">\r\n                            <a class=\"slide-gallery-image-link\" href=\"https:\/\/static.africa-press.net\/congo-brazzaville\/sites\/51\/2023\/02\/postMediaimg_52_2.jpg\" title=\"postMediaimg_52_2\"  data-caption=\"\"  data-description=\"\">\r\n                                <img decoding=\"async\" src=\"https:\/\/static.africa-press.net\/congo-brazzaville\/sites\/51\/2023\/02\/postMediaimg_52_2.jpg\" srcset=\"https:\/\/static.africa-press.net\/congo-brazzaville\/sites\/51\/2023\/02\/postMediaimg_52_2.jpg 720w, https:\/\/static.africa-press.net\/congo-brazzaville\/sites\/51\/2023\/02\/postMediaimg_52_2-135x300.jpg 135w, https:\/\/static.africa-press.net\/congo-brazzaville\/sites\/51\/2023\/02\/postMediaimg_52_2-461x1024.jpg 461w, https:\/\/static.africa-press.net\/congo-brazzaville\/sites\/51\/2023\/02\/postMediaimg_52_2-691x1536.jpg 691w\" sizes=\"(max-width: 720px) 100vw, 720px\" alt=\"\">\r\n                            <\/a>\r\n                            \r\n                        <\/figure>\r\n                    <\/div>\r\n                            <\/div>\r\n                        <\/div>\r\n\r\n                        <div class = \"td-doubleSlider-2\">\r\n                            <div class = \"td-slider\">\r\n                                \r\n                    <div class = \"td-button td-item1\">\r\n                        <div class = \"td-border\"><\/div>\r\n                    <\/div>\r\n                    <div class = \"td-button td-item2\">\r\n                        <div class = \"td-border\"><\/div>\r\n                    <\/div>\r\n                            <\/div>\r\n                        <\/div>\r\n\r\n                    <\/div>\r\n\r\n                <\/div>\r\n                \n<p><strong>Pour plus d&rsquo;informations et d&rsquo;analyses sur la <a href=\"https:\/\/www.africa-press.net\/congo-brazzaville\">Congo Brazzaville<\/a>, suivez <a href=\"https:\/\/www.africa-press.net\/\">Africa-Press<\/a><\/strong><\/p>\n","protected":false},"excerpt":{"rendered":"<p>Africa-Press &#8211; Congo Brazzaville. Le champion du Maroc et champion d\u2019Afrique 2022 en cyclisme, le Marocain Ayad El Mouftahi, re\u0301alise depuis le 17 aou\u0302t dernier un incroyable pe\u0301riple a\u0300 ve\u0301lo a\u0300 travers plusieurs pays, issus de trois continents. La quatorzie\u0300me e\u0301tape de son voyage a e\u0301te\u0301 consacre\u0301e a\u0300 la Re\u0301publique du Congo ou\u0300 le jeune [&hellip;]<\/p>\n","protected":false},"author":82,"featured_media":14872,"comment_status":"open","ping_status":"closed","sticky":false,"template":"","format":"standard","meta":{"footnotes":""},"categories":[8,6,10],"tags":[36,47,46],"class_list":["post-14873","post","type-post","status-publish","format-standard","has-post-thumbnail","hentry","category-photo","category-sports","category-toutes-les-actualites","tag-africa-press","tag-africa-press-congo-brazzaville","tag-congo-brazzaville"],"yoast_head":"<!-- This site is optimized with the Yoast SEO Premium plugin v26.1 (Yoast SEO v27.0) - https:\/\/yoast.com\/product\/yoast-seo-premium-wordpress\/ -->\n<title>Cyclisme : Ayad El Mouftahi visite le monde \u00e0 v\u00e9lo - Congo Brazzaville<\/title>\n<meta name=\"description\" content=\"Le champion du Maroc et champion d\u2019Afrique 2022 en cyclisme, le Marocain Ayad El Mouftahi, re\u0301alise depuis le 17 aou\u0302 ...\" \/>\n<meta name=\"robots\" content=\"index, follow, max-snippet:-1, max-image-preview:large, max-video-preview:-1\" \/>\n<link rel=\"canonical\" href=\"https:\/\/www.africa-press.net\/congo-brazzaville\/sports\/cyclisme-ayad-el-mouftahi-visite-le-monde-a-velo\" \/>\n<meta property=\"og:locale\" content=\"fr_FR\" \/>\n<meta property=\"og:type\" content=\"article\" \/>\n<meta property=\"og:title\" content=\"Cyclisme : Ayad El Mouftahi visite le monde \u00e0 v\u00e9lo\" \/>\n<meta property=\"og:description\" content=\"Le champion du Maroc et champion d\u2019Afrique 2022 en cyclisme, le Marocain Ayad El Mouftahi, re\u0301alise depuis le 17 aou\u0302 ...\" \/>\n<meta property=\"og:url\" content=\"https:\/\/www.africa-press.net\/congo-brazzaville\/sports\/cyclisme-ayad-el-mouftahi-visite-le-monde-a-velo\" \/>\n<meta property=\"og:site_name\" content=\"Congo Brazzaville\" \/>\n<meta property=\"article:published_time\" content=\"2023-02-24T19:34:12+00:00\" \/>\n<meta property=\"article:modified_time\" content=\"2023-02-24T20:09:19+00:00\" \/>\n<meta property=\"og:image\" content=\"https:\/\/static.africa-press.net\/congo-brazzaville\/sites\/51\/2023\/02\/postQueueImg_1677254662.80.jpg\" \/>\n\t<meta property=\"og:image:width\" content=\"1600\" \/>\n\t<meta property=\"og:image:height\" content=\"721\" \/>\n\t<meta property=\"og:image:type\" content=\"image\/jpeg\" \/>\n<meta name=\"author\" content=\"cfeditorfr\" \/>\n<meta name=\"twitter:card\" content=\"summary_large_image\" \/>\n<meta name=\"twitter:label1\" content=\"\u00c9crit par\" \/>\n\t<meta name=\"twitter:data1\" content=\"cfeditorfr\" \/>\n\t<meta name=\"twitter:label2\" content=\"Dur\u00e9e de lecture estim\u00e9e\" \/>\n\t<meta name=\"twitter:data2\" content=\"3 minutes\" \/>\n<script type=\"application\/ld+json\" class=\"yoast-schema-graph\">{\"@context\":\"https:\/\/schema.org\",\"@graph\":[{\"@type\":\"Article\",\"@id\":\"https:\/\/www.africa-press.net\/congo-brazzaville\/sports\/cyclisme-ayad-el-mouftahi-visite-le-monde-a-velo#article\",\"isPartOf\":{\"@id\":\"https:\/\/www.africa-press.net\/congo-brazzaville\/sports\/cyclisme-ayad-el-mouftahi-visite-le-monde-a-velo\"},\"author\":{\"name\":\"cfeditorfr\",\"@id\":\"https:\/\/www.africa-press.net\/congo-brazzaville\/#\/schema\/person\/2b1cf3cd81a31e3cd26889ca66d677f1\"},\"headline\":\"Cyclisme : Ayad El Mouftahi visite le monde \u00e0 v\u00e9lo\",\"datePublished\":\"2023-02-24T19:34:12+00:00\",\"dateModified\":\"2023-02-24T20:09:19+00:00\",\"mainEntityOfPage\":{\"@id\":\"https:\/\/www.africa-press.net\/congo-brazzaville\/sports\/cyclisme-ayad-el-mouftahi-visite-le-monde-a-velo\"},\"wordCount\":514,\"commentCount\":0,\"image\":{\"@id\":\"https:\/\/www.africa-press.net\/congo-brazzaville\/sports\/cyclisme-ayad-el-mouftahi-visite-le-monde-a-velo#primaryimage\"},\"thumbnailUrl\":\"https:\/\/static.africa-press.net\/congo-brazzaville\/sites\/51\/2023\/02\/postQueueImg_1677254662.80.jpg\",\"keywords\":[\"Africa Press\",\"Africa Press-Congo Brazzaville\",\"Congo Brazzaville\"],\"articleSection\":[\"Photo\",\"Sports\",\"Toutes les actualit\u00e9s\"],\"inLanguage\":\"fr-FR\",\"potentialAction\":[{\"@type\":\"CommentAction\",\"name\":\"Comment\",\"target\":[\"https:\/\/www.africa-press.net\/congo-brazzaville\/sports\/cyclisme-ayad-el-mouftahi-visite-le-monde-a-velo#respond\"]}]},{\"@type\":\"WebPage\",\"@id\":\"https:\/\/www.africa-press.net\/congo-brazzaville\/sports\/cyclisme-ayad-el-mouftahi-visite-le-monde-a-velo\",\"url\":\"https:\/\/www.africa-press.net\/congo-brazzaville\/sports\/cyclisme-ayad-el-mouftahi-visite-le-monde-a-velo\",\"name\":\"Cyclisme : Ayad El Mouftahi visite le monde \u00e0 v\u00e9lo - Congo Brazzaville\",\"isPartOf\":{\"@id\":\"https:\/\/www.africa-press.net\/congo-brazzaville\/#website\"},\"primaryImageOfPage\":{\"@id\":\"https:\/\/www.africa-press.net\/congo-brazzaville\/sports\/cyclisme-ayad-el-mouftahi-visite-le-monde-a-velo#primaryimage\"},\"image\":{\"@id\":\"https:\/\/www.africa-press.net\/congo-brazzaville\/sports\/cyclisme-ayad-el-mouftahi-visite-le-monde-a-velo#primaryimage\"},\"thumbnailUrl\":\"https:\/\/static.africa-press.net\/congo-brazzaville\/sites\/51\/2023\/02\/postQueueImg_1677254662.80.jpg\",\"datePublished\":\"2023-02-24T19:34:12+00:00\",\"dateModified\":\"2023-02-24T20:09:19+00:00\",\"author\":{\"@id\":\"https:\/\/www.africa-press.net\/congo-brazzaville\/#\/schema\/person\/2b1cf3cd81a31e3cd26889ca66d677f1\"},\"description\":\"Le champion du Maroc et champion d\u2019Afrique 2022 en cyclisme, le Marocain Ayad El Mouftahi, re\u0301alise depuis le 17 aou\u0302 ...\",\"breadcrumb\":{\"@id\":\"https:\/\/www.africa-press.net\/congo-brazzaville\/sports\/cyclisme-ayad-el-mouftahi-visite-le-monde-a-velo#breadcrumb\"},\"inLanguage\":\"fr-FR\",\"potentialAction\":[{\"@type\":\"ReadAction\",\"target\":[\"https:\/\/www.africa-press.net\/congo-brazzaville\/sports\/cyclisme-ayad-el-mouftahi-visite-le-monde-a-velo\"]}]},{\"@type\":\"ImageObject\",\"inLanguage\":\"fr-FR\",\"@id\":\"https:\/\/www.africa-press.net\/congo-brazzaville\/sports\/cyclisme-ayad-el-mouftahi-visite-le-monde-a-velo#primaryimage\",\"url\":\"https:\/\/static.africa-press.net\/congo-brazzaville\/sites\/51\/2023\/02\/postQueueImg_1677254662.80.jpg\",\"contentUrl\":\"https:\/\/static.africa-press.net\/congo-brazzaville\/sites\/51\/2023\/02\/postQueueImg_1677254662.80.jpg\",\"width\":1600,\"height\":721,\"caption\":\"Cyclisme : Ayad El Mouftahi visite le monde \u00e0 v\u00e9lo\"},{\"@type\":\"BreadcrumbList\",\"@id\":\"https:\/\/www.africa-press.net\/congo-brazzaville\/sports\/cyclisme-ayad-el-mouftahi-visite-le-monde-a-velo#breadcrumb\",\"itemListElement\":[{\"@type\":\"ListItem\",\"position\":1,\"name\":\"Accueil\",\"item\":\"https:\/\/www.africa-press.net\/congo-brazzaville\/\"},{\"@type\":\"ListItem\",\"position\":2,\"name\":\"Cyclisme : Ayad El Mouftahi visite le monde \u00e0 v\u00e9lo\"}]},{\"@type\":\"WebSite\",\"@id\":\"https:\/\/www.africa-press.net\/congo-brazzaville\/#website\",\"url\":\"https:\/\/www.africa-press.net\/congo-brazzaville\/\",\"name\":\"Congo Brazzaville\",\"description\":\"Just another Africa News Agency Sites site\",\"potentialAction\":[{\"@type\":\"SearchAction\",\"target\":{\"@type\":\"EntryPoint\",\"urlTemplate\":\"https:\/\/www.africa-press.net\/congo-brazzaville\/?s={search_term_string}\"},\"query-input\":{\"@type\":\"PropertyValueSpecification\",\"valueRequired\":true,\"valueName\":\"search_term_string\"}}],\"inLanguage\":\"fr-FR\"},{\"@type\":\"Person\",\"@id\":\"https:\/\/www.africa-press.net\/congo-brazzaville\/#\/schema\/person\/2b1cf3cd81a31e3cd26889ca66d677f1\",\"name\":\"cfeditorfr\"}]}<\/script>\n<!-- \/ Yoast SEO Premium plugin. -->","yoast_head_json":{"title":"Cyclisme : Ayad El Mouftahi visite le monde \u00e0 v\u00e9lo - Congo Brazzaville","description":"Le champion du Maroc et champion d\u2019Afrique 2022 en cyclisme, le Marocain Ayad El Mouftahi, re\u0301alise depuis le 17 aou\u0302 ...","robots":{"index":"index","follow":"follow","max-snippet":"max-snippet:-1","max-image-preview":"max-image-preview:large","max-video-preview":"max-video-preview:-1"},"canonical":"https:\/\/www.africa-press.net\/congo-brazzaville\/sports\/cyclisme-ayad-el-mouftahi-visite-le-monde-a-velo","og_locale":"fr_FR","og_type":"article","og_title":"Cyclisme : Ayad El Mouftahi visite le monde \u00e0 v\u00e9lo","og_description":"Le champion du Maroc et champion d\u2019Afrique 2022 en cyclisme, le Marocain Ayad El Mouftahi, re\u0301alise depuis le 17 aou\u0302 ...","og_url":"https:\/\/www.africa-press.net\/congo-brazzaville\/sports\/cyclisme-ayad-el-mouftahi-visite-le-monde-a-velo","og_site_name":"Congo Brazzaville","article_published_time":"2023-02-24T19:34:12+00:00","article_modified_time":"2023-02-24T20:09:19+00:00","og_image":[{"width":1600,"height":721,"url":"https:\/\/static.africa-press.net\/congo-brazzaville\/sites\/51\/2023\/02\/postQueueImg_1677254662.80.jpg","type":"image\/jpeg"}],"author":"cfeditorfr","twitter_card":"summary_large_image","twitter_misc":{"\u00c9crit par":"cfeditorfr","Dur\u00e9e de lecture estim\u00e9e":"3 minutes"},"schema":{"@context":"https:\/\/schema.org","@graph":[{"@type":"Article","@id":"https:\/\/www.africa-press.net\/congo-brazzaville\/sports\/cyclisme-ayad-el-mouftahi-visite-le-monde-a-velo#article","isPartOf":{"@id":"https:\/\/www.africa-press.net\/congo-brazzaville\/sports\/cyclisme-ayad-el-mouftahi-visite-le-monde-a-velo"},"author":{"name":"cfeditorfr","@id":"https:\/\/www.africa-press.net\/congo-brazzaville\/#\/schema\/person\/2b1cf3cd81a31e3cd26889ca66d677f1"},"headline":"Cyclisme : Ayad El Mouftahi visite le monde \u00e0 v\u00e9lo","datePublished":"2023-02-24T19:34:12+00:00","dateModified":"2023-02-24T20:09:19+00:00","mainEntityOfPage":{"@id":"https:\/\/www.africa-press.net\/congo-brazzaville\/sports\/cyclisme-ayad-el-mouftahi-visite-le-monde-a-velo"},"wordCount":514,"commentCount":0,"image":{"@id":"https:\/\/www.africa-press.net\/congo-brazzaville\/sports\/cyclisme-ayad-el-mouftahi-visite-le-monde-a-velo#primaryimage"},"thumbnailUrl":"https:\/\/static.africa-press.net\/congo-brazzaville\/sites\/51\/2023\/02\/postQueueImg_1677254662.80.jpg","keywords":["Africa Press","Africa Press-Congo Brazzaville","Congo Brazzaville"],"articleSection":["Photo","Sports","Toutes les actualit\u00e9s"],"inLanguage":"fr-FR","potentialAction":[{"@type":"CommentAction","name":"Comment","target":["https:\/\/www.africa-press.net\/congo-brazzaville\/sports\/cyclisme-ayad-el-mouftahi-visite-le-monde-a-velo#respond"]}]},{"@type":"WebPage","@id":"https:\/\/www.africa-press.net\/congo-brazzaville\/sports\/cyclisme-ayad-el-mouftahi-visite-le-monde-a-velo","url":"https:\/\/www.africa-press.net\/congo-brazzaville\/sports\/cyclisme-ayad-el-mouftahi-visite-le-monde-a-velo","name":"Cyclisme : Ayad El Mouftahi visite le monde \u00e0 v\u00e9lo - Congo Brazzaville","isPartOf":{"@id":"https:\/\/www.africa-press.net\/congo-brazzaville\/#website"},"primaryImageOfPage":{"@id":"https:\/\/www.africa-press.net\/congo-brazzaville\/sports\/cyclisme-ayad-el-mouftahi-visite-le-monde-a-velo#primaryimage"},"image":{"@id":"https:\/\/www.africa-press.net\/congo-brazzaville\/sports\/cyclisme-ayad-el-mouftahi-visite-le-monde-a-velo#primaryimage"},"thumbnailUrl":"https:\/\/static.africa-press.net\/congo-brazzaville\/sites\/51\/2023\/02\/postQueueImg_1677254662.80.jpg","datePublished":"2023-02-24T19:34:12+00:00","dateModified":"2023-02-24T20:09:19+00:00","author":{"@id":"https:\/\/www.africa-press.net\/congo-brazzaville\/#\/schema\/person\/2b1cf3cd81a31e3cd26889ca66d677f1"},"description":"Le champion du Maroc et champion d\u2019Afrique 2022 en cyclisme, le Marocain Ayad El Mouftahi, re\u0301alise depuis le 17 aou\u0302 ...","breadcrumb":{"@id":"https:\/\/www.africa-press.net\/congo-brazzaville\/sports\/cyclisme-ayad-el-mouftahi-visite-le-monde-a-velo#breadcrumb"},"inLanguage":"fr-FR","potentialAction":[{"@type":"ReadAction","target":["https:\/\/www.africa-press.net\/congo-brazzaville\/sports\/cyclisme-ayad-el-mouftahi-visite-le-monde-a-velo"]}]},{"@type":"ImageObject","inLanguage":"fr-FR","@id":"https:\/\/www.africa-press.net\/congo-brazzaville\/sports\/cyclisme-ayad-el-mouftahi-visite-le-monde-a-velo#primaryimage","url":"https:\/\/static.africa-press.net\/congo-brazzaville\/sites\/51\/2023\/02\/postQueueImg_1677254662.80.jpg","contentUrl":"https:\/\/static.africa-press.net\/congo-brazzaville\/sites\/51\/2023\/02\/postQueueImg_1677254662.80.jpg","width":1600,"height":721,"caption":"Cyclisme : Ayad El Mouftahi visite le monde \u00e0 v\u00e9lo"},{"@type":"BreadcrumbList","@id":"https:\/\/www.africa-press.net\/congo-brazzaville\/sports\/cyclisme-ayad-el-mouftahi-visite-le-monde-a-velo#breadcrumb","itemListElement":[{"@type":"ListItem","position":1,"name":"Accueil","item":"https:\/\/www.africa-press.net\/congo-brazzaville\/"},{"@type":"ListItem","position":2,"name":"Cyclisme : Ayad El Mouftahi visite le monde \u00e0 v\u00e9lo"}]},{"@type":"WebSite","@id":"https:\/\/www.africa-press.net\/congo-brazzaville\/#website","url":"https:\/\/www.africa-press.net\/congo-brazzaville\/","name":"Congo Brazzaville","description":"Just another Africa News Agency Sites site","potentialAction":[{"@type":"SearchAction","target":{"@type":"EntryPoint","urlTemplate":"https:\/\/www.africa-press.net\/congo-brazzaville\/?s={search_term_string}"},"query-input":{"@type":"PropertyValueSpecification","valueRequired":true,"valueName":"search_term_string"}}],"inLanguage":"fr-FR"},{"@type":"Person","@id":"https:\/\/www.africa-press.net\/congo-brazzaville\/#\/schema\/person\/2b1cf3cd81a31e3cd26889ca66d677f1","name":"cfeditorfr"}]}},"_links":{"self":[{"href":"https:\/\/www.africa-press.net\/congo-brazzaville\/wp-json\/wp\/v2\/posts\/14873","targetHints":{"allow":["GET"]}}],"collection":[{"href":"https:\/\/www.africa-press.net\/congo-brazzaville\/wp-json\/wp\/v2\/posts"}],"about":[{"href":"https:\/\/www.africa-press.net\/congo-brazzaville\/wp-json\/wp\/v2\/types\/post"}],"author":[{"embeddable":true,"href":"https:\/\/www.africa-press.net\/congo-brazzaville\/wp-json\/wp\/v2\/users\/82"}],"replies":[{"embeddable":true,"href":"https:\/\/www.africa-press.net\/congo-brazzaville\/wp-json\/wp\/v2\/comments?post=14873"}],"version-history":[{"count":0,"href":"https:\/\/www.africa-press.net\/congo-brazzaville\/wp-json\/wp\/v2\/posts\/14873\/revisions"}],"wp:featuredmedia":[{"embeddable":true,"href":"https:\/\/www.africa-press.net\/congo-brazzaville\/wp-json\/wp\/v2\/media\/14872"}],"wp:attachment":[{"href":"https:\/\/www.africa-press.net\/congo-brazzaville\/wp-json\/wp\/v2\/media?parent=14873"}],"wp:term":[{"taxonomy":"category","embeddable":true,"href":"https:\/\/www.africa-press.net\/congo-brazzaville\/wp-json\/wp\/v2\/categories?post=14873"},{"taxonomy":"post_tag","embeddable":true,"href":"https:\/\/www.africa-press.net\/congo-brazzaville\/wp-json\/wp\/v2\/tags?post=14873"}],"curies":[{"name":"wp","href":"https:\/\/api.w.org\/{rel}","templated":true}]}}