{"id":14875,"date":"2023-02-24T19:34:26","date_gmt":"2023-02-24T19:34:26","guid":{"rendered":"https:\/\/www.africa-press.net\/congo-brazzaville\/politique\/societe-civile-les-participants-au-seminaire-sur-lentrepreneuriat-agricole-appeles-a-realiser-des-projets"},"modified":"2023-02-24T20:09:44","modified_gmt":"2023-02-24T20:09:44","slug":"societe-civile-les-participants-au-seminaire-sur-lentrepreneuriat-agricole-appeles-a-realiser-des-projets","status":"publish","type":"post","link":"https:\/\/www.africa-press.net\/congo-brazzaville\/toutes-les-actualites\/societe-civile-les-participants-au-seminaire-sur-lentrepreneuriat-agricole-appeles-a-realiser-des-projets","title":{"rendered":"Soci\u00e9t\u00e9 civile : les participants au s\u00e9minaire sur l&rsquo;entrepreneuriat agricole appel\u00e9s \u00e0 r\u00e9aliser des projets"},"content":{"rendered":"<p><span style=\"color: #ff6600\"><strong>Africa-Press &#8211; Congo Brazzaville. <\/strong><\/span><b>Le secre\u0301taire permanent du Conseil consultatif de la socie\u0301te\u0301 civile et des organisations non gouvernementales, Ce\u0301phas Germain Ewangui, a appele\u0301 les participants au se\u0301minaire de formation sur l\u2019entrepreneuriat agricole a\u0300 exploiter les connaissances acquises en les traduisant en projet concret et re\u0301alisable. <\/b><\/p>\n<p>Les leaders de la socie\u0301te\u0301 civile ont participe\u0301, du 22 au 23 fe\u0301vrier a\u0300 Brazzaville, a\u0300 une formation sur l\u2019entrepreneuriat agricole organise\u0301e par le Conseil consultatif de la socie\u0301te\u0301 civile et des organisations non gouvernementales. \u00ab Montage d\u2019un projet agricole \u00bb, \u00ab Le communautarisme e\u0301conomique en agriculture \u00bb, \u00ab Techniques de re\u0301daction d\u2019un plan d\u2019affaires \u00bb, \u00ab La pratique agricole \u00bb, \u00ab Recherche de financement \u00bb, \u00ab Leadership entrepreneurial \u00bb ont fait partie des the\u0300mes de\u0301veloppe\u0301s lors de ladite formation.<\/p>\n<p>Pour le secre\u0301taire permanent du Conseil consultatif de la socie\u0301te\u0301 civile et des organisations non gouvernementales, Ce\u0301phas Germain Ewangui, les connaissances acquises ne doivent pas reste\u0301es lettres mortes. Les be\u0301ne\u0301ficiaires de la formation devraient donc passer en concevant des projets non seulement pour ge\u0301ne\u0301rer des revenus pour leur propre prise en charge mais aussi et surtout pour re\u0301pondre aux besoins croissants de la population confronte\u0301e aux cou\u0302ts e\u0301leve\u0301s des produits vivriers.<\/p>\n<p><b>Financement<\/b><\/p>\n<p>\u00ab Il y a des organisations dispose\u0301es a\u0300 vous accompagner \u00bb, a indique\u0301 Ce\u0301phas Germain Ewangui. Il a cite\u0301, en guise d\u2019exemple, les ambassades de France et des Etats-Unis, l\u2019Union europe\u0301enne, le Programme des Nations unies pour le de\u0301veloppement, le Fonds d\u2019autofinancement&#8230; \u00ab Dans un futur proche, quelques organisations base\u0301es a\u0300 Dallas, aux Etats-Unis, vous expliqueront les modalite\u0301s et exigences pour acce\u0301der a\u0300 leurs financements \u00bb, a-t-il poursuivi, s\u2019adressant aux leaders de la socie\u0301te\u0301 civile lors de la clo\u0302ture des travaux de la formation sur l\u2019entrepreneuriat agricole.<\/p>\n<p>Aussi, en partenariat avec le Ceprod, il y aura une se\u0301ance d\u2019impre\u0301gnation qui sera organise\u0301e en vue de maximiser les atouts de ces derniers concernant l\u2019acce\u0300s aux financements par le biais du Forim base\u0301 en France.<\/p>\n<p>Ce se\u0301minaire n\u2019est pas le dernier du genre, selon le secre\u0301taire permanent du Conseil consultatif de la socie\u0301te\u0301 civile et des organisations non gouvernementales. Il sera e\u0301galement organise\u0301 dans plusieurs de\u0301partements du pays dans un futur proche.<\/p>\n<p><strong>Pour plus d&rsquo;informations et d&rsquo;analyses sur la <a href=\"https:\/\/www.africa-press.net\/congo-brazzaville\">Congo Brazzaville<\/a>, suivez <a href=\"https:\/\/www.africa-press.net\/\">Africa-Press<\/a><\/strong><\/p>\n","protected":false},"excerpt":{"rendered":"<p>Africa-Press &#8211; Congo Brazzaville. Le secre\u0301taire permanent du Conseil consultatif de la socie\u0301te\u0301 civile et des organisations non gouvernementales, Ce\u0301phas Germain Ewangui, a appele\u0301 les participants au se\u0301minaire de formation sur l\u2019entrepreneuriat agricole a\u0300 exploiter les connaissances acquises en les traduisant en projet concret et re\u0301alisable. Les leaders de la socie\u0301te\u0301 civile ont participe\u0301, du [&hellip;]<\/p>\n","protected":false},"author":82,"featured_media":14874,"comment_status":"open","ping_status":"closed","sticky":false,"template":"","format":"standard","meta":{"footnotes":""},"categories":[21,10],"tags":[36,47,46],"class_list":["post-14875","post","type-post","status-publish","format-standard","has-post-thumbnail","hentry","category-communaute","category-toutes-les-actualites","tag-africa-press","tag-africa-press-congo-brazzaville","tag-congo-brazzaville"],"yoast_head":"<!-- This site is optimized with the Yoast SEO Premium plugin v26.1 (Yoast SEO v27.0) - https:\/\/yoast.com\/product\/yoast-seo-premium-wordpress\/ -->\n<title>Soci\u00e9t\u00e9 civile : les participants au s\u00e9minaire sur l&#039;entrepreneuriat agricole appel\u00e9s \u00e0 r\u00e9aliser des projets - Congo Brazzaville<\/title>\n<meta name=\"description\" content=\"Le secre\u0301taire permanent du Conseil consultatif de la socie\u0301te\u0301 civile et des organisations non gouvernementales, Ce\u0301 ...\" \/>\n<meta name=\"robots\" content=\"index, follow, max-snippet:-1, max-image-preview:large, max-video-preview:-1\" \/>\n<link rel=\"canonical\" href=\"https:\/\/www.africa-press.net\/congo-brazzaville\/toutes-les-actualites\/societe-civile-les-participants-au-seminaire-sur-lentrepreneuriat-agricole-appeles-a-realiser-des-projets\" \/>\n<meta property=\"og:locale\" content=\"fr_FR\" \/>\n<meta property=\"og:type\" content=\"article\" \/>\n<meta property=\"og:title\" content=\"Soci\u00e9t\u00e9 civile : les participants au s\u00e9minaire sur l&#039;entrepreneuriat agricole appel\u00e9s \u00e0 r\u00e9aliser des projets\" \/>\n<meta property=\"og:description\" content=\"Le secre\u0301taire permanent du Conseil consultatif de la socie\u0301te\u0301 civile et des organisations non gouvernementales, Ce\u0301 ...\" \/>\n<meta property=\"og:url\" content=\"https:\/\/www.africa-press.net\/congo-brazzaville\/toutes-les-actualites\/societe-civile-les-participants-au-seminaire-sur-lentrepreneuriat-agricole-appeles-a-realiser-des-projets\" \/>\n<meta property=\"og:site_name\" content=\"Congo Brazzaville\" \/>\n<meta property=\"article:published_time\" content=\"2023-02-24T19:34:26+00:00\" \/>\n<meta property=\"article:modified_time\" content=\"2023-02-24T20:09:44+00:00\" \/>\n<meta property=\"og:image\" content=\"https:\/\/static.africa-press.net\/congo-brazzaville\/sites\/51\/2023\/02\/postQueueImg_1677254670.01.jpg\" \/>\n\t<meta property=\"og:image:width\" content=\"1080\" \/>\n\t<meta property=\"og:image:height\" content=\"810\" \/>\n\t<meta property=\"og:image:type\" content=\"image\/jpeg\" \/>\n<meta name=\"author\" content=\"cfeditorfr\" \/>\n<meta name=\"twitter:card\" content=\"summary_large_image\" \/>\n<meta name=\"twitter:label1\" content=\"\u00c9crit par\" \/>\n\t<meta name=\"twitter:data1\" content=\"cfeditorfr\" \/>\n\t<meta name=\"twitter:label2\" content=\"Dur\u00e9e de lecture estim\u00e9e\" \/>\n\t<meta name=\"twitter:data2\" content=\"2 minutes\" \/>\n<script type=\"application\/ld+json\" class=\"yoast-schema-graph\">{\"@context\":\"https:\/\/schema.org\",\"@graph\":[{\"@type\":\"Article\",\"@id\":\"https:\/\/www.africa-press.net\/congo-brazzaville\/toutes-les-actualites\/societe-civile-les-participants-au-seminaire-sur-lentrepreneuriat-agricole-appeles-a-realiser-des-projets#article\",\"isPartOf\":{\"@id\":\"https:\/\/www.africa-press.net\/congo-brazzaville\/toutes-les-actualites\/societe-civile-les-participants-au-seminaire-sur-lentrepreneuriat-agricole-appeles-a-realiser-des-projets\"},\"author\":{\"name\":\"cfeditorfr\",\"@id\":\"https:\/\/www.africa-press.net\/congo-brazzaville\/#\/schema\/person\/2b1cf3cd81a31e3cd26889ca66d677f1\"},\"headline\":\"Soci\u00e9t\u00e9 civile : les participants au s\u00e9minaire sur l&rsquo;entrepreneuriat agricole appel\u00e9s \u00e0 r\u00e9aliser des projets\",\"datePublished\":\"2023-02-24T19:34:26+00:00\",\"dateModified\":\"2023-02-24T20:09:44+00:00\",\"mainEntityOfPage\":{\"@id\":\"https:\/\/www.africa-press.net\/congo-brazzaville\/toutes-les-actualites\/societe-civile-les-participants-au-seminaire-sur-lentrepreneuriat-agricole-appeles-a-realiser-des-projets\"},\"wordCount\":429,\"commentCount\":0,\"image\":{\"@id\":\"https:\/\/www.africa-press.net\/congo-brazzaville\/toutes-les-actualites\/societe-civile-les-participants-au-seminaire-sur-lentrepreneuriat-agricole-appeles-a-realiser-des-projets#primaryimage\"},\"thumbnailUrl\":\"https:\/\/static.africa-press.net\/congo-brazzaville\/sites\/51\/2023\/02\/postQueueImg_1677254670.01.jpg\",\"keywords\":[\"Africa Press\",\"Africa Press-Congo Brazzaville\",\"Congo Brazzaville\"],\"articleSection\":[\"Communaut\u00e9\",\"Toutes les actualit\u00e9s\"],\"inLanguage\":\"fr-FR\",\"potentialAction\":[{\"@type\":\"CommentAction\",\"name\":\"Comment\",\"target\":[\"https:\/\/www.africa-press.net\/congo-brazzaville\/toutes-les-actualites\/societe-civile-les-participants-au-seminaire-sur-lentrepreneuriat-agricole-appeles-a-realiser-des-projets#respond\"]}]},{\"@type\":\"WebPage\",\"@id\":\"https:\/\/www.africa-press.net\/congo-brazzaville\/toutes-les-actualites\/societe-civile-les-participants-au-seminaire-sur-lentrepreneuriat-agricole-appeles-a-realiser-des-projets\",\"url\":\"https:\/\/www.africa-press.net\/congo-brazzaville\/toutes-les-actualites\/societe-civile-les-participants-au-seminaire-sur-lentrepreneuriat-agricole-appeles-a-realiser-des-projets\",\"name\":\"Soci\u00e9t\u00e9 civile : les participants au s\u00e9minaire sur l'entrepreneuriat agricole appel\u00e9s \u00e0 r\u00e9aliser des projets - Congo Brazzaville\",\"isPartOf\":{\"@id\":\"https:\/\/www.africa-press.net\/congo-brazzaville\/#website\"},\"primaryImageOfPage\":{\"@id\":\"https:\/\/www.africa-press.net\/congo-brazzaville\/toutes-les-actualites\/societe-civile-les-participants-au-seminaire-sur-lentrepreneuriat-agricole-appeles-a-realiser-des-projets#primaryimage\"},\"image\":{\"@id\":\"https:\/\/www.africa-press.net\/congo-brazzaville\/toutes-les-actualites\/societe-civile-les-participants-au-seminaire-sur-lentrepreneuriat-agricole-appeles-a-realiser-des-projets#primaryimage\"},\"thumbnailUrl\":\"https:\/\/static.africa-press.net\/congo-brazzaville\/sites\/51\/2023\/02\/postQueueImg_1677254670.01.jpg\",\"datePublished\":\"2023-02-24T19:34:26+00:00\",\"dateModified\":\"2023-02-24T20:09:44+00:00\",\"author\":{\"@id\":\"https:\/\/www.africa-press.net\/congo-brazzaville\/#\/schema\/person\/2b1cf3cd81a31e3cd26889ca66d677f1\"},\"description\":\"Le secre\u0301taire permanent du Conseil consultatif de la socie\u0301te\u0301 civile et des organisations non gouvernementales, Ce\u0301 ...\",\"breadcrumb\":{\"@id\":\"https:\/\/www.africa-press.net\/congo-brazzaville\/toutes-les-actualites\/societe-civile-les-participants-au-seminaire-sur-lentrepreneuriat-agricole-appeles-a-realiser-des-projets#breadcrumb\"},\"inLanguage\":\"fr-FR\",\"potentialAction\":[{\"@type\":\"ReadAction\",\"target\":[\"https:\/\/www.africa-press.net\/congo-brazzaville\/toutes-les-actualites\/societe-civile-les-participants-au-seminaire-sur-lentrepreneuriat-agricole-appeles-a-realiser-des-projets\"]}]},{\"@type\":\"ImageObject\",\"inLanguage\":\"fr-FR\",\"@id\":\"https:\/\/www.africa-press.net\/congo-brazzaville\/toutes-les-actualites\/societe-civile-les-participants-au-seminaire-sur-lentrepreneuriat-agricole-appeles-a-realiser-des-projets#primaryimage\",\"url\":\"https:\/\/static.africa-press.net\/congo-brazzaville\/sites\/51\/2023\/02\/postQueueImg_1677254670.01.jpg\",\"contentUrl\":\"https:\/\/static.africa-press.net\/congo-brazzaville\/sites\/51\/2023\/02\/postQueueImg_1677254670.01.jpg\",\"width\":1080,\"height\":810,\"caption\":\"Soci\u00e9t\u00e9 civile : les participants au s\u00e9minaire sur l'entrepreneuriat agricole appel\u00e9s \u00e0 r\u00e9aliser des projets\"},{\"@type\":\"BreadcrumbList\",\"@id\":\"https:\/\/www.africa-press.net\/congo-brazzaville\/toutes-les-actualites\/societe-civile-les-participants-au-seminaire-sur-lentrepreneuriat-agricole-appeles-a-realiser-des-projets#breadcrumb\",\"itemListElement\":[{\"@type\":\"ListItem\",\"position\":1,\"name\":\"Accueil\",\"item\":\"https:\/\/www.africa-press.net\/congo-brazzaville\/\"},{\"@type\":\"ListItem\",\"position\":2,\"name\":\"Soci\u00e9t\u00e9 civile : les participants au s\u00e9minaire sur l&rsquo;entrepreneuriat agricole appel\u00e9s \u00e0 r\u00e9aliser des projets\"}]},{\"@type\":\"WebSite\",\"@id\":\"https:\/\/www.africa-press.net\/congo-brazzaville\/#website\",\"url\":\"https:\/\/www.africa-press.net\/congo-brazzaville\/\",\"name\":\"Congo Brazzaville\",\"description\":\"Just another Africa News Agency Sites site\",\"potentialAction\":[{\"@type\":\"SearchAction\",\"target\":{\"@type\":\"EntryPoint\",\"urlTemplate\":\"https:\/\/www.africa-press.net\/congo-brazzaville\/?s={search_term_string}\"},\"query-input\":{\"@type\":\"PropertyValueSpecification\",\"valueRequired\":true,\"valueName\":\"search_term_string\"}}],\"inLanguage\":\"fr-FR\"},{\"@type\":\"Person\",\"@id\":\"https:\/\/www.africa-press.net\/congo-brazzaville\/#\/schema\/person\/2b1cf3cd81a31e3cd26889ca66d677f1\",\"name\":\"cfeditorfr\"}]}<\/script>\n<!-- \/ Yoast SEO Premium plugin. -->","yoast_head_json":{"title":"Soci\u00e9t\u00e9 civile : les participants au s\u00e9minaire sur l'entrepreneuriat agricole appel\u00e9s \u00e0 r\u00e9aliser des projets - Congo Brazzaville","description":"Le secre\u0301taire permanent du Conseil consultatif de la socie\u0301te\u0301 civile et des organisations non gouvernementales, Ce\u0301 ...","robots":{"index":"index","follow":"follow","max-snippet":"max-snippet:-1","max-image-preview":"max-image-preview:large","max-video-preview":"max-video-preview:-1"},"canonical":"https:\/\/www.africa-press.net\/congo-brazzaville\/toutes-les-actualites\/societe-civile-les-participants-au-seminaire-sur-lentrepreneuriat-agricole-appeles-a-realiser-des-projets","og_locale":"fr_FR","og_type":"article","og_title":"Soci\u00e9t\u00e9 civile : les participants au s\u00e9minaire sur l'entrepreneuriat agricole appel\u00e9s \u00e0 r\u00e9aliser des projets","og_description":"Le secre\u0301taire permanent du Conseil consultatif de la socie\u0301te\u0301 civile et des organisations non gouvernementales, Ce\u0301 ...","og_url":"https:\/\/www.africa-press.net\/congo-brazzaville\/toutes-les-actualites\/societe-civile-les-participants-au-seminaire-sur-lentrepreneuriat-agricole-appeles-a-realiser-des-projets","og_site_name":"Congo Brazzaville","article_published_time":"2023-02-24T19:34:26+00:00","article_modified_time":"2023-02-24T20:09:44+00:00","og_image":[{"width":1080,"height":810,"url":"https:\/\/static.africa-press.net\/congo-brazzaville\/sites\/51\/2023\/02\/postQueueImg_1677254670.01.jpg","type":"image\/jpeg"}],"author":"cfeditorfr","twitter_card":"summary_large_image","twitter_misc":{"\u00c9crit par":"cfeditorfr","Dur\u00e9e de lecture estim\u00e9e":"2 minutes"},"schema":{"@context":"https:\/\/schema.org","@graph":[{"@type":"Article","@id":"https:\/\/www.africa-press.net\/congo-brazzaville\/toutes-les-actualites\/societe-civile-les-participants-au-seminaire-sur-lentrepreneuriat-agricole-appeles-a-realiser-des-projets#article","isPartOf":{"@id":"https:\/\/www.africa-press.net\/congo-brazzaville\/toutes-les-actualites\/societe-civile-les-participants-au-seminaire-sur-lentrepreneuriat-agricole-appeles-a-realiser-des-projets"},"author":{"name":"cfeditorfr","@id":"https:\/\/www.africa-press.net\/congo-brazzaville\/#\/schema\/person\/2b1cf3cd81a31e3cd26889ca66d677f1"},"headline":"Soci\u00e9t\u00e9 civile : les participants au s\u00e9minaire sur l&rsquo;entrepreneuriat agricole appel\u00e9s \u00e0 r\u00e9aliser des projets","datePublished":"2023-02-24T19:34:26+00:00","dateModified":"2023-02-24T20:09:44+00:00","mainEntityOfPage":{"@id":"https:\/\/www.africa-press.net\/congo-brazzaville\/toutes-les-actualites\/societe-civile-les-participants-au-seminaire-sur-lentrepreneuriat-agricole-appeles-a-realiser-des-projets"},"wordCount":429,"commentCount":0,"image":{"@id":"https:\/\/www.africa-press.net\/congo-brazzaville\/toutes-les-actualites\/societe-civile-les-participants-au-seminaire-sur-lentrepreneuriat-agricole-appeles-a-realiser-des-projets#primaryimage"},"thumbnailUrl":"https:\/\/static.africa-press.net\/congo-brazzaville\/sites\/51\/2023\/02\/postQueueImg_1677254670.01.jpg","keywords":["Africa Press","Africa Press-Congo Brazzaville","Congo Brazzaville"],"articleSection":["Communaut\u00e9","Toutes les actualit\u00e9s"],"inLanguage":"fr-FR","potentialAction":[{"@type":"CommentAction","name":"Comment","target":["https:\/\/www.africa-press.net\/congo-brazzaville\/toutes-les-actualites\/societe-civile-les-participants-au-seminaire-sur-lentrepreneuriat-agricole-appeles-a-realiser-des-projets#respond"]}]},{"@type":"WebPage","@id":"https:\/\/www.africa-press.net\/congo-brazzaville\/toutes-les-actualites\/societe-civile-les-participants-au-seminaire-sur-lentrepreneuriat-agricole-appeles-a-realiser-des-projets","url":"https:\/\/www.africa-press.net\/congo-brazzaville\/toutes-les-actualites\/societe-civile-les-participants-au-seminaire-sur-lentrepreneuriat-agricole-appeles-a-realiser-des-projets","name":"Soci\u00e9t\u00e9 civile : les participants au s\u00e9minaire sur l'entrepreneuriat agricole appel\u00e9s \u00e0 r\u00e9aliser des projets - Congo Brazzaville","isPartOf":{"@id":"https:\/\/www.africa-press.net\/congo-brazzaville\/#website"},"primaryImageOfPage":{"@id":"https:\/\/www.africa-press.net\/congo-brazzaville\/toutes-les-actualites\/societe-civile-les-participants-au-seminaire-sur-lentrepreneuriat-agricole-appeles-a-realiser-des-projets#primaryimage"},"image":{"@id":"https:\/\/www.africa-press.net\/congo-brazzaville\/toutes-les-actualites\/societe-civile-les-participants-au-seminaire-sur-lentrepreneuriat-agricole-appeles-a-realiser-des-projets#primaryimage"},"thumbnailUrl":"https:\/\/static.africa-press.net\/congo-brazzaville\/sites\/51\/2023\/02\/postQueueImg_1677254670.01.jpg","datePublished":"2023-02-24T19:34:26+00:00","dateModified":"2023-02-24T20:09:44+00:00","author":{"@id":"https:\/\/www.africa-press.net\/congo-brazzaville\/#\/schema\/person\/2b1cf3cd81a31e3cd26889ca66d677f1"},"description":"Le secre\u0301taire permanent du Conseil consultatif de la socie\u0301te\u0301 civile et des organisations non gouvernementales, Ce\u0301 ...","breadcrumb":{"@id":"https:\/\/www.africa-press.net\/congo-brazzaville\/toutes-les-actualites\/societe-civile-les-participants-au-seminaire-sur-lentrepreneuriat-agricole-appeles-a-realiser-des-projets#breadcrumb"},"inLanguage":"fr-FR","potentialAction":[{"@type":"ReadAction","target":["https:\/\/www.africa-press.net\/congo-brazzaville\/toutes-les-actualites\/societe-civile-les-participants-au-seminaire-sur-lentrepreneuriat-agricole-appeles-a-realiser-des-projets"]}]},{"@type":"ImageObject","inLanguage":"fr-FR","@id":"https:\/\/www.africa-press.net\/congo-brazzaville\/toutes-les-actualites\/societe-civile-les-participants-au-seminaire-sur-lentrepreneuriat-agricole-appeles-a-realiser-des-projets#primaryimage","url":"https:\/\/static.africa-press.net\/congo-brazzaville\/sites\/51\/2023\/02\/postQueueImg_1677254670.01.jpg","contentUrl":"https:\/\/static.africa-press.net\/congo-brazzaville\/sites\/51\/2023\/02\/postQueueImg_1677254670.01.jpg","width":1080,"height":810,"caption":"Soci\u00e9t\u00e9 civile : les participants au s\u00e9minaire sur l'entrepreneuriat agricole appel\u00e9s \u00e0 r\u00e9aliser des projets"},{"@type":"BreadcrumbList","@id":"https:\/\/www.africa-press.net\/congo-brazzaville\/toutes-les-actualites\/societe-civile-les-participants-au-seminaire-sur-lentrepreneuriat-agricole-appeles-a-realiser-des-projets#breadcrumb","itemListElement":[{"@type":"ListItem","position":1,"name":"Accueil","item":"https:\/\/www.africa-press.net\/congo-brazzaville\/"},{"@type":"ListItem","position":2,"name":"Soci\u00e9t\u00e9 civile : les participants au s\u00e9minaire sur l&rsquo;entrepreneuriat agricole appel\u00e9s \u00e0 r\u00e9aliser des projets"}]},{"@type":"WebSite","@id":"https:\/\/www.africa-press.net\/congo-brazzaville\/#website","url":"https:\/\/www.africa-press.net\/congo-brazzaville\/","name":"Congo Brazzaville","description":"Just another Africa News Agency Sites site","potentialAction":[{"@type":"SearchAction","target":{"@type":"EntryPoint","urlTemplate":"https:\/\/www.africa-press.net\/congo-brazzaville\/?s={search_term_string}"},"query-input":{"@type":"PropertyValueSpecification","valueRequired":true,"valueName":"search_term_string"}}],"inLanguage":"fr-FR"},{"@type":"Person","@id":"https:\/\/www.africa-press.net\/congo-brazzaville\/#\/schema\/person\/2b1cf3cd81a31e3cd26889ca66d677f1","name":"cfeditorfr"}]}},"_links":{"self":[{"href":"https:\/\/www.africa-press.net\/congo-brazzaville\/wp-json\/wp\/v2\/posts\/14875","targetHints":{"allow":["GET"]}}],"collection":[{"href":"https:\/\/www.africa-press.net\/congo-brazzaville\/wp-json\/wp\/v2\/posts"}],"about":[{"href":"https:\/\/www.africa-press.net\/congo-brazzaville\/wp-json\/wp\/v2\/types\/post"}],"author":[{"embeddable":true,"href":"https:\/\/www.africa-press.net\/congo-brazzaville\/wp-json\/wp\/v2\/users\/82"}],"replies":[{"embeddable":true,"href":"https:\/\/www.africa-press.net\/congo-brazzaville\/wp-json\/wp\/v2\/comments?post=14875"}],"version-history":[{"count":0,"href":"https:\/\/www.africa-press.net\/congo-brazzaville\/wp-json\/wp\/v2\/posts\/14875\/revisions"}],"wp:featuredmedia":[{"embeddable":true,"href":"https:\/\/www.africa-press.net\/congo-brazzaville\/wp-json\/wp\/v2\/media\/14874"}],"wp:attachment":[{"href":"https:\/\/www.africa-press.net\/congo-brazzaville\/wp-json\/wp\/v2\/media?parent=14875"}],"wp:term":[{"taxonomy":"category","embeddable":true,"href":"https:\/\/www.africa-press.net\/congo-brazzaville\/wp-json\/wp\/v2\/categories?post=14875"},{"taxonomy":"post_tag","embeddable":true,"href":"https:\/\/www.africa-press.net\/congo-brazzaville\/wp-json\/wp\/v2\/tags?post=14875"}],"curies":[{"name":"wp","href":"https:\/\/api.w.org\/{rel}","templated":true}]}}