{"id":14877,"date":"2023-02-24T19:34:32","date_gmt":"2023-02-24T19:34:32","guid":{"rendered":"https:\/\/www.africa-press.net\/congo-brazzaville\/politique\/enseignement-general-et-professionnel-suspension-de-la-greve"},"modified":"2023-02-24T20:10:16","modified_gmt":"2023-02-24T20:10:16","slug":"enseignement-general-et-professionnel-suspension-de-la-greve","status":"publish","type":"post","link":"https:\/\/www.africa-press.net\/congo-brazzaville\/toutes-les-actualites\/enseignement-general-et-professionnel-suspension-de-la-greve","title":{"rendered":"Enseignement g\u00e9n\u00e9ral et professionnel : suspension de la gr\u00e8ve"},"content":{"rendered":"<p><span style=\"color: #ff6600\"><strong>Africa-Press &#8211; Congo Brazzaville. <\/strong><\/span><b>Deux jours apre\u0300s son de\u0301clenchement, la gre\u0300ve au niveau de l\u2019Enseignement pre\u0301scolaire, primaire, secondaire et de l\u2019Alphabe\u0301tisation ainsi qu\u2019au ministe\u0300re de l\u2019Enseignement technique et professionnel a e\u0301te\u0301 suspendue le 23 fe\u0301vrier. <\/b><\/p>\n<p>La gre\u0300ve amorce\u0301e le 21 fe\u0301vrier par les Forces unies des syndicats de l\u2019enseignement du Congo n\u2019a pas e\u0301te\u0301 suivie sur le terrain car la re\u0301action des ministe\u0300res de l\u2019Enseignement ge\u0301ne\u0301ral et technique n\u2019a pas tarde\u0301. Un compromis a e\u0301te\u0301 trouve\u0301 avec les syndicats qui ont fini par la suspendre. \u00ab Dans une ne\u0301gociation on ne gagne jamais tout. Nous nous sommes entendus sur l\u2019essentiel. La gre\u0300ve est suspendue. Il est demande\u0301 a\u0300 tous les enseignants de renouer avec leur travail \u00bb, a indique\u0301 Daniel Ngami, coordonnateur des Forces unies des syndicats de l\u2019enseignement au Congo.<\/p>\n<p>Les parties implique\u0301es se sont, en effet, engage\u0301es a\u0300 soumettre la re\u0301solution relative a\u0300 la question du paiement des primes et indemnite\u0301s au Premier ministre. Concernant la publication de l\u2019arre\u0302te\u0301 interministe\u0301riel, le gouvernement s\u2019est engage\u0301 a\u0300 tout mettre en \u0153uvre pour actualiser le projet d\u2019arre\u0302te\u0301 existant sur le plan financier en vue de le soumettre au Conseil de cabinet. A propos des commissions administratives paritaires, un accord a e\u0301te\u0301 trouve\u0301 sur la de\u0301partementalisation en juin. La publication des textes d\u2019inte\u0301gration dans le circuit d\u2019approbation ne saurait tarder.<\/p>\n<p>Il convient de rappeler que les syndicats ont re\u0301clame\u0301 le paiement inte\u0301gral des rappels de solde d\u2019activite\u0301s dus aux enseignants dont la dernie\u0300re paie date de de\u0301cembre 2020, la publication de l\u2019arre\u0302te\u0301 interministe\u0301riel fixant les montants, primes et indemnite\u0301s dus aux enseignants. Aussi, \u00ab La publication de tous les textes des enseignants e\u0301gare\u0301s, sans motif re\u0301el, dans le circuit d\u2019approbation \u00bb, soulignait la de\u0301claration des Forces unies des syndicats de l\u2019enseignement du Congo, qui avait e\u0301te\u0301 rendue publique le 20 fe\u0301vrier dans la capitale et signe\u0301e par douze repre\u0301sentants des diffe\u0301rents syndicats de cette plate-forme. Il y avait aussi la publication d\u2019un quota convergent d\u2019inte\u0301gration des enseignants volontaires, communautaires et finalistes non affecte\u0301s&#8230;<\/p>\n<p>Le compromis ayant e\u0301te\u0301 trouve\u0301 sur tous ces sujets passe\u0301s en revue lors des discussions entre les diffe\u0301rentes parties, la gre\u0300ve a e\u0301te\u0301 suspendue.<\/p>\n<p><strong>Pour plus d&rsquo;informations et d&rsquo;analyses sur la <a href=\"https:\/\/www.africa-press.net\/congo-brazzaville\">Congo Brazzaville<\/a>, suivez <a href=\"https:\/\/www.africa-press.net\/\">Africa-Press<\/a><\/strong><\/p>\n","protected":false},"excerpt":{"rendered":"<p>Africa-Press &#8211; Congo Brazzaville. Deux jours apre\u0300s son de\u0301clenchement, la gre\u0300ve au niveau de l\u2019Enseignement pre\u0301scolaire, primaire, secondaire et de l\u2019Alphabe\u0301tisation ainsi qu\u2019au ministe\u0300re de l\u2019Enseignement technique et professionnel a e\u0301te\u0301 suspendue le 23 fe\u0301vrier. La gre\u0300ve amorce\u0301e le 21 fe\u0301vrier par les Forces unies des syndicats de l\u2019enseignement du Congo n\u2019a pas e\u0301te\u0301 suivie [&hellip;]<\/p>\n","protected":false},"author":82,"featured_media":14876,"comment_status":"open","ping_status":"closed","sticky":false,"template":"","format":"standard","meta":{"footnotes":""},"categories":[21,10],"tags":[36,47,46],"class_list":["post-14877","post","type-post","status-publish","format-standard","has-post-thumbnail","hentry","category-communaute","category-toutes-les-actualites","tag-africa-press","tag-africa-press-congo-brazzaville","tag-congo-brazzaville"],"yoast_head":"<!-- This site is optimized with the Yoast SEO Premium plugin v26.1 (Yoast SEO v27.0) - https:\/\/yoast.com\/product\/yoast-seo-premium-wordpress\/ -->\n<title>Enseignement g\u00e9n\u00e9ral et professionnel : suspension de la gr\u00e8ve - Congo Brazzaville<\/title>\n<meta name=\"description\" content=\"Deux jours apre\u0300s son de\u0301clenchement, la gre\u0300ve au niveau de l\u2019Enseignement pre\u0301scolaire, primaire, secondaire et de ...\" \/>\n<meta name=\"robots\" content=\"index, follow, max-snippet:-1, max-image-preview:large, max-video-preview:-1\" \/>\n<link rel=\"canonical\" href=\"https:\/\/www.africa-press.net\/congo-brazzaville\/toutes-les-actualites\/enseignement-general-et-professionnel-suspension-de-la-greve\" \/>\n<meta property=\"og:locale\" content=\"fr_FR\" \/>\n<meta property=\"og:type\" content=\"article\" \/>\n<meta property=\"og:title\" content=\"Enseignement g\u00e9n\u00e9ral et professionnel : suspension de la gr\u00e8ve\" \/>\n<meta property=\"og:description\" content=\"Deux jours apre\u0300s son de\u0301clenchement, la gre\u0300ve au niveau de l\u2019Enseignement pre\u0301scolaire, primaire, secondaire et de ...\" \/>\n<meta property=\"og:url\" content=\"https:\/\/www.africa-press.net\/congo-brazzaville\/toutes-les-actualites\/enseignement-general-et-professionnel-suspension-de-la-greve\" \/>\n<meta property=\"og:site_name\" content=\"Congo Brazzaville\" \/>\n<meta property=\"article:published_time\" content=\"2023-02-24T19:34:32+00:00\" \/>\n<meta property=\"article:modified_time\" content=\"2023-02-24T20:10:16+00:00\" \/>\n<meta property=\"og:image\" content=\"https:\/\/static.africa-press.net\/congo-brazzaville\/sites\/51\/2023\/02\/postQueueImg_1677254687.68.jpg\" \/>\n\t<meta property=\"og:image:width\" content=\"1365\" \/>\n\t<meta property=\"og:image:height\" content=\"768\" \/>\n\t<meta property=\"og:image:type\" content=\"image\/jpeg\" \/>\n<meta name=\"author\" content=\"cfeditorfr\" \/>\n<meta name=\"twitter:card\" content=\"summary_large_image\" \/>\n<meta name=\"twitter:label1\" content=\"\u00c9crit par\" \/>\n\t<meta name=\"twitter:data1\" content=\"cfeditorfr\" \/>\n\t<meta name=\"twitter:label2\" content=\"Dur\u00e9e de lecture estim\u00e9e\" \/>\n\t<meta name=\"twitter:data2\" content=\"2 minutes\" \/>\n<script type=\"application\/ld+json\" class=\"yoast-schema-graph\">{\"@context\":\"https:\/\/schema.org\",\"@graph\":[{\"@type\":\"Article\",\"@id\":\"https:\/\/www.africa-press.net\/congo-brazzaville\/toutes-les-actualites\/enseignement-general-et-professionnel-suspension-de-la-greve#article\",\"isPartOf\":{\"@id\":\"https:\/\/www.africa-press.net\/congo-brazzaville\/toutes-les-actualites\/enseignement-general-et-professionnel-suspension-de-la-greve\"},\"author\":{\"name\":\"cfeditorfr\",\"@id\":\"https:\/\/www.africa-press.net\/congo-brazzaville\/#\/schema\/person\/2b1cf3cd81a31e3cd26889ca66d677f1\"},\"headline\":\"Enseignement g\u00e9n\u00e9ral et professionnel : suspension de la gr\u00e8ve\",\"datePublished\":\"2023-02-24T19:34:32+00:00\",\"dateModified\":\"2023-02-24T20:10:16+00:00\",\"mainEntityOfPage\":{\"@id\":\"https:\/\/www.africa-press.net\/congo-brazzaville\/toutes-les-actualites\/enseignement-general-et-professionnel-suspension-de-la-greve\"},\"wordCount\":445,\"commentCount\":0,\"image\":{\"@id\":\"https:\/\/www.africa-press.net\/congo-brazzaville\/toutes-les-actualites\/enseignement-general-et-professionnel-suspension-de-la-greve#primaryimage\"},\"thumbnailUrl\":\"https:\/\/static.africa-press.net\/congo-brazzaville\/sites\/51\/2023\/02\/postQueueImg_1677254687.68.jpg\",\"keywords\":[\"Africa Press\",\"Africa Press-Congo Brazzaville\",\"Congo Brazzaville\"],\"articleSection\":[\"Communaut\u00e9\",\"Toutes les actualit\u00e9s\"],\"inLanguage\":\"fr-FR\",\"potentialAction\":[{\"@type\":\"CommentAction\",\"name\":\"Comment\",\"target\":[\"https:\/\/www.africa-press.net\/congo-brazzaville\/toutes-les-actualites\/enseignement-general-et-professionnel-suspension-de-la-greve#respond\"]}]},{\"@type\":\"WebPage\",\"@id\":\"https:\/\/www.africa-press.net\/congo-brazzaville\/toutes-les-actualites\/enseignement-general-et-professionnel-suspension-de-la-greve\",\"url\":\"https:\/\/www.africa-press.net\/congo-brazzaville\/toutes-les-actualites\/enseignement-general-et-professionnel-suspension-de-la-greve\",\"name\":\"Enseignement g\u00e9n\u00e9ral et professionnel : suspension de la gr\u00e8ve - Congo Brazzaville\",\"isPartOf\":{\"@id\":\"https:\/\/www.africa-press.net\/congo-brazzaville\/#website\"},\"primaryImageOfPage\":{\"@id\":\"https:\/\/www.africa-press.net\/congo-brazzaville\/toutes-les-actualites\/enseignement-general-et-professionnel-suspension-de-la-greve#primaryimage\"},\"image\":{\"@id\":\"https:\/\/www.africa-press.net\/congo-brazzaville\/toutes-les-actualites\/enseignement-general-et-professionnel-suspension-de-la-greve#primaryimage\"},\"thumbnailUrl\":\"https:\/\/static.africa-press.net\/congo-brazzaville\/sites\/51\/2023\/02\/postQueueImg_1677254687.68.jpg\",\"datePublished\":\"2023-02-24T19:34:32+00:00\",\"dateModified\":\"2023-02-24T20:10:16+00:00\",\"author\":{\"@id\":\"https:\/\/www.africa-press.net\/congo-brazzaville\/#\/schema\/person\/2b1cf3cd81a31e3cd26889ca66d677f1\"},\"description\":\"Deux jours apre\u0300s son de\u0301clenchement, la gre\u0300ve au niveau de l\u2019Enseignement pre\u0301scolaire, primaire, secondaire et de ...\",\"breadcrumb\":{\"@id\":\"https:\/\/www.africa-press.net\/congo-brazzaville\/toutes-les-actualites\/enseignement-general-et-professionnel-suspension-de-la-greve#breadcrumb\"},\"inLanguage\":\"fr-FR\",\"potentialAction\":[{\"@type\":\"ReadAction\",\"target\":[\"https:\/\/www.africa-press.net\/congo-brazzaville\/toutes-les-actualites\/enseignement-general-et-professionnel-suspension-de-la-greve\"]}]},{\"@type\":\"ImageObject\",\"inLanguage\":\"fr-FR\",\"@id\":\"https:\/\/www.africa-press.net\/congo-brazzaville\/toutes-les-actualites\/enseignement-general-et-professionnel-suspension-de-la-greve#primaryimage\",\"url\":\"https:\/\/static.africa-press.net\/congo-brazzaville\/sites\/51\/2023\/02\/postQueueImg_1677254687.68.jpg\",\"contentUrl\":\"https:\/\/static.africa-press.net\/congo-brazzaville\/sites\/51\/2023\/02\/postQueueImg_1677254687.68.jpg\",\"width\":1365,\"height\":768,\"caption\":\"Enseignement g\u00e9n\u00e9ral et professionnel : suspension de la gr\u00e8ve\"},{\"@type\":\"BreadcrumbList\",\"@id\":\"https:\/\/www.africa-press.net\/congo-brazzaville\/toutes-les-actualites\/enseignement-general-et-professionnel-suspension-de-la-greve#breadcrumb\",\"itemListElement\":[{\"@type\":\"ListItem\",\"position\":1,\"name\":\"Accueil\",\"item\":\"https:\/\/www.africa-press.net\/congo-brazzaville\/\"},{\"@type\":\"ListItem\",\"position\":2,\"name\":\"Enseignement g\u00e9n\u00e9ral et professionnel : suspension de la gr\u00e8ve\"}]},{\"@type\":\"WebSite\",\"@id\":\"https:\/\/www.africa-press.net\/congo-brazzaville\/#website\",\"url\":\"https:\/\/www.africa-press.net\/congo-brazzaville\/\",\"name\":\"Congo Brazzaville\",\"description\":\"Just another Africa News Agency Sites site\",\"potentialAction\":[{\"@type\":\"SearchAction\",\"target\":{\"@type\":\"EntryPoint\",\"urlTemplate\":\"https:\/\/www.africa-press.net\/congo-brazzaville\/?s={search_term_string}\"},\"query-input\":{\"@type\":\"PropertyValueSpecification\",\"valueRequired\":true,\"valueName\":\"search_term_string\"}}],\"inLanguage\":\"fr-FR\"},{\"@type\":\"Person\",\"@id\":\"https:\/\/www.africa-press.net\/congo-brazzaville\/#\/schema\/person\/2b1cf3cd81a31e3cd26889ca66d677f1\",\"name\":\"cfeditorfr\"}]}<\/script>\n<!-- \/ Yoast SEO Premium plugin. -->","yoast_head_json":{"title":"Enseignement g\u00e9n\u00e9ral et professionnel : suspension de la gr\u00e8ve - Congo Brazzaville","description":"Deux jours apre\u0300s son de\u0301clenchement, la gre\u0300ve au niveau de l\u2019Enseignement pre\u0301scolaire, primaire, secondaire et de ...","robots":{"index":"index","follow":"follow","max-snippet":"max-snippet:-1","max-image-preview":"max-image-preview:large","max-video-preview":"max-video-preview:-1"},"canonical":"https:\/\/www.africa-press.net\/congo-brazzaville\/toutes-les-actualites\/enseignement-general-et-professionnel-suspension-de-la-greve","og_locale":"fr_FR","og_type":"article","og_title":"Enseignement g\u00e9n\u00e9ral et professionnel : suspension de la gr\u00e8ve","og_description":"Deux jours apre\u0300s son de\u0301clenchement, la gre\u0300ve au niveau de l\u2019Enseignement pre\u0301scolaire, primaire, secondaire et de ...","og_url":"https:\/\/www.africa-press.net\/congo-brazzaville\/toutes-les-actualites\/enseignement-general-et-professionnel-suspension-de-la-greve","og_site_name":"Congo Brazzaville","article_published_time":"2023-02-24T19:34:32+00:00","article_modified_time":"2023-02-24T20:10:16+00:00","og_image":[{"width":1365,"height":768,"url":"https:\/\/static.africa-press.net\/congo-brazzaville\/sites\/51\/2023\/02\/postQueueImg_1677254687.68.jpg","type":"image\/jpeg"}],"author":"cfeditorfr","twitter_card":"summary_large_image","twitter_misc":{"\u00c9crit par":"cfeditorfr","Dur\u00e9e de lecture estim\u00e9e":"2 minutes"},"schema":{"@context":"https:\/\/schema.org","@graph":[{"@type":"Article","@id":"https:\/\/www.africa-press.net\/congo-brazzaville\/toutes-les-actualites\/enseignement-general-et-professionnel-suspension-de-la-greve#article","isPartOf":{"@id":"https:\/\/www.africa-press.net\/congo-brazzaville\/toutes-les-actualites\/enseignement-general-et-professionnel-suspension-de-la-greve"},"author":{"name":"cfeditorfr","@id":"https:\/\/www.africa-press.net\/congo-brazzaville\/#\/schema\/person\/2b1cf3cd81a31e3cd26889ca66d677f1"},"headline":"Enseignement g\u00e9n\u00e9ral et professionnel : suspension de la gr\u00e8ve","datePublished":"2023-02-24T19:34:32+00:00","dateModified":"2023-02-24T20:10:16+00:00","mainEntityOfPage":{"@id":"https:\/\/www.africa-press.net\/congo-brazzaville\/toutes-les-actualites\/enseignement-general-et-professionnel-suspension-de-la-greve"},"wordCount":445,"commentCount":0,"image":{"@id":"https:\/\/www.africa-press.net\/congo-brazzaville\/toutes-les-actualites\/enseignement-general-et-professionnel-suspension-de-la-greve#primaryimage"},"thumbnailUrl":"https:\/\/static.africa-press.net\/congo-brazzaville\/sites\/51\/2023\/02\/postQueueImg_1677254687.68.jpg","keywords":["Africa Press","Africa Press-Congo Brazzaville","Congo Brazzaville"],"articleSection":["Communaut\u00e9","Toutes les actualit\u00e9s"],"inLanguage":"fr-FR","potentialAction":[{"@type":"CommentAction","name":"Comment","target":["https:\/\/www.africa-press.net\/congo-brazzaville\/toutes-les-actualites\/enseignement-general-et-professionnel-suspension-de-la-greve#respond"]}]},{"@type":"WebPage","@id":"https:\/\/www.africa-press.net\/congo-brazzaville\/toutes-les-actualites\/enseignement-general-et-professionnel-suspension-de-la-greve","url":"https:\/\/www.africa-press.net\/congo-brazzaville\/toutes-les-actualites\/enseignement-general-et-professionnel-suspension-de-la-greve","name":"Enseignement g\u00e9n\u00e9ral et professionnel : suspension de la gr\u00e8ve - Congo Brazzaville","isPartOf":{"@id":"https:\/\/www.africa-press.net\/congo-brazzaville\/#website"},"primaryImageOfPage":{"@id":"https:\/\/www.africa-press.net\/congo-brazzaville\/toutes-les-actualites\/enseignement-general-et-professionnel-suspension-de-la-greve#primaryimage"},"image":{"@id":"https:\/\/www.africa-press.net\/congo-brazzaville\/toutes-les-actualites\/enseignement-general-et-professionnel-suspension-de-la-greve#primaryimage"},"thumbnailUrl":"https:\/\/static.africa-press.net\/congo-brazzaville\/sites\/51\/2023\/02\/postQueueImg_1677254687.68.jpg","datePublished":"2023-02-24T19:34:32+00:00","dateModified":"2023-02-24T20:10:16+00:00","author":{"@id":"https:\/\/www.africa-press.net\/congo-brazzaville\/#\/schema\/person\/2b1cf3cd81a31e3cd26889ca66d677f1"},"description":"Deux jours apre\u0300s son de\u0301clenchement, la gre\u0300ve au niveau de l\u2019Enseignement pre\u0301scolaire, primaire, secondaire et de ...","breadcrumb":{"@id":"https:\/\/www.africa-press.net\/congo-brazzaville\/toutes-les-actualites\/enseignement-general-et-professionnel-suspension-de-la-greve#breadcrumb"},"inLanguage":"fr-FR","potentialAction":[{"@type":"ReadAction","target":["https:\/\/www.africa-press.net\/congo-brazzaville\/toutes-les-actualites\/enseignement-general-et-professionnel-suspension-de-la-greve"]}]},{"@type":"ImageObject","inLanguage":"fr-FR","@id":"https:\/\/www.africa-press.net\/congo-brazzaville\/toutes-les-actualites\/enseignement-general-et-professionnel-suspension-de-la-greve#primaryimage","url":"https:\/\/static.africa-press.net\/congo-brazzaville\/sites\/51\/2023\/02\/postQueueImg_1677254687.68.jpg","contentUrl":"https:\/\/static.africa-press.net\/congo-brazzaville\/sites\/51\/2023\/02\/postQueueImg_1677254687.68.jpg","width":1365,"height":768,"caption":"Enseignement g\u00e9n\u00e9ral et professionnel : suspension de la gr\u00e8ve"},{"@type":"BreadcrumbList","@id":"https:\/\/www.africa-press.net\/congo-brazzaville\/toutes-les-actualites\/enseignement-general-et-professionnel-suspension-de-la-greve#breadcrumb","itemListElement":[{"@type":"ListItem","position":1,"name":"Accueil","item":"https:\/\/www.africa-press.net\/congo-brazzaville\/"},{"@type":"ListItem","position":2,"name":"Enseignement g\u00e9n\u00e9ral et professionnel : suspension de la gr\u00e8ve"}]},{"@type":"WebSite","@id":"https:\/\/www.africa-press.net\/congo-brazzaville\/#website","url":"https:\/\/www.africa-press.net\/congo-brazzaville\/","name":"Congo Brazzaville","description":"Just another Africa News Agency Sites site","potentialAction":[{"@type":"SearchAction","target":{"@type":"EntryPoint","urlTemplate":"https:\/\/www.africa-press.net\/congo-brazzaville\/?s={search_term_string}"},"query-input":{"@type":"PropertyValueSpecification","valueRequired":true,"valueName":"search_term_string"}}],"inLanguage":"fr-FR"},{"@type":"Person","@id":"https:\/\/www.africa-press.net\/congo-brazzaville\/#\/schema\/person\/2b1cf3cd81a31e3cd26889ca66d677f1","name":"cfeditorfr"}]}},"_links":{"self":[{"href":"https:\/\/www.africa-press.net\/congo-brazzaville\/wp-json\/wp\/v2\/posts\/14877","targetHints":{"allow":["GET"]}}],"collection":[{"href":"https:\/\/www.africa-press.net\/congo-brazzaville\/wp-json\/wp\/v2\/posts"}],"about":[{"href":"https:\/\/www.africa-press.net\/congo-brazzaville\/wp-json\/wp\/v2\/types\/post"}],"author":[{"embeddable":true,"href":"https:\/\/www.africa-press.net\/congo-brazzaville\/wp-json\/wp\/v2\/users\/82"}],"replies":[{"embeddable":true,"href":"https:\/\/www.africa-press.net\/congo-brazzaville\/wp-json\/wp\/v2\/comments?post=14877"}],"version-history":[{"count":0,"href":"https:\/\/www.africa-press.net\/congo-brazzaville\/wp-json\/wp\/v2\/posts\/14877\/revisions"}],"wp:featuredmedia":[{"embeddable":true,"href":"https:\/\/www.africa-press.net\/congo-brazzaville\/wp-json\/wp\/v2\/media\/14876"}],"wp:attachment":[{"href":"https:\/\/www.africa-press.net\/congo-brazzaville\/wp-json\/wp\/v2\/media?parent=14877"}],"wp:term":[{"taxonomy":"category","embeddable":true,"href":"https:\/\/www.africa-press.net\/congo-brazzaville\/wp-json\/wp\/v2\/categories?post=14877"},{"taxonomy":"post_tag","embeddable":true,"href":"https:\/\/www.africa-press.net\/congo-brazzaville\/wp-json\/wp\/v2\/tags?post=14877"}],"curies":[{"name":"wp","href":"https:\/\/api.w.org\/{rel}","templated":true}]}}