{"id":14901,"date":"2023-02-26T19:36:59","date_gmt":"2023-02-26T19:36:59","guid":{"rendered":"https:\/\/www.africa-press.net\/congo-brazzaville\/politique\/football-le-week-end-des-diables-rouges-et-des-congolais-de-la-diaspora-en-france-ligue-2-4"},"modified":"2023-02-26T20:29:03","modified_gmt":"2023-02-26T20:29:03","slug":"football-le-week-end-des-diables-rouges-et-des-congolais-de-la-diaspora-en-france-ligue-2-4","status":"publish","type":"post","link":"https:\/\/www.africa-press.net\/congo-brazzaville\/sports\/football-le-week-end-des-diables-rouges-et-des-congolais-de-la-diaspora-en-france-ligue-2-4","title":{"rendered":"Football, le week-end des Diables rouges et des Congolais de la diaspora en France (Ligue 2)"},"content":{"rendered":"<p><span style=\"color: #ff6600\"><strong>Africa-Press &#8211; Congo Brazzaville. <\/strong><\/span>Le Havre rapporte un point de Grenoble (0-0). Avec Nolan Mbemba titulaire au poste d\u2019arrie\u0300re droit.<\/p>\n<p>Ho\u0302te de Quevilly-Rouen, Laval manque l\u2019occasion de basculer dans la premie\u0300re partie de tableau. De\u0301faits 1 a\u0300 0, les Tango n\u2019ont que 8 points d\u2019avance sur la zone de rele\u0301gation.<\/p>\n<p>Titulaire sur la droite de la de\u0301fense a\u0300 trois, Marvin Baudry a e\u0301te\u0301 applique\u0301. Averti a\u0300 la 60e, il sera suspendu pour le de\u0301placement chez le Paris FC. Remplace\u0301 a\u0300 la 63e.<\/p>\n<p>Titulaire et capitaine, Bryan Passi a longtemps repousse\u0301 les assauts adverses, mais Niort s\u2019incline lourdement sur la pelouse du Pais FC (0-3).<\/p>\n<p>Warren Tchimbembe n\u2019est pas entre\u0301 en jeu lors du revers de Guingamp face a\u0300 Caen (1-2).<\/p>\n<p>Annecy coule a\u0300 Sochaux (1-5). Buteur a\u0300 l\u2019aller, Ke\u0301vin Mounaga a rate\u0301 son match a\u0300 Bonnal. A oublier.<\/p>\n<p>Porte\u0301 par son recrutement hivernal, Saint-Etienne poursuit sa remonte\u0301e au classement en battant (2-0). A l\u2019aise dans le ro\u0302le de piston gauche, globalement porte\u0301 vers l\u2019avant, Niels Nkounkou a obtenu le penalty du 2-0 a\u0300 la conclusion d\u2019une perce\u0301e stoppe\u0301e irre\u0301gulie\u0300rement par Saivet (76e).<\/p>\n<p>Avec ce quatrie\u0300me succe\u0300s de rang, les Ste\u0301phanois doublent les Palois et prennent la 15e place avec 3 longueurs d\u2019avance sur leur adversaire du jour et 7 sur Dijon, le premier rele\u0301gable.<\/p>\n<p>L\u2019e\u0301quipe de Bassouamina, aligne\u0301 sur la gauche de l\u2019attaque et remplace\u0301 a\u0300 la 79e, est de\u0301sormais 16e et se rapproche dangereusement de la zone rouge.<\/p>\n<p>Avec 23 points, Niort est 19e et avant-dernier.<\/p>\n<p>En remontant, Laval est 14e avec 31 points, a\u0300 e\u0301galite\u0301 de points avec Guingamp, 12e. Annecy est 10e avec 32 points et Le Havre caracole en te\u0302te avec 52 points.<\/p>\n<p>Bordeaux (Dilane Bakwa), 3e avec 42 points, ira a\u0300 Amiens lundi soir en match de\u0301cale\u0301.<\/p>\n<p><strong>Pour plus d&rsquo;informations et d&rsquo;analyses sur la <a href=\"https:\/\/www.africa-press.net\/congo-brazzaville\">Congo Brazzaville<\/a>, suivez <a href=\"https:\/\/www.africa-press.net\/\">Africa-Press<\/a><\/strong><\/p>\n","protected":false},"excerpt":{"rendered":"<p>Africa-Press &#8211; Congo Brazzaville. Le Havre rapporte un point de Grenoble (0-0). Avec Nolan Mbemba titulaire au poste d\u2019arrie\u0300re droit. Ho\u0302te de Quevilly-Rouen, Laval manque l\u2019occasion de basculer dans la premie\u0300re partie de tableau. De\u0301faits 1 a\u0300 0, les Tango n\u2019ont que 8 points d\u2019avance sur la zone de rele\u0301gation. Titulaire sur la droite de [&hellip;]<\/p>\n","protected":false},"author":82,"featured_media":14900,"comment_status":"open","ping_status":"closed","sticky":false,"template":"","format":"standard","meta":{"footnotes":""},"categories":[6,10],"tags":[36,47,46],"class_list":["post-14901","post","type-post","status-publish","format-standard","has-post-thumbnail","hentry","category-sports","category-toutes-les-actualites","tag-africa-press","tag-africa-press-congo-brazzaville","tag-congo-brazzaville"],"yoast_head":"<!-- This site is optimized with the Yoast SEO Premium plugin v26.1 (Yoast SEO v27.0) - https:\/\/yoast.com\/product\/yoast-seo-premium-wordpress\/ -->\n<title>Football, le week-end des Diables rouges et des Congolais de la diaspora en France (Ligue 2) - Congo Brazzaville<\/title>\n<meta name=\"description\" content=\"Le Havre rapporte un point de Grenoble (0-0). Avec Nolan Mbemba titulaire au poste d\u2019arrie\u0300re droit. Ho\u0302te de Quevilly- ...\" \/>\n<meta name=\"robots\" content=\"index, follow, max-snippet:-1, max-image-preview:large, max-video-preview:-1\" \/>\n<link rel=\"canonical\" href=\"https:\/\/www.africa-press.net\/congo-brazzaville\/sports\/football-le-week-end-des-diables-rouges-et-des-congolais-de-la-diaspora-en-france-ligue-2-4\" \/>\n<meta property=\"og:locale\" content=\"fr_FR\" \/>\n<meta property=\"og:type\" content=\"article\" \/>\n<meta property=\"og:title\" content=\"Football, le week-end des Diables rouges et des Congolais de la diaspora en France (Ligue 2)\" \/>\n<meta property=\"og:description\" content=\"Le Havre rapporte un point de Grenoble (0-0). Avec Nolan Mbemba titulaire au poste d\u2019arrie\u0300re droit. Ho\u0302te de Quevilly- ...\" \/>\n<meta property=\"og:url\" content=\"https:\/\/www.africa-press.net\/congo-brazzaville\/sports\/football-le-week-end-des-diables-rouges-et-des-congolais-de-la-diaspora-en-france-ligue-2-4\" \/>\n<meta property=\"og:site_name\" content=\"Congo Brazzaville\" \/>\n<meta property=\"article:published_time\" content=\"2023-02-26T19:36:59+00:00\" \/>\n<meta property=\"article:modified_time\" content=\"2023-02-26T20:29:03+00:00\" \/>\n<meta property=\"og:image\" content=\"https:\/\/static.africa-press.net\/congo-brazzaville\/sites\/51\/2023\/02\/postQueueImg_1677427638.83.jpg\" \/>\n\t<meta property=\"og:image:width\" content=\"1280\" \/>\n\t<meta property=\"og:image:height\" content=\"720\" \/>\n\t<meta property=\"og:image:type\" content=\"image\/jpeg\" \/>\n<meta name=\"author\" content=\"cfeditorfr\" \/>\n<meta name=\"twitter:card\" content=\"summary_large_image\" \/>\n<meta name=\"twitter:label1\" content=\"\u00c9crit par\" \/>\n\t<meta name=\"twitter:data1\" content=\"cfeditorfr\" \/>\n\t<meta name=\"twitter:label2\" content=\"Dur\u00e9e de lecture estim\u00e9e\" \/>\n\t<meta name=\"twitter:data2\" content=\"2 minutes\" \/>\n<script type=\"application\/ld+json\" class=\"yoast-schema-graph\">{\"@context\":\"https:\/\/schema.org\",\"@graph\":[{\"@type\":\"Article\",\"@id\":\"https:\/\/www.africa-press.net\/congo-brazzaville\/sports\/football-le-week-end-des-diables-rouges-et-des-congolais-de-la-diaspora-en-france-ligue-2-4#article\",\"isPartOf\":{\"@id\":\"https:\/\/www.africa-press.net\/congo-brazzaville\/sports\/football-le-week-end-des-diables-rouges-et-des-congolais-de-la-diaspora-en-france-ligue-2-4\"},\"author\":{\"name\":\"cfeditorfr\",\"@id\":\"https:\/\/www.africa-press.net\/congo-brazzaville\/#\/schema\/person\/2b1cf3cd81a31e3cd26889ca66d677f1\"},\"headline\":\"Football, le week-end des Diables rouges et des Congolais de la diaspora en France (Ligue 2)\",\"datePublished\":\"2023-02-26T19:36:59+00:00\",\"dateModified\":\"2023-02-26T20:29:03+00:00\",\"mainEntityOfPage\":{\"@id\":\"https:\/\/www.africa-press.net\/congo-brazzaville\/sports\/football-le-week-end-des-diables-rouges-et-des-congolais-de-la-diaspora-en-france-ligue-2-4\"},\"wordCount\":347,\"commentCount\":0,\"image\":{\"@id\":\"https:\/\/www.africa-press.net\/congo-brazzaville\/sports\/football-le-week-end-des-diables-rouges-et-des-congolais-de-la-diaspora-en-france-ligue-2-4#primaryimage\"},\"thumbnailUrl\":\"https:\/\/static.africa-press.net\/congo-brazzaville\/sites\/51\/2023\/02\/postQueueImg_1677427638.83.jpg\",\"keywords\":[\"Africa Press\",\"Africa Press-Congo Brazzaville\",\"Congo Brazzaville\"],\"articleSection\":[\"Sports\",\"Toutes les actualit\u00e9s\"],\"inLanguage\":\"fr-FR\",\"potentialAction\":[{\"@type\":\"CommentAction\",\"name\":\"Comment\",\"target\":[\"https:\/\/www.africa-press.net\/congo-brazzaville\/sports\/football-le-week-end-des-diables-rouges-et-des-congolais-de-la-diaspora-en-france-ligue-2-4#respond\"]}]},{\"@type\":\"WebPage\",\"@id\":\"https:\/\/www.africa-press.net\/congo-brazzaville\/sports\/football-le-week-end-des-diables-rouges-et-des-congolais-de-la-diaspora-en-france-ligue-2-4\",\"url\":\"https:\/\/www.africa-press.net\/congo-brazzaville\/sports\/football-le-week-end-des-diables-rouges-et-des-congolais-de-la-diaspora-en-france-ligue-2-4\",\"name\":\"Football, le week-end des Diables rouges et des Congolais de la diaspora en France (Ligue 2) - Congo Brazzaville\",\"isPartOf\":{\"@id\":\"https:\/\/www.africa-press.net\/congo-brazzaville\/#website\"},\"primaryImageOfPage\":{\"@id\":\"https:\/\/www.africa-press.net\/congo-brazzaville\/sports\/football-le-week-end-des-diables-rouges-et-des-congolais-de-la-diaspora-en-france-ligue-2-4#primaryimage\"},\"image\":{\"@id\":\"https:\/\/www.africa-press.net\/congo-brazzaville\/sports\/football-le-week-end-des-diables-rouges-et-des-congolais-de-la-diaspora-en-france-ligue-2-4#primaryimage\"},\"thumbnailUrl\":\"https:\/\/static.africa-press.net\/congo-brazzaville\/sites\/51\/2023\/02\/postQueueImg_1677427638.83.jpg\",\"datePublished\":\"2023-02-26T19:36:59+00:00\",\"dateModified\":\"2023-02-26T20:29:03+00:00\",\"author\":{\"@id\":\"https:\/\/www.africa-press.net\/congo-brazzaville\/#\/schema\/person\/2b1cf3cd81a31e3cd26889ca66d677f1\"},\"description\":\"Le Havre rapporte un point de Grenoble (0-0). Avec Nolan Mbemba titulaire au poste d\u2019arrie\u0300re droit. Ho\u0302te de Quevilly- ...\",\"breadcrumb\":{\"@id\":\"https:\/\/www.africa-press.net\/congo-brazzaville\/sports\/football-le-week-end-des-diables-rouges-et-des-congolais-de-la-diaspora-en-france-ligue-2-4#breadcrumb\"},\"inLanguage\":\"fr-FR\",\"potentialAction\":[{\"@type\":\"ReadAction\",\"target\":[\"https:\/\/www.africa-press.net\/congo-brazzaville\/sports\/football-le-week-end-des-diables-rouges-et-des-congolais-de-la-diaspora-en-france-ligue-2-4\"]}]},{\"@type\":\"ImageObject\",\"inLanguage\":\"fr-FR\",\"@id\":\"https:\/\/www.africa-press.net\/congo-brazzaville\/sports\/football-le-week-end-des-diables-rouges-et-des-congolais-de-la-diaspora-en-france-ligue-2-4#primaryimage\",\"url\":\"https:\/\/static.africa-press.net\/congo-brazzaville\/sites\/51\/2023\/02\/postQueueImg_1677427638.83.jpg\",\"contentUrl\":\"https:\/\/static.africa-press.net\/congo-brazzaville\/sites\/51\/2023\/02\/postQueueImg_1677427638.83.jpg\",\"width\":1280,\"height\":720,\"caption\":\"Football, le week-end des Diables rouges et des Congolais de la diaspora en France (Ligue 2)\"},{\"@type\":\"BreadcrumbList\",\"@id\":\"https:\/\/www.africa-press.net\/congo-brazzaville\/sports\/football-le-week-end-des-diables-rouges-et-des-congolais-de-la-diaspora-en-france-ligue-2-4#breadcrumb\",\"itemListElement\":[{\"@type\":\"ListItem\",\"position\":1,\"name\":\"Accueil\",\"item\":\"https:\/\/www.africa-press.net\/congo-brazzaville\/\"},{\"@type\":\"ListItem\",\"position\":2,\"name\":\"Football, le week-end des Diables rouges et des Congolais de la diaspora en France (Ligue 2)\"}]},{\"@type\":\"WebSite\",\"@id\":\"https:\/\/www.africa-press.net\/congo-brazzaville\/#website\",\"url\":\"https:\/\/www.africa-press.net\/congo-brazzaville\/\",\"name\":\"Congo Brazzaville\",\"description\":\"Just another Africa News Agency Sites site\",\"potentialAction\":[{\"@type\":\"SearchAction\",\"target\":{\"@type\":\"EntryPoint\",\"urlTemplate\":\"https:\/\/www.africa-press.net\/congo-brazzaville\/?s={search_term_string}\"},\"query-input\":{\"@type\":\"PropertyValueSpecification\",\"valueRequired\":true,\"valueName\":\"search_term_string\"}}],\"inLanguage\":\"fr-FR\"},{\"@type\":\"Person\",\"@id\":\"https:\/\/www.africa-press.net\/congo-brazzaville\/#\/schema\/person\/2b1cf3cd81a31e3cd26889ca66d677f1\",\"name\":\"cfeditorfr\"}]}<\/script>\n<!-- \/ Yoast SEO Premium plugin. -->","yoast_head_json":{"title":"Football, le week-end des Diables rouges et des Congolais de la diaspora en France (Ligue 2) - Congo Brazzaville","description":"Le Havre rapporte un point de Grenoble (0-0). Avec Nolan Mbemba titulaire au poste d\u2019arrie\u0300re droit. Ho\u0302te de Quevilly- ...","robots":{"index":"index","follow":"follow","max-snippet":"max-snippet:-1","max-image-preview":"max-image-preview:large","max-video-preview":"max-video-preview:-1"},"canonical":"https:\/\/www.africa-press.net\/congo-brazzaville\/sports\/football-le-week-end-des-diables-rouges-et-des-congolais-de-la-diaspora-en-france-ligue-2-4","og_locale":"fr_FR","og_type":"article","og_title":"Football, le week-end des Diables rouges et des Congolais de la diaspora en France (Ligue 2)","og_description":"Le Havre rapporte un point de Grenoble (0-0). Avec Nolan Mbemba titulaire au poste d\u2019arrie\u0300re droit. Ho\u0302te de Quevilly- ...","og_url":"https:\/\/www.africa-press.net\/congo-brazzaville\/sports\/football-le-week-end-des-diables-rouges-et-des-congolais-de-la-diaspora-en-france-ligue-2-4","og_site_name":"Congo Brazzaville","article_published_time":"2023-02-26T19:36:59+00:00","article_modified_time":"2023-02-26T20:29:03+00:00","og_image":[{"width":1280,"height":720,"url":"https:\/\/static.africa-press.net\/congo-brazzaville\/sites\/51\/2023\/02\/postQueueImg_1677427638.83.jpg","type":"image\/jpeg"}],"author":"cfeditorfr","twitter_card":"summary_large_image","twitter_misc":{"\u00c9crit par":"cfeditorfr","Dur\u00e9e de lecture estim\u00e9e":"2 minutes"},"schema":{"@context":"https:\/\/schema.org","@graph":[{"@type":"Article","@id":"https:\/\/www.africa-press.net\/congo-brazzaville\/sports\/football-le-week-end-des-diables-rouges-et-des-congolais-de-la-diaspora-en-france-ligue-2-4#article","isPartOf":{"@id":"https:\/\/www.africa-press.net\/congo-brazzaville\/sports\/football-le-week-end-des-diables-rouges-et-des-congolais-de-la-diaspora-en-france-ligue-2-4"},"author":{"name":"cfeditorfr","@id":"https:\/\/www.africa-press.net\/congo-brazzaville\/#\/schema\/person\/2b1cf3cd81a31e3cd26889ca66d677f1"},"headline":"Football, le week-end des Diables rouges et des Congolais de la diaspora en France (Ligue 2)","datePublished":"2023-02-26T19:36:59+00:00","dateModified":"2023-02-26T20:29:03+00:00","mainEntityOfPage":{"@id":"https:\/\/www.africa-press.net\/congo-brazzaville\/sports\/football-le-week-end-des-diables-rouges-et-des-congolais-de-la-diaspora-en-france-ligue-2-4"},"wordCount":347,"commentCount":0,"image":{"@id":"https:\/\/www.africa-press.net\/congo-brazzaville\/sports\/football-le-week-end-des-diables-rouges-et-des-congolais-de-la-diaspora-en-france-ligue-2-4#primaryimage"},"thumbnailUrl":"https:\/\/static.africa-press.net\/congo-brazzaville\/sites\/51\/2023\/02\/postQueueImg_1677427638.83.jpg","keywords":["Africa Press","Africa Press-Congo Brazzaville","Congo Brazzaville"],"articleSection":["Sports","Toutes les actualit\u00e9s"],"inLanguage":"fr-FR","potentialAction":[{"@type":"CommentAction","name":"Comment","target":["https:\/\/www.africa-press.net\/congo-brazzaville\/sports\/football-le-week-end-des-diables-rouges-et-des-congolais-de-la-diaspora-en-france-ligue-2-4#respond"]}]},{"@type":"WebPage","@id":"https:\/\/www.africa-press.net\/congo-brazzaville\/sports\/football-le-week-end-des-diables-rouges-et-des-congolais-de-la-diaspora-en-france-ligue-2-4","url":"https:\/\/www.africa-press.net\/congo-brazzaville\/sports\/football-le-week-end-des-diables-rouges-et-des-congolais-de-la-diaspora-en-france-ligue-2-4","name":"Football, le week-end des Diables rouges et des Congolais de la diaspora en France (Ligue 2) - Congo Brazzaville","isPartOf":{"@id":"https:\/\/www.africa-press.net\/congo-brazzaville\/#website"},"primaryImageOfPage":{"@id":"https:\/\/www.africa-press.net\/congo-brazzaville\/sports\/football-le-week-end-des-diables-rouges-et-des-congolais-de-la-diaspora-en-france-ligue-2-4#primaryimage"},"image":{"@id":"https:\/\/www.africa-press.net\/congo-brazzaville\/sports\/football-le-week-end-des-diables-rouges-et-des-congolais-de-la-diaspora-en-france-ligue-2-4#primaryimage"},"thumbnailUrl":"https:\/\/static.africa-press.net\/congo-brazzaville\/sites\/51\/2023\/02\/postQueueImg_1677427638.83.jpg","datePublished":"2023-02-26T19:36:59+00:00","dateModified":"2023-02-26T20:29:03+00:00","author":{"@id":"https:\/\/www.africa-press.net\/congo-brazzaville\/#\/schema\/person\/2b1cf3cd81a31e3cd26889ca66d677f1"},"description":"Le Havre rapporte un point de Grenoble (0-0). Avec Nolan Mbemba titulaire au poste d\u2019arrie\u0300re droit. Ho\u0302te de Quevilly- ...","breadcrumb":{"@id":"https:\/\/www.africa-press.net\/congo-brazzaville\/sports\/football-le-week-end-des-diables-rouges-et-des-congolais-de-la-diaspora-en-france-ligue-2-4#breadcrumb"},"inLanguage":"fr-FR","potentialAction":[{"@type":"ReadAction","target":["https:\/\/www.africa-press.net\/congo-brazzaville\/sports\/football-le-week-end-des-diables-rouges-et-des-congolais-de-la-diaspora-en-france-ligue-2-4"]}]},{"@type":"ImageObject","inLanguage":"fr-FR","@id":"https:\/\/www.africa-press.net\/congo-brazzaville\/sports\/football-le-week-end-des-diables-rouges-et-des-congolais-de-la-diaspora-en-france-ligue-2-4#primaryimage","url":"https:\/\/static.africa-press.net\/congo-brazzaville\/sites\/51\/2023\/02\/postQueueImg_1677427638.83.jpg","contentUrl":"https:\/\/static.africa-press.net\/congo-brazzaville\/sites\/51\/2023\/02\/postQueueImg_1677427638.83.jpg","width":1280,"height":720,"caption":"Football, le week-end des Diables rouges et des Congolais de la diaspora en France (Ligue 2)"},{"@type":"BreadcrumbList","@id":"https:\/\/www.africa-press.net\/congo-brazzaville\/sports\/football-le-week-end-des-diables-rouges-et-des-congolais-de-la-diaspora-en-france-ligue-2-4#breadcrumb","itemListElement":[{"@type":"ListItem","position":1,"name":"Accueil","item":"https:\/\/www.africa-press.net\/congo-brazzaville\/"},{"@type":"ListItem","position":2,"name":"Football, le week-end des Diables rouges et des Congolais de la diaspora en France (Ligue 2)"}]},{"@type":"WebSite","@id":"https:\/\/www.africa-press.net\/congo-brazzaville\/#website","url":"https:\/\/www.africa-press.net\/congo-brazzaville\/","name":"Congo Brazzaville","description":"Just another Africa News Agency Sites site","potentialAction":[{"@type":"SearchAction","target":{"@type":"EntryPoint","urlTemplate":"https:\/\/www.africa-press.net\/congo-brazzaville\/?s={search_term_string}"},"query-input":{"@type":"PropertyValueSpecification","valueRequired":true,"valueName":"search_term_string"}}],"inLanguage":"fr-FR"},{"@type":"Person","@id":"https:\/\/www.africa-press.net\/congo-brazzaville\/#\/schema\/person\/2b1cf3cd81a31e3cd26889ca66d677f1","name":"cfeditorfr"}]}},"_links":{"self":[{"href":"https:\/\/www.africa-press.net\/congo-brazzaville\/wp-json\/wp\/v2\/posts\/14901","targetHints":{"allow":["GET"]}}],"collection":[{"href":"https:\/\/www.africa-press.net\/congo-brazzaville\/wp-json\/wp\/v2\/posts"}],"about":[{"href":"https:\/\/www.africa-press.net\/congo-brazzaville\/wp-json\/wp\/v2\/types\/post"}],"author":[{"embeddable":true,"href":"https:\/\/www.africa-press.net\/congo-brazzaville\/wp-json\/wp\/v2\/users\/82"}],"replies":[{"embeddable":true,"href":"https:\/\/www.africa-press.net\/congo-brazzaville\/wp-json\/wp\/v2\/comments?post=14901"}],"version-history":[{"count":0,"href":"https:\/\/www.africa-press.net\/congo-brazzaville\/wp-json\/wp\/v2\/posts\/14901\/revisions"}],"wp:featuredmedia":[{"embeddable":true,"href":"https:\/\/www.africa-press.net\/congo-brazzaville\/wp-json\/wp\/v2\/media\/14900"}],"wp:attachment":[{"href":"https:\/\/www.africa-press.net\/congo-brazzaville\/wp-json\/wp\/v2\/media?parent=14901"}],"wp:term":[{"taxonomy":"category","embeddable":true,"href":"https:\/\/www.africa-press.net\/congo-brazzaville\/wp-json\/wp\/v2\/categories?post=14901"},{"taxonomy":"post_tag","embeddable":true,"href":"https:\/\/www.africa-press.net\/congo-brazzaville\/wp-json\/wp\/v2\/tags?post=14901"}],"curies":[{"name":"wp","href":"https:\/\/api.w.org\/{rel}","templated":true}]}}