{"id":14903,"date":"2023-02-26T19:37:35","date_gmt":"2023-02-26T19:37:35","guid":{"rendered":"https:\/\/www.africa-press.net\/congo-brazzaville\/politique\/142-controleurs-commerciaux-appeles-a-saccommoder-aux-textes-reglementaires"},"modified":"2023-02-26T20:29:41","modified_gmt":"2023-02-26T20:29:41","slug":"142-controleurs-commerciaux-appeles-a-saccommoder-aux-textes-reglementaires","status":"publish","type":"post","link":"https:\/\/www.africa-press.net\/congo-brazzaville\/economie\/142-controleurs-commerciaux-appeles-a-saccommoder-aux-textes-reglementaires","title":{"rendered":"142 contr\u00f4leurs commerciaux appel\u00e9s \u00e0 s\u2019accommoder aux textes r\u00e9glementaires"},"content":{"rendered":"<p><span style=\"color: #ff6600\"><strong>Africa-Press &#8211; Congo Brazzaville. <\/strong><\/span><b>Le directeur des affaires administratives et financie\u0300res de la direction de la concurrence et de la re\u0301pression des fraudes commerciales, Blaise MayamaKounga a exhorte\u0301, le 24 fe\u0301vrier a\u0300 Brazzaville, les 142 contro\u0302leurs commerciaux dont il fait e\u0301quipe, a\u0300 s\u2019accommoder aux textes re\u0300glementaires et aux textes le\u0301gislatifs qui re\u0301gissent a\u0300 la fois la fonction publique et la fonction du commerce pour honorer la formule de leur serment.<\/b><\/p>\n<p>\u00ab C\u2019est un engagement que nous venons de prendre devant la nation, devant tous les congolais. Vous savez que cela se passe au Tribunal de grandes instances de Brazzaville dans une salle d\u2019audience. Autrement dit, c\u2019est un engagement que nous prenons devant la nation pour honorer notre formule de serment. Entre autres mots cle\u0301s de cette formule : la dignite\u0301, l\u2019inte\u0301grite\u0301, l\u2019impartialite\u0301, la neutralite\u0301, la probite\u0301 \u00bb, a souligne\u0301 le directeur des affaires administratives et financie\u0300res de la direction de la concurrence et de la re\u0301pression des fraudes commerciales, Blaise MayamaKounga, a\u0300 l\u2019issue de la prestation de serment devant le Tribunal de grandes instances en qualite\u0301 de contro\u0302leur commercial.<\/p>\n<p>Blaise MayamaKounga a attire\u0301 l\u2019attention de ses pairs sur la probite\u0301 morale. Sombrer dans des comportements de\u0301viants pourrait engendrer des conse\u0301quences lourdes a\u0300 assumer. \u00ab Nous sommes assujettis a\u0300 des sanctions e\u0301galement. L\u2019administration est hie\u0301rarchise\u0301e. Elle obe\u0301it a\u0300 certaines normes. Si nous allons a\u0300 l\u2019encontre des textes le\u0301gislatifs, nous serons e\u0301ventuellement frappe\u0301s au be\u0301ne\u0301fice de ces sanctions-la\u0300.<\/p>\n<p>Le substitut du procureur de la Re\u0301publique pre\u0300s le Tribunal des grandes instances de Brazzaville, Jukel Mbongo a pour sa part, rappele\u0301 aux contro\u0302leurs commerciaux qu\u2019il rele\u0300ve de leur pouvoir d\u2019effectuer le contro\u0302le dans toutes les entreprises, tous les e\u0301tablissements de nature commercial, de contro\u0302ler les prix, les dates d\u2019expiration, les conditions de stockage des marchandises, les conditions d\u2019importation et d\u2019exportation, les conditions de vente et de production des denre\u0301es alimentaires qu\u2019il s\u2019agit bien de leurs pouvoirs. Il suffirait simplement de se conformer a\u0300 la loi.<\/p>\n<p>Pour lui, a\u0300 travers ce serment, les contro\u0302leurs commerciaux viennent la\u0300 d\u2019engager leur vie dans un nouveau couloir assermente\u0301 face aux re\u0301quisitions qui leur ont e\u0301te\u0301 notifie\u0301es au niveau par le Tribunal, pre\u0301cisant que l\u2019alimentation au c\u0153ur de beaucoup de situations mortelles, assainir le marche\u0301 pour prote\u0301ger le consommateur, demeure l\u2019une de leurs missions fondamentales.<\/p>\n<p><strong>Pour plus d&rsquo;informations et d&rsquo;analyses sur la <a href=\"https:\/\/www.africa-press.net\/congo-brazzaville\">Congo Brazzaville<\/a>, suivez <a href=\"https:\/\/www.africa-press.net\/\">Africa-Press<\/a><\/strong><\/p>\n","protected":false},"excerpt":{"rendered":"<p>Africa-Press &#8211; Congo Brazzaville. Le directeur des affaires administratives et financie\u0300res de la direction de la concurrence et de la re\u0301pression des fraudes commerciales, Blaise MayamaKounga a exhorte\u0301, le 24 fe\u0301vrier a\u0300 Brazzaville, les 142 contro\u0302leurs commerciaux dont il fait e\u0301quipe, a\u0300 s\u2019accommoder aux textes re\u0300glementaires et aux textes le\u0301gislatifs qui re\u0301gissent a\u0300 la fois [&hellip;]<\/p>\n","protected":false},"author":82,"featured_media":14902,"comment_status":"open","ping_status":"closed","sticky":false,"template":"","format":"standard","meta":{"footnotes":""},"categories":[3,10],"tags":[36,47,46],"class_list":["post-14903","post","type-post","status-publish","format-standard","has-post-thumbnail","hentry","category-economie","category-toutes-les-actualites","tag-africa-press","tag-africa-press-congo-brazzaville","tag-congo-brazzaville"],"yoast_head":"<!-- This site is optimized with the Yoast SEO Premium plugin v26.1 (Yoast SEO v27.0) - https:\/\/yoast.com\/product\/yoast-seo-premium-wordpress\/ -->\n<title>142 contr\u00f4leurs commerciaux appel\u00e9s \u00e0 s\u2019accommoder aux textes r\u00e9glementaires - Congo Brazzaville<\/title>\n<meta name=\"description\" content=\"Le directeur des affaires administratives et financie\u0300res de la direction de la concurrence et de la re\u0301pression des ...\" \/>\n<meta name=\"robots\" content=\"index, follow, max-snippet:-1, max-image-preview:large, max-video-preview:-1\" \/>\n<link rel=\"canonical\" href=\"https:\/\/www.africa-press.net\/congo-brazzaville\/economie\/142-controleurs-commerciaux-appeles-a-saccommoder-aux-textes-reglementaires\" \/>\n<meta property=\"og:locale\" content=\"fr_FR\" \/>\n<meta property=\"og:type\" content=\"article\" \/>\n<meta property=\"og:title\" content=\"142 contr\u00f4leurs commerciaux appel\u00e9s \u00e0 s\u2019accommoder aux textes r\u00e9glementaires\" \/>\n<meta property=\"og:description\" content=\"Le directeur des affaires administratives et financie\u0300res de la direction de la concurrence et de la re\u0301pression des ...\" \/>\n<meta property=\"og:url\" content=\"https:\/\/www.africa-press.net\/congo-brazzaville\/economie\/142-controleurs-commerciaux-appeles-a-saccommoder-aux-textes-reglementaires\" \/>\n<meta property=\"og:site_name\" content=\"Congo Brazzaville\" \/>\n<meta property=\"article:published_time\" content=\"2023-02-26T19:37:35+00:00\" \/>\n<meta property=\"article:modified_time\" content=\"2023-02-26T20:29:41+00:00\" \/>\n<meta property=\"og:image\" content=\"https:\/\/static.africa-press.net\/congo-brazzaville\/sites\/51\/2023\/02\/postQueueImg_1677427683.33.jpg\" \/>\n\t<meta property=\"og:image:width\" content=\"797\" \/>\n\t<meta property=\"og:image:height\" content=\"435\" \/>\n\t<meta property=\"og:image:type\" content=\"image\/jpeg\" \/>\n<meta name=\"author\" content=\"cfeditorfr\" \/>\n<meta name=\"twitter:card\" content=\"summary_large_image\" \/>\n<meta name=\"twitter:label1\" content=\"\u00c9crit par\" \/>\n\t<meta name=\"twitter:data1\" content=\"cfeditorfr\" \/>\n\t<meta name=\"twitter:label2\" content=\"Dur\u00e9e de lecture estim\u00e9e\" \/>\n\t<meta name=\"twitter:data2\" content=\"2 minutes\" \/>\n<script type=\"application\/ld+json\" class=\"yoast-schema-graph\">{\"@context\":\"https:\/\/schema.org\",\"@graph\":[{\"@type\":\"Article\",\"@id\":\"https:\/\/www.africa-press.net\/congo-brazzaville\/economie\/142-controleurs-commerciaux-appeles-a-saccommoder-aux-textes-reglementaires#article\",\"isPartOf\":{\"@id\":\"https:\/\/www.africa-press.net\/congo-brazzaville\/economie\/142-controleurs-commerciaux-appeles-a-saccommoder-aux-textes-reglementaires\"},\"author\":{\"name\":\"cfeditorfr\",\"@id\":\"https:\/\/www.africa-press.net\/congo-brazzaville\/#\/schema\/person\/2b1cf3cd81a31e3cd26889ca66d677f1\"},\"headline\":\"142 contr\u00f4leurs commerciaux appel\u00e9s \u00e0 s\u2019accommoder aux textes r\u00e9glementaires\",\"datePublished\":\"2023-02-26T19:37:35+00:00\",\"dateModified\":\"2023-02-26T20:29:41+00:00\",\"mainEntityOfPage\":{\"@id\":\"https:\/\/www.africa-press.net\/congo-brazzaville\/economie\/142-controleurs-commerciaux-appeles-a-saccommoder-aux-textes-reglementaires\"},\"wordCount\":454,\"commentCount\":0,\"image\":{\"@id\":\"https:\/\/www.africa-press.net\/congo-brazzaville\/economie\/142-controleurs-commerciaux-appeles-a-saccommoder-aux-textes-reglementaires#primaryimage\"},\"thumbnailUrl\":\"https:\/\/static.africa-press.net\/congo-brazzaville\/sites\/51\/2023\/02\/postQueueImg_1677427683.33.jpg\",\"keywords\":[\"Africa Press\",\"Africa Press-Congo Brazzaville\",\"Congo Brazzaville\"],\"articleSection\":[\"\u00c9conomie\",\"Toutes les actualit\u00e9s\"],\"inLanguage\":\"fr-FR\",\"potentialAction\":[{\"@type\":\"CommentAction\",\"name\":\"Comment\",\"target\":[\"https:\/\/www.africa-press.net\/congo-brazzaville\/economie\/142-controleurs-commerciaux-appeles-a-saccommoder-aux-textes-reglementaires#respond\"]}]},{\"@type\":\"WebPage\",\"@id\":\"https:\/\/www.africa-press.net\/congo-brazzaville\/economie\/142-controleurs-commerciaux-appeles-a-saccommoder-aux-textes-reglementaires\",\"url\":\"https:\/\/www.africa-press.net\/congo-brazzaville\/economie\/142-controleurs-commerciaux-appeles-a-saccommoder-aux-textes-reglementaires\",\"name\":\"142 contr\u00f4leurs commerciaux appel\u00e9s \u00e0 s\u2019accommoder aux textes r\u00e9glementaires - Congo Brazzaville\",\"isPartOf\":{\"@id\":\"https:\/\/www.africa-press.net\/congo-brazzaville\/#website\"},\"primaryImageOfPage\":{\"@id\":\"https:\/\/www.africa-press.net\/congo-brazzaville\/economie\/142-controleurs-commerciaux-appeles-a-saccommoder-aux-textes-reglementaires#primaryimage\"},\"image\":{\"@id\":\"https:\/\/www.africa-press.net\/congo-brazzaville\/economie\/142-controleurs-commerciaux-appeles-a-saccommoder-aux-textes-reglementaires#primaryimage\"},\"thumbnailUrl\":\"https:\/\/static.africa-press.net\/congo-brazzaville\/sites\/51\/2023\/02\/postQueueImg_1677427683.33.jpg\",\"datePublished\":\"2023-02-26T19:37:35+00:00\",\"dateModified\":\"2023-02-26T20:29:41+00:00\",\"author\":{\"@id\":\"https:\/\/www.africa-press.net\/congo-brazzaville\/#\/schema\/person\/2b1cf3cd81a31e3cd26889ca66d677f1\"},\"description\":\"Le directeur des affaires administratives et financie\u0300res de la direction de la concurrence et de la re\u0301pression des ...\",\"breadcrumb\":{\"@id\":\"https:\/\/www.africa-press.net\/congo-brazzaville\/economie\/142-controleurs-commerciaux-appeles-a-saccommoder-aux-textes-reglementaires#breadcrumb\"},\"inLanguage\":\"fr-FR\",\"potentialAction\":[{\"@type\":\"ReadAction\",\"target\":[\"https:\/\/www.africa-press.net\/congo-brazzaville\/economie\/142-controleurs-commerciaux-appeles-a-saccommoder-aux-textes-reglementaires\"]}]},{\"@type\":\"ImageObject\",\"inLanguage\":\"fr-FR\",\"@id\":\"https:\/\/www.africa-press.net\/congo-brazzaville\/economie\/142-controleurs-commerciaux-appeles-a-saccommoder-aux-textes-reglementaires#primaryimage\",\"url\":\"https:\/\/static.africa-press.net\/congo-brazzaville\/sites\/51\/2023\/02\/postQueueImg_1677427683.33.jpg\",\"contentUrl\":\"https:\/\/static.africa-press.net\/congo-brazzaville\/sites\/51\/2023\/02\/postQueueImg_1677427683.33.jpg\",\"width\":797,\"height\":435,\"caption\":\"142 contr\u00f4leurs commerciaux appel\u00e9s \u00e0 s\u2019accommoder aux textes r\u00e9glementaires\"},{\"@type\":\"BreadcrumbList\",\"@id\":\"https:\/\/www.africa-press.net\/congo-brazzaville\/economie\/142-controleurs-commerciaux-appeles-a-saccommoder-aux-textes-reglementaires#breadcrumb\",\"itemListElement\":[{\"@type\":\"ListItem\",\"position\":1,\"name\":\"Accueil\",\"item\":\"https:\/\/www.africa-press.net\/congo-brazzaville\/\"},{\"@type\":\"ListItem\",\"position\":2,\"name\":\"142 contr\u00f4leurs commerciaux appel\u00e9s \u00e0 s\u2019accommoder aux textes r\u00e9glementaires\"}]},{\"@type\":\"WebSite\",\"@id\":\"https:\/\/www.africa-press.net\/congo-brazzaville\/#website\",\"url\":\"https:\/\/www.africa-press.net\/congo-brazzaville\/\",\"name\":\"Congo Brazzaville\",\"description\":\"Just another Africa News Agency Sites site\",\"potentialAction\":[{\"@type\":\"SearchAction\",\"target\":{\"@type\":\"EntryPoint\",\"urlTemplate\":\"https:\/\/www.africa-press.net\/congo-brazzaville\/?s={search_term_string}\"},\"query-input\":{\"@type\":\"PropertyValueSpecification\",\"valueRequired\":true,\"valueName\":\"search_term_string\"}}],\"inLanguage\":\"fr-FR\"},{\"@type\":\"Person\",\"@id\":\"https:\/\/www.africa-press.net\/congo-brazzaville\/#\/schema\/person\/2b1cf3cd81a31e3cd26889ca66d677f1\",\"name\":\"cfeditorfr\"}]}<\/script>\n<!-- \/ Yoast SEO Premium plugin. -->","yoast_head_json":{"title":"142 contr\u00f4leurs commerciaux appel\u00e9s \u00e0 s\u2019accommoder aux textes r\u00e9glementaires - Congo Brazzaville","description":"Le directeur des affaires administratives et financie\u0300res de la direction de la concurrence et de la re\u0301pression des ...","robots":{"index":"index","follow":"follow","max-snippet":"max-snippet:-1","max-image-preview":"max-image-preview:large","max-video-preview":"max-video-preview:-1"},"canonical":"https:\/\/www.africa-press.net\/congo-brazzaville\/economie\/142-controleurs-commerciaux-appeles-a-saccommoder-aux-textes-reglementaires","og_locale":"fr_FR","og_type":"article","og_title":"142 contr\u00f4leurs commerciaux appel\u00e9s \u00e0 s\u2019accommoder aux textes r\u00e9glementaires","og_description":"Le directeur des affaires administratives et financie\u0300res de la direction de la concurrence et de la re\u0301pression des ...","og_url":"https:\/\/www.africa-press.net\/congo-brazzaville\/economie\/142-controleurs-commerciaux-appeles-a-saccommoder-aux-textes-reglementaires","og_site_name":"Congo Brazzaville","article_published_time":"2023-02-26T19:37:35+00:00","article_modified_time":"2023-02-26T20:29:41+00:00","og_image":[{"width":797,"height":435,"url":"https:\/\/static.africa-press.net\/congo-brazzaville\/sites\/51\/2023\/02\/postQueueImg_1677427683.33.jpg","type":"image\/jpeg"}],"author":"cfeditorfr","twitter_card":"summary_large_image","twitter_misc":{"\u00c9crit par":"cfeditorfr","Dur\u00e9e de lecture estim\u00e9e":"2 minutes"},"schema":{"@context":"https:\/\/schema.org","@graph":[{"@type":"Article","@id":"https:\/\/www.africa-press.net\/congo-brazzaville\/economie\/142-controleurs-commerciaux-appeles-a-saccommoder-aux-textes-reglementaires#article","isPartOf":{"@id":"https:\/\/www.africa-press.net\/congo-brazzaville\/economie\/142-controleurs-commerciaux-appeles-a-saccommoder-aux-textes-reglementaires"},"author":{"name":"cfeditorfr","@id":"https:\/\/www.africa-press.net\/congo-brazzaville\/#\/schema\/person\/2b1cf3cd81a31e3cd26889ca66d677f1"},"headline":"142 contr\u00f4leurs commerciaux appel\u00e9s \u00e0 s\u2019accommoder aux textes r\u00e9glementaires","datePublished":"2023-02-26T19:37:35+00:00","dateModified":"2023-02-26T20:29:41+00:00","mainEntityOfPage":{"@id":"https:\/\/www.africa-press.net\/congo-brazzaville\/economie\/142-controleurs-commerciaux-appeles-a-saccommoder-aux-textes-reglementaires"},"wordCount":454,"commentCount":0,"image":{"@id":"https:\/\/www.africa-press.net\/congo-brazzaville\/economie\/142-controleurs-commerciaux-appeles-a-saccommoder-aux-textes-reglementaires#primaryimage"},"thumbnailUrl":"https:\/\/static.africa-press.net\/congo-brazzaville\/sites\/51\/2023\/02\/postQueueImg_1677427683.33.jpg","keywords":["Africa Press","Africa Press-Congo Brazzaville","Congo Brazzaville"],"articleSection":["\u00c9conomie","Toutes les actualit\u00e9s"],"inLanguage":"fr-FR","potentialAction":[{"@type":"CommentAction","name":"Comment","target":["https:\/\/www.africa-press.net\/congo-brazzaville\/economie\/142-controleurs-commerciaux-appeles-a-saccommoder-aux-textes-reglementaires#respond"]}]},{"@type":"WebPage","@id":"https:\/\/www.africa-press.net\/congo-brazzaville\/economie\/142-controleurs-commerciaux-appeles-a-saccommoder-aux-textes-reglementaires","url":"https:\/\/www.africa-press.net\/congo-brazzaville\/economie\/142-controleurs-commerciaux-appeles-a-saccommoder-aux-textes-reglementaires","name":"142 contr\u00f4leurs commerciaux appel\u00e9s \u00e0 s\u2019accommoder aux textes r\u00e9glementaires - Congo Brazzaville","isPartOf":{"@id":"https:\/\/www.africa-press.net\/congo-brazzaville\/#website"},"primaryImageOfPage":{"@id":"https:\/\/www.africa-press.net\/congo-brazzaville\/economie\/142-controleurs-commerciaux-appeles-a-saccommoder-aux-textes-reglementaires#primaryimage"},"image":{"@id":"https:\/\/www.africa-press.net\/congo-brazzaville\/economie\/142-controleurs-commerciaux-appeles-a-saccommoder-aux-textes-reglementaires#primaryimage"},"thumbnailUrl":"https:\/\/static.africa-press.net\/congo-brazzaville\/sites\/51\/2023\/02\/postQueueImg_1677427683.33.jpg","datePublished":"2023-02-26T19:37:35+00:00","dateModified":"2023-02-26T20:29:41+00:00","author":{"@id":"https:\/\/www.africa-press.net\/congo-brazzaville\/#\/schema\/person\/2b1cf3cd81a31e3cd26889ca66d677f1"},"description":"Le directeur des affaires administratives et financie\u0300res de la direction de la concurrence et de la re\u0301pression des ...","breadcrumb":{"@id":"https:\/\/www.africa-press.net\/congo-brazzaville\/economie\/142-controleurs-commerciaux-appeles-a-saccommoder-aux-textes-reglementaires#breadcrumb"},"inLanguage":"fr-FR","potentialAction":[{"@type":"ReadAction","target":["https:\/\/www.africa-press.net\/congo-brazzaville\/economie\/142-controleurs-commerciaux-appeles-a-saccommoder-aux-textes-reglementaires"]}]},{"@type":"ImageObject","inLanguage":"fr-FR","@id":"https:\/\/www.africa-press.net\/congo-brazzaville\/economie\/142-controleurs-commerciaux-appeles-a-saccommoder-aux-textes-reglementaires#primaryimage","url":"https:\/\/static.africa-press.net\/congo-brazzaville\/sites\/51\/2023\/02\/postQueueImg_1677427683.33.jpg","contentUrl":"https:\/\/static.africa-press.net\/congo-brazzaville\/sites\/51\/2023\/02\/postQueueImg_1677427683.33.jpg","width":797,"height":435,"caption":"142 contr\u00f4leurs commerciaux appel\u00e9s \u00e0 s\u2019accommoder aux textes r\u00e9glementaires"},{"@type":"BreadcrumbList","@id":"https:\/\/www.africa-press.net\/congo-brazzaville\/economie\/142-controleurs-commerciaux-appeles-a-saccommoder-aux-textes-reglementaires#breadcrumb","itemListElement":[{"@type":"ListItem","position":1,"name":"Accueil","item":"https:\/\/www.africa-press.net\/congo-brazzaville\/"},{"@type":"ListItem","position":2,"name":"142 contr\u00f4leurs commerciaux appel\u00e9s \u00e0 s\u2019accommoder aux textes r\u00e9glementaires"}]},{"@type":"WebSite","@id":"https:\/\/www.africa-press.net\/congo-brazzaville\/#website","url":"https:\/\/www.africa-press.net\/congo-brazzaville\/","name":"Congo Brazzaville","description":"Just another Africa News Agency Sites site","potentialAction":[{"@type":"SearchAction","target":{"@type":"EntryPoint","urlTemplate":"https:\/\/www.africa-press.net\/congo-brazzaville\/?s={search_term_string}"},"query-input":{"@type":"PropertyValueSpecification","valueRequired":true,"valueName":"search_term_string"}}],"inLanguage":"fr-FR"},{"@type":"Person","@id":"https:\/\/www.africa-press.net\/congo-brazzaville\/#\/schema\/person\/2b1cf3cd81a31e3cd26889ca66d677f1","name":"cfeditorfr"}]}},"_links":{"self":[{"href":"https:\/\/www.africa-press.net\/congo-brazzaville\/wp-json\/wp\/v2\/posts\/14903","targetHints":{"allow":["GET"]}}],"collection":[{"href":"https:\/\/www.africa-press.net\/congo-brazzaville\/wp-json\/wp\/v2\/posts"}],"about":[{"href":"https:\/\/www.africa-press.net\/congo-brazzaville\/wp-json\/wp\/v2\/types\/post"}],"author":[{"embeddable":true,"href":"https:\/\/www.africa-press.net\/congo-brazzaville\/wp-json\/wp\/v2\/users\/82"}],"replies":[{"embeddable":true,"href":"https:\/\/www.africa-press.net\/congo-brazzaville\/wp-json\/wp\/v2\/comments?post=14903"}],"version-history":[{"count":0,"href":"https:\/\/www.africa-press.net\/congo-brazzaville\/wp-json\/wp\/v2\/posts\/14903\/revisions"}],"wp:featuredmedia":[{"embeddable":true,"href":"https:\/\/www.africa-press.net\/congo-brazzaville\/wp-json\/wp\/v2\/media\/14902"}],"wp:attachment":[{"href":"https:\/\/www.africa-press.net\/congo-brazzaville\/wp-json\/wp\/v2\/media?parent=14903"}],"wp:term":[{"taxonomy":"category","embeddable":true,"href":"https:\/\/www.africa-press.net\/congo-brazzaville\/wp-json\/wp\/v2\/categories?post=14903"},{"taxonomy":"post_tag","embeddable":true,"href":"https:\/\/www.africa-press.net\/congo-brazzaville\/wp-json\/wp\/v2\/tags?post=14903"}],"curies":[{"name":"wp","href":"https:\/\/api.w.org\/{rel}","templated":true}]}}