{"id":14913,"date":"2023-02-27T18:03:29","date_gmt":"2023-02-27T18:03:29","guid":{"rendered":"https:\/\/www.africa-press.net\/congo-brazzaville\/politique\/amelioration-du-climat-des-affaires-les-doleances-des-operateurs-economiques-a-lendroit-du-gouvernement"},"modified":"2023-02-27T19:30:08","modified_gmt":"2023-02-27T19:30:08","slug":"amelioration-du-climat-des-affaires-les-doleances-des-operateurs-economiques-a-lendroit-du-gouvernement","status":"publish","type":"post","link":"https:\/\/www.africa-press.net\/congo-brazzaville\/economie\/amelioration-du-climat-des-affaires-les-doleances-des-operateurs-economiques-a-lendroit-du-gouvernement","title":{"rendered":"Am\u00e9lioration du climat des affaires : les dol\u00e9ances des op\u00e9rateurs \u00e9conomiques \u00e0 l\u2019endroit du gouvernement"},"content":{"rendered":"<p><span style=\"color: #ff6600\"><strong>Africa-Press &#8211; Congo Brazzaville. <\/strong><\/span><b>Le Premier ministre, Anatole Collinet Makosso, a organise\u0301 le 25 fe\u0301vrier a\u0300 Brazzaville un de\u0301jeuner d\u2019affaires avec les investisseurs implante\u0301s au Congo, qui ont soumis au gouvernement un chapelet de dole\u0301ances qui empe\u0302chent l\u2019ame\u0301lioration du climat des affaires au Congo.<\/b><\/p>\n<p>Soixante-dix ope\u0301rateurs e\u0301conomiques et chefs d\u2019entreprise ont participe\u0301 au premier de\u0301jeuner d\u2019investisseurs organise\u0301 par le gouvernement, apre\u0300s la publication d&rsquo;une enque\u0302te re\u0301alise\u0301e par l\u2019Agence pour la promotion des investissements aupre\u0300s des entreprises sur les difficulte\u0301s qu\u2019elles rencontrent. Il ressort que les ope\u0301rateurs e\u0301conomiques sont confronte\u0301s aux difficulte\u0301s de tout genre, parmi lesquelles l\u2019inse\u0301curite\u0301 judiciaire. A ce propos, plusieurs socie\u0301te\u0301s enque\u0302te\u0301es ont fait e\u0301tat des \u00ab de\u0301cisions de justice totalement iniques \u00bb a\u0300 leur encontre, sanctionne\u0301es par des condamnations judiciaires a\u0300 des montants exorbitants.<\/p>\n<p>La me\u0302me enque\u0302te rele\u0300ve aussi un grave harce\u0300lement fiscal, perpe\u0301tre\u0301 par une multiplicite\u0301 de taxes, avec succession de contro\u0302les administratifs qui s\u2019effectuent sur une longue pe\u0301riode et qui, du reste, portent pre\u0301judice sur le fonctionnement normal de leurs entreprises.<\/p>\n<p>Les investisseurs rencontrent aussi de grandes difficulte\u0301s en matie\u0300re de transfert de fonds. En effet, ils se plaignent de ce qu\u2019un simple transfert d\u2019argent actuellement au Congo peut durer en moyenne six mois pour qu\u2019il soit effectif. Un de\u0301lai qu\u2019ils estiment trop long et qui impacte sur leurs activite\u0301s quotidiennes. En plus, pour la me\u0302me ope\u0301ration, les banques exigent trop de papiers qui prennent du temps pour e\u0302tre re\u0301unis.<\/p>\n<p><b>La cherte\u0301 du pe\u0301age, un autre proble\u0300me <\/b><\/p>\n<p>En ce qui concerne le transport des marchandises, les investisseurs fustigent les prix exorbitants du pe\u0301age sur la Nationale 1, entre Brazzaville et Pointe-Noire. Cette hausse des prix affecte leurs socie\u0301te\u0301s mais aussi impacte conside\u0301rablement le panier de la me\u0301nage\u0300re.<\/p>\n<p>Ajouter a\u0300 cela le manque d\u2019infrastructures de base a\u0300 travers le pays. Les hommes d&rsquo;affaires ont releve\u0301, entre autres, la de\u0301gradation de la Nationale 2; le manque de pont sur la rivie\u0300re Sangha au niveau de Ouesso, dont la traverse\u0301e par bac d\u2019un moyen poids lourd cou\u0302te 250 000 FCFA, surtout pour les socie\u0301te\u0301s forestie\u0300res.<\/p>\n<p>C\u2019est donc tous ces proble\u0300mes qui portent pre\u0301judice au bon fonctionnement des entreprises au Congo et qui mettent a\u0300 mal la diversification de l\u2019e\u0301conomie, mais pour lesquels ils sollicitent l\u2019intervention du gouvernement.<\/p>\n<p>Pour sa part, le Premier ministre a pris acte des dole\u0301ances des investisseurs et promis de travailler dore\u0301navant avec eux dans le cadre du dialogue public-prive\u0301 afin qu\u2019ils trouvent ensemble des solutions idoines.<\/p>\n<p>\u00ab Le gouvernement n\u2019est pas insensible aux proble\u0300mes qui lui ont e\u0301te\u0301 pose\u0301s. Nous allons lutter ensemble contre la corruption, la concussion, les pots de vin qui se traduisent par tout ce qui a e\u0301te\u0301 de\u0301nonce\u0301 par les ope\u0301rateurs e\u0301conomiques. Mais j\u2019exhorte a\u0300 de\u0301noncer ces comportements qui ternissent l\u2019image du Congo a\u0300 l\u2019exte\u0301rieur. Pour ce faire, nous allons mettre en place une cellule d\u2019e\u0301veil judiciaire dans les cours et tribunaux afin de mettre un terme a\u0300 ces comportements de\u0301viants \u00bb, a indique\u0301 Anatole Collinet Makosso.<\/p>\n<p>Le Premier ministre a ainsi annonce\u0301 quelques mesures administratives qui permettraient aux entreprises de bien fonctionner afin qu\u2019elles soutiennent l\u2019e\u0301conomie nationale.<\/p>\n<p><strong>Pour plus d&rsquo;informations et d&rsquo;analyses sur la <a href=\"https:\/\/www.africa-press.net\/congo-brazzaville\">Congo Brazzaville<\/a>, suivez <a href=\"https:\/\/www.africa-press.net\/\">Africa-Press<\/a><\/strong><\/p>\n","protected":false},"excerpt":{"rendered":"<p>Africa-Press &#8211; Congo Brazzaville. Le Premier ministre, Anatole Collinet Makosso, a organise\u0301 le 25 fe\u0301vrier a\u0300 Brazzaville un de\u0301jeuner d\u2019affaires avec les investisseurs implante\u0301s au Congo, qui ont soumis au gouvernement un chapelet de dole\u0301ances qui empe\u0302chent l\u2019ame\u0301lioration du climat des affaires au Congo. Soixante-dix ope\u0301rateurs e\u0301conomiques et chefs d\u2019entreprise ont participe\u0301 au premier de\u0301jeuner [&hellip;]<\/p>\n","protected":false},"author":82,"featured_media":14912,"comment_status":"open","ping_status":"closed","sticky":false,"template":"","format":"standard","meta":{"footnotes":""},"categories":[3,10],"tags":[36,47,46],"class_list":["post-14913","post","type-post","status-publish","format-standard","has-post-thumbnail","hentry","category-economie","category-toutes-les-actualites","tag-africa-press","tag-africa-press-congo-brazzaville","tag-congo-brazzaville"],"yoast_head":"<!-- This site is optimized with the Yoast SEO Premium plugin v26.1 (Yoast SEO v27.0) - https:\/\/yoast.com\/product\/yoast-seo-premium-wordpress\/ -->\n<title>Am\u00e9lioration du climat des affaires : les dol\u00e9ances des op\u00e9rateurs \u00e9conomiques \u00e0 l\u2019endroit du gouvernement - Congo Brazzaville<\/title>\n<meta name=\"description\" content=\"Le Premier ministre, Anatole Collinet Makosso, a organise\u0301 le 25 fe\u0301vrier a\u0300 Brazzaville un de\u0301jeuner d\u2019affaires avec ...\" \/>\n<meta name=\"robots\" content=\"index, follow, max-snippet:-1, max-image-preview:large, max-video-preview:-1\" \/>\n<link rel=\"canonical\" href=\"https:\/\/www.africa-press.net\/congo-brazzaville\/economie\/amelioration-du-climat-des-affaires-les-doleances-des-operateurs-economiques-a-lendroit-du-gouvernement\" \/>\n<meta property=\"og:locale\" content=\"fr_FR\" \/>\n<meta property=\"og:type\" content=\"article\" \/>\n<meta property=\"og:title\" content=\"Am\u00e9lioration du climat des affaires : les dol\u00e9ances des op\u00e9rateurs \u00e9conomiques \u00e0 l\u2019endroit du gouvernement\" \/>\n<meta property=\"og:description\" content=\"Le Premier ministre, Anatole Collinet Makosso, a organise\u0301 le 25 fe\u0301vrier a\u0300 Brazzaville un de\u0301jeuner d\u2019affaires avec ...\" \/>\n<meta property=\"og:url\" content=\"https:\/\/www.africa-press.net\/congo-brazzaville\/economie\/amelioration-du-climat-des-affaires-les-doleances-des-operateurs-economiques-a-lendroit-du-gouvernement\" \/>\n<meta property=\"og:site_name\" content=\"Congo Brazzaville\" \/>\n<meta property=\"article:published_time\" content=\"2023-02-27T18:03:29+00:00\" \/>\n<meta property=\"article:modified_time\" content=\"2023-02-27T19:30:08+00:00\" \/>\n<meta property=\"og:image\" content=\"https:\/\/static.africa-press.net\/congo-brazzaville\/sites\/51\/2023\/02\/postQueueImg_1677508413.03.jpg\" \/>\n\t<meta property=\"og:image:width\" content=\"1670\" \/>\n\t<meta property=\"og:image:height\" content=\"768\" \/>\n\t<meta property=\"og:image:type\" content=\"image\/jpeg\" \/>\n<meta name=\"author\" content=\"cfeditorfr\" \/>\n<meta name=\"twitter:card\" content=\"summary_large_image\" \/>\n<meta name=\"twitter:label1\" content=\"\u00c9crit par\" \/>\n\t<meta name=\"twitter:data1\" content=\"cfeditorfr\" \/>\n\t<meta name=\"twitter:label2\" content=\"Dur\u00e9e de lecture estim\u00e9e\" \/>\n\t<meta name=\"twitter:data2\" content=\"3 minutes\" \/>\n<script type=\"application\/ld+json\" class=\"yoast-schema-graph\">{\"@context\":\"https:\/\/schema.org\",\"@graph\":[{\"@type\":\"Article\",\"@id\":\"https:\/\/www.africa-press.net\/congo-brazzaville\/economie\/amelioration-du-climat-des-affaires-les-doleances-des-operateurs-economiques-a-lendroit-du-gouvernement#article\",\"isPartOf\":{\"@id\":\"https:\/\/www.africa-press.net\/congo-brazzaville\/economie\/amelioration-du-climat-des-affaires-les-doleances-des-operateurs-economiques-a-lendroit-du-gouvernement\"},\"author\":{\"name\":\"cfeditorfr\",\"@id\":\"https:\/\/www.africa-press.net\/congo-brazzaville\/#\/schema\/person\/2b1cf3cd81a31e3cd26889ca66d677f1\"},\"headline\":\"Am\u00e9lioration du climat des affaires : les dol\u00e9ances des op\u00e9rateurs \u00e9conomiques \u00e0 l\u2019endroit du gouvernement\",\"datePublished\":\"2023-02-27T18:03:29+00:00\",\"dateModified\":\"2023-02-27T19:30:08+00:00\",\"mainEntityOfPage\":{\"@id\":\"https:\/\/www.africa-press.net\/congo-brazzaville\/economie\/amelioration-du-climat-des-affaires-les-doleances-des-operateurs-economiques-a-lendroit-du-gouvernement\"},\"wordCount\":631,\"commentCount\":0,\"image\":{\"@id\":\"https:\/\/www.africa-press.net\/congo-brazzaville\/economie\/amelioration-du-climat-des-affaires-les-doleances-des-operateurs-economiques-a-lendroit-du-gouvernement#primaryimage\"},\"thumbnailUrl\":\"https:\/\/static.africa-press.net\/congo-brazzaville\/sites\/51\/2023\/02\/postQueueImg_1677508413.03.jpg\",\"keywords\":[\"Africa Press\",\"Africa Press-Congo Brazzaville\",\"Congo Brazzaville\"],\"articleSection\":[\"\u00c9conomie\",\"Toutes les actualit\u00e9s\"],\"inLanguage\":\"fr-FR\",\"potentialAction\":[{\"@type\":\"CommentAction\",\"name\":\"Comment\",\"target\":[\"https:\/\/www.africa-press.net\/congo-brazzaville\/economie\/amelioration-du-climat-des-affaires-les-doleances-des-operateurs-economiques-a-lendroit-du-gouvernement#respond\"]}]},{\"@type\":\"WebPage\",\"@id\":\"https:\/\/www.africa-press.net\/congo-brazzaville\/economie\/amelioration-du-climat-des-affaires-les-doleances-des-operateurs-economiques-a-lendroit-du-gouvernement\",\"url\":\"https:\/\/www.africa-press.net\/congo-brazzaville\/economie\/amelioration-du-climat-des-affaires-les-doleances-des-operateurs-economiques-a-lendroit-du-gouvernement\",\"name\":\"Am\u00e9lioration du climat des affaires : les dol\u00e9ances des op\u00e9rateurs \u00e9conomiques \u00e0 l\u2019endroit du gouvernement - Congo Brazzaville\",\"isPartOf\":{\"@id\":\"https:\/\/www.africa-press.net\/congo-brazzaville\/#website\"},\"primaryImageOfPage\":{\"@id\":\"https:\/\/www.africa-press.net\/congo-brazzaville\/economie\/amelioration-du-climat-des-affaires-les-doleances-des-operateurs-economiques-a-lendroit-du-gouvernement#primaryimage\"},\"image\":{\"@id\":\"https:\/\/www.africa-press.net\/congo-brazzaville\/economie\/amelioration-du-climat-des-affaires-les-doleances-des-operateurs-economiques-a-lendroit-du-gouvernement#primaryimage\"},\"thumbnailUrl\":\"https:\/\/static.africa-press.net\/congo-brazzaville\/sites\/51\/2023\/02\/postQueueImg_1677508413.03.jpg\",\"datePublished\":\"2023-02-27T18:03:29+00:00\",\"dateModified\":\"2023-02-27T19:30:08+00:00\",\"author\":{\"@id\":\"https:\/\/www.africa-press.net\/congo-brazzaville\/#\/schema\/person\/2b1cf3cd81a31e3cd26889ca66d677f1\"},\"description\":\"Le Premier ministre, Anatole Collinet Makosso, a organise\u0301 le 25 fe\u0301vrier a\u0300 Brazzaville un de\u0301jeuner d\u2019affaires avec ...\",\"breadcrumb\":{\"@id\":\"https:\/\/www.africa-press.net\/congo-brazzaville\/economie\/amelioration-du-climat-des-affaires-les-doleances-des-operateurs-economiques-a-lendroit-du-gouvernement#breadcrumb\"},\"inLanguage\":\"fr-FR\",\"potentialAction\":[{\"@type\":\"ReadAction\",\"target\":[\"https:\/\/www.africa-press.net\/congo-brazzaville\/economie\/amelioration-du-climat-des-affaires-les-doleances-des-operateurs-economiques-a-lendroit-du-gouvernement\"]}]},{\"@type\":\"ImageObject\",\"inLanguage\":\"fr-FR\",\"@id\":\"https:\/\/www.africa-press.net\/congo-brazzaville\/economie\/amelioration-du-climat-des-affaires-les-doleances-des-operateurs-economiques-a-lendroit-du-gouvernement#primaryimage\",\"url\":\"https:\/\/static.africa-press.net\/congo-brazzaville\/sites\/51\/2023\/02\/postQueueImg_1677508413.03.jpg\",\"contentUrl\":\"https:\/\/static.africa-press.net\/congo-brazzaville\/sites\/51\/2023\/02\/postQueueImg_1677508413.03.jpg\",\"width\":1670,\"height\":768,\"caption\":\"Am\u00e9lioration du climat des affaires : les dol\u00e9ances des op\u00e9rateurs \u00e9conomiques \u00e0 l\u2019endroit du gouvernement\"},{\"@type\":\"BreadcrumbList\",\"@id\":\"https:\/\/www.africa-press.net\/congo-brazzaville\/economie\/amelioration-du-climat-des-affaires-les-doleances-des-operateurs-economiques-a-lendroit-du-gouvernement#breadcrumb\",\"itemListElement\":[{\"@type\":\"ListItem\",\"position\":1,\"name\":\"Accueil\",\"item\":\"https:\/\/www.africa-press.net\/congo-brazzaville\/\"},{\"@type\":\"ListItem\",\"position\":2,\"name\":\"Am\u00e9lioration du climat des affaires : les dol\u00e9ances des op\u00e9rateurs \u00e9conomiques \u00e0 l\u2019endroit du gouvernement\"}]},{\"@type\":\"WebSite\",\"@id\":\"https:\/\/www.africa-press.net\/congo-brazzaville\/#website\",\"url\":\"https:\/\/www.africa-press.net\/congo-brazzaville\/\",\"name\":\"Congo Brazzaville\",\"description\":\"Just another Africa News Agency Sites site\",\"potentialAction\":[{\"@type\":\"SearchAction\",\"target\":{\"@type\":\"EntryPoint\",\"urlTemplate\":\"https:\/\/www.africa-press.net\/congo-brazzaville\/?s={search_term_string}\"},\"query-input\":{\"@type\":\"PropertyValueSpecification\",\"valueRequired\":true,\"valueName\":\"search_term_string\"}}],\"inLanguage\":\"fr-FR\"},{\"@type\":\"Person\",\"@id\":\"https:\/\/www.africa-press.net\/congo-brazzaville\/#\/schema\/person\/2b1cf3cd81a31e3cd26889ca66d677f1\",\"name\":\"cfeditorfr\"}]}<\/script>\n<!-- \/ Yoast SEO Premium plugin. -->","yoast_head_json":{"title":"Am\u00e9lioration du climat des affaires : les dol\u00e9ances des op\u00e9rateurs \u00e9conomiques \u00e0 l\u2019endroit du gouvernement - Congo Brazzaville","description":"Le Premier ministre, Anatole Collinet Makosso, a organise\u0301 le 25 fe\u0301vrier a\u0300 Brazzaville un de\u0301jeuner d\u2019affaires avec ...","robots":{"index":"index","follow":"follow","max-snippet":"max-snippet:-1","max-image-preview":"max-image-preview:large","max-video-preview":"max-video-preview:-1"},"canonical":"https:\/\/www.africa-press.net\/congo-brazzaville\/economie\/amelioration-du-climat-des-affaires-les-doleances-des-operateurs-economiques-a-lendroit-du-gouvernement","og_locale":"fr_FR","og_type":"article","og_title":"Am\u00e9lioration du climat des affaires : les dol\u00e9ances des op\u00e9rateurs \u00e9conomiques \u00e0 l\u2019endroit du gouvernement","og_description":"Le Premier ministre, Anatole Collinet Makosso, a organise\u0301 le 25 fe\u0301vrier a\u0300 Brazzaville un de\u0301jeuner d\u2019affaires avec ...","og_url":"https:\/\/www.africa-press.net\/congo-brazzaville\/economie\/amelioration-du-climat-des-affaires-les-doleances-des-operateurs-economiques-a-lendroit-du-gouvernement","og_site_name":"Congo Brazzaville","article_published_time":"2023-02-27T18:03:29+00:00","article_modified_time":"2023-02-27T19:30:08+00:00","og_image":[{"width":1670,"height":768,"url":"https:\/\/static.africa-press.net\/congo-brazzaville\/sites\/51\/2023\/02\/postQueueImg_1677508413.03.jpg","type":"image\/jpeg"}],"author":"cfeditorfr","twitter_card":"summary_large_image","twitter_misc":{"\u00c9crit par":"cfeditorfr","Dur\u00e9e de lecture estim\u00e9e":"3 minutes"},"schema":{"@context":"https:\/\/schema.org","@graph":[{"@type":"Article","@id":"https:\/\/www.africa-press.net\/congo-brazzaville\/economie\/amelioration-du-climat-des-affaires-les-doleances-des-operateurs-economiques-a-lendroit-du-gouvernement#article","isPartOf":{"@id":"https:\/\/www.africa-press.net\/congo-brazzaville\/economie\/amelioration-du-climat-des-affaires-les-doleances-des-operateurs-economiques-a-lendroit-du-gouvernement"},"author":{"name":"cfeditorfr","@id":"https:\/\/www.africa-press.net\/congo-brazzaville\/#\/schema\/person\/2b1cf3cd81a31e3cd26889ca66d677f1"},"headline":"Am\u00e9lioration du climat des affaires : les dol\u00e9ances des op\u00e9rateurs \u00e9conomiques \u00e0 l\u2019endroit du gouvernement","datePublished":"2023-02-27T18:03:29+00:00","dateModified":"2023-02-27T19:30:08+00:00","mainEntityOfPage":{"@id":"https:\/\/www.africa-press.net\/congo-brazzaville\/economie\/amelioration-du-climat-des-affaires-les-doleances-des-operateurs-economiques-a-lendroit-du-gouvernement"},"wordCount":631,"commentCount":0,"image":{"@id":"https:\/\/www.africa-press.net\/congo-brazzaville\/economie\/amelioration-du-climat-des-affaires-les-doleances-des-operateurs-economiques-a-lendroit-du-gouvernement#primaryimage"},"thumbnailUrl":"https:\/\/static.africa-press.net\/congo-brazzaville\/sites\/51\/2023\/02\/postQueueImg_1677508413.03.jpg","keywords":["Africa Press","Africa Press-Congo Brazzaville","Congo Brazzaville"],"articleSection":["\u00c9conomie","Toutes les actualit\u00e9s"],"inLanguage":"fr-FR","potentialAction":[{"@type":"CommentAction","name":"Comment","target":["https:\/\/www.africa-press.net\/congo-brazzaville\/economie\/amelioration-du-climat-des-affaires-les-doleances-des-operateurs-economiques-a-lendroit-du-gouvernement#respond"]}]},{"@type":"WebPage","@id":"https:\/\/www.africa-press.net\/congo-brazzaville\/economie\/amelioration-du-climat-des-affaires-les-doleances-des-operateurs-economiques-a-lendroit-du-gouvernement","url":"https:\/\/www.africa-press.net\/congo-brazzaville\/economie\/amelioration-du-climat-des-affaires-les-doleances-des-operateurs-economiques-a-lendroit-du-gouvernement","name":"Am\u00e9lioration du climat des affaires : les dol\u00e9ances des op\u00e9rateurs \u00e9conomiques \u00e0 l\u2019endroit du gouvernement - Congo Brazzaville","isPartOf":{"@id":"https:\/\/www.africa-press.net\/congo-brazzaville\/#website"},"primaryImageOfPage":{"@id":"https:\/\/www.africa-press.net\/congo-brazzaville\/economie\/amelioration-du-climat-des-affaires-les-doleances-des-operateurs-economiques-a-lendroit-du-gouvernement#primaryimage"},"image":{"@id":"https:\/\/www.africa-press.net\/congo-brazzaville\/economie\/amelioration-du-climat-des-affaires-les-doleances-des-operateurs-economiques-a-lendroit-du-gouvernement#primaryimage"},"thumbnailUrl":"https:\/\/static.africa-press.net\/congo-brazzaville\/sites\/51\/2023\/02\/postQueueImg_1677508413.03.jpg","datePublished":"2023-02-27T18:03:29+00:00","dateModified":"2023-02-27T19:30:08+00:00","author":{"@id":"https:\/\/www.africa-press.net\/congo-brazzaville\/#\/schema\/person\/2b1cf3cd81a31e3cd26889ca66d677f1"},"description":"Le Premier ministre, Anatole Collinet Makosso, a organise\u0301 le 25 fe\u0301vrier a\u0300 Brazzaville un de\u0301jeuner d\u2019affaires avec ...","breadcrumb":{"@id":"https:\/\/www.africa-press.net\/congo-brazzaville\/economie\/amelioration-du-climat-des-affaires-les-doleances-des-operateurs-economiques-a-lendroit-du-gouvernement#breadcrumb"},"inLanguage":"fr-FR","potentialAction":[{"@type":"ReadAction","target":["https:\/\/www.africa-press.net\/congo-brazzaville\/economie\/amelioration-du-climat-des-affaires-les-doleances-des-operateurs-economiques-a-lendroit-du-gouvernement"]}]},{"@type":"ImageObject","inLanguage":"fr-FR","@id":"https:\/\/www.africa-press.net\/congo-brazzaville\/economie\/amelioration-du-climat-des-affaires-les-doleances-des-operateurs-economiques-a-lendroit-du-gouvernement#primaryimage","url":"https:\/\/static.africa-press.net\/congo-brazzaville\/sites\/51\/2023\/02\/postQueueImg_1677508413.03.jpg","contentUrl":"https:\/\/static.africa-press.net\/congo-brazzaville\/sites\/51\/2023\/02\/postQueueImg_1677508413.03.jpg","width":1670,"height":768,"caption":"Am\u00e9lioration du climat des affaires : les dol\u00e9ances des op\u00e9rateurs \u00e9conomiques \u00e0 l\u2019endroit du gouvernement"},{"@type":"BreadcrumbList","@id":"https:\/\/www.africa-press.net\/congo-brazzaville\/economie\/amelioration-du-climat-des-affaires-les-doleances-des-operateurs-economiques-a-lendroit-du-gouvernement#breadcrumb","itemListElement":[{"@type":"ListItem","position":1,"name":"Accueil","item":"https:\/\/www.africa-press.net\/congo-brazzaville\/"},{"@type":"ListItem","position":2,"name":"Am\u00e9lioration du climat des affaires : les dol\u00e9ances des op\u00e9rateurs \u00e9conomiques \u00e0 l\u2019endroit du gouvernement"}]},{"@type":"WebSite","@id":"https:\/\/www.africa-press.net\/congo-brazzaville\/#website","url":"https:\/\/www.africa-press.net\/congo-brazzaville\/","name":"Congo Brazzaville","description":"Just another Africa News Agency Sites site","potentialAction":[{"@type":"SearchAction","target":{"@type":"EntryPoint","urlTemplate":"https:\/\/www.africa-press.net\/congo-brazzaville\/?s={search_term_string}"},"query-input":{"@type":"PropertyValueSpecification","valueRequired":true,"valueName":"search_term_string"}}],"inLanguage":"fr-FR"},{"@type":"Person","@id":"https:\/\/www.africa-press.net\/congo-brazzaville\/#\/schema\/person\/2b1cf3cd81a31e3cd26889ca66d677f1","name":"cfeditorfr"}]}},"_links":{"self":[{"href":"https:\/\/www.africa-press.net\/congo-brazzaville\/wp-json\/wp\/v2\/posts\/14913","targetHints":{"allow":["GET"]}}],"collection":[{"href":"https:\/\/www.africa-press.net\/congo-brazzaville\/wp-json\/wp\/v2\/posts"}],"about":[{"href":"https:\/\/www.africa-press.net\/congo-brazzaville\/wp-json\/wp\/v2\/types\/post"}],"author":[{"embeddable":true,"href":"https:\/\/www.africa-press.net\/congo-brazzaville\/wp-json\/wp\/v2\/users\/82"}],"replies":[{"embeddable":true,"href":"https:\/\/www.africa-press.net\/congo-brazzaville\/wp-json\/wp\/v2\/comments?post=14913"}],"version-history":[{"count":0,"href":"https:\/\/www.africa-press.net\/congo-brazzaville\/wp-json\/wp\/v2\/posts\/14913\/revisions"}],"wp:featuredmedia":[{"embeddable":true,"href":"https:\/\/www.africa-press.net\/congo-brazzaville\/wp-json\/wp\/v2\/media\/14912"}],"wp:attachment":[{"href":"https:\/\/www.africa-press.net\/congo-brazzaville\/wp-json\/wp\/v2\/media?parent=14913"}],"wp:term":[{"taxonomy":"category","embeddable":true,"href":"https:\/\/www.africa-press.net\/congo-brazzaville\/wp-json\/wp\/v2\/categories?post=14913"},{"taxonomy":"post_tag","embeddable":true,"href":"https:\/\/www.africa-press.net\/congo-brazzaville\/wp-json\/wp\/v2\/tags?post=14913"}],"curies":[{"name":"wp","href":"https:\/\/api.w.org\/{rel}","templated":true}]}}