{"id":14917,"date":"2023-02-27T18:03:50","date_gmt":"2023-02-27T18:03:50","guid":{"rendered":"https:\/\/www.africa-press.net\/congo-brazzaville\/politique\/art-contemporain-une-exposition-en-lhonneur-des-artistes-africaines-et-de-la-diaspora"},"modified":"2023-02-27T19:30:49","modified_gmt":"2023-02-27T19:30:49","slug":"art-contemporain-une-exposition-en-lhonneur-des-artistes-africaines-et-de-la-diaspora","status":"publish","type":"post","link":"https:\/\/www.africa-press.net\/congo-brazzaville\/culture-et-art\/art-contemporain-une-exposition-en-lhonneur-des-artistes-africaines-et-de-la-diaspora","title":{"rendered":"Art contemporain: une exposition en l&rsquo;honneur des artistes africaines et de la diaspora"},"content":{"rendered":"<p><span style=\"color: #ff6600\"><strong>Africa-Press &#8211; Congo Brazzaville. <\/strong><\/span><b>Les femmes artistes plasticiennes contemporaines expe\u0301rimente\u0301es d&rsquo;Afrique et de la diaspora exposeront, du 1er au 18 mars au Maroc, des \u0153uvres d\u2019art contemporain qu\u2019elles ont re\u0301alise\u0301es durant la re\u0301sidence artistique qui s\u2019est de\u0301roule\u0301e ce mois de fe\u0301vrier.<\/b><\/p>\n<p>Plus de quinze artistes feminines venues de plusieurs pays d\u2019Afrique et de la diaspora, pe\u0301tries de talents, vont montrer durant deux semaines de quoi elles sont capables. Le vernissage qui s\u2019ouvre a\u0300 la galerie Bab Rouah a\u0300 Rabat, au Maroc, s\u2019inscrit dans le cadre de \u00ab\u00a0Rabat capitale africaine de la culture\u00a0\u00bb. Il re\u0301serve un inte\u0301re\u0302t fort a\u0300 la cre\u0301ation artistique contemporaine fe\u0301minine et rend hommage a\u0300 l&rsquo;artiste africaine. La re\u0301sidence a permis aux artistes de cre\u0301er des \u0153uvres ine\u0301dites inspire\u0301es pour cette e\u0301dition spe\u0301ciale.<\/p>\n<p>Cette anne\u0301e, l\u2019exposition et les talks ont pour the\u0300mes \u00ab L\u2019art contemporain au fe\u0301minin pluriel \u00bb, \u00ab Regards croise\u0301s sur la cre\u0301ation engage\u0301e des femmes en Afrique \u00bb, \u00ab Femmes dans les le\u0301gendes de l\u2019Afrique \u00bb. Cette exposition repre\u0301sente une vitrine authentique mettant en lumie\u0300re la cre\u0301ativite\u0301 artistique contemporaine fe\u0301minine d&rsquo;Afrique.<\/p>\n<p>Elle est organise\u0301e par l\u2019association Arkane avec le soutien du ministe\u0300re de la Jeunesse, de la Culture et de la Communication en partenariat avec Royal Air Maroc. L\u2019exposition a pour but de constituer un espace privile\u0301gie\u0301 de rencontres, d\u2019e\u0301changes, de cre\u0301ation et de dialogue entre artistes feminines contemporaines d\u2019Afrique et de sa diaspora.<\/p>\n<p>L\u2019association Arkane \u0153uvre pour la promotion de l&rsquo;art et la sauvegarde du patrimoine culturel. Elle a e\u0301te\u0301 cre\u0301e\u0301e en 2009, a\u0300 Casablanca, au Maroc.<\/p>\n<p><strong>Pour plus d&rsquo;informations et d&rsquo;analyses sur la <a href=\"https:\/\/www.africa-press.net\/congo-brazzaville\">Congo Brazzaville<\/a>, suivez <a href=\"https:\/\/www.africa-press.net\/\">Africa-Press<\/a><\/strong><\/p>\n","protected":false},"excerpt":{"rendered":"<p>Africa-Press &#8211; Congo Brazzaville. Les femmes artistes plasticiennes contemporaines expe\u0301rimente\u0301es d&rsquo;Afrique et de la diaspora exposeront, du 1er au 18 mars au Maroc, des \u0153uvres d\u2019art contemporain qu\u2019elles ont re\u0301alise\u0301es durant la re\u0301sidence artistique qui s\u2019est de\u0301roule\u0301e ce mois de fe\u0301vrier. Plus de quinze artistes feminines venues de plusieurs pays d\u2019Afrique et de la diaspora, [&hellip;]<\/p>\n","protected":false},"author":82,"featured_media":14916,"comment_status":"open","ping_status":"closed","sticky":false,"template":"","format":"standard","meta":{"footnotes":""},"categories":[5,10],"tags":[36,47,46],"class_list":["post-14917","post","type-post","status-publish","format-standard","has-post-thumbnail","hentry","category-culture-et-art","category-toutes-les-actualites","tag-africa-press","tag-africa-press-congo-brazzaville","tag-congo-brazzaville"],"yoast_head":"<!-- This site is optimized with the Yoast SEO Premium plugin v26.1 (Yoast SEO v27.0) - https:\/\/yoast.com\/product\/yoast-seo-premium-wordpress\/ -->\n<title>Art contemporain: une exposition en l&#039;honneur des artistes africaines et de la diaspora - Congo Brazzaville<\/title>\n<meta name=\"description\" content=\"Les femmes artistes plasticiennes contemporaines expe\u0301rimente\u0301es d&#039;Afrique et de la diaspora exposeront, du 1er au 18 ...\" \/>\n<meta name=\"robots\" content=\"index, follow, max-snippet:-1, max-image-preview:large, max-video-preview:-1\" \/>\n<link rel=\"canonical\" href=\"https:\/\/www.africa-press.net\/congo-brazzaville\/culture-et-art\/art-contemporain-une-exposition-en-lhonneur-des-artistes-africaines-et-de-la-diaspora\" \/>\n<meta property=\"og:locale\" content=\"fr_FR\" \/>\n<meta property=\"og:type\" content=\"article\" \/>\n<meta property=\"og:title\" content=\"Art contemporain: une exposition en l&#039;honneur des artistes africaines et de la diaspora\" \/>\n<meta property=\"og:description\" content=\"Les femmes artistes plasticiennes contemporaines expe\u0301rimente\u0301es d&#039;Afrique et de la diaspora exposeront, du 1er au 18 ...\" \/>\n<meta property=\"og:url\" content=\"https:\/\/www.africa-press.net\/congo-brazzaville\/culture-et-art\/art-contemporain-une-exposition-en-lhonneur-des-artistes-africaines-et-de-la-diaspora\" \/>\n<meta property=\"og:site_name\" content=\"Congo Brazzaville\" \/>\n<meta property=\"article:published_time\" content=\"2023-02-27T18:03:50+00:00\" \/>\n<meta property=\"article:modified_time\" content=\"2023-02-27T19:30:49+00:00\" \/>\n<meta property=\"og:image\" content=\"https:\/\/static.africa-press.net\/congo-brazzaville\/sites\/51\/2023\/02\/postQueueImg_1677508434.67.jpg\" \/>\n\t<meta property=\"og:image:width\" content=\"720\" \/>\n\t<meta property=\"og:image:height\" content=\"537\" \/>\n\t<meta property=\"og:image:type\" content=\"image\/jpeg\" \/>\n<meta name=\"author\" content=\"cfeditorfr\" \/>\n<meta name=\"twitter:card\" content=\"summary_large_image\" \/>\n<meta name=\"twitter:label1\" content=\"\u00c9crit par\" \/>\n\t<meta name=\"twitter:data1\" content=\"cfeditorfr\" \/>\n\t<meta name=\"twitter:label2\" content=\"Dur\u00e9e de lecture estim\u00e9e\" \/>\n\t<meta name=\"twitter:data2\" content=\"2 minutes\" \/>\n<script type=\"application\/ld+json\" class=\"yoast-schema-graph\">{\"@context\":\"https:\/\/schema.org\",\"@graph\":[{\"@type\":\"Article\",\"@id\":\"https:\/\/www.africa-press.net\/congo-brazzaville\/culture-et-art\/art-contemporain-une-exposition-en-lhonneur-des-artistes-africaines-et-de-la-diaspora#article\",\"isPartOf\":{\"@id\":\"https:\/\/www.africa-press.net\/congo-brazzaville\/culture-et-art\/art-contemporain-une-exposition-en-lhonneur-des-artistes-africaines-et-de-la-diaspora\"},\"author\":{\"name\":\"cfeditorfr\",\"@id\":\"https:\/\/www.africa-press.net\/congo-brazzaville\/#\/schema\/person\/2b1cf3cd81a31e3cd26889ca66d677f1\"},\"headline\":\"Art contemporain: une exposition en l&rsquo;honneur des artistes africaines et de la diaspora\",\"datePublished\":\"2023-02-27T18:03:50+00:00\",\"dateModified\":\"2023-02-27T19:30:49+00:00\",\"mainEntityOfPage\":{\"@id\":\"https:\/\/www.africa-press.net\/congo-brazzaville\/culture-et-art\/art-contemporain-une-exposition-en-lhonneur-des-artistes-africaines-et-de-la-diaspora\"},\"wordCount\":329,\"commentCount\":0,\"image\":{\"@id\":\"https:\/\/www.africa-press.net\/congo-brazzaville\/culture-et-art\/art-contemporain-une-exposition-en-lhonneur-des-artistes-africaines-et-de-la-diaspora#primaryimage\"},\"thumbnailUrl\":\"https:\/\/static.africa-press.net\/congo-brazzaville\/sites\/51\/2023\/02\/postQueueImg_1677508434.67.jpg\",\"keywords\":[\"Africa Press\",\"Africa Press-Congo Brazzaville\",\"Congo Brazzaville\"],\"articleSection\":[\"Culture et Art\",\"Toutes les actualit\u00e9s\"],\"inLanguage\":\"fr-FR\",\"potentialAction\":[{\"@type\":\"CommentAction\",\"name\":\"Comment\",\"target\":[\"https:\/\/www.africa-press.net\/congo-brazzaville\/culture-et-art\/art-contemporain-une-exposition-en-lhonneur-des-artistes-africaines-et-de-la-diaspora#respond\"]}]},{\"@type\":\"WebPage\",\"@id\":\"https:\/\/www.africa-press.net\/congo-brazzaville\/culture-et-art\/art-contemporain-une-exposition-en-lhonneur-des-artistes-africaines-et-de-la-diaspora\",\"url\":\"https:\/\/www.africa-press.net\/congo-brazzaville\/culture-et-art\/art-contemporain-une-exposition-en-lhonneur-des-artistes-africaines-et-de-la-diaspora\",\"name\":\"Art contemporain: une exposition en l'honneur des artistes africaines et de la diaspora - Congo Brazzaville\",\"isPartOf\":{\"@id\":\"https:\/\/www.africa-press.net\/congo-brazzaville\/#website\"},\"primaryImageOfPage\":{\"@id\":\"https:\/\/www.africa-press.net\/congo-brazzaville\/culture-et-art\/art-contemporain-une-exposition-en-lhonneur-des-artistes-africaines-et-de-la-diaspora#primaryimage\"},\"image\":{\"@id\":\"https:\/\/www.africa-press.net\/congo-brazzaville\/culture-et-art\/art-contemporain-une-exposition-en-lhonneur-des-artistes-africaines-et-de-la-diaspora#primaryimage\"},\"thumbnailUrl\":\"https:\/\/static.africa-press.net\/congo-brazzaville\/sites\/51\/2023\/02\/postQueueImg_1677508434.67.jpg\",\"datePublished\":\"2023-02-27T18:03:50+00:00\",\"dateModified\":\"2023-02-27T19:30:49+00:00\",\"author\":{\"@id\":\"https:\/\/www.africa-press.net\/congo-brazzaville\/#\/schema\/person\/2b1cf3cd81a31e3cd26889ca66d677f1\"},\"description\":\"Les femmes artistes plasticiennes contemporaines expe\u0301rimente\u0301es d'Afrique et de la diaspora exposeront, du 1er au 18 ...\",\"breadcrumb\":{\"@id\":\"https:\/\/www.africa-press.net\/congo-brazzaville\/culture-et-art\/art-contemporain-une-exposition-en-lhonneur-des-artistes-africaines-et-de-la-diaspora#breadcrumb\"},\"inLanguage\":\"fr-FR\",\"potentialAction\":[{\"@type\":\"ReadAction\",\"target\":[\"https:\/\/www.africa-press.net\/congo-brazzaville\/culture-et-art\/art-contemporain-une-exposition-en-lhonneur-des-artistes-africaines-et-de-la-diaspora\"]}]},{\"@type\":\"ImageObject\",\"inLanguage\":\"fr-FR\",\"@id\":\"https:\/\/www.africa-press.net\/congo-brazzaville\/culture-et-art\/art-contemporain-une-exposition-en-lhonneur-des-artistes-africaines-et-de-la-diaspora#primaryimage\",\"url\":\"https:\/\/static.africa-press.net\/congo-brazzaville\/sites\/51\/2023\/02\/postQueueImg_1677508434.67.jpg\",\"contentUrl\":\"https:\/\/static.africa-press.net\/congo-brazzaville\/sites\/51\/2023\/02\/postQueueImg_1677508434.67.jpg\",\"width\":720,\"height\":537,\"caption\":\"Art contemporain: une exposition en l'honneur des artistes africaines et de la diaspora\"},{\"@type\":\"BreadcrumbList\",\"@id\":\"https:\/\/www.africa-press.net\/congo-brazzaville\/culture-et-art\/art-contemporain-une-exposition-en-lhonneur-des-artistes-africaines-et-de-la-diaspora#breadcrumb\",\"itemListElement\":[{\"@type\":\"ListItem\",\"position\":1,\"name\":\"Accueil\",\"item\":\"https:\/\/www.africa-press.net\/congo-brazzaville\/\"},{\"@type\":\"ListItem\",\"position\":2,\"name\":\"Art contemporain: une exposition en l&rsquo;honneur des artistes africaines et de la diaspora\"}]},{\"@type\":\"WebSite\",\"@id\":\"https:\/\/www.africa-press.net\/congo-brazzaville\/#website\",\"url\":\"https:\/\/www.africa-press.net\/congo-brazzaville\/\",\"name\":\"Congo Brazzaville\",\"description\":\"Just another Africa News Agency Sites site\",\"potentialAction\":[{\"@type\":\"SearchAction\",\"target\":{\"@type\":\"EntryPoint\",\"urlTemplate\":\"https:\/\/www.africa-press.net\/congo-brazzaville\/?s={search_term_string}\"},\"query-input\":{\"@type\":\"PropertyValueSpecification\",\"valueRequired\":true,\"valueName\":\"search_term_string\"}}],\"inLanguage\":\"fr-FR\"},{\"@type\":\"Person\",\"@id\":\"https:\/\/www.africa-press.net\/congo-brazzaville\/#\/schema\/person\/2b1cf3cd81a31e3cd26889ca66d677f1\",\"name\":\"cfeditorfr\"}]}<\/script>\n<!-- \/ Yoast SEO Premium plugin. -->","yoast_head_json":{"title":"Art contemporain: une exposition en l'honneur des artistes africaines et de la diaspora - Congo Brazzaville","description":"Les femmes artistes plasticiennes contemporaines expe\u0301rimente\u0301es d'Afrique et de la diaspora exposeront, du 1er au 18 ...","robots":{"index":"index","follow":"follow","max-snippet":"max-snippet:-1","max-image-preview":"max-image-preview:large","max-video-preview":"max-video-preview:-1"},"canonical":"https:\/\/www.africa-press.net\/congo-brazzaville\/culture-et-art\/art-contemporain-une-exposition-en-lhonneur-des-artistes-africaines-et-de-la-diaspora","og_locale":"fr_FR","og_type":"article","og_title":"Art contemporain: une exposition en l'honneur des artistes africaines et de la diaspora","og_description":"Les femmes artistes plasticiennes contemporaines expe\u0301rimente\u0301es d'Afrique et de la diaspora exposeront, du 1er au 18 ...","og_url":"https:\/\/www.africa-press.net\/congo-brazzaville\/culture-et-art\/art-contemporain-une-exposition-en-lhonneur-des-artistes-africaines-et-de-la-diaspora","og_site_name":"Congo Brazzaville","article_published_time":"2023-02-27T18:03:50+00:00","article_modified_time":"2023-02-27T19:30:49+00:00","og_image":[{"width":720,"height":537,"url":"https:\/\/static.africa-press.net\/congo-brazzaville\/sites\/51\/2023\/02\/postQueueImg_1677508434.67.jpg","type":"image\/jpeg"}],"author":"cfeditorfr","twitter_card":"summary_large_image","twitter_misc":{"\u00c9crit par":"cfeditorfr","Dur\u00e9e de lecture estim\u00e9e":"2 minutes"},"schema":{"@context":"https:\/\/schema.org","@graph":[{"@type":"Article","@id":"https:\/\/www.africa-press.net\/congo-brazzaville\/culture-et-art\/art-contemporain-une-exposition-en-lhonneur-des-artistes-africaines-et-de-la-diaspora#article","isPartOf":{"@id":"https:\/\/www.africa-press.net\/congo-brazzaville\/culture-et-art\/art-contemporain-une-exposition-en-lhonneur-des-artistes-africaines-et-de-la-diaspora"},"author":{"name":"cfeditorfr","@id":"https:\/\/www.africa-press.net\/congo-brazzaville\/#\/schema\/person\/2b1cf3cd81a31e3cd26889ca66d677f1"},"headline":"Art contemporain: une exposition en l&rsquo;honneur des artistes africaines et de la diaspora","datePublished":"2023-02-27T18:03:50+00:00","dateModified":"2023-02-27T19:30:49+00:00","mainEntityOfPage":{"@id":"https:\/\/www.africa-press.net\/congo-brazzaville\/culture-et-art\/art-contemporain-une-exposition-en-lhonneur-des-artistes-africaines-et-de-la-diaspora"},"wordCount":329,"commentCount":0,"image":{"@id":"https:\/\/www.africa-press.net\/congo-brazzaville\/culture-et-art\/art-contemporain-une-exposition-en-lhonneur-des-artistes-africaines-et-de-la-diaspora#primaryimage"},"thumbnailUrl":"https:\/\/static.africa-press.net\/congo-brazzaville\/sites\/51\/2023\/02\/postQueueImg_1677508434.67.jpg","keywords":["Africa Press","Africa Press-Congo Brazzaville","Congo Brazzaville"],"articleSection":["Culture et Art","Toutes les actualit\u00e9s"],"inLanguage":"fr-FR","potentialAction":[{"@type":"CommentAction","name":"Comment","target":["https:\/\/www.africa-press.net\/congo-brazzaville\/culture-et-art\/art-contemporain-une-exposition-en-lhonneur-des-artistes-africaines-et-de-la-diaspora#respond"]}]},{"@type":"WebPage","@id":"https:\/\/www.africa-press.net\/congo-brazzaville\/culture-et-art\/art-contemporain-une-exposition-en-lhonneur-des-artistes-africaines-et-de-la-diaspora","url":"https:\/\/www.africa-press.net\/congo-brazzaville\/culture-et-art\/art-contemporain-une-exposition-en-lhonneur-des-artistes-africaines-et-de-la-diaspora","name":"Art contemporain: une exposition en l'honneur des artistes africaines et de la diaspora - Congo Brazzaville","isPartOf":{"@id":"https:\/\/www.africa-press.net\/congo-brazzaville\/#website"},"primaryImageOfPage":{"@id":"https:\/\/www.africa-press.net\/congo-brazzaville\/culture-et-art\/art-contemporain-une-exposition-en-lhonneur-des-artistes-africaines-et-de-la-diaspora#primaryimage"},"image":{"@id":"https:\/\/www.africa-press.net\/congo-brazzaville\/culture-et-art\/art-contemporain-une-exposition-en-lhonneur-des-artistes-africaines-et-de-la-diaspora#primaryimage"},"thumbnailUrl":"https:\/\/static.africa-press.net\/congo-brazzaville\/sites\/51\/2023\/02\/postQueueImg_1677508434.67.jpg","datePublished":"2023-02-27T18:03:50+00:00","dateModified":"2023-02-27T19:30:49+00:00","author":{"@id":"https:\/\/www.africa-press.net\/congo-brazzaville\/#\/schema\/person\/2b1cf3cd81a31e3cd26889ca66d677f1"},"description":"Les femmes artistes plasticiennes contemporaines expe\u0301rimente\u0301es d'Afrique et de la diaspora exposeront, du 1er au 18 ...","breadcrumb":{"@id":"https:\/\/www.africa-press.net\/congo-brazzaville\/culture-et-art\/art-contemporain-une-exposition-en-lhonneur-des-artistes-africaines-et-de-la-diaspora#breadcrumb"},"inLanguage":"fr-FR","potentialAction":[{"@type":"ReadAction","target":["https:\/\/www.africa-press.net\/congo-brazzaville\/culture-et-art\/art-contemporain-une-exposition-en-lhonneur-des-artistes-africaines-et-de-la-diaspora"]}]},{"@type":"ImageObject","inLanguage":"fr-FR","@id":"https:\/\/www.africa-press.net\/congo-brazzaville\/culture-et-art\/art-contemporain-une-exposition-en-lhonneur-des-artistes-africaines-et-de-la-diaspora#primaryimage","url":"https:\/\/static.africa-press.net\/congo-brazzaville\/sites\/51\/2023\/02\/postQueueImg_1677508434.67.jpg","contentUrl":"https:\/\/static.africa-press.net\/congo-brazzaville\/sites\/51\/2023\/02\/postQueueImg_1677508434.67.jpg","width":720,"height":537,"caption":"Art contemporain: une exposition en l'honneur des artistes africaines et de la diaspora"},{"@type":"BreadcrumbList","@id":"https:\/\/www.africa-press.net\/congo-brazzaville\/culture-et-art\/art-contemporain-une-exposition-en-lhonneur-des-artistes-africaines-et-de-la-diaspora#breadcrumb","itemListElement":[{"@type":"ListItem","position":1,"name":"Accueil","item":"https:\/\/www.africa-press.net\/congo-brazzaville\/"},{"@type":"ListItem","position":2,"name":"Art contemporain: une exposition en l&rsquo;honneur des artistes africaines et de la diaspora"}]},{"@type":"WebSite","@id":"https:\/\/www.africa-press.net\/congo-brazzaville\/#website","url":"https:\/\/www.africa-press.net\/congo-brazzaville\/","name":"Congo Brazzaville","description":"Just another Africa News Agency Sites site","potentialAction":[{"@type":"SearchAction","target":{"@type":"EntryPoint","urlTemplate":"https:\/\/www.africa-press.net\/congo-brazzaville\/?s={search_term_string}"},"query-input":{"@type":"PropertyValueSpecification","valueRequired":true,"valueName":"search_term_string"}}],"inLanguage":"fr-FR"},{"@type":"Person","@id":"https:\/\/www.africa-press.net\/congo-brazzaville\/#\/schema\/person\/2b1cf3cd81a31e3cd26889ca66d677f1","name":"cfeditorfr"}]}},"_links":{"self":[{"href":"https:\/\/www.africa-press.net\/congo-brazzaville\/wp-json\/wp\/v2\/posts\/14917","targetHints":{"allow":["GET"]}}],"collection":[{"href":"https:\/\/www.africa-press.net\/congo-brazzaville\/wp-json\/wp\/v2\/posts"}],"about":[{"href":"https:\/\/www.africa-press.net\/congo-brazzaville\/wp-json\/wp\/v2\/types\/post"}],"author":[{"embeddable":true,"href":"https:\/\/www.africa-press.net\/congo-brazzaville\/wp-json\/wp\/v2\/users\/82"}],"replies":[{"embeddable":true,"href":"https:\/\/www.africa-press.net\/congo-brazzaville\/wp-json\/wp\/v2\/comments?post=14917"}],"version-history":[{"count":0,"href":"https:\/\/www.africa-press.net\/congo-brazzaville\/wp-json\/wp\/v2\/posts\/14917\/revisions"}],"wp:featuredmedia":[{"embeddable":true,"href":"https:\/\/www.africa-press.net\/congo-brazzaville\/wp-json\/wp\/v2\/media\/14916"}],"wp:attachment":[{"href":"https:\/\/www.africa-press.net\/congo-brazzaville\/wp-json\/wp\/v2\/media?parent=14917"}],"wp:term":[{"taxonomy":"category","embeddable":true,"href":"https:\/\/www.africa-press.net\/congo-brazzaville\/wp-json\/wp\/v2\/categories?post=14917"},{"taxonomy":"post_tag","embeddable":true,"href":"https:\/\/www.africa-press.net\/congo-brazzaville\/wp-json\/wp\/v2\/tags?post=14917"}],"curies":[{"name":"wp","href":"https:\/\/api.w.org\/{rel}","templated":true}]}}