{"id":14944,"date":"2023-02-28T12:24:07","date_gmt":"2023-02-28T12:24:07","guid":{"rendered":"https:\/\/www.africa-press.net\/congo-brazzaville\/politique\/nord-kivu-caritas-goma-et-le-pam-au-chevet-des-deplaces-de-rusayo"},"modified":"2023-02-28T12:47:39","modified_gmt":"2023-02-28T12:47:39","slug":"nord-kivu-caritas-goma-et-le-pam-au-chevet-des-deplaces-de-rusayo","status":"publish","type":"post","link":"https:\/\/www.africa-press.net\/congo-brazzaville\/economie\/nord-kivu-caritas-goma-et-le-pam-au-chevet-des-deplaces-de-rusayo","title":{"rendered":"Nord-Kivu : Caritas Goma et le PAM au chevet des d\u00e9plac\u00e9s de Rusayo"},"content":{"rendered":"<p><span style=\"color: #ff6600\"><strong>Africa-Press &#8211; Congo Brazzaville. <\/strong><\/span><b>Victime des guerres a\u0300 re\u0301pe\u0301tition, la population vivant dans l\u2019Est de la Re\u0301publique de\u0301mocratique du Congo e\u0301prouve d\u2019e\u0301normes difficulte\u0301s de survie. Dans le souci de lui venir en aide pour soulager ses souffrances, Caritas Goma, en partenariat avec le Programme alimentaire mondial (PAM), a re\u0301cemment distribue\u0301 des vivres a\u0300 cette population se trouvant dans le campement de Rusayo. <\/b><\/p>\n<p>L&rsquo;assistance s\u2019inscrit dans le cadre du projet de distribution cible\u0301e des vivres aux me\u0301nages de\u0301place\u0301s et retourne\u0301s les plus vulne\u0301rables dans la province du Nord-Kivu, finance\u0301 par l&rsquo;Agence des E\u0301tats-Unis pour le de\u0301veloppement international<b>.<\/b><\/p>\n<p>Au total, 5 566 me\u0301nages de\u0301place\u0301s ont rec\u0327u des vivres. Il s\u2019agit de la farine de mai\u0308s, de petits pois, de l\u2019huile ve\u0301ge\u0301tale et du sel. \u00ab Ces vivres sont donne\u0301s selon les tailles familiales. Une personne par me\u0301nage a rec\u0327u 12 kilos de farine de mai\u0308s, 3,6 kilos de petits pois, 0,9 kilo d\u2019huile ve\u0301ge\u0301tale et 0, 15 kilo de sel. Une ration alimentaire estime\u0301e a\u0300 un mois \u00bb, a indique\u0301 Caritas.<\/p>\n<p>Be\u0301ne\u0301ficiaire de cette assistance, Tulia Jacqueline, me\u0300re d\u2019une quarantaine d\u2019anne\u0301es et de\u0301place\u0301e venue de Rutshuru, a exprime\u0301 sa gratitude aux bienfaiteurs en ces termes : \u00ab Je remercie beaucoup Dieu qui vous a conduits dans ce camp. On allait mourir de faim. Moi et tous les autres de\u0301place\u0301s vous te\u0301moignons notre gratitude. Je suis me\u0300re de cinq enfants et j\u2019ai obtenu deux sacs de farine, cinq litres d\u2019huile ve\u0301ge\u0301tale, les petits pois et du sel. Je suis tre\u0300s reconnaissante de cet acte pose\u0301 par la Caritas et le PAM. Les enfants vont de\u0301sormais bien manger et dormir e\u0301tant rassasie\u0301s \u00bb.<\/p>\n<p>Elle a, par ailleurs, souligne\u0301 qu\u2019il se pose un se\u0301rieux proble\u0300me de sanitaires et de logements. \u00ab &#8230; le proble\u0300me qui reste encore est que nous manquons de toilettes, mais e\u0301galement de ba\u0302ches. Nous passons la nuit a\u0300 la belle e\u0301toile et quand il pleut, c\u2019est un autre fle\u0301au qui s\u2019impose. Continuez toujours a\u0300 plaider pour nous \u00bb.<\/p>\n<p>Pour sa part, Jean-Claude Bahati, superviseur dudit projet, a explique\u0301 le de\u0301sir qui pousse la Caritas a\u0300 poser cet acte caritatif : \u00ab Nous travaillons en partenariat avec le Programme alimentaire mondial, dans le projet de distribution des vivres. Nous assistons les personnes vulne\u0301rables de\u0301place\u0301es. C\u2019est suite aux guerres que connai\u0302t actuellement notre province que ces de\u0301place\u0301s viennent de diffe\u0301rents coins des territoires du Nord-Kivu. C\u2019est pourquoi nous sommes la\u0300 pour lutter contre leur malnutrition des de\u0301place\u0301s \u00bb, a-t-il indique\u0301.<\/p>\n<p>En sus de la distribution des vivres, la Caritas met a\u0300 disposition un cadre de de\u0301pistage des enfants allant de 0 a\u0300 59 mois, femmes enceintes et allaitantes pour de\u0301tecter la malnutrition. Une fois le de\u0301pistage effectue\u0301, les femmes et enfants ayant de\u0301ja\u0300 contracte\u0301 la malnutrition sont transfe\u0301re\u0301s au centre de sante\u0301 Rusayo pour leur suivi et le traitement.<\/p>\n<p><strong>Pour plus d&rsquo;informations et d&rsquo;analyses sur la <a href=\"https:\/\/www.africa-press.net\/congo-brazzaville\">Congo Brazzaville<\/a>, suivez <a href=\"https:\/\/www.africa-press.net\/\">Africa-Press<\/a><\/strong><\/p>\n","protected":false},"excerpt":{"rendered":"<p>Africa-Press &#8211; Congo Brazzaville. Victime des guerres a\u0300 re\u0301pe\u0301tition, la population vivant dans l\u2019Est de la Re\u0301publique de\u0301mocratique du Congo e\u0301prouve d\u2019e\u0301normes difficulte\u0301s de survie. Dans le souci de lui venir en aide pour soulager ses souffrances, Caritas Goma, en partenariat avec le Programme alimentaire mondial (PAM), a re\u0301cemment distribue\u0301 des vivres a\u0300 cette population [&hellip;]<\/p>\n","protected":false},"author":82,"featured_media":14943,"comment_status":"open","ping_status":"closed","sticky":false,"template":"","format":"standard","meta":{"footnotes":""},"categories":[3,10],"tags":[36,47,46],"class_list":["post-14944","post","type-post","status-publish","format-standard","has-post-thumbnail","hentry","category-economie","category-toutes-les-actualites","tag-africa-press","tag-africa-press-congo-brazzaville","tag-congo-brazzaville"],"yoast_head":"<!-- This site is optimized with the Yoast SEO Premium plugin v26.1 (Yoast SEO v27.0) - https:\/\/yoast.com\/product\/yoast-seo-premium-wordpress\/ -->\n<title>Nord-Kivu : Caritas Goma et le PAM au chevet des d\u00e9plac\u00e9s de Rusayo - Congo Brazzaville<\/title>\n<meta name=\"description\" content=\"Victime des guerres a\u0300 re\u0301pe\u0301tition, la population vivant dans l\u2019Est de la Re\u0301publique de\u0301mocratique du Congo e\u0301prouv ...\" \/>\n<meta name=\"robots\" content=\"index, follow, max-snippet:-1, max-image-preview:large, max-video-preview:-1\" \/>\n<link rel=\"canonical\" href=\"https:\/\/www.africa-press.net\/congo-brazzaville\/economie\/nord-kivu-caritas-goma-et-le-pam-au-chevet-des-deplaces-de-rusayo\" \/>\n<meta property=\"og:locale\" content=\"fr_FR\" \/>\n<meta property=\"og:type\" content=\"article\" \/>\n<meta property=\"og:title\" content=\"Nord-Kivu : Caritas Goma et le PAM au chevet des d\u00e9plac\u00e9s de Rusayo\" \/>\n<meta property=\"og:description\" content=\"Victime des guerres a\u0300 re\u0301pe\u0301tition, la population vivant dans l\u2019Est de la Re\u0301publique de\u0301mocratique du Congo e\u0301prouv ...\" \/>\n<meta property=\"og:url\" content=\"https:\/\/www.africa-press.net\/congo-brazzaville\/economie\/nord-kivu-caritas-goma-et-le-pam-au-chevet-des-deplaces-de-rusayo\" \/>\n<meta property=\"og:site_name\" content=\"Congo Brazzaville\" \/>\n<meta property=\"article:published_time\" content=\"2023-02-28T12:24:07+00:00\" \/>\n<meta property=\"article:modified_time\" content=\"2023-02-28T12:47:39+00:00\" \/>\n<meta property=\"og:image\" content=\"https:\/\/static.africa-press.net\/congo-brazzaville\/sites\/51\/2023\/02\/postQueueImg_1677574452.89.jpg\" \/>\n\t<meta property=\"og:image:width\" content=\"1024\" \/>\n\t<meta property=\"og:image:height\" content=\"685\" \/>\n\t<meta property=\"og:image:type\" content=\"image\/jpeg\" \/>\n<meta name=\"author\" content=\"cfeditorfr\" \/>\n<meta name=\"twitter:card\" content=\"summary_large_image\" \/>\n<meta name=\"twitter:label1\" content=\"\u00c9crit par\" \/>\n\t<meta name=\"twitter:data1\" content=\"cfeditorfr\" \/>\n\t<meta name=\"twitter:label2\" content=\"Dur\u00e9e de lecture estim\u00e9e\" \/>\n\t<meta name=\"twitter:data2\" content=\"3 minutes\" \/>\n<script type=\"application\/ld+json\" class=\"yoast-schema-graph\">{\"@context\":\"https:\/\/schema.org\",\"@graph\":[{\"@type\":\"Article\",\"@id\":\"https:\/\/www.africa-press.net\/congo-brazzaville\/economie\/nord-kivu-caritas-goma-et-le-pam-au-chevet-des-deplaces-de-rusayo#article\",\"isPartOf\":{\"@id\":\"https:\/\/www.africa-press.net\/congo-brazzaville\/economie\/nord-kivu-caritas-goma-et-le-pam-au-chevet-des-deplaces-de-rusayo\"},\"author\":{\"name\":\"cfeditorfr\",\"@id\":\"https:\/\/www.africa-press.net\/congo-brazzaville\/#\/schema\/person\/2b1cf3cd81a31e3cd26889ca66d677f1\"},\"headline\":\"Nord-Kivu : Caritas Goma et le PAM au chevet des d\u00e9plac\u00e9s de Rusayo\",\"datePublished\":\"2023-02-28T12:24:07+00:00\",\"dateModified\":\"2023-02-28T12:47:39+00:00\",\"mainEntityOfPage\":{\"@id\":\"https:\/\/www.africa-press.net\/congo-brazzaville\/economie\/nord-kivu-caritas-goma-et-le-pam-au-chevet-des-deplaces-de-rusayo\"},\"wordCount\":559,\"commentCount\":0,\"image\":{\"@id\":\"https:\/\/www.africa-press.net\/congo-brazzaville\/economie\/nord-kivu-caritas-goma-et-le-pam-au-chevet-des-deplaces-de-rusayo#primaryimage\"},\"thumbnailUrl\":\"https:\/\/static.africa-press.net\/congo-brazzaville\/sites\/51\/2023\/02\/postQueueImg_1677574452.89.jpg\",\"keywords\":[\"Africa Press\",\"Africa Press-Congo Brazzaville\",\"Congo Brazzaville\"],\"articleSection\":[\"\u00c9conomie\",\"Toutes les actualit\u00e9s\"],\"inLanguage\":\"fr-FR\",\"potentialAction\":[{\"@type\":\"CommentAction\",\"name\":\"Comment\",\"target\":[\"https:\/\/www.africa-press.net\/congo-brazzaville\/economie\/nord-kivu-caritas-goma-et-le-pam-au-chevet-des-deplaces-de-rusayo#respond\"]}]},{\"@type\":\"WebPage\",\"@id\":\"https:\/\/www.africa-press.net\/congo-brazzaville\/economie\/nord-kivu-caritas-goma-et-le-pam-au-chevet-des-deplaces-de-rusayo\",\"url\":\"https:\/\/www.africa-press.net\/congo-brazzaville\/economie\/nord-kivu-caritas-goma-et-le-pam-au-chevet-des-deplaces-de-rusayo\",\"name\":\"Nord-Kivu : Caritas Goma et le PAM au chevet des d\u00e9plac\u00e9s de Rusayo - Congo Brazzaville\",\"isPartOf\":{\"@id\":\"https:\/\/www.africa-press.net\/congo-brazzaville\/#website\"},\"primaryImageOfPage\":{\"@id\":\"https:\/\/www.africa-press.net\/congo-brazzaville\/economie\/nord-kivu-caritas-goma-et-le-pam-au-chevet-des-deplaces-de-rusayo#primaryimage\"},\"image\":{\"@id\":\"https:\/\/www.africa-press.net\/congo-brazzaville\/economie\/nord-kivu-caritas-goma-et-le-pam-au-chevet-des-deplaces-de-rusayo#primaryimage\"},\"thumbnailUrl\":\"https:\/\/static.africa-press.net\/congo-brazzaville\/sites\/51\/2023\/02\/postQueueImg_1677574452.89.jpg\",\"datePublished\":\"2023-02-28T12:24:07+00:00\",\"dateModified\":\"2023-02-28T12:47:39+00:00\",\"author\":{\"@id\":\"https:\/\/www.africa-press.net\/congo-brazzaville\/#\/schema\/person\/2b1cf3cd81a31e3cd26889ca66d677f1\"},\"description\":\"Victime des guerres a\u0300 re\u0301pe\u0301tition, la population vivant dans l\u2019Est de la Re\u0301publique de\u0301mocratique du Congo e\u0301prouv ...\",\"breadcrumb\":{\"@id\":\"https:\/\/www.africa-press.net\/congo-brazzaville\/economie\/nord-kivu-caritas-goma-et-le-pam-au-chevet-des-deplaces-de-rusayo#breadcrumb\"},\"inLanguage\":\"fr-FR\",\"potentialAction\":[{\"@type\":\"ReadAction\",\"target\":[\"https:\/\/www.africa-press.net\/congo-brazzaville\/economie\/nord-kivu-caritas-goma-et-le-pam-au-chevet-des-deplaces-de-rusayo\"]}]},{\"@type\":\"ImageObject\",\"inLanguage\":\"fr-FR\",\"@id\":\"https:\/\/www.africa-press.net\/congo-brazzaville\/economie\/nord-kivu-caritas-goma-et-le-pam-au-chevet-des-deplaces-de-rusayo#primaryimage\",\"url\":\"https:\/\/static.africa-press.net\/congo-brazzaville\/sites\/51\/2023\/02\/postQueueImg_1677574452.89.jpg\",\"contentUrl\":\"https:\/\/static.africa-press.net\/congo-brazzaville\/sites\/51\/2023\/02\/postQueueImg_1677574452.89.jpg\",\"width\":1024,\"height\":685,\"caption\":\"Nord-Kivu : Caritas Goma et le PAM au chevet des d\u00e9plac\u00e9s de Rusayo\"},{\"@type\":\"BreadcrumbList\",\"@id\":\"https:\/\/www.africa-press.net\/congo-brazzaville\/economie\/nord-kivu-caritas-goma-et-le-pam-au-chevet-des-deplaces-de-rusayo#breadcrumb\",\"itemListElement\":[{\"@type\":\"ListItem\",\"position\":1,\"name\":\"Accueil\",\"item\":\"https:\/\/www.africa-press.net\/congo-brazzaville\/\"},{\"@type\":\"ListItem\",\"position\":2,\"name\":\"Nord-Kivu : Caritas Goma et le PAM au chevet des d\u00e9plac\u00e9s de Rusayo\"}]},{\"@type\":\"WebSite\",\"@id\":\"https:\/\/www.africa-press.net\/congo-brazzaville\/#website\",\"url\":\"https:\/\/www.africa-press.net\/congo-brazzaville\/\",\"name\":\"Congo Brazzaville\",\"description\":\"Just another Africa News Agency Sites site\",\"potentialAction\":[{\"@type\":\"SearchAction\",\"target\":{\"@type\":\"EntryPoint\",\"urlTemplate\":\"https:\/\/www.africa-press.net\/congo-brazzaville\/?s={search_term_string}\"},\"query-input\":{\"@type\":\"PropertyValueSpecification\",\"valueRequired\":true,\"valueName\":\"search_term_string\"}}],\"inLanguage\":\"fr-FR\"},{\"@type\":\"Person\",\"@id\":\"https:\/\/www.africa-press.net\/congo-brazzaville\/#\/schema\/person\/2b1cf3cd81a31e3cd26889ca66d677f1\",\"name\":\"cfeditorfr\"}]}<\/script>\n<!-- \/ Yoast SEO Premium plugin. -->","yoast_head_json":{"title":"Nord-Kivu : Caritas Goma et le PAM au chevet des d\u00e9plac\u00e9s de Rusayo - Congo Brazzaville","description":"Victime des guerres a\u0300 re\u0301pe\u0301tition, la population vivant dans l\u2019Est de la Re\u0301publique de\u0301mocratique du Congo e\u0301prouv ...","robots":{"index":"index","follow":"follow","max-snippet":"max-snippet:-1","max-image-preview":"max-image-preview:large","max-video-preview":"max-video-preview:-1"},"canonical":"https:\/\/www.africa-press.net\/congo-brazzaville\/economie\/nord-kivu-caritas-goma-et-le-pam-au-chevet-des-deplaces-de-rusayo","og_locale":"fr_FR","og_type":"article","og_title":"Nord-Kivu : Caritas Goma et le PAM au chevet des d\u00e9plac\u00e9s de Rusayo","og_description":"Victime des guerres a\u0300 re\u0301pe\u0301tition, la population vivant dans l\u2019Est de la Re\u0301publique de\u0301mocratique du Congo e\u0301prouv ...","og_url":"https:\/\/www.africa-press.net\/congo-brazzaville\/economie\/nord-kivu-caritas-goma-et-le-pam-au-chevet-des-deplaces-de-rusayo","og_site_name":"Congo Brazzaville","article_published_time":"2023-02-28T12:24:07+00:00","article_modified_time":"2023-02-28T12:47:39+00:00","og_image":[{"width":1024,"height":685,"url":"https:\/\/static.africa-press.net\/congo-brazzaville\/sites\/51\/2023\/02\/postQueueImg_1677574452.89.jpg","type":"image\/jpeg"}],"author":"cfeditorfr","twitter_card":"summary_large_image","twitter_misc":{"\u00c9crit par":"cfeditorfr","Dur\u00e9e de lecture estim\u00e9e":"3 minutes"},"schema":{"@context":"https:\/\/schema.org","@graph":[{"@type":"Article","@id":"https:\/\/www.africa-press.net\/congo-brazzaville\/economie\/nord-kivu-caritas-goma-et-le-pam-au-chevet-des-deplaces-de-rusayo#article","isPartOf":{"@id":"https:\/\/www.africa-press.net\/congo-brazzaville\/economie\/nord-kivu-caritas-goma-et-le-pam-au-chevet-des-deplaces-de-rusayo"},"author":{"name":"cfeditorfr","@id":"https:\/\/www.africa-press.net\/congo-brazzaville\/#\/schema\/person\/2b1cf3cd81a31e3cd26889ca66d677f1"},"headline":"Nord-Kivu : Caritas Goma et le PAM au chevet des d\u00e9plac\u00e9s de Rusayo","datePublished":"2023-02-28T12:24:07+00:00","dateModified":"2023-02-28T12:47:39+00:00","mainEntityOfPage":{"@id":"https:\/\/www.africa-press.net\/congo-brazzaville\/economie\/nord-kivu-caritas-goma-et-le-pam-au-chevet-des-deplaces-de-rusayo"},"wordCount":559,"commentCount":0,"image":{"@id":"https:\/\/www.africa-press.net\/congo-brazzaville\/economie\/nord-kivu-caritas-goma-et-le-pam-au-chevet-des-deplaces-de-rusayo#primaryimage"},"thumbnailUrl":"https:\/\/static.africa-press.net\/congo-brazzaville\/sites\/51\/2023\/02\/postQueueImg_1677574452.89.jpg","keywords":["Africa Press","Africa Press-Congo Brazzaville","Congo Brazzaville"],"articleSection":["\u00c9conomie","Toutes les actualit\u00e9s"],"inLanguage":"fr-FR","potentialAction":[{"@type":"CommentAction","name":"Comment","target":["https:\/\/www.africa-press.net\/congo-brazzaville\/economie\/nord-kivu-caritas-goma-et-le-pam-au-chevet-des-deplaces-de-rusayo#respond"]}]},{"@type":"WebPage","@id":"https:\/\/www.africa-press.net\/congo-brazzaville\/economie\/nord-kivu-caritas-goma-et-le-pam-au-chevet-des-deplaces-de-rusayo","url":"https:\/\/www.africa-press.net\/congo-brazzaville\/economie\/nord-kivu-caritas-goma-et-le-pam-au-chevet-des-deplaces-de-rusayo","name":"Nord-Kivu : Caritas Goma et le PAM au chevet des d\u00e9plac\u00e9s de Rusayo - Congo Brazzaville","isPartOf":{"@id":"https:\/\/www.africa-press.net\/congo-brazzaville\/#website"},"primaryImageOfPage":{"@id":"https:\/\/www.africa-press.net\/congo-brazzaville\/economie\/nord-kivu-caritas-goma-et-le-pam-au-chevet-des-deplaces-de-rusayo#primaryimage"},"image":{"@id":"https:\/\/www.africa-press.net\/congo-brazzaville\/economie\/nord-kivu-caritas-goma-et-le-pam-au-chevet-des-deplaces-de-rusayo#primaryimage"},"thumbnailUrl":"https:\/\/static.africa-press.net\/congo-brazzaville\/sites\/51\/2023\/02\/postQueueImg_1677574452.89.jpg","datePublished":"2023-02-28T12:24:07+00:00","dateModified":"2023-02-28T12:47:39+00:00","author":{"@id":"https:\/\/www.africa-press.net\/congo-brazzaville\/#\/schema\/person\/2b1cf3cd81a31e3cd26889ca66d677f1"},"description":"Victime des guerres a\u0300 re\u0301pe\u0301tition, la population vivant dans l\u2019Est de la Re\u0301publique de\u0301mocratique du Congo e\u0301prouv ...","breadcrumb":{"@id":"https:\/\/www.africa-press.net\/congo-brazzaville\/economie\/nord-kivu-caritas-goma-et-le-pam-au-chevet-des-deplaces-de-rusayo#breadcrumb"},"inLanguage":"fr-FR","potentialAction":[{"@type":"ReadAction","target":["https:\/\/www.africa-press.net\/congo-brazzaville\/economie\/nord-kivu-caritas-goma-et-le-pam-au-chevet-des-deplaces-de-rusayo"]}]},{"@type":"ImageObject","inLanguage":"fr-FR","@id":"https:\/\/www.africa-press.net\/congo-brazzaville\/economie\/nord-kivu-caritas-goma-et-le-pam-au-chevet-des-deplaces-de-rusayo#primaryimage","url":"https:\/\/static.africa-press.net\/congo-brazzaville\/sites\/51\/2023\/02\/postQueueImg_1677574452.89.jpg","contentUrl":"https:\/\/static.africa-press.net\/congo-brazzaville\/sites\/51\/2023\/02\/postQueueImg_1677574452.89.jpg","width":1024,"height":685,"caption":"Nord-Kivu : Caritas Goma et le PAM au chevet des d\u00e9plac\u00e9s de Rusayo"},{"@type":"BreadcrumbList","@id":"https:\/\/www.africa-press.net\/congo-brazzaville\/economie\/nord-kivu-caritas-goma-et-le-pam-au-chevet-des-deplaces-de-rusayo#breadcrumb","itemListElement":[{"@type":"ListItem","position":1,"name":"Accueil","item":"https:\/\/www.africa-press.net\/congo-brazzaville\/"},{"@type":"ListItem","position":2,"name":"Nord-Kivu : Caritas Goma et le PAM au chevet des d\u00e9plac\u00e9s de Rusayo"}]},{"@type":"WebSite","@id":"https:\/\/www.africa-press.net\/congo-brazzaville\/#website","url":"https:\/\/www.africa-press.net\/congo-brazzaville\/","name":"Congo Brazzaville","description":"Just another Africa News Agency Sites site","potentialAction":[{"@type":"SearchAction","target":{"@type":"EntryPoint","urlTemplate":"https:\/\/www.africa-press.net\/congo-brazzaville\/?s={search_term_string}"},"query-input":{"@type":"PropertyValueSpecification","valueRequired":true,"valueName":"search_term_string"}}],"inLanguage":"fr-FR"},{"@type":"Person","@id":"https:\/\/www.africa-press.net\/congo-brazzaville\/#\/schema\/person\/2b1cf3cd81a31e3cd26889ca66d677f1","name":"cfeditorfr"}]}},"_links":{"self":[{"href":"https:\/\/www.africa-press.net\/congo-brazzaville\/wp-json\/wp\/v2\/posts\/14944","targetHints":{"allow":["GET"]}}],"collection":[{"href":"https:\/\/www.africa-press.net\/congo-brazzaville\/wp-json\/wp\/v2\/posts"}],"about":[{"href":"https:\/\/www.africa-press.net\/congo-brazzaville\/wp-json\/wp\/v2\/types\/post"}],"author":[{"embeddable":true,"href":"https:\/\/www.africa-press.net\/congo-brazzaville\/wp-json\/wp\/v2\/users\/82"}],"replies":[{"embeddable":true,"href":"https:\/\/www.africa-press.net\/congo-brazzaville\/wp-json\/wp\/v2\/comments?post=14944"}],"version-history":[{"count":0,"href":"https:\/\/www.africa-press.net\/congo-brazzaville\/wp-json\/wp\/v2\/posts\/14944\/revisions"}],"wp:featuredmedia":[{"embeddable":true,"href":"https:\/\/www.africa-press.net\/congo-brazzaville\/wp-json\/wp\/v2\/media\/14943"}],"wp:attachment":[{"href":"https:\/\/www.africa-press.net\/congo-brazzaville\/wp-json\/wp\/v2\/media?parent=14944"}],"wp:term":[{"taxonomy":"category","embeddable":true,"href":"https:\/\/www.africa-press.net\/congo-brazzaville\/wp-json\/wp\/v2\/categories?post=14944"},{"taxonomy":"post_tag","embeddable":true,"href":"https:\/\/www.africa-press.net\/congo-brazzaville\/wp-json\/wp\/v2\/tags?post=14944"}],"curies":[{"name":"wp","href":"https:\/\/api.w.org\/{rel}","templated":true}]}}