{"id":14946,"date":"2023-02-28T12:24:23","date_gmt":"2023-02-28T12:24:23","guid":{"rendered":"https:\/\/www.africa-press.net\/congo-brazzaville\/politique\/disparition-le-senateur-alphonse-mboudo-nesa-decede-a-brazzaville"},"modified":"2023-02-28T12:49:58","modified_gmt":"2023-02-28T12:49:58","slug":"disparition-le-senateur-alphonse-mboudo-nesa-decede-a-brazzaville","status":"publish","type":"post","link":"https:\/\/www.africa-press.net\/congo-brazzaville\/politique\/disparition-le-senateur-alphonse-mboudo-nesa-decede-a-brazzaville","title":{"rendered":"Disparition: le s\u00e9nateur Alphonse Mboudo-Nesa d\u00e9c\u00e9d\u00e9 \u00e0 Brazzaville"},"content":{"rendered":"<p><span style=\"color: #ff6600\"><strong>Africa-Press &#8211; Congo Brazzaville. <\/strong><\/span><b>Le deuxie\u0300me vice-pre\u0301sident du Se\u0301nat, Alphonse Mboudo-Nesa, a tire\u0301 sa revere\u0301nce le 27 fe\u0301vrier a\u0300 Brazzaville a\u0300 l\u2019a\u0302ge de 79 ans. <\/b><\/p>\n<p>Ne\u0301 a\u0300 Enyelle\u0301, dans le de\u0301partement de la Likouala, le 14 mars 1944, Alphonse Mboudo-Nesa est au Se\u0301nat depuis 2008. Membre du Parti congolais du travail (PCT) depuis 1975, l\u2019illustre disparu a occupe\u0301 plusieurs postes administratifs et politiques.<\/p>\n<p>Economiste de formation, il a e\u0301te\u0301 conseiller e\u0301conomique et financier du pre\u0301sident Marien Ngouabi de 1974-1975 avant d\u2019e\u0302tre nomme\u0301 ministre des Mines et de l\u2019Energie puis directeur ge\u0301ne\u0301ral d\u2019Hydro-Congo. De 1989 a\u0300 1991, il est nomme\u0301 ministre du Commerce et des Petites et moyennes entreprises puis directeur ge\u0301ne\u0301ral de la Socie\u0301te\u0301 nationale d\u2019e\u0301lectricite\u0301 de 1998 a\u0300 2002.<\/p>\n<p>Sur le plan politique, sa vie militante commence en 1961 ou\u0300 il est membre du comite\u0301 directeur de l\u2019Association scolaire du Congo. En 1963, il milite avec les autres dans les mouvements estudiantins africains de France. Depuis 2011 jusqu\u2019a\u0300 sa mort, il est membre du comite\u0301 d\u2019honneur du PCT.<\/p>\n<p><strong>Pour plus d&rsquo;informations et d&rsquo;analyses sur la <a href=\"https:\/\/www.africa-press.net\/congo-brazzaville\">Congo Brazzaville<\/a>, suivez <a href=\"https:\/\/www.africa-press.net\/\">Africa-Press<\/a><\/strong><\/p>\n","protected":false},"excerpt":{"rendered":"<p>Africa-Press &#8211; Congo Brazzaville. Le deuxie\u0300me vice-pre\u0301sident du Se\u0301nat, Alphonse Mboudo-Nesa, a tire\u0301 sa revere\u0301nce le 27 fe\u0301vrier a\u0300 Brazzaville a\u0300 l\u2019a\u0302ge de 79 ans. Ne\u0301 a\u0300 Enyelle\u0301, dans le de\u0301partement de la Likouala, le 14 mars 1944, Alphonse Mboudo-Nesa est au Se\u0301nat depuis 2008. Membre du Parti congolais du travail (PCT) depuis 1975, l\u2019illustre [&hellip;]<\/p>\n","protected":false},"author":82,"featured_media":14945,"comment_status":"open","ping_status":"closed","sticky":false,"template":"","format":"standard","meta":{"footnotes":""},"categories":[2,10],"tags":[36,47,46],"class_list":["post-14946","post","type-post","status-publish","format-standard","has-post-thumbnail","hentry","category-politique","category-toutes-les-actualites","tag-africa-press","tag-africa-press-congo-brazzaville","tag-congo-brazzaville"],"yoast_head":"<!-- This site is optimized with the Yoast SEO Premium plugin v26.1 (Yoast SEO v27.0) - https:\/\/yoast.com\/product\/yoast-seo-premium-wordpress\/ -->\n<title>Disparition: le s\u00e9nateur Alphonse Mboudo-Nesa d\u00e9c\u00e9d\u00e9 \u00e0 Brazzaville - Congo Brazzaville<\/title>\n<meta name=\"description\" content=\"Le deuxie\u0300me vice-pre\u0301sident du Se\u0301nat, Alphonse Mboudo-Nesa, a tire\u0301 sa revere\u0301nce le 27 fe\u0301vrier a\u0300 Brazzaville a\u0300 ...\" \/>\n<meta name=\"robots\" content=\"index, follow, max-snippet:-1, max-image-preview:large, max-video-preview:-1\" \/>\n<link rel=\"canonical\" href=\"https:\/\/www.africa-press.net\/congo-brazzaville\/politique\/disparition-le-senateur-alphonse-mboudo-nesa-decede-a-brazzaville\" \/>\n<meta property=\"og:locale\" content=\"fr_FR\" \/>\n<meta property=\"og:type\" content=\"article\" \/>\n<meta property=\"og:title\" content=\"Disparition: le s\u00e9nateur Alphonse Mboudo-Nesa d\u00e9c\u00e9d\u00e9 \u00e0 Brazzaville\" \/>\n<meta property=\"og:description\" content=\"Le deuxie\u0300me vice-pre\u0301sident du Se\u0301nat, Alphonse Mboudo-Nesa, a tire\u0301 sa revere\u0301nce le 27 fe\u0301vrier a\u0300 Brazzaville a\u0300 ...\" \/>\n<meta property=\"og:url\" content=\"https:\/\/www.africa-press.net\/congo-brazzaville\/politique\/disparition-le-senateur-alphonse-mboudo-nesa-decede-a-brazzaville\" \/>\n<meta property=\"og:site_name\" content=\"Congo Brazzaville\" \/>\n<meta property=\"article:published_time\" content=\"2023-02-28T12:24:23+00:00\" \/>\n<meta property=\"article:modified_time\" content=\"2023-02-28T12:49:58+00:00\" \/>\n<meta property=\"og:image\" content=\"https:\/\/static.africa-press.net\/congo-brazzaville\/sites\/51\/2023\/02\/postQueueImg_1677574467.25.jpg\" \/>\n\t<meta property=\"og:image:width\" content=\"1280\" \/>\n\t<meta property=\"og:image:height\" content=\"720\" \/>\n\t<meta property=\"og:image:type\" content=\"image\/jpeg\" \/>\n<meta name=\"author\" content=\"cfeditorfr\" \/>\n<meta name=\"twitter:card\" content=\"summary_large_image\" \/>\n<meta name=\"twitter:label1\" content=\"\u00c9crit par\" \/>\n\t<meta name=\"twitter:data1\" content=\"cfeditorfr\" \/>\n\t<meta name=\"twitter:label2\" content=\"Dur\u00e9e de lecture estim\u00e9e\" \/>\n\t<meta name=\"twitter:data2\" content=\"1 minute\" \/>\n<script type=\"application\/ld+json\" class=\"yoast-schema-graph\">{\"@context\":\"https:\/\/schema.org\",\"@graph\":[{\"@type\":\"Article\",\"@id\":\"https:\/\/www.africa-press.net\/congo-brazzaville\/politique\/disparition-le-senateur-alphonse-mboudo-nesa-decede-a-brazzaville#article\",\"isPartOf\":{\"@id\":\"https:\/\/www.africa-press.net\/congo-brazzaville\/politique\/disparition-le-senateur-alphonse-mboudo-nesa-decede-a-brazzaville\"},\"author\":{\"name\":\"cfeditorfr\",\"@id\":\"https:\/\/www.africa-press.net\/congo-brazzaville\/#\/schema\/person\/2b1cf3cd81a31e3cd26889ca66d677f1\"},\"headline\":\"Disparition: le s\u00e9nateur Alphonse Mboudo-Nesa d\u00e9c\u00e9d\u00e9 \u00e0 Brazzaville\",\"datePublished\":\"2023-02-28T12:24:23+00:00\",\"dateModified\":\"2023-02-28T12:49:58+00:00\",\"mainEntityOfPage\":{\"@id\":\"https:\/\/www.africa-press.net\/congo-brazzaville\/politique\/disparition-le-senateur-alphonse-mboudo-nesa-decede-a-brazzaville\"},\"wordCount\":206,\"commentCount\":0,\"image\":{\"@id\":\"https:\/\/www.africa-press.net\/congo-brazzaville\/politique\/disparition-le-senateur-alphonse-mboudo-nesa-decede-a-brazzaville#primaryimage\"},\"thumbnailUrl\":\"https:\/\/static.africa-press.net\/congo-brazzaville\/sites\/51\/2023\/02\/postQueueImg_1677574467.25.jpg\",\"keywords\":[\"Africa Press\",\"Africa Press-Congo Brazzaville\",\"Congo Brazzaville\"],\"articleSection\":[\"Politique\",\"Toutes les actualit\u00e9s\"],\"inLanguage\":\"fr-FR\",\"potentialAction\":[{\"@type\":\"CommentAction\",\"name\":\"Comment\",\"target\":[\"https:\/\/www.africa-press.net\/congo-brazzaville\/politique\/disparition-le-senateur-alphonse-mboudo-nesa-decede-a-brazzaville#respond\"]}]},{\"@type\":\"WebPage\",\"@id\":\"https:\/\/www.africa-press.net\/congo-brazzaville\/politique\/disparition-le-senateur-alphonse-mboudo-nesa-decede-a-brazzaville\",\"url\":\"https:\/\/www.africa-press.net\/congo-brazzaville\/politique\/disparition-le-senateur-alphonse-mboudo-nesa-decede-a-brazzaville\",\"name\":\"Disparition: le s\u00e9nateur Alphonse Mboudo-Nesa d\u00e9c\u00e9d\u00e9 \u00e0 Brazzaville - Congo Brazzaville\",\"isPartOf\":{\"@id\":\"https:\/\/www.africa-press.net\/congo-brazzaville\/#website\"},\"primaryImageOfPage\":{\"@id\":\"https:\/\/www.africa-press.net\/congo-brazzaville\/politique\/disparition-le-senateur-alphonse-mboudo-nesa-decede-a-brazzaville#primaryimage\"},\"image\":{\"@id\":\"https:\/\/www.africa-press.net\/congo-brazzaville\/politique\/disparition-le-senateur-alphonse-mboudo-nesa-decede-a-brazzaville#primaryimage\"},\"thumbnailUrl\":\"https:\/\/static.africa-press.net\/congo-brazzaville\/sites\/51\/2023\/02\/postQueueImg_1677574467.25.jpg\",\"datePublished\":\"2023-02-28T12:24:23+00:00\",\"dateModified\":\"2023-02-28T12:49:58+00:00\",\"author\":{\"@id\":\"https:\/\/www.africa-press.net\/congo-brazzaville\/#\/schema\/person\/2b1cf3cd81a31e3cd26889ca66d677f1\"},\"description\":\"Le deuxie\u0300me vice-pre\u0301sident du Se\u0301nat, Alphonse Mboudo-Nesa, a tire\u0301 sa revere\u0301nce le 27 fe\u0301vrier a\u0300 Brazzaville a\u0300 ...\",\"breadcrumb\":{\"@id\":\"https:\/\/www.africa-press.net\/congo-brazzaville\/politique\/disparition-le-senateur-alphonse-mboudo-nesa-decede-a-brazzaville#breadcrumb\"},\"inLanguage\":\"fr-FR\",\"potentialAction\":[{\"@type\":\"ReadAction\",\"target\":[\"https:\/\/www.africa-press.net\/congo-brazzaville\/politique\/disparition-le-senateur-alphonse-mboudo-nesa-decede-a-brazzaville\"]}]},{\"@type\":\"ImageObject\",\"inLanguage\":\"fr-FR\",\"@id\":\"https:\/\/www.africa-press.net\/congo-brazzaville\/politique\/disparition-le-senateur-alphonse-mboudo-nesa-decede-a-brazzaville#primaryimage\",\"url\":\"https:\/\/static.africa-press.net\/congo-brazzaville\/sites\/51\/2023\/02\/postQueueImg_1677574467.25.jpg\",\"contentUrl\":\"https:\/\/static.africa-press.net\/congo-brazzaville\/sites\/51\/2023\/02\/postQueueImg_1677574467.25.jpg\",\"width\":1280,\"height\":720,\"caption\":\"Disparition: le s\u00e9nateur Alphonse Mboudo-Nesa d\u00e9c\u00e9d\u00e9 \u00e0 Brazzaville\"},{\"@type\":\"BreadcrumbList\",\"@id\":\"https:\/\/www.africa-press.net\/congo-brazzaville\/politique\/disparition-le-senateur-alphonse-mboudo-nesa-decede-a-brazzaville#breadcrumb\",\"itemListElement\":[{\"@type\":\"ListItem\",\"position\":1,\"name\":\"Accueil\",\"item\":\"https:\/\/www.africa-press.net\/congo-brazzaville\/\"},{\"@type\":\"ListItem\",\"position\":2,\"name\":\"Disparition: le s\u00e9nateur Alphonse Mboudo-Nesa d\u00e9c\u00e9d\u00e9 \u00e0 Brazzaville\"}]},{\"@type\":\"WebSite\",\"@id\":\"https:\/\/www.africa-press.net\/congo-brazzaville\/#website\",\"url\":\"https:\/\/www.africa-press.net\/congo-brazzaville\/\",\"name\":\"Congo Brazzaville\",\"description\":\"Just another Africa News Agency Sites site\",\"potentialAction\":[{\"@type\":\"SearchAction\",\"target\":{\"@type\":\"EntryPoint\",\"urlTemplate\":\"https:\/\/www.africa-press.net\/congo-brazzaville\/?s={search_term_string}\"},\"query-input\":{\"@type\":\"PropertyValueSpecification\",\"valueRequired\":true,\"valueName\":\"search_term_string\"}}],\"inLanguage\":\"fr-FR\"},{\"@type\":\"Person\",\"@id\":\"https:\/\/www.africa-press.net\/congo-brazzaville\/#\/schema\/person\/2b1cf3cd81a31e3cd26889ca66d677f1\",\"name\":\"cfeditorfr\"}]}<\/script>\n<!-- \/ Yoast SEO Premium plugin. -->","yoast_head_json":{"title":"Disparition: le s\u00e9nateur Alphonse Mboudo-Nesa d\u00e9c\u00e9d\u00e9 \u00e0 Brazzaville - Congo Brazzaville","description":"Le deuxie\u0300me vice-pre\u0301sident du Se\u0301nat, Alphonse Mboudo-Nesa, a tire\u0301 sa revere\u0301nce le 27 fe\u0301vrier a\u0300 Brazzaville a\u0300 ...","robots":{"index":"index","follow":"follow","max-snippet":"max-snippet:-1","max-image-preview":"max-image-preview:large","max-video-preview":"max-video-preview:-1"},"canonical":"https:\/\/www.africa-press.net\/congo-brazzaville\/politique\/disparition-le-senateur-alphonse-mboudo-nesa-decede-a-brazzaville","og_locale":"fr_FR","og_type":"article","og_title":"Disparition: le s\u00e9nateur Alphonse Mboudo-Nesa d\u00e9c\u00e9d\u00e9 \u00e0 Brazzaville","og_description":"Le deuxie\u0300me vice-pre\u0301sident du Se\u0301nat, Alphonse Mboudo-Nesa, a tire\u0301 sa revere\u0301nce le 27 fe\u0301vrier a\u0300 Brazzaville a\u0300 ...","og_url":"https:\/\/www.africa-press.net\/congo-brazzaville\/politique\/disparition-le-senateur-alphonse-mboudo-nesa-decede-a-brazzaville","og_site_name":"Congo Brazzaville","article_published_time":"2023-02-28T12:24:23+00:00","article_modified_time":"2023-02-28T12:49:58+00:00","og_image":[{"width":1280,"height":720,"url":"https:\/\/static.africa-press.net\/congo-brazzaville\/sites\/51\/2023\/02\/postQueueImg_1677574467.25.jpg","type":"image\/jpeg"}],"author":"cfeditorfr","twitter_card":"summary_large_image","twitter_misc":{"\u00c9crit par":"cfeditorfr","Dur\u00e9e de lecture estim\u00e9e":"1 minute"},"schema":{"@context":"https:\/\/schema.org","@graph":[{"@type":"Article","@id":"https:\/\/www.africa-press.net\/congo-brazzaville\/politique\/disparition-le-senateur-alphonse-mboudo-nesa-decede-a-brazzaville#article","isPartOf":{"@id":"https:\/\/www.africa-press.net\/congo-brazzaville\/politique\/disparition-le-senateur-alphonse-mboudo-nesa-decede-a-brazzaville"},"author":{"name":"cfeditorfr","@id":"https:\/\/www.africa-press.net\/congo-brazzaville\/#\/schema\/person\/2b1cf3cd81a31e3cd26889ca66d677f1"},"headline":"Disparition: le s\u00e9nateur Alphonse Mboudo-Nesa d\u00e9c\u00e9d\u00e9 \u00e0 Brazzaville","datePublished":"2023-02-28T12:24:23+00:00","dateModified":"2023-02-28T12:49:58+00:00","mainEntityOfPage":{"@id":"https:\/\/www.africa-press.net\/congo-brazzaville\/politique\/disparition-le-senateur-alphonse-mboudo-nesa-decede-a-brazzaville"},"wordCount":206,"commentCount":0,"image":{"@id":"https:\/\/www.africa-press.net\/congo-brazzaville\/politique\/disparition-le-senateur-alphonse-mboudo-nesa-decede-a-brazzaville#primaryimage"},"thumbnailUrl":"https:\/\/static.africa-press.net\/congo-brazzaville\/sites\/51\/2023\/02\/postQueueImg_1677574467.25.jpg","keywords":["Africa Press","Africa Press-Congo Brazzaville","Congo Brazzaville"],"articleSection":["Politique","Toutes les actualit\u00e9s"],"inLanguage":"fr-FR","potentialAction":[{"@type":"CommentAction","name":"Comment","target":["https:\/\/www.africa-press.net\/congo-brazzaville\/politique\/disparition-le-senateur-alphonse-mboudo-nesa-decede-a-brazzaville#respond"]}]},{"@type":"WebPage","@id":"https:\/\/www.africa-press.net\/congo-brazzaville\/politique\/disparition-le-senateur-alphonse-mboudo-nesa-decede-a-brazzaville","url":"https:\/\/www.africa-press.net\/congo-brazzaville\/politique\/disparition-le-senateur-alphonse-mboudo-nesa-decede-a-brazzaville","name":"Disparition: le s\u00e9nateur Alphonse Mboudo-Nesa d\u00e9c\u00e9d\u00e9 \u00e0 Brazzaville - Congo Brazzaville","isPartOf":{"@id":"https:\/\/www.africa-press.net\/congo-brazzaville\/#website"},"primaryImageOfPage":{"@id":"https:\/\/www.africa-press.net\/congo-brazzaville\/politique\/disparition-le-senateur-alphonse-mboudo-nesa-decede-a-brazzaville#primaryimage"},"image":{"@id":"https:\/\/www.africa-press.net\/congo-brazzaville\/politique\/disparition-le-senateur-alphonse-mboudo-nesa-decede-a-brazzaville#primaryimage"},"thumbnailUrl":"https:\/\/static.africa-press.net\/congo-brazzaville\/sites\/51\/2023\/02\/postQueueImg_1677574467.25.jpg","datePublished":"2023-02-28T12:24:23+00:00","dateModified":"2023-02-28T12:49:58+00:00","author":{"@id":"https:\/\/www.africa-press.net\/congo-brazzaville\/#\/schema\/person\/2b1cf3cd81a31e3cd26889ca66d677f1"},"description":"Le deuxie\u0300me vice-pre\u0301sident du Se\u0301nat, Alphonse Mboudo-Nesa, a tire\u0301 sa revere\u0301nce le 27 fe\u0301vrier a\u0300 Brazzaville a\u0300 ...","breadcrumb":{"@id":"https:\/\/www.africa-press.net\/congo-brazzaville\/politique\/disparition-le-senateur-alphonse-mboudo-nesa-decede-a-brazzaville#breadcrumb"},"inLanguage":"fr-FR","potentialAction":[{"@type":"ReadAction","target":["https:\/\/www.africa-press.net\/congo-brazzaville\/politique\/disparition-le-senateur-alphonse-mboudo-nesa-decede-a-brazzaville"]}]},{"@type":"ImageObject","inLanguage":"fr-FR","@id":"https:\/\/www.africa-press.net\/congo-brazzaville\/politique\/disparition-le-senateur-alphonse-mboudo-nesa-decede-a-brazzaville#primaryimage","url":"https:\/\/static.africa-press.net\/congo-brazzaville\/sites\/51\/2023\/02\/postQueueImg_1677574467.25.jpg","contentUrl":"https:\/\/static.africa-press.net\/congo-brazzaville\/sites\/51\/2023\/02\/postQueueImg_1677574467.25.jpg","width":1280,"height":720,"caption":"Disparition: le s\u00e9nateur Alphonse Mboudo-Nesa d\u00e9c\u00e9d\u00e9 \u00e0 Brazzaville"},{"@type":"BreadcrumbList","@id":"https:\/\/www.africa-press.net\/congo-brazzaville\/politique\/disparition-le-senateur-alphonse-mboudo-nesa-decede-a-brazzaville#breadcrumb","itemListElement":[{"@type":"ListItem","position":1,"name":"Accueil","item":"https:\/\/www.africa-press.net\/congo-brazzaville\/"},{"@type":"ListItem","position":2,"name":"Disparition: le s\u00e9nateur Alphonse Mboudo-Nesa d\u00e9c\u00e9d\u00e9 \u00e0 Brazzaville"}]},{"@type":"WebSite","@id":"https:\/\/www.africa-press.net\/congo-brazzaville\/#website","url":"https:\/\/www.africa-press.net\/congo-brazzaville\/","name":"Congo Brazzaville","description":"Just another Africa News Agency Sites site","potentialAction":[{"@type":"SearchAction","target":{"@type":"EntryPoint","urlTemplate":"https:\/\/www.africa-press.net\/congo-brazzaville\/?s={search_term_string}"},"query-input":{"@type":"PropertyValueSpecification","valueRequired":true,"valueName":"search_term_string"}}],"inLanguage":"fr-FR"},{"@type":"Person","@id":"https:\/\/www.africa-press.net\/congo-brazzaville\/#\/schema\/person\/2b1cf3cd81a31e3cd26889ca66d677f1","name":"cfeditorfr"}]}},"_links":{"self":[{"href":"https:\/\/www.africa-press.net\/congo-brazzaville\/wp-json\/wp\/v2\/posts\/14946","targetHints":{"allow":["GET"]}}],"collection":[{"href":"https:\/\/www.africa-press.net\/congo-brazzaville\/wp-json\/wp\/v2\/posts"}],"about":[{"href":"https:\/\/www.africa-press.net\/congo-brazzaville\/wp-json\/wp\/v2\/types\/post"}],"author":[{"embeddable":true,"href":"https:\/\/www.africa-press.net\/congo-brazzaville\/wp-json\/wp\/v2\/users\/82"}],"replies":[{"embeddable":true,"href":"https:\/\/www.africa-press.net\/congo-brazzaville\/wp-json\/wp\/v2\/comments?post=14946"}],"version-history":[{"count":0,"href":"https:\/\/www.africa-press.net\/congo-brazzaville\/wp-json\/wp\/v2\/posts\/14946\/revisions"}],"wp:featuredmedia":[{"embeddable":true,"href":"https:\/\/www.africa-press.net\/congo-brazzaville\/wp-json\/wp\/v2\/media\/14945"}],"wp:attachment":[{"href":"https:\/\/www.africa-press.net\/congo-brazzaville\/wp-json\/wp\/v2\/media?parent=14946"}],"wp:term":[{"taxonomy":"category","embeddable":true,"href":"https:\/\/www.africa-press.net\/congo-brazzaville\/wp-json\/wp\/v2\/categories?post=14946"},{"taxonomy":"post_tag","embeddable":true,"href":"https:\/\/www.africa-press.net\/congo-brazzaville\/wp-json\/wp\/v2\/tags?post=14946"}],"curies":[{"name":"wp","href":"https:\/\/api.w.org\/{rel}","templated":true}]}}