{"id":14956,"date":"2023-02-28T12:23:12","date_gmt":"2023-02-28T12:23:12","guid":{"rendered":"https:\/\/www.africa-press.net\/congo-brazzaville\/politique\/cooperation-le-congo-et-le-burundi-vont-developper-leurs-relations-dans-le-domaine-agricole"},"modified":"2023-02-28T13:17:19","modified_gmt":"2023-02-28T13:17:19","slug":"cooperation-le-congo-et-le-burundi-vont-developper-leurs-relations-dans-le-domaine-agricole","status":"publish","type":"post","link":"https:\/\/www.africa-press.net\/congo-brazzaville\/politique\/cooperation-le-congo-et-le-burundi-vont-developper-leurs-relations-dans-le-domaine-agricole","title":{"rendered":"Coop\u00e9ration : le Congo et le Burundi vont d\u00e9velopper leurs relations dans le domaine agricole"},"content":{"rendered":"<p><span style=\"color: #ff6600\"><strong>Africa-Press &#8211; Congo Brazzaville. <\/strong><\/span><b>Le pre\u0301sident Denis Sassou N\u2019Guesso a indique\u0301, le 27 fe\u0301vrier, a\u0300 Brazzaville que le Congo et le Burundi vont de\u0301velopper leur coope\u0301ration dans le domaine agricole. Le chef de l\u2019Etat congolais a fait cette annonce lors d\u2019une confe\u0301rence de presse anime\u0301e conjointement avec son homologue burundais Evariste Ndayishimiye.<\/b><\/p>\n<p>\u00ab Nous avons beaucoup e\u0301change\u0301 avec le pre\u0301sident Ndayishimiye sur cette question et sur d\u2019autres aspects de coope\u0301ration. Nous allons surtout concentrer nos efforts autour de l\u2019e\u0301change d\u2019expe\u0301riences dans le domaine du de\u0301veloppement agricole. Je crois qu\u2019on obtiendra de bons re\u0301sultats \u00bb, a-t-il de\u0301clare\u0301.<\/p>\n<p>Re\u0301pondant a\u0300 une question sur la crise pre\u0301valant a\u0300 l\u2019est de la Re\u0301publique de\u0301mocratique du Congo (RDC), Denis Sassou N\u2019Guesso a signifie\u0301 qu\u2019un plan pour le retour de la paix dans cette partie a e\u0301te\u0301 mis en place par les pre\u0301sidents du Burundi, de l\u2019Angola et du Kenya. \u00ab Nous savons qu\u2019ils ont mis en place un plan pour le retour de la paix et de la se\u0301curite\u0301 a\u0300 l\u2019est de la RDC qui a eu le soutien de l\u2019UA. Nous pensons qu\u2019avec la volonte\u0301 politique des dirigeants de la re\u0301gion et celle des peuples, nous irons progressivement vers sa mise en \u0153uvre. Parce qu\u2019il ne faut pas prendre des re\u0301solutions sans les mettre en \u0153uvre. Lorsque les re\u0301solutions sont prises avec le soutien des populations, je crois que nous allons atteindre les objectifs \u00bb, a-t-il explique\u0301.<\/p>\n<p>De son co\u0302te\u0301, le pre\u0301sident Evariste Ndayishimiye, qui pre\u0301side la Communaute\u0301 des Etats de l\u2019Afrique de l\u2019Est, a fait savoir que les chefs d\u2019Etat de la re\u0301gion e\u0301taient solidaires pour le retour du climat de paix dans la partie orientale de la RDC. \u00ab En RDC, on a les difficulte\u0301s a\u0300 ge\u0301rer la se\u0301curite\u0301 a\u0300 l\u2019est du pays. Nous sommes tous solidaires pour aider nos fre\u0300res de la RDC a\u0300 retrouver la paix et la se\u0301curite\u0301, a\u0300 \u0153uvrer pour le de\u0301veloppement de leur pays \u00bb, a-t-il renche\u0301ri.<\/p>\n<p>Le chef de l\u2019Etat burundais a remercie\u0301 son homologue congolais pour son engagement au co\u0302te\u0301 du Burundi pendant les moments difficiles, avant d\u2019appeler au de\u0301veloppement de la coope\u0301ration Sud-Sud. \u00ab Le Burundi a connu des moments de crise et le pre\u0301sident Denis Sassou N\u2019Guesso est reste\u0301 solidaire avec lui. Voila\u0300, le Burundi se rele\u0300ve de plus en plus et revient sur la sce\u0300ne internationale \u00bb, a souligne\u0301 Evariste Ndayishimiye qui a effectue\u0301 un se\u0301jour de 48 heures en terre congolaise.<\/p>\n<p><strong>Pour plus d&rsquo;informations et d&rsquo;analyses sur la <a href=\"https:\/\/www.africa-press.net\/congo-brazzaville\">Congo Brazzaville<\/a>, suivez <a href=\"https:\/\/www.africa-press.net\/\">Africa-Press<\/a><\/strong><\/p>\n","protected":false},"excerpt":{"rendered":"<p>Africa-Press &#8211; Congo Brazzaville. Le pre\u0301sident Denis Sassou N\u2019Guesso a indique\u0301, le 27 fe\u0301vrier, a\u0300 Brazzaville que le Congo et le Burundi vont de\u0301velopper leur coope\u0301ration dans le domaine agricole. Le chef de l\u2019Etat congolais a fait cette annonce lors d\u2019une confe\u0301rence de presse anime\u0301e conjointement avec son homologue burundais Evariste Ndayishimiye. \u00ab Nous avons [&hellip;]<\/p>\n","protected":false},"author":82,"featured_media":14955,"comment_status":"open","ping_status":"closed","sticky":false,"template":"","format":"standard","meta":{"footnotes":""},"categories":[2,20,10],"tags":[36,47,46],"class_list":["post-14956","post","type-post","status-publish","format-standard","has-post-thumbnail","hentry","category-politique","category-top-nouvelles","category-toutes-les-actualites","tag-africa-press","tag-africa-press-congo-brazzaville","tag-congo-brazzaville"],"yoast_head":"<!-- This site is optimized with the Yoast SEO Premium plugin v26.1 (Yoast SEO v27.0) - https:\/\/yoast.com\/product\/yoast-seo-premium-wordpress\/ -->\n<title>Coop\u00e9ration : le Congo et le Burundi vont d\u00e9velopper leurs relations dans le domaine agricole - Congo Brazzaville<\/title>\n<meta name=\"description\" content=\"Le pre\u0301sident Denis Sassou N\u2019Guesso a indique\u0301, le 27 fe\u0301vrier, a\u0300 Brazzaville que le Congo et le Burundi vont de\u0301vel ...\" \/>\n<meta name=\"robots\" content=\"index, follow, max-snippet:-1, max-image-preview:large, max-video-preview:-1\" \/>\n<link rel=\"canonical\" href=\"https:\/\/www.africa-press.net\/congo-brazzaville\/politique\/cooperation-le-congo-et-le-burundi-vont-developper-leurs-relations-dans-le-domaine-agricole\" \/>\n<meta property=\"og:locale\" content=\"fr_FR\" \/>\n<meta property=\"og:type\" content=\"article\" \/>\n<meta property=\"og:title\" content=\"Coop\u00e9ration : le Congo et le Burundi vont d\u00e9velopper leurs relations dans le domaine agricole\" \/>\n<meta property=\"og:description\" content=\"Le pre\u0301sident Denis Sassou N\u2019Guesso a indique\u0301, le 27 fe\u0301vrier, a\u0300 Brazzaville que le Congo et le Burundi vont de\u0301vel ...\" \/>\n<meta property=\"og:url\" content=\"https:\/\/www.africa-press.net\/congo-brazzaville\/politique\/cooperation-le-congo-et-le-burundi-vont-developper-leurs-relations-dans-le-domaine-agricole\" \/>\n<meta property=\"og:site_name\" content=\"Congo Brazzaville\" \/>\n<meta property=\"article:published_time\" content=\"2023-02-28T12:23:12+00:00\" \/>\n<meta property=\"article:modified_time\" content=\"2023-02-28T13:17:19+00:00\" \/>\n<meta property=\"og:image\" content=\"https:\/\/static.africa-press.net\/congo-brazzaville\/sites\/51\/2023\/02\/postQueueImg_1677574422.18.jpg\" \/>\n\t<meta property=\"og:image:width\" content=\"1280\" \/>\n\t<meta property=\"og:image:height\" content=\"720\" \/>\n\t<meta property=\"og:image:type\" content=\"image\/jpeg\" \/>\n<meta name=\"author\" content=\"cfeditorfr\" \/>\n<meta name=\"twitter:card\" content=\"summary_large_image\" \/>\n<meta name=\"twitter:label1\" content=\"\u00c9crit par\" \/>\n\t<meta name=\"twitter:data1\" content=\"cfeditorfr\" \/>\n\t<meta name=\"twitter:label2\" content=\"Dur\u00e9e de lecture estim\u00e9e\" \/>\n\t<meta name=\"twitter:data2\" content=\"3 minutes\" \/>\n<script type=\"application\/ld+json\" class=\"yoast-schema-graph\">{\"@context\":\"https:\/\/schema.org\",\"@graph\":[{\"@type\":\"Article\",\"@id\":\"https:\/\/www.africa-press.net\/congo-brazzaville\/politique\/cooperation-le-congo-et-le-burundi-vont-developper-leurs-relations-dans-le-domaine-agricole#article\",\"isPartOf\":{\"@id\":\"https:\/\/www.africa-press.net\/congo-brazzaville\/politique\/cooperation-le-congo-et-le-burundi-vont-developper-leurs-relations-dans-le-domaine-agricole\"},\"author\":{\"name\":\"cfeditorfr\",\"@id\":\"https:\/\/www.africa-press.net\/congo-brazzaville\/#\/schema\/person\/2b1cf3cd81a31e3cd26889ca66d677f1\"},\"headline\":\"Coop\u00e9ration : le Congo et le Burundi vont d\u00e9velopper leurs relations dans le domaine agricole\",\"datePublished\":\"2023-02-28T12:23:12+00:00\",\"dateModified\":\"2023-02-28T13:17:19+00:00\",\"mainEntityOfPage\":{\"@id\":\"https:\/\/www.africa-press.net\/congo-brazzaville\/politique\/cooperation-le-congo-et-le-burundi-vont-developper-leurs-relations-dans-le-domaine-agricole\"},\"wordCount\":485,\"commentCount\":0,\"image\":{\"@id\":\"https:\/\/www.africa-press.net\/congo-brazzaville\/politique\/cooperation-le-congo-et-le-burundi-vont-developper-leurs-relations-dans-le-domaine-agricole#primaryimage\"},\"thumbnailUrl\":\"https:\/\/static.africa-press.net\/congo-brazzaville\/sites\/51\/2023\/02\/postQueueImg_1677574422.18.jpg\",\"keywords\":[\"Africa Press\",\"Africa Press-Congo Brazzaville\",\"Congo Brazzaville\"],\"articleSection\":[\"Politique\",\"Top Nouvelles\",\"Toutes les actualit\u00e9s\"],\"inLanguage\":\"fr-FR\",\"potentialAction\":[{\"@type\":\"CommentAction\",\"name\":\"Comment\",\"target\":[\"https:\/\/www.africa-press.net\/congo-brazzaville\/politique\/cooperation-le-congo-et-le-burundi-vont-developper-leurs-relations-dans-le-domaine-agricole#respond\"]}]},{\"@type\":\"WebPage\",\"@id\":\"https:\/\/www.africa-press.net\/congo-brazzaville\/politique\/cooperation-le-congo-et-le-burundi-vont-developper-leurs-relations-dans-le-domaine-agricole\",\"url\":\"https:\/\/www.africa-press.net\/congo-brazzaville\/politique\/cooperation-le-congo-et-le-burundi-vont-developper-leurs-relations-dans-le-domaine-agricole\",\"name\":\"Coop\u00e9ration : le Congo et le Burundi vont d\u00e9velopper leurs relations dans le domaine agricole - Congo Brazzaville\",\"isPartOf\":{\"@id\":\"https:\/\/www.africa-press.net\/congo-brazzaville\/#website\"},\"primaryImageOfPage\":{\"@id\":\"https:\/\/www.africa-press.net\/congo-brazzaville\/politique\/cooperation-le-congo-et-le-burundi-vont-developper-leurs-relations-dans-le-domaine-agricole#primaryimage\"},\"image\":{\"@id\":\"https:\/\/www.africa-press.net\/congo-brazzaville\/politique\/cooperation-le-congo-et-le-burundi-vont-developper-leurs-relations-dans-le-domaine-agricole#primaryimage\"},\"thumbnailUrl\":\"https:\/\/static.africa-press.net\/congo-brazzaville\/sites\/51\/2023\/02\/postQueueImg_1677574422.18.jpg\",\"datePublished\":\"2023-02-28T12:23:12+00:00\",\"dateModified\":\"2023-02-28T13:17:19+00:00\",\"author\":{\"@id\":\"https:\/\/www.africa-press.net\/congo-brazzaville\/#\/schema\/person\/2b1cf3cd81a31e3cd26889ca66d677f1\"},\"description\":\"Le pre\u0301sident Denis Sassou N\u2019Guesso a indique\u0301, le 27 fe\u0301vrier, a\u0300 Brazzaville que le Congo et le Burundi vont de\u0301vel ...\",\"breadcrumb\":{\"@id\":\"https:\/\/www.africa-press.net\/congo-brazzaville\/politique\/cooperation-le-congo-et-le-burundi-vont-developper-leurs-relations-dans-le-domaine-agricole#breadcrumb\"},\"inLanguage\":\"fr-FR\",\"potentialAction\":[{\"@type\":\"ReadAction\",\"target\":[\"https:\/\/www.africa-press.net\/congo-brazzaville\/politique\/cooperation-le-congo-et-le-burundi-vont-developper-leurs-relations-dans-le-domaine-agricole\"]}]},{\"@type\":\"ImageObject\",\"inLanguage\":\"fr-FR\",\"@id\":\"https:\/\/www.africa-press.net\/congo-brazzaville\/politique\/cooperation-le-congo-et-le-burundi-vont-developper-leurs-relations-dans-le-domaine-agricole#primaryimage\",\"url\":\"https:\/\/static.africa-press.net\/congo-brazzaville\/sites\/51\/2023\/02\/postQueueImg_1677574422.18.jpg\",\"contentUrl\":\"https:\/\/static.africa-press.net\/congo-brazzaville\/sites\/51\/2023\/02\/postQueueImg_1677574422.18.jpg\",\"width\":1280,\"height\":720,\"caption\":\"Coop\u00e9ration : le Congo et le Burundi vont d\u00e9velopper leurs relations dans le domaine agricole\"},{\"@type\":\"BreadcrumbList\",\"@id\":\"https:\/\/www.africa-press.net\/congo-brazzaville\/politique\/cooperation-le-congo-et-le-burundi-vont-developper-leurs-relations-dans-le-domaine-agricole#breadcrumb\",\"itemListElement\":[{\"@type\":\"ListItem\",\"position\":1,\"name\":\"Accueil\",\"item\":\"https:\/\/www.africa-press.net\/congo-brazzaville\/\"},{\"@type\":\"ListItem\",\"position\":2,\"name\":\"Coop\u00e9ration : le Congo et le Burundi vont d\u00e9velopper leurs relations dans le domaine agricole\"}]},{\"@type\":\"WebSite\",\"@id\":\"https:\/\/www.africa-press.net\/congo-brazzaville\/#website\",\"url\":\"https:\/\/www.africa-press.net\/congo-brazzaville\/\",\"name\":\"Congo Brazzaville\",\"description\":\"Just another Africa News Agency Sites site\",\"potentialAction\":[{\"@type\":\"SearchAction\",\"target\":{\"@type\":\"EntryPoint\",\"urlTemplate\":\"https:\/\/www.africa-press.net\/congo-brazzaville\/?s={search_term_string}\"},\"query-input\":{\"@type\":\"PropertyValueSpecification\",\"valueRequired\":true,\"valueName\":\"search_term_string\"}}],\"inLanguage\":\"fr-FR\"},{\"@type\":\"Person\",\"@id\":\"https:\/\/www.africa-press.net\/congo-brazzaville\/#\/schema\/person\/2b1cf3cd81a31e3cd26889ca66d677f1\",\"name\":\"cfeditorfr\"}]}<\/script>\n<!-- \/ Yoast SEO Premium plugin. -->","yoast_head_json":{"title":"Coop\u00e9ration : le Congo et le Burundi vont d\u00e9velopper leurs relations dans le domaine agricole - Congo Brazzaville","description":"Le pre\u0301sident Denis Sassou N\u2019Guesso a indique\u0301, le 27 fe\u0301vrier, a\u0300 Brazzaville que le Congo et le Burundi vont de\u0301vel ...","robots":{"index":"index","follow":"follow","max-snippet":"max-snippet:-1","max-image-preview":"max-image-preview:large","max-video-preview":"max-video-preview:-1"},"canonical":"https:\/\/www.africa-press.net\/congo-brazzaville\/politique\/cooperation-le-congo-et-le-burundi-vont-developper-leurs-relations-dans-le-domaine-agricole","og_locale":"fr_FR","og_type":"article","og_title":"Coop\u00e9ration : le Congo et le Burundi vont d\u00e9velopper leurs relations dans le domaine agricole","og_description":"Le pre\u0301sident Denis Sassou N\u2019Guesso a indique\u0301, le 27 fe\u0301vrier, a\u0300 Brazzaville que le Congo et le Burundi vont de\u0301vel ...","og_url":"https:\/\/www.africa-press.net\/congo-brazzaville\/politique\/cooperation-le-congo-et-le-burundi-vont-developper-leurs-relations-dans-le-domaine-agricole","og_site_name":"Congo Brazzaville","article_published_time":"2023-02-28T12:23:12+00:00","article_modified_time":"2023-02-28T13:17:19+00:00","og_image":[{"width":1280,"height":720,"url":"https:\/\/static.africa-press.net\/congo-brazzaville\/sites\/51\/2023\/02\/postQueueImg_1677574422.18.jpg","type":"image\/jpeg"}],"author":"cfeditorfr","twitter_card":"summary_large_image","twitter_misc":{"\u00c9crit par":"cfeditorfr","Dur\u00e9e de lecture estim\u00e9e":"3 minutes"},"schema":{"@context":"https:\/\/schema.org","@graph":[{"@type":"Article","@id":"https:\/\/www.africa-press.net\/congo-brazzaville\/politique\/cooperation-le-congo-et-le-burundi-vont-developper-leurs-relations-dans-le-domaine-agricole#article","isPartOf":{"@id":"https:\/\/www.africa-press.net\/congo-brazzaville\/politique\/cooperation-le-congo-et-le-burundi-vont-developper-leurs-relations-dans-le-domaine-agricole"},"author":{"name":"cfeditorfr","@id":"https:\/\/www.africa-press.net\/congo-brazzaville\/#\/schema\/person\/2b1cf3cd81a31e3cd26889ca66d677f1"},"headline":"Coop\u00e9ration : le Congo et le Burundi vont d\u00e9velopper leurs relations dans le domaine agricole","datePublished":"2023-02-28T12:23:12+00:00","dateModified":"2023-02-28T13:17:19+00:00","mainEntityOfPage":{"@id":"https:\/\/www.africa-press.net\/congo-brazzaville\/politique\/cooperation-le-congo-et-le-burundi-vont-developper-leurs-relations-dans-le-domaine-agricole"},"wordCount":485,"commentCount":0,"image":{"@id":"https:\/\/www.africa-press.net\/congo-brazzaville\/politique\/cooperation-le-congo-et-le-burundi-vont-developper-leurs-relations-dans-le-domaine-agricole#primaryimage"},"thumbnailUrl":"https:\/\/static.africa-press.net\/congo-brazzaville\/sites\/51\/2023\/02\/postQueueImg_1677574422.18.jpg","keywords":["Africa Press","Africa Press-Congo Brazzaville","Congo Brazzaville"],"articleSection":["Politique","Top Nouvelles","Toutes les actualit\u00e9s"],"inLanguage":"fr-FR","potentialAction":[{"@type":"CommentAction","name":"Comment","target":["https:\/\/www.africa-press.net\/congo-brazzaville\/politique\/cooperation-le-congo-et-le-burundi-vont-developper-leurs-relations-dans-le-domaine-agricole#respond"]}]},{"@type":"WebPage","@id":"https:\/\/www.africa-press.net\/congo-brazzaville\/politique\/cooperation-le-congo-et-le-burundi-vont-developper-leurs-relations-dans-le-domaine-agricole","url":"https:\/\/www.africa-press.net\/congo-brazzaville\/politique\/cooperation-le-congo-et-le-burundi-vont-developper-leurs-relations-dans-le-domaine-agricole","name":"Coop\u00e9ration : le Congo et le Burundi vont d\u00e9velopper leurs relations dans le domaine agricole - Congo Brazzaville","isPartOf":{"@id":"https:\/\/www.africa-press.net\/congo-brazzaville\/#website"},"primaryImageOfPage":{"@id":"https:\/\/www.africa-press.net\/congo-brazzaville\/politique\/cooperation-le-congo-et-le-burundi-vont-developper-leurs-relations-dans-le-domaine-agricole#primaryimage"},"image":{"@id":"https:\/\/www.africa-press.net\/congo-brazzaville\/politique\/cooperation-le-congo-et-le-burundi-vont-developper-leurs-relations-dans-le-domaine-agricole#primaryimage"},"thumbnailUrl":"https:\/\/static.africa-press.net\/congo-brazzaville\/sites\/51\/2023\/02\/postQueueImg_1677574422.18.jpg","datePublished":"2023-02-28T12:23:12+00:00","dateModified":"2023-02-28T13:17:19+00:00","author":{"@id":"https:\/\/www.africa-press.net\/congo-brazzaville\/#\/schema\/person\/2b1cf3cd81a31e3cd26889ca66d677f1"},"description":"Le pre\u0301sident Denis Sassou N\u2019Guesso a indique\u0301, le 27 fe\u0301vrier, a\u0300 Brazzaville que le Congo et le Burundi vont de\u0301vel ...","breadcrumb":{"@id":"https:\/\/www.africa-press.net\/congo-brazzaville\/politique\/cooperation-le-congo-et-le-burundi-vont-developper-leurs-relations-dans-le-domaine-agricole#breadcrumb"},"inLanguage":"fr-FR","potentialAction":[{"@type":"ReadAction","target":["https:\/\/www.africa-press.net\/congo-brazzaville\/politique\/cooperation-le-congo-et-le-burundi-vont-developper-leurs-relations-dans-le-domaine-agricole"]}]},{"@type":"ImageObject","inLanguage":"fr-FR","@id":"https:\/\/www.africa-press.net\/congo-brazzaville\/politique\/cooperation-le-congo-et-le-burundi-vont-developper-leurs-relations-dans-le-domaine-agricole#primaryimage","url":"https:\/\/static.africa-press.net\/congo-brazzaville\/sites\/51\/2023\/02\/postQueueImg_1677574422.18.jpg","contentUrl":"https:\/\/static.africa-press.net\/congo-brazzaville\/sites\/51\/2023\/02\/postQueueImg_1677574422.18.jpg","width":1280,"height":720,"caption":"Coop\u00e9ration : le Congo et le Burundi vont d\u00e9velopper leurs relations dans le domaine agricole"},{"@type":"BreadcrumbList","@id":"https:\/\/www.africa-press.net\/congo-brazzaville\/politique\/cooperation-le-congo-et-le-burundi-vont-developper-leurs-relations-dans-le-domaine-agricole#breadcrumb","itemListElement":[{"@type":"ListItem","position":1,"name":"Accueil","item":"https:\/\/www.africa-press.net\/congo-brazzaville\/"},{"@type":"ListItem","position":2,"name":"Coop\u00e9ration : le Congo et le Burundi vont d\u00e9velopper leurs relations dans le domaine agricole"}]},{"@type":"WebSite","@id":"https:\/\/www.africa-press.net\/congo-brazzaville\/#website","url":"https:\/\/www.africa-press.net\/congo-brazzaville\/","name":"Congo Brazzaville","description":"Just another Africa News Agency Sites site","potentialAction":[{"@type":"SearchAction","target":{"@type":"EntryPoint","urlTemplate":"https:\/\/www.africa-press.net\/congo-brazzaville\/?s={search_term_string}"},"query-input":{"@type":"PropertyValueSpecification","valueRequired":true,"valueName":"search_term_string"}}],"inLanguage":"fr-FR"},{"@type":"Person","@id":"https:\/\/www.africa-press.net\/congo-brazzaville\/#\/schema\/person\/2b1cf3cd81a31e3cd26889ca66d677f1","name":"cfeditorfr"}]}},"_links":{"self":[{"href":"https:\/\/www.africa-press.net\/congo-brazzaville\/wp-json\/wp\/v2\/posts\/14956","targetHints":{"allow":["GET"]}}],"collection":[{"href":"https:\/\/www.africa-press.net\/congo-brazzaville\/wp-json\/wp\/v2\/posts"}],"about":[{"href":"https:\/\/www.africa-press.net\/congo-brazzaville\/wp-json\/wp\/v2\/types\/post"}],"author":[{"embeddable":true,"href":"https:\/\/www.africa-press.net\/congo-brazzaville\/wp-json\/wp\/v2\/users\/82"}],"replies":[{"embeddable":true,"href":"https:\/\/www.africa-press.net\/congo-brazzaville\/wp-json\/wp\/v2\/comments?post=14956"}],"version-history":[{"count":0,"href":"https:\/\/www.africa-press.net\/congo-brazzaville\/wp-json\/wp\/v2\/posts\/14956\/revisions"}],"wp:featuredmedia":[{"embeddable":true,"href":"https:\/\/www.africa-press.net\/congo-brazzaville\/wp-json\/wp\/v2\/media\/14955"}],"wp:attachment":[{"href":"https:\/\/www.africa-press.net\/congo-brazzaville\/wp-json\/wp\/v2\/media?parent=14956"}],"wp:term":[{"taxonomy":"category","embeddable":true,"href":"https:\/\/www.africa-press.net\/congo-brazzaville\/wp-json\/wp\/v2\/categories?post=14956"},{"taxonomy":"post_tag","embeddable":true,"href":"https:\/\/www.africa-press.net\/congo-brazzaville\/wp-json\/wp\/v2\/tags?post=14956"}],"curies":[{"name":"wp","href":"https:\/\/api.w.org\/{rel}","templated":true}]}}