{"id":14979,"date":"2023-02-28T19:03:54","date_gmt":"2023-02-28T19:03:54","guid":{"rendered":"https:\/\/www.africa-press.net\/congo-brazzaville\/politique\/prise-en-charge-des-albinos-lespagne-apporte-son-expertise-a-lajca"},"modified":"2023-02-28T19:38:38","modified_gmt":"2023-02-28T19:38:38","slug":"prise-en-charge-des-albinos-lespagne-apporte-son-expertise-a-lajca","status":"publish","type":"post","link":"https:\/\/www.africa-press.net\/congo-brazzaville\/toutes-les-actualites\/prise-en-charge-des-albinos-lespagne-apporte-son-expertise-a-lajca","title":{"rendered":"Prise en charge des albinos : l\u2019Espagne apporte son expertise \u00e0 l&rsquo;AJCA"},"content":{"rendered":"<p><span style=\"color: #ff6600\"><strong>Africa-Press &#8211; Congo Brazzaville. <\/strong><\/span><b>Les me\u0301decins e\u0301voluant a\u0300 la clinique me\u0301dico-sociale de l\u2019Association Johnny-Chancel des albinos (AJCA) sont en formation sur les nouvelles techniques me\u0301dicales en soins et prise en charge sanitaire des personnes atteintes d\u2019albinisme lance\u0301e le 26 fe\u0301vrier, au sie\u0300ge de la clinique, a\u0300 Brazzaville. <\/b><\/p>\n<p>La formation, organise\u0301e a\u0300 l\u2019initiative de l\u2019AJCA, en partenariat avec l\u2019ambassade d\u2019Espagne au Congo, est donne\u0301e pour quelques semaines par trois me\u0301decins espagnols spe\u0301cialistes du cancer de la peau et du traitement des proble\u0300mes des personnes atteintes d\u2019albinisme en vue d\u2019une bonne prise en charge.<\/p>\n<p>Les me\u0301decins espagnols ont promis de donner le meilleur d\u2019eux-me\u0302mes pour la re\u0301ussite de cette initiative. \u00ab La pre\u0301vention du cancer de la peau est tre\u0300s importante, nous devons travailler pour la protection. Il y a beaucoup de choses a\u0300 faire comme l\u2019investigation et les e\u0301tudes diagnostiques pour pre\u0301venir les cancers de la peau \u00bb, a de\u0301clare\u0301 le Dr Torres, au nom de la de\u0301le\u0301gation.<\/p>\n<p>Elle a assure\u0301 travailler en e\u0301quipe, notamment avec les associations, les me\u0301decins locaux et les personnels de sante\u0301 ainsi que les politiques, tout en rappelant l\u2019importance de l\u2019e\u0301ducation et les droits des personnes atteintes d\u2019albinisme qui n\u2019est pas une maladie mais une mutation ge\u0301ne\u0301tique.<\/p>\n<p>Pour sa part, Johnny Chancel Ngamouana a indique\u0301 que ce qui est plus important est le transfert de techniques, de me\u0301thodes de prise en charge sur l\u2019albinisme afin que les me\u0301decins soient aptes. Le travail est encore e\u0301norme et il espe\u0300re y arriver avec l\u2019appui du ministe\u0300re des Affaires sociales, du consul du Saint Marin, de l\u2019ambassade d\u2019Italie et de l\u2019ambassadeur de l\u2019Espagne qui a fait la traverse\u0301e du fleuve Congo a\u0300 cet effet.<\/p>\n<p>Il a pre\u0301sente\u0301 son association, les activite\u0301s re\u0301alise\u0301es ainsi que la clinique. L\u2019AJCA, a-t-il fait savoir, a e\u0301te\u0301 cre\u0301e\u0301e en 2014, dans le but d\u2019aider et de promouvoir les capacite\u0301s intellectuelles des personnes atteintes d\u2019albinisme.<\/p>\n<p>La clinique, quant a\u0300 elle, a e\u0301te\u0301 ouverte en 2015 pour donner des soins gratuits aux personnes atteintes d\u2019albinisme et limiter ainsi les cas de de\u0301ce\u0300s et tout autre de\u0301sagre\u0301ment. Elle est a\u0300 la que\u0302te de la perfection et a besoin de la formation pour continuer a\u0300 e\u0302tre a\u0300 la hauteur du travail effectue\u0301.<\/p>\n<p>L\u2019ambassadeur d\u2019Espagne en Re\u0301publique du Congo, Carlos Robles, s\u2019est fe\u0301licite\u0301 du travail \u00ab incroyable \u00bb que l\u2019AJCA est en train de re\u0301aliser. Affichant son optimiste, il a e\u0301galement insiste\u0301 sur l\u2019engagement, l\u2019e\u0301ducation des jeunes avant de conclure sur l\u2019espoir.<\/p>\n<p>\u00ab Je suis convaincu que les gouvernements et les administrations, dans tous nos pays, doivent jouer un ro\u0302le dans la re\u0301solution des proble\u0300mes sanitaires de la population. Ce sont des be\u0301ne\u0301voles, ils ont des connaissances tre\u0300s approfondies qu\u2019ils peuvent transmettre aux me\u0301decins congolais qui, a\u0300 leur tour, s\u2019occuperont des Congolais \u00bb.<\/p>\n<p>La conseille\u0300re au ministe\u0300re en charge des personnes vivant avec handicap et autres personnes vulne\u0301rables de la Re\u0301publique de\u0301mocratique du Congo, en charge de personnes atteintes d\u2019albinisme, Marie France Tshiapakatshi, a elle aussi salue\u0301 le travail de l\u2019AJCA. Le pays envisage de cre\u0301er des centres de recherche et de fabrication de cre\u0300mes pour albinos, entend a\u0300 moyen terme nouer un partenariat avec l\u2019AJCA afin de be\u0301ne\u0301ficier de son expe\u0301rience dans la prise en charge des personnes atteintes d\u2019albinisme.<\/p>\n<p><strong>Pour plus d&rsquo;informations et d&rsquo;analyses sur la <a href=\"https:\/\/www.africa-press.net\/congo-brazzaville\">Congo Brazzaville<\/a>, suivez <a href=\"https:\/\/www.africa-press.net\/\">Africa-Press<\/a><\/strong><\/p>\n","protected":false},"excerpt":{"rendered":"<p>Africa-Press &#8211; Congo Brazzaville. Les me\u0301decins e\u0301voluant a\u0300 la clinique me\u0301dico-sociale de l\u2019Association Johnny-Chancel des albinos (AJCA) sont en formation sur les nouvelles techniques me\u0301dicales en soins et prise en charge sanitaire des personnes atteintes d\u2019albinisme lance\u0301e le 26 fe\u0301vrier, au sie\u0300ge de la clinique, a\u0300 Brazzaville. La formation, organise\u0301e a\u0300 l\u2019initiative de l\u2019AJCA, en [&hellip;]<\/p>\n","protected":false},"author":82,"featured_media":14978,"comment_status":"open","ping_status":"closed","sticky":false,"template":"","format":"standard","meta":{"footnotes":""},"categories":[21,10],"tags":[36,47,46],"class_list":["post-14979","post","type-post","status-publish","format-standard","has-post-thumbnail","hentry","category-communaute","category-toutes-les-actualites","tag-africa-press","tag-africa-press-congo-brazzaville","tag-congo-brazzaville"],"yoast_head":"<!-- This site is optimized with the Yoast SEO Premium plugin v26.1 (Yoast SEO v27.0) - https:\/\/yoast.com\/product\/yoast-seo-premium-wordpress\/ -->\n<title>Prise en charge des albinos : l\u2019Espagne apporte son expertise \u00e0 l&#039;AJCA - Congo Brazzaville<\/title>\n<meta name=\"description\" content=\"Les me\u0301decins e\u0301voluant a\u0300 la clinique me\u0301dico-sociale de l\u2019Association Johnny-Chancel des albinos (AJCA) sont en for ...\" \/>\n<meta name=\"robots\" content=\"index, follow, max-snippet:-1, max-image-preview:large, max-video-preview:-1\" \/>\n<link rel=\"canonical\" href=\"https:\/\/www.africa-press.net\/congo-brazzaville\/toutes-les-actualites\/prise-en-charge-des-albinos-lespagne-apporte-son-expertise-a-lajca\" \/>\n<meta property=\"og:locale\" content=\"fr_FR\" \/>\n<meta property=\"og:type\" content=\"article\" \/>\n<meta property=\"og:title\" content=\"Prise en charge des albinos : l\u2019Espagne apporte son expertise \u00e0 l&#039;AJCA\" \/>\n<meta property=\"og:description\" content=\"Les me\u0301decins e\u0301voluant a\u0300 la clinique me\u0301dico-sociale de l\u2019Association Johnny-Chancel des albinos (AJCA) sont en for ...\" \/>\n<meta property=\"og:url\" content=\"https:\/\/www.africa-press.net\/congo-brazzaville\/toutes-les-actualites\/prise-en-charge-des-albinos-lespagne-apporte-son-expertise-a-lajca\" \/>\n<meta property=\"og:site_name\" content=\"Congo Brazzaville\" \/>\n<meta property=\"article:published_time\" content=\"2023-02-28T19:03:54+00:00\" \/>\n<meta property=\"article:modified_time\" content=\"2023-02-28T19:38:38+00:00\" \/>\n<meta property=\"og:image\" content=\"https:\/\/static.africa-press.net\/congo-brazzaville\/sites\/51\/2023\/02\/postQueueImg_1677598441.64.jpg\" \/>\n\t<meta property=\"og:image:width\" content=\"1600\" \/>\n\t<meta property=\"og:image:height\" content=\"1063\" \/>\n\t<meta property=\"og:image:type\" content=\"image\/jpeg\" \/>\n<meta name=\"author\" content=\"cfeditorfr\" \/>\n<meta name=\"twitter:card\" content=\"summary_large_image\" \/>\n<meta name=\"twitter:label1\" content=\"\u00c9crit par\" \/>\n\t<meta name=\"twitter:data1\" content=\"cfeditorfr\" \/>\n\t<meta name=\"twitter:label2\" content=\"Dur\u00e9e de lecture estim\u00e9e\" \/>\n\t<meta name=\"twitter:data2\" content=\"3 minutes\" \/>\n<script type=\"application\/ld+json\" class=\"yoast-schema-graph\">{\"@context\":\"https:\/\/schema.org\",\"@graph\":[{\"@type\":\"Article\",\"@id\":\"https:\/\/www.africa-press.net\/congo-brazzaville\/toutes-les-actualites\/prise-en-charge-des-albinos-lespagne-apporte-son-expertise-a-lajca#article\",\"isPartOf\":{\"@id\":\"https:\/\/www.africa-press.net\/congo-brazzaville\/toutes-les-actualites\/prise-en-charge-des-albinos-lespagne-apporte-son-expertise-a-lajca\"},\"author\":{\"name\":\"cfeditorfr\",\"@id\":\"https:\/\/www.africa-press.net\/congo-brazzaville\/#\/schema\/person\/2b1cf3cd81a31e3cd26889ca66d677f1\"},\"headline\":\"Prise en charge des albinos : l\u2019Espagne apporte son expertise \u00e0 l&rsquo;AJCA\",\"datePublished\":\"2023-02-28T19:03:54+00:00\",\"dateModified\":\"2023-02-28T19:38:38+00:00\",\"mainEntityOfPage\":{\"@id\":\"https:\/\/www.africa-press.net\/congo-brazzaville\/toutes-les-actualites\/prise-en-charge-des-albinos-lespagne-apporte-son-expertise-a-lajca\"},\"wordCount\":655,\"commentCount\":0,\"image\":{\"@id\":\"https:\/\/www.africa-press.net\/congo-brazzaville\/toutes-les-actualites\/prise-en-charge-des-albinos-lespagne-apporte-son-expertise-a-lajca#primaryimage\"},\"thumbnailUrl\":\"https:\/\/static.africa-press.net\/congo-brazzaville\/sites\/51\/2023\/02\/postQueueImg_1677598441.64.jpg\",\"keywords\":[\"Africa Press\",\"Africa Press-Congo Brazzaville\",\"Congo Brazzaville\"],\"articleSection\":[\"Communaut\u00e9\",\"Toutes les actualit\u00e9s\"],\"inLanguage\":\"fr-FR\",\"potentialAction\":[{\"@type\":\"CommentAction\",\"name\":\"Comment\",\"target\":[\"https:\/\/www.africa-press.net\/congo-brazzaville\/toutes-les-actualites\/prise-en-charge-des-albinos-lespagne-apporte-son-expertise-a-lajca#respond\"]}]},{\"@type\":\"WebPage\",\"@id\":\"https:\/\/www.africa-press.net\/congo-brazzaville\/toutes-les-actualites\/prise-en-charge-des-albinos-lespagne-apporte-son-expertise-a-lajca\",\"url\":\"https:\/\/www.africa-press.net\/congo-brazzaville\/toutes-les-actualites\/prise-en-charge-des-albinos-lespagne-apporte-son-expertise-a-lajca\",\"name\":\"Prise en charge des albinos : l\u2019Espagne apporte son expertise \u00e0 l'AJCA - Congo Brazzaville\",\"isPartOf\":{\"@id\":\"https:\/\/www.africa-press.net\/congo-brazzaville\/#website\"},\"primaryImageOfPage\":{\"@id\":\"https:\/\/www.africa-press.net\/congo-brazzaville\/toutes-les-actualites\/prise-en-charge-des-albinos-lespagne-apporte-son-expertise-a-lajca#primaryimage\"},\"image\":{\"@id\":\"https:\/\/www.africa-press.net\/congo-brazzaville\/toutes-les-actualites\/prise-en-charge-des-albinos-lespagne-apporte-son-expertise-a-lajca#primaryimage\"},\"thumbnailUrl\":\"https:\/\/static.africa-press.net\/congo-brazzaville\/sites\/51\/2023\/02\/postQueueImg_1677598441.64.jpg\",\"datePublished\":\"2023-02-28T19:03:54+00:00\",\"dateModified\":\"2023-02-28T19:38:38+00:00\",\"author\":{\"@id\":\"https:\/\/www.africa-press.net\/congo-brazzaville\/#\/schema\/person\/2b1cf3cd81a31e3cd26889ca66d677f1\"},\"description\":\"Les me\u0301decins e\u0301voluant a\u0300 la clinique me\u0301dico-sociale de l\u2019Association Johnny-Chancel des albinos (AJCA) sont en for ...\",\"breadcrumb\":{\"@id\":\"https:\/\/www.africa-press.net\/congo-brazzaville\/toutes-les-actualites\/prise-en-charge-des-albinos-lespagne-apporte-son-expertise-a-lajca#breadcrumb\"},\"inLanguage\":\"fr-FR\",\"potentialAction\":[{\"@type\":\"ReadAction\",\"target\":[\"https:\/\/www.africa-press.net\/congo-brazzaville\/toutes-les-actualites\/prise-en-charge-des-albinos-lespagne-apporte-son-expertise-a-lajca\"]}]},{\"@type\":\"ImageObject\",\"inLanguage\":\"fr-FR\",\"@id\":\"https:\/\/www.africa-press.net\/congo-brazzaville\/toutes-les-actualites\/prise-en-charge-des-albinos-lespagne-apporte-son-expertise-a-lajca#primaryimage\",\"url\":\"https:\/\/static.africa-press.net\/congo-brazzaville\/sites\/51\/2023\/02\/postQueueImg_1677598441.64.jpg\",\"contentUrl\":\"https:\/\/static.africa-press.net\/congo-brazzaville\/sites\/51\/2023\/02\/postQueueImg_1677598441.64.jpg\",\"width\":1600,\"height\":1063,\"caption\":\"Prise en charge des albinos : l\u2019Espagne apporte son expertise \u00e0 l'AJCA\"},{\"@type\":\"BreadcrumbList\",\"@id\":\"https:\/\/www.africa-press.net\/congo-brazzaville\/toutes-les-actualites\/prise-en-charge-des-albinos-lespagne-apporte-son-expertise-a-lajca#breadcrumb\",\"itemListElement\":[{\"@type\":\"ListItem\",\"position\":1,\"name\":\"Accueil\",\"item\":\"https:\/\/www.africa-press.net\/congo-brazzaville\/\"},{\"@type\":\"ListItem\",\"position\":2,\"name\":\"Prise en charge des albinos : l\u2019Espagne apporte son expertise \u00e0 l&rsquo;AJCA\"}]},{\"@type\":\"WebSite\",\"@id\":\"https:\/\/www.africa-press.net\/congo-brazzaville\/#website\",\"url\":\"https:\/\/www.africa-press.net\/congo-brazzaville\/\",\"name\":\"Congo Brazzaville\",\"description\":\"Just another Africa News Agency Sites site\",\"potentialAction\":[{\"@type\":\"SearchAction\",\"target\":{\"@type\":\"EntryPoint\",\"urlTemplate\":\"https:\/\/www.africa-press.net\/congo-brazzaville\/?s={search_term_string}\"},\"query-input\":{\"@type\":\"PropertyValueSpecification\",\"valueRequired\":true,\"valueName\":\"search_term_string\"}}],\"inLanguage\":\"fr-FR\"},{\"@type\":\"Person\",\"@id\":\"https:\/\/www.africa-press.net\/congo-brazzaville\/#\/schema\/person\/2b1cf3cd81a31e3cd26889ca66d677f1\",\"name\":\"cfeditorfr\"}]}<\/script>\n<!-- \/ Yoast SEO Premium plugin. -->","yoast_head_json":{"title":"Prise en charge des albinos : l\u2019Espagne apporte son expertise \u00e0 l'AJCA - Congo Brazzaville","description":"Les me\u0301decins e\u0301voluant a\u0300 la clinique me\u0301dico-sociale de l\u2019Association Johnny-Chancel des albinos (AJCA) sont en for ...","robots":{"index":"index","follow":"follow","max-snippet":"max-snippet:-1","max-image-preview":"max-image-preview:large","max-video-preview":"max-video-preview:-1"},"canonical":"https:\/\/www.africa-press.net\/congo-brazzaville\/toutes-les-actualites\/prise-en-charge-des-albinos-lespagne-apporte-son-expertise-a-lajca","og_locale":"fr_FR","og_type":"article","og_title":"Prise en charge des albinos : l\u2019Espagne apporte son expertise \u00e0 l'AJCA","og_description":"Les me\u0301decins e\u0301voluant a\u0300 la clinique me\u0301dico-sociale de l\u2019Association Johnny-Chancel des albinos (AJCA) sont en for ...","og_url":"https:\/\/www.africa-press.net\/congo-brazzaville\/toutes-les-actualites\/prise-en-charge-des-albinos-lespagne-apporte-son-expertise-a-lajca","og_site_name":"Congo Brazzaville","article_published_time":"2023-02-28T19:03:54+00:00","article_modified_time":"2023-02-28T19:38:38+00:00","og_image":[{"width":1600,"height":1063,"url":"https:\/\/static.africa-press.net\/congo-brazzaville\/sites\/51\/2023\/02\/postQueueImg_1677598441.64.jpg","type":"image\/jpeg"}],"author":"cfeditorfr","twitter_card":"summary_large_image","twitter_misc":{"\u00c9crit par":"cfeditorfr","Dur\u00e9e de lecture estim\u00e9e":"3 minutes"},"schema":{"@context":"https:\/\/schema.org","@graph":[{"@type":"Article","@id":"https:\/\/www.africa-press.net\/congo-brazzaville\/toutes-les-actualites\/prise-en-charge-des-albinos-lespagne-apporte-son-expertise-a-lajca#article","isPartOf":{"@id":"https:\/\/www.africa-press.net\/congo-brazzaville\/toutes-les-actualites\/prise-en-charge-des-albinos-lespagne-apporte-son-expertise-a-lajca"},"author":{"name":"cfeditorfr","@id":"https:\/\/www.africa-press.net\/congo-brazzaville\/#\/schema\/person\/2b1cf3cd81a31e3cd26889ca66d677f1"},"headline":"Prise en charge des albinos : l\u2019Espagne apporte son expertise \u00e0 l&rsquo;AJCA","datePublished":"2023-02-28T19:03:54+00:00","dateModified":"2023-02-28T19:38:38+00:00","mainEntityOfPage":{"@id":"https:\/\/www.africa-press.net\/congo-brazzaville\/toutes-les-actualites\/prise-en-charge-des-albinos-lespagne-apporte-son-expertise-a-lajca"},"wordCount":655,"commentCount":0,"image":{"@id":"https:\/\/www.africa-press.net\/congo-brazzaville\/toutes-les-actualites\/prise-en-charge-des-albinos-lespagne-apporte-son-expertise-a-lajca#primaryimage"},"thumbnailUrl":"https:\/\/static.africa-press.net\/congo-brazzaville\/sites\/51\/2023\/02\/postQueueImg_1677598441.64.jpg","keywords":["Africa Press","Africa Press-Congo Brazzaville","Congo Brazzaville"],"articleSection":["Communaut\u00e9","Toutes les actualit\u00e9s"],"inLanguage":"fr-FR","potentialAction":[{"@type":"CommentAction","name":"Comment","target":["https:\/\/www.africa-press.net\/congo-brazzaville\/toutes-les-actualites\/prise-en-charge-des-albinos-lespagne-apporte-son-expertise-a-lajca#respond"]}]},{"@type":"WebPage","@id":"https:\/\/www.africa-press.net\/congo-brazzaville\/toutes-les-actualites\/prise-en-charge-des-albinos-lespagne-apporte-son-expertise-a-lajca","url":"https:\/\/www.africa-press.net\/congo-brazzaville\/toutes-les-actualites\/prise-en-charge-des-albinos-lespagne-apporte-son-expertise-a-lajca","name":"Prise en charge des albinos : l\u2019Espagne apporte son expertise \u00e0 l'AJCA - Congo Brazzaville","isPartOf":{"@id":"https:\/\/www.africa-press.net\/congo-brazzaville\/#website"},"primaryImageOfPage":{"@id":"https:\/\/www.africa-press.net\/congo-brazzaville\/toutes-les-actualites\/prise-en-charge-des-albinos-lespagne-apporte-son-expertise-a-lajca#primaryimage"},"image":{"@id":"https:\/\/www.africa-press.net\/congo-brazzaville\/toutes-les-actualites\/prise-en-charge-des-albinos-lespagne-apporte-son-expertise-a-lajca#primaryimage"},"thumbnailUrl":"https:\/\/static.africa-press.net\/congo-brazzaville\/sites\/51\/2023\/02\/postQueueImg_1677598441.64.jpg","datePublished":"2023-02-28T19:03:54+00:00","dateModified":"2023-02-28T19:38:38+00:00","author":{"@id":"https:\/\/www.africa-press.net\/congo-brazzaville\/#\/schema\/person\/2b1cf3cd81a31e3cd26889ca66d677f1"},"description":"Les me\u0301decins e\u0301voluant a\u0300 la clinique me\u0301dico-sociale de l\u2019Association Johnny-Chancel des albinos (AJCA) sont en for ...","breadcrumb":{"@id":"https:\/\/www.africa-press.net\/congo-brazzaville\/toutes-les-actualites\/prise-en-charge-des-albinos-lespagne-apporte-son-expertise-a-lajca#breadcrumb"},"inLanguage":"fr-FR","potentialAction":[{"@type":"ReadAction","target":["https:\/\/www.africa-press.net\/congo-brazzaville\/toutes-les-actualites\/prise-en-charge-des-albinos-lespagne-apporte-son-expertise-a-lajca"]}]},{"@type":"ImageObject","inLanguage":"fr-FR","@id":"https:\/\/www.africa-press.net\/congo-brazzaville\/toutes-les-actualites\/prise-en-charge-des-albinos-lespagne-apporte-son-expertise-a-lajca#primaryimage","url":"https:\/\/static.africa-press.net\/congo-brazzaville\/sites\/51\/2023\/02\/postQueueImg_1677598441.64.jpg","contentUrl":"https:\/\/static.africa-press.net\/congo-brazzaville\/sites\/51\/2023\/02\/postQueueImg_1677598441.64.jpg","width":1600,"height":1063,"caption":"Prise en charge des albinos : l\u2019Espagne apporte son expertise \u00e0 l'AJCA"},{"@type":"BreadcrumbList","@id":"https:\/\/www.africa-press.net\/congo-brazzaville\/toutes-les-actualites\/prise-en-charge-des-albinos-lespagne-apporte-son-expertise-a-lajca#breadcrumb","itemListElement":[{"@type":"ListItem","position":1,"name":"Accueil","item":"https:\/\/www.africa-press.net\/congo-brazzaville\/"},{"@type":"ListItem","position":2,"name":"Prise en charge des albinos : l\u2019Espagne apporte son expertise \u00e0 l&rsquo;AJCA"}]},{"@type":"WebSite","@id":"https:\/\/www.africa-press.net\/congo-brazzaville\/#website","url":"https:\/\/www.africa-press.net\/congo-brazzaville\/","name":"Congo Brazzaville","description":"Just another Africa News Agency Sites site","potentialAction":[{"@type":"SearchAction","target":{"@type":"EntryPoint","urlTemplate":"https:\/\/www.africa-press.net\/congo-brazzaville\/?s={search_term_string}"},"query-input":{"@type":"PropertyValueSpecification","valueRequired":true,"valueName":"search_term_string"}}],"inLanguage":"fr-FR"},{"@type":"Person","@id":"https:\/\/www.africa-press.net\/congo-brazzaville\/#\/schema\/person\/2b1cf3cd81a31e3cd26889ca66d677f1","name":"cfeditorfr"}]}},"_links":{"self":[{"href":"https:\/\/www.africa-press.net\/congo-brazzaville\/wp-json\/wp\/v2\/posts\/14979","targetHints":{"allow":["GET"]}}],"collection":[{"href":"https:\/\/www.africa-press.net\/congo-brazzaville\/wp-json\/wp\/v2\/posts"}],"about":[{"href":"https:\/\/www.africa-press.net\/congo-brazzaville\/wp-json\/wp\/v2\/types\/post"}],"author":[{"embeddable":true,"href":"https:\/\/www.africa-press.net\/congo-brazzaville\/wp-json\/wp\/v2\/users\/82"}],"replies":[{"embeddable":true,"href":"https:\/\/www.africa-press.net\/congo-brazzaville\/wp-json\/wp\/v2\/comments?post=14979"}],"version-history":[{"count":0,"href":"https:\/\/www.africa-press.net\/congo-brazzaville\/wp-json\/wp\/v2\/posts\/14979\/revisions"}],"wp:featuredmedia":[{"embeddable":true,"href":"https:\/\/www.africa-press.net\/congo-brazzaville\/wp-json\/wp\/v2\/media\/14978"}],"wp:attachment":[{"href":"https:\/\/www.africa-press.net\/congo-brazzaville\/wp-json\/wp\/v2\/media?parent=14979"}],"wp:term":[{"taxonomy":"category","embeddable":true,"href":"https:\/\/www.africa-press.net\/congo-brazzaville\/wp-json\/wp\/v2\/categories?post=14979"},{"taxonomy":"post_tag","embeddable":true,"href":"https:\/\/www.africa-press.net\/congo-brazzaville\/wp-json\/wp\/v2\/tags?post=14979"}],"curies":[{"name":"wp","href":"https:\/\/api.w.org\/{rel}","templated":true}]}}