{"id":1498,"date":"2021-11-17T02:13:09","date_gmt":"2021-11-17T02:13:09","guid":{"rendered":"https:\/\/www.africa-press.net\/congo-brazzaville\/?p=1498"},"modified":"2021-11-17T01:23:24","modified_gmt":"2021-11-17T01:23:24","slug":"formation-qualifiante-4500-jeunes-vulnerables-seront-formes-dans-divers-metiers","status":"publish","type":"post","link":"https:\/\/www.africa-press.net\/congo-brazzaville\/photo\/formation-qualifiante-4500-jeunes-vulnerables-seront-formes-dans-divers-metiers","title":{"rendered":"Formation qualifiante :  4500 jeunes vuln\u00e9rables seront form\u00e9s dans divers m\u00e9tiers"},"content":{"rendered":"<p><span style=\"color: #ff6600\"><strong>Africa-Press &#8211; Congo Brazzaville. <\/strong><\/span><b>Le ministre de l\u2019Enseignement technique et Professionnel, Ghislain Thierry Maguessa Ebom\u00e9, a lanc\u00e9, le 16 novembre \u00e0 Brazzaville, des formations des jeunes vuln\u00e9rables de la troisi\u00e8mecohorte s\u00e9lectionn\u00e9e par le Projet de d\u00e9veloppement des comp\u00e9tences pour l\u2019employabilit\u00e9 (PDCE), cofinanc\u00e9 par le gouvernement et la Banque mondiale (BM).<\/b><\/p>\n<p>D\u2019une dur\u00e9e de neuf \u00e0 douze mois, la formation des jeunes d\u00e9favoris\u00e9s va porter notamment sur: la ma\u00e7onnerie; le carrelage; la t\u00f4lerie peintur; la plomberie; la topographie ; l\u2019infographie ; la coiffure ; l\u2019\u00e9levage porcin ; le mara\u00eechage ; l\u2019arboriculture ; la p\u00e2tisserie ; la pisciculture ; la transformation agroalimentaire et la transformation des jus et l\u00e9gumes. Outre les m\u00e9tiers de b\u00e2timents et travaux publics ; de l\u2019agropastoral et de l\u2019agroalimentaire, s\u2019ajoutent ceux de l\u2019industrie, \u00e0 savoir la tuyauterie, la soudure, la m\u00e9canique-automobile, la r\u00e9paration des groupes \u00e9lectrog\u00e8nes, l\u2019\u00e9lectricit\u00e9, la couture, la carrosserie et peinture.<\/p>\n<p>Il s\u2019agit, en effet, d\u2019une formation destin\u00e9e aux jeunes ayant abandonn\u00e9 leurs \u00e9tudes au cycle primaire ou secondaire. Pour Auxence L\u00e9onard Okombi, coordonnateur du PDCE, le lancement de ces formations contribue \u00e0 redonner espoir aux jeunes, en situation de d\u00e9crochage scolaire et de d\u00e9s\u0153uvrement. \u00ab Toutes les formations sont gratuites, les jeunes n\u2019ont aucun franc \u00e0 d\u00e9penser avant, pendant ou apr\u00e8s la formation pour se faire d\u00e9livrer un quelconque papier \u00bb, a-t-il indiqu\u00e9, tout en invitant les jeunes b\u00e9n\u00e9ficiaires \u00e0 \u00eatre attentifs \u00e0 toutes les informations relatives \u00e0 la formation.<\/p>\n<p>Ces formations ont ouvert de nouvelles perspectives d\u2019insertion socio-professionnelle et am\u00e9liorent le capital humain des jeunes. Les diff\u00e9rentes comp\u00e9tences acquises permettront aux b\u00e9n\u00e9ficiaires de pouvoir s\u2019autonomiser, en optant chacun pour l\u2019emploi salari\u00e9 ou l\u2019auto-emploi.<\/p>\n<p>Auxence L\u00e9onard Okombi a ajout\u00e9 : \u00ab La troisi\u00e8me cohorte va cl\u00f4turer l\u2019aventure du PDCE mais, \u00e0 notre avis, elle devrait ouvrir une r\u00e9flexion sur les nouvelles perspectives sur un PDCE 2, plus ambitieux car la moisson est abondante. \u00bb<\/p>\n<p>De son c\u00f4t\u00e9, le ministre de l\u2019Enseignement technique et Professionnel, Ghislain Thierry Maguessa Ebom\u00e9, s\u2019est r\u00e9joui du lancement de ces formations, rendu possible gr\u00e2ce au financement additionnel du gouvernement congolais et de la BM. \u00ab Former, c\u2019est bien. Mais notre objectif est l\u2019insertion professionnelle des jeunes. Les formations de la troisi\u00e8me cohorte que nous lan\u00e7ons ce jour concernent 5000 jeunes. Ce qui fera passer le nombre des jeunes form\u00e9s et qualifi\u00e9s \u00e0 10 162, depuis la mise en \u0153uvre du PDCE \u00bb, a fait savoir le ministre.<\/p>\n<p>Thierry Maguessa Ebom\u00e9 a, dans le m\u00eame \u00e9lan, exhort\u00e9 les animateurs \u00e0 accorder une attention particuli\u00e8re \u00e0 la situation professionnelle des jeunes apr\u00e8s la formation. \u00ab Les prestataires de formation, les ma\u00eetres artisans ont la lourde responsabilit\u00e9 de fa\u00e7onner l\u2019esprit d\u2019entreprise dans la conscience des jeunes, afin qu\u2019ils deviennent des vrais acteurs de la diversification de l\u2019\u00e9conomie nationale \u00bb, a-t-il d\u00e9clar\u00e9<\/p>\n<p>La repr\u00e9sentante de la BM au Congo, Korotoumou Ouattara, quant \u00e0 elle, a estim\u00e9 que l\u2019engagement et la d\u00e9termination des formateurs, encadreurs sont essentiels pour d\u00e9livrer \u00e0 ces jeunes une formation de qualit\u00e9, mais aussi un savoir-faire et \u00eatre en vue de les rendre plus comp\u00e9titifs et am\u00e9liorer la qualit\u00e9 de services tout en r\u00e9sorbant le ch\u00f4mage.<\/p>\n<p>Ayant d\u00e9marr\u00e9 ses activit\u00e9s en 2014, le Projet de d\u00e9veloppement des comp\u00e9tences pour l\u2019employabilit\u00e9 a pour objectif de promouvoir l\u2019acquisition et le renforcement des comp\u00e9tences \u00e0 l\u2019emploi et \u00e0 l\u2019entrepreneuriat pour les jeunes vuln\u00e9rables vivant dans les zones urbaines pour am\u00e9liorer leur insertion sur le march\u00e9 du travail et leur revenu. Au total, 27064 jeunes ont \u00e9t\u00e9 enrol\u00e9s dans le cadre dudit projet dont 13 873 \u00e0 Bzazzaville et 13176 \u00e0 Pointe- Noire.<\/p>\n\r\n                <style type=\"text\/css\">\r\n                    \r\n                    #td_uid_1_69f469cb177d3  .td-doubleSlider-2 .td-item1 {\r\n                        background: url(https:\/\/static.africa-press.net\/centrafricaine\/sites\/51\/2021\/11\/img-61945969e1917-80x60.jpg) 0 0 no-repeat;\r\n                    }\r\n                <\/style>\r\n\r\n                <div id=\"td_uid_1_69f469cb177d3\" class=\"td-gallery td-slide-on-2-columns\">\r\n                    <div class=\"post_td_gallery\">\r\n                        <div class=\"td-gallery-slide-top\">\r\n                           <div class=\"td-gallery-title\"><\/div>\r\n\r\n                            <div class=\"td-gallery-controls-wrapper\">\r\n                                <div class=\"td-gallery-slide-count\"><span class=\"td-gallery-slide-item-focus\">1<\/span> de 2<\/div>\r\n                                <div class=\"td-gallery-slide-prev-next-but\">\r\n                                    <i class = \"td-icon-left doubleSliderPrevButton\"><\/i>\r\n                                    <i class = \"td-icon-right doubleSliderNextButton\"><\/i>\r\n                                <\/div>\r\n                            <\/div>\r\n                        <\/div>\r\n\r\n                        <div class = \"td-doubleSlider-1 \">\r\n                            <div class = \"td-slider\">\r\n                                \r\n                    <div class = \"td-slide-item td-item1\">\r\n                        <figure class=\"td-slide-galery-figure td-slide-popup-gallery\">\r\n                            <a class=\"slide-gallery-image-link\" href=\"https:\/\/static.africa-press.net\/centrafricaine\/sites\/51\/2021\/11\/img-61945969e1917.jpg\" title=\"img-61945969e1917\"  data-caption=\"\"  data-description=\"\">\r\n                                <img decoding=\"async\" src=\"https:\/\/static.africa-press.net\/centrafricaine\/sites\/51\/2021\/11\/img-61945969e1917.jpg\" srcset=\"https:\/\/static.africa-press.net\/congo-brazzaville\/sites\/51\/2021\/11\/img-61945969e1917.jpg 1024w, https:\/\/static.africa-press.net\/congo-brazzaville\/sites\/51\/2021\/11\/img-61945969e1917-300x225.jpg 300w, https:\/\/static.africa-press.net\/congo-brazzaville\/sites\/51\/2021\/11\/img-61945969e1917-768x576.jpg 768w, https:\/\/static.africa-press.net\/congo-brazzaville\/sites\/51\/2021\/11\/img-61945969e1917-80x60.jpg 80w\" sizes=\"(max-width: 1024px) 100vw, 1024px\" alt=\"\">\r\n                            <\/a>\r\n                            \r\n                        <\/figure>\r\n                    <\/div>\r\n                            <\/div>\r\n                        <\/div>\r\n\r\n                        <div class = \"td-doubleSlider-2\">\r\n                            <div class = \"td-slider\">\r\n                                \r\n                    <div class = \"td-button td-item1\">\r\n                        <div class = \"td-border\"><\/div>\r\n                    <\/div>\r\n                            <\/div>\r\n                        <\/div>\r\n\r\n                    <\/div>\r\n\r\n                <\/div>\r\n                \n<p><strong>Pour plus d&rsquo;informations et d&rsquo;analyses sur la <a href=\"https:\/\/www.africa-press.net\/congo-brazzaville\">Congo Brazzaville<\/a>, suivez <a href=\"https:\/\/www.africa-press.net\/\">Africa-Press<\/a><\/strong><\/p>\n","protected":false},"excerpt":{"rendered":"<p>Africa-Press &#8211; Congo Brazzaville. Le ministre de l\u2019Enseignement technique et Professionnel, Ghislain Thierry Maguessa Ebom\u00e9, a lanc\u00e9, le 16 novembre \u00e0 Brazzaville, des formations des jeunes vuln\u00e9rables de la troisi\u00e8mecohorte s\u00e9lectionn\u00e9e par le Projet de d\u00e9veloppement des comp\u00e9tences pour l\u2019employabilit\u00e9 (PDCE), cofinanc\u00e9 par le gouvernement et la Banque mondiale (BM). D\u2019une dur\u00e9e de neuf \u00e0 [&hellip;]<\/p>\n","protected":false},"author":82,"featured_media":1497,"comment_status":"open","ping_status":"closed","sticky":false,"template":"","format":"standard","meta":{"footnotes":""},"categories":[21,11,8,10],"tags":[36,47,46],"class_list":["post-1498","post","type-post","status-publish","format-standard","has-post-thumbnail","hentry","category-communaute","category-homepage-french","category-photo","category-toutes-les-actualites","tag-africa-press","tag-africa-press-congo-brazzaville","tag-congo-brazzaville"],"yoast_head":"<!-- This site is optimized with the Yoast SEO Premium plugin v26.1 (Yoast SEO v27.0) - https:\/\/yoast.com\/product\/yoast-seo-premium-wordpress\/ -->\n<title>Formation qualifiante : 4500 jeunes vuln\u00e9rables seront form\u00e9s dans divers m\u00e9tiers - Congo Brazzaville<\/title>\n<meta name=\"description\" content=\"Le ministre de l\u2019Enseignement technique et Professionnel, Ghislain Thierry Maguessa Ebom\u00e9, a lanc\u00e9, le 16 novembre \u00e0 ...\" \/>\n<meta name=\"robots\" content=\"index, follow, max-snippet:-1, max-image-preview:large, max-video-preview:-1\" \/>\n<link rel=\"canonical\" href=\"https:\/\/www.africa-press.net\/congo-brazzaville\/photo\/formation-qualifiante-4500-jeunes-vulnerables-seront-formes-dans-divers-metiers\" \/>\n<meta property=\"og:locale\" content=\"fr_FR\" \/>\n<meta property=\"og:type\" content=\"article\" \/>\n<meta property=\"og:title\" content=\"Formation qualifiante : 4500 jeunes vuln\u00e9rables seront form\u00e9s dans divers m\u00e9tiers\" \/>\n<meta property=\"og:description\" content=\"Le ministre de l\u2019Enseignement technique et Professionnel, Ghislain Thierry Maguessa Ebom\u00e9, a lanc\u00e9, le 16 novembre \u00e0 ...\" \/>\n<meta property=\"og:url\" content=\"https:\/\/www.africa-press.net\/congo-brazzaville\/photo\/formation-qualifiante-4500-jeunes-vulnerables-seront-formes-dans-divers-metiers\" \/>\n<meta property=\"og:site_name\" content=\"Congo Brazzaville\" \/>\n<meta property=\"article:published_time\" content=\"2021-11-17T02:13:09+00:00\" \/>\n<meta property=\"og:image\" content=\"https:\/\/static.africa-press.net\/centrafricaine\/sites\/51\/2021\/11\/img-61945972bf7ce.jpg\" \/>\n\t<meta property=\"og:image:width\" content=\"1024\" \/>\n\t<meta property=\"og:image:height\" content=\"768\" \/>\n\t<meta property=\"og:image:type\" content=\"image\/jpeg\" \/>\n<meta name=\"author\" content=\"cfeditorfr\" \/>\n<meta name=\"twitter:card\" content=\"summary_large_image\" \/>\n<meta name=\"twitter:label1\" content=\"\u00c9crit par\" \/>\n\t<meta name=\"twitter:data1\" content=\"cfeditorfr\" \/>\n\t<meta name=\"twitter:label2\" content=\"Dur\u00e9e de lecture estim\u00e9e\" \/>\n\t<meta name=\"twitter:data2\" content=\"3 minutes\" \/>\n<script type=\"application\/ld+json\" class=\"yoast-schema-graph\">{\"@context\":\"https:\/\/schema.org\",\"@graph\":[{\"@type\":\"Article\",\"@id\":\"https:\/\/www.africa-press.net\/congo-brazzaville\/photo\/formation-qualifiante-4500-jeunes-vulnerables-seront-formes-dans-divers-metiers#article\",\"isPartOf\":{\"@id\":\"https:\/\/www.africa-press.net\/congo-brazzaville\/photo\/formation-qualifiante-4500-jeunes-vulnerables-seront-formes-dans-divers-metiers\"},\"author\":{\"name\":\"cfeditorfr\",\"@id\":\"https:\/\/www.africa-press.net\/congo-brazzaville\/#\/schema\/person\/2b1cf3cd81a31e3cd26889ca66d677f1\"},\"headline\":\"Formation qualifiante : 4500 jeunes vuln\u00e9rables seront form\u00e9s dans divers m\u00e9tiers\",\"datePublished\":\"2021-11-17T02:13:09+00:00\",\"mainEntityOfPage\":{\"@id\":\"https:\/\/www.africa-press.net\/congo-brazzaville\/photo\/formation-qualifiante-4500-jeunes-vulnerables-seront-formes-dans-divers-metiers\"},\"wordCount\":674,\"commentCount\":0,\"image\":{\"@id\":\"https:\/\/www.africa-press.net\/congo-brazzaville\/photo\/formation-qualifiante-4500-jeunes-vulnerables-seront-formes-dans-divers-metiers#primaryimage\"},\"thumbnailUrl\":\"https:\/\/static.africa-press.net\/centrafricaine\/sites\/51\/2021\/11\/img-61945972bf7ce.jpg\",\"keywords\":[\"Africa Press\",\"Africa Press-Congo Brazzaville\",\"Congo Brazzaville\"],\"articleSection\":[\"Communaut\u00e9\",\"homepage-french\",\"Photo\",\"Toutes les actualit\u00e9s\"],\"inLanguage\":\"fr-FR\",\"potentialAction\":[{\"@type\":\"CommentAction\",\"name\":\"Comment\",\"target\":[\"https:\/\/www.africa-press.net\/congo-brazzaville\/photo\/formation-qualifiante-4500-jeunes-vulnerables-seront-formes-dans-divers-metiers#respond\"]}]},{\"@type\":\"WebPage\",\"@id\":\"https:\/\/www.africa-press.net\/congo-brazzaville\/photo\/formation-qualifiante-4500-jeunes-vulnerables-seront-formes-dans-divers-metiers\",\"url\":\"https:\/\/www.africa-press.net\/congo-brazzaville\/photo\/formation-qualifiante-4500-jeunes-vulnerables-seront-formes-dans-divers-metiers\",\"name\":\"Formation qualifiante : 4500 jeunes vuln\u00e9rables seront form\u00e9s dans divers m\u00e9tiers - Congo Brazzaville\",\"isPartOf\":{\"@id\":\"https:\/\/www.africa-press.net\/congo-brazzaville\/#website\"},\"primaryImageOfPage\":{\"@id\":\"https:\/\/www.africa-press.net\/congo-brazzaville\/photo\/formation-qualifiante-4500-jeunes-vulnerables-seront-formes-dans-divers-metiers#primaryimage\"},\"image\":{\"@id\":\"https:\/\/www.africa-press.net\/congo-brazzaville\/photo\/formation-qualifiante-4500-jeunes-vulnerables-seront-formes-dans-divers-metiers#primaryimage\"},\"thumbnailUrl\":\"https:\/\/static.africa-press.net\/centrafricaine\/sites\/51\/2021\/11\/img-61945972bf7ce.jpg\",\"datePublished\":\"2021-11-17T02:13:09+00:00\",\"author\":{\"@id\":\"https:\/\/www.africa-press.net\/congo-brazzaville\/#\/schema\/person\/2b1cf3cd81a31e3cd26889ca66d677f1\"},\"description\":\"Le ministre de l\u2019Enseignement technique et Professionnel, Ghislain Thierry Maguessa Ebom\u00e9, a lanc\u00e9, le 16 novembre \u00e0 ...\",\"breadcrumb\":{\"@id\":\"https:\/\/www.africa-press.net\/congo-brazzaville\/photo\/formation-qualifiante-4500-jeunes-vulnerables-seront-formes-dans-divers-metiers#breadcrumb\"},\"inLanguage\":\"fr-FR\",\"potentialAction\":[{\"@type\":\"ReadAction\",\"target\":[\"https:\/\/www.africa-press.net\/congo-brazzaville\/photo\/formation-qualifiante-4500-jeunes-vulnerables-seront-formes-dans-divers-metiers\"]}]},{\"@type\":\"ImageObject\",\"inLanguage\":\"fr-FR\",\"@id\":\"https:\/\/www.africa-press.net\/congo-brazzaville\/photo\/formation-qualifiante-4500-jeunes-vulnerables-seront-formes-dans-divers-metiers#primaryimage\",\"url\":\"https:\/\/static.africa-press.net\/centrafricaine\/sites\/51\/2021\/11\/img-61945972bf7ce.jpg\",\"contentUrl\":\"https:\/\/static.africa-press.net\/centrafricaine\/sites\/51\/2021\/11\/img-61945972bf7ce.jpg\",\"width\":1024,\"height\":768,\"caption\":\"Formation qualifiante : 4500 jeunes vuln\u00e9rables seront form\u00e9s dans divers m\u00e9tiers\"},{\"@type\":\"BreadcrumbList\",\"@id\":\"https:\/\/www.africa-press.net\/congo-brazzaville\/photo\/formation-qualifiante-4500-jeunes-vulnerables-seront-formes-dans-divers-metiers#breadcrumb\",\"itemListElement\":[{\"@type\":\"ListItem\",\"position\":1,\"name\":\"Accueil\",\"item\":\"https:\/\/www.africa-press.net\/congo-brazzaville\/\"},{\"@type\":\"ListItem\",\"position\":2,\"name\":\"Formation qualifiante : 4500 jeunes vuln\u00e9rables seront form\u00e9s dans divers m\u00e9tiers\"}]},{\"@type\":\"WebSite\",\"@id\":\"https:\/\/www.africa-press.net\/congo-brazzaville\/#website\",\"url\":\"https:\/\/www.africa-press.net\/congo-brazzaville\/\",\"name\":\"Congo Brazzaville\",\"description\":\"Just another Africa News Agency Sites site\",\"potentialAction\":[{\"@type\":\"SearchAction\",\"target\":{\"@type\":\"EntryPoint\",\"urlTemplate\":\"https:\/\/www.africa-press.net\/congo-brazzaville\/?s={search_term_string}\"},\"query-input\":{\"@type\":\"PropertyValueSpecification\",\"valueRequired\":true,\"valueName\":\"search_term_string\"}}],\"inLanguage\":\"fr-FR\"},{\"@type\":\"Person\",\"@id\":\"https:\/\/www.africa-press.net\/congo-brazzaville\/#\/schema\/person\/2b1cf3cd81a31e3cd26889ca66d677f1\",\"name\":\"cfeditorfr\"}]}<\/script>\n<!-- \/ Yoast SEO Premium plugin. -->","yoast_head_json":{"title":"Formation qualifiante : 4500 jeunes vuln\u00e9rables seront form\u00e9s dans divers m\u00e9tiers - Congo Brazzaville","description":"Le ministre de l\u2019Enseignement technique et Professionnel, Ghislain Thierry Maguessa Ebom\u00e9, a lanc\u00e9, le 16 novembre \u00e0 ...","robots":{"index":"index","follow":"follow","max-snippet":"max-snippet:-1","max-image-preview":"max-image-preview:large","max-video-preview":"max-video-preview:-1"},"canonical":"https:\/\/www.africa-press.net\/congo-brazzaville\/photo\/formation-qualifiante-4500-jeunes-vulnerables-seront-formes-dans-divers-metiers","og_locale":"fr_FR","og_type":"article","og_title":"Formation qualifiante : 4500 jeunes vuln\u00e9rables seront form\u00e9s dans divers m\u00e9tiers","og_description":"Le ministre de l\u2019Enseignement technique et Professionnel, Ghislain Thierry Maguessa Ebom\u00e9, a lanc\u00e9, le 16 novembre \u00e0 ...","og_url":"https:\/\/www.africa-press.net\/congo-brazzaville\/photo\/formation-qualifiante-4500-jeunes-vulnerables-seront-formes-dans-divers-metiers","og_site_name":"Congo Brazzaville","article_published_time":"2021-11-17T02:13:09+00:00","og_image":[{"width":1024,"height":768,"url":"https:\/\/static.africa-press.net\/centrafricaine\/sites\/51\/2021\/11\/img-61945972bf7ce.jpg","type":"image\/jpeg"}],"author":"cfeditorfr","twitter_card":"summary_large_image","twitter_misc":{"\u00c9crit par":"cfeditorfr","Dur\u00e9e de lecture estim\u00e9e":"3 minutes"},"schema":{"@context":"https:\/\/schema.org","@graph":[{"@type":"Article","@id":"https:\/\/www.africa-press.net\/congo-brazzaville\/photo\/formation-qualifiante-4500-jeunes-vulnerables-seront-formes-dans-divers-metiers#article","isPartOf":{"@id":"https:\/\/www.africa-press.net\/congo-brazzaville\/photo\/formation-qualifiante-4500-jeunes-vulnerables-seront-formes-dans-divers-metiers"},"author":{"name":"cfeditorfr","@id":"https:\/\/www.africa-press.net\/congo-brazzaville\/#\/schema\/person\/2b1cf3cd81a31e3cd26889ca66d677f1"},"headline":"Formation qualifiante : 4500 jeunes vuln\u00e9rables seront form\u00e9s dans divers m\u00e9tiers","datePublished":"2021-11-17T02:13:09+00:00","mainEntityOfPage":{"@id":"https:\/\/www.africa-press.net\/congo-brazzaville\/photo\/formation-qualifiante-4500-jeunes-vulnerables-seront-formes-dans-divers-metiers"},"wordCount":674,"commentCount":0,"image":{"@id":"https:\/\/www.africa-press.net\/congo-brazzaville\/photo\/formation-qualifiante-4500-jeunes-vulnerables-seront-formes-dans-divers-metiers#primaryimage"},"thumbnailUrl":"https:\/\/static.africa-press.net\/centrafricaine\/sites\/51\/2021\/11\/img-61945972bf7ce.jpg","keywords":["Africa Press","Africa Press-Congo Brazzaville","Congo Brazzaville"],"articleSection":["Communaut\u00e9","homepage-french","Photo","Toutes les actualit\u00e9s"],"inLanguage":"fr-FR","potentialAction":[{"@type":"CommentAction","name":"Comment","target":["https:\/\/www.africa-press.net\/congo-brazzaville\/photo\/formation-qualifiante-4500-jeunes-vulnerables-seront-formes-dans-divers-metiers#respond"]}]},{"@type":"WebPage","@id":"https:\/\/www.africa-press.net\/congo-brazzaville\/photo\/formation-qualifiante-4500-jeunes-vulnerables-seront-formes-dans-divers-metiers","url":"https:\/\/www.africa-press.net\/congo-brazzaville\/photo\/formation-qualifiante-4500-jeunes-vulnerables-seront-formes-dans-divers-metiers","name":"Formation qualifiante : 4500 jeunes vuln\u00e9rables seront form\u00e9s dans divers m\u00e9tiers - Congo Brazzaville","isPartOf":{"@id":"https:\/\/www.africa-press.net\/congo-brazzaville\/#website"},"primaryImageOfPage":{"@id":"https:\/\/www.africa-press.net\/congo-brazzaville\/photo\/formation-qualifiante-4500-jeunes-vulnerables-seront-formes-dans-divers-metiers#primaryimage"},"image":{"@id":"https:\/\/www.africa-press.net\/congo-brazzaville\/photo\/formation-qualifiante-4500-jeunes-vulnerables-seront-formes-dans-divers-metiers#primaryimage"},"thumbnailUrl":"https:\/\/static.africa-press.net\/centrafricaine\/sites\/51\/2021\/11\/img-61945972bf7ce.jpg","datePublished":"2021-11-17T02:13:09+00:00","author":{"@id":"https:\/\/www.africa-press.net\/congo-brazzaville\/#\/schema\/person\/2b1cf3cd81a31e3cd26889ca66d677f1"},"description":"Le ministre de l\u2019Enseignement technique et Professionnel, Ghislain Thierry Maguessa Ebom\u00e9, a lanc\u00e9, le 16 novembre \u00e0 ...","breadcrumb":{"@id":"https:\/\/www.africa-press.net\/congo-brazzaville\/photo\/formation-qualifiante-4500-jeunes-vulnerables-seront-formes-dans-divers-metiers#breadcrumb"},"inLanguage":"fr-FR","potentialAction":[{"@type":"ReadAction","target":["https:\/\/www.africa-press.net\/congo-brazzaville\/photo\/formation-qualifiante-4500-jeunes-vulnerables-seront-formes-dans-divers-metiers"]}]},{"@type":"ImageObject","inLanguage":"fr-FR","@id":"https:\/\/www.africa-press.net\/congo-brazzaville\/photo\/formation-qualifiante-4500-jeunes-vulnerables-seront-formes-dans-divers-metiers#primaryimage","url":"https:\/\/static.africa-press.net\/centrafricaine\/sites\/51\/2021\/11\/img-61945972bf7ce.jpg","contentUrl":"https:\/\/static.africa-press.net\/centrafricaine\/sites\/51\/2021\/11\/img-61945972bf7ce.jpg","width":1024,"height":768,"caption":"Formation qualifiante : 4500 jeunes vuln\u00e9rables seront form\u00e9s dans divers m\u00e9tiers"},{"@type":"BreadcrumbList","@id":"https:\/\/www.africa-press.net\/congo-brazzaville\/photo\/formation-qualifiante-4500-jeunes-vulnerables-seront-formes-dans-divers-metiers#breadcrumb","itemListElement":[{"@type":"ListItem","position":1,"name":"Accueil","item":"https:\/\/www.africa-press.net\/congo-brazzaville\/"},{"@type":"ListItem","position":2,"name":"Formation qualifiante : 4500 jeunes vuln\u00e9rables seront form\u00e9s dans divers m\u00e9tiers"}]},{"@type":"WebSite","@id":"https:\/\/www.africa-press.net\/congo-brazzaville\/#website","url":"https:\/\/www.africa-press.net\/congo-brazzaville\/","name":"Congo Brazzaville","description":"Just another Africa News Agency Sites site","potentialAction":[{"@type":"SearchAction","target":{"@type":"EntryPoint","urlTemplate":"https:\/\/www.africa-press.net\/congo-brazzaville\/?s={search_term_string}"},"query-input":{"@type":"PropertyValueSpecification","valueRequired":true,"valueName":"search_term_string"}}],"inLanguage":"fr-FR"},{"@type":"Person","@id":"https:\/\/www.africa-press.net\/congo-brazzaville\/#\/schema\/person\/2b1cf3cd81a31e3cd26889ca66d677f1","name":"cfeditorfr"}]}},"_links":{"self":[{"href":"https:\/\/www.africa-press.net\/congo-brazzaville\/wp-json\/wp\/v2\/posts\/1498","targetHints":{"allow":["GET"]}}],"collection":[{"href":"https:\/\/www.africa-press.net\/congo-brazzaville\/wp-json\/wp\/v2\/posts"}],"about":[{"href":"https:\/\/www.africa-press.net\/congo-brazzaville\/wp-json\/wp\/v2\/types\/post"}],"author":[{"embeddable":true,"href":"https:\/\/www.africa-press.net\/congo-brazzaville\/wp-json\/wp\/v2\/users\/82"}],"replies":[{"embeddable":true,"href":"https:\/\/www.africa-press.net\/congo-brazzaville\/wp-json\/wp\/v2\/comments?post=1498"}],"version-history":[{"count":0,"href":"https:\/\/www.africa-press.net\/congo-brazzaville\/wp-json\/wp\/v2\/posts\/1498\/revisions"}],"wp:featuredmedia":[{"embeddable":true,"href":"https:\/\/www.africa-press.net\/congo-brazzaville\/wp-json\/wp\/v2\/media\/1497"}],"wp:attachment":[{"href":"https:\/\/www.africa-press.net\/congo-brazzaville\/wp-json\/wp\/v2\/media?parent=1498"}],"wp:term":[{"taxonomy":"category","embeddable":true,"href":"https:\/\/www.africa-press.net\/congo-brazzaville\/wp-json\/wp\/v2\/categories?post=1498"},{"taxonomy":"post_tag","embeddable":true,"href":"https:\/\/www.africa-press.net\/congo-brazzaville\/wp-json\/wp\/v2\/tags?post=1498"}],"curies":[{"name":"wp","href":"https:\/\/api.w.org\/{rel}","templated":true}]}}